{"id":46880,"date":"2025-10-20T19:41:15","date_gmt":"2025-10-20T22:41:15","guid":{"rendered":"https:\/\/viagemalemanha.com\/bandera-de-alemania-significado-de-los-colores-y-curiosidades-historicas\/"},"modified":"2026-02-01T02:51:58","modified_gmt":"2026-02-01T05:51:58","slug":"bandera-de-alemania-significado-de-los-colores-y-curiosidades-historicas","status":"publish","type":"post","link":"https:\/\/viagemalemanha.com\/es\/bandera-de-alemania-significado-de-los-colores-y-curiosidades-historicas\/","title":{"rendered":"Bandera de Alemania: significado de los colores y curiosidades hist\u00f3ricas"},"content":{"rendered":"\n<p>La bandera es uno de los s\u00edmbolos nacionales m\u00e1s poderosos, representando los valores, la historia y las aspiraciones de un pueblo. Para Alemania no es diferente, es m\u00e1s que un simple emblema, es un testimonio de la larga y tumultuosa lucha por la unidad, la libertad y la democracia.<\/p>\n\n\n\n<p>De esta forma, su trayectoria refleja directamente la construcci\u00f3n de la identidad alemana moderna, de la desuni\u00f3n de peque\u00f1os estados a la potencia unificada y democr\u00e1tica de los d\u00edas actuales.&nbsp;<\/p>\n\n\n\n<p><em>\u00a1Consulta en este post m\u00e1s detalles sobre la bandera de Alemania y su importancia para la preservaci\u00f3n de la identidad nacional!<\/em><\/p>\n\n\n\n<h2 class=\"wp-block-heading\" id=\"h-origem-e-evolucao-do-design\">Origen y evoluci\u00f3n del dise\u00f1o<\/h2>\n\n\n\n<p><em>La historia de la bandera alemana est\u00e1 marcada por rupturas y reinvenciones, reflejando la propia historia del pa\u00eds.<\/em><\/p>\n\n\n\n<p>Antes de la unificaci\u00f3n, la regi\u00f3n era parte del Sacro Imperio Romano-Germ\u00e1nico, que utilizaba una bandera con un <strong>\u00e1guila negra sobre fondo dorado<\/strong>. M\u00e1s tarde, el Reino de Prusia, un estado central en la unificaci\u00f3n, adopt\u00f3 una bandera negra y blanca.<\/p>\n\n\n\n<figure class=\"wp-block-image size-full\"><img decoding=\"async\" src=\"https:\/\/viagemalemanha.com\/wp-content\/uploads\/2025\/10\/POSTS-VA-6-1080-x-1350-px-6.png\" alt=\"\" class=\"wp-image-6396\" \/><figcaption class=\"wp-element-caption\">Bandera del Sacro Imperio Romano-Germ\u00e1nico<\/figcaption><\/figure>\n\n\n\n<p>La tricolor como la conocemos hoy, con la combinaci\u00f3n negro-rojo-dorado, naci\u00f3 en el siglo XIX, durante las Guerras Napole\u00f3nicas. En 1813, el L\u00fctzowsches Freikorps, un cuerpo de voluntarios que luch\u00f3 contra la ocupaci\u00f3n francesa, usaba uniformes negros con detalles en rojo y botones dorados. La combinaci\u00f3n de colores se convirti\u00f3 en un s\u00edmbolo de la lucha por la libertad.<\/p>\n\n\n\n<figure class=\"wp-block-image size-full\"><img decoding=\"async\" src=\"https:\/\/viagemalemanha.com\/wp-content\/uploads\/2025\/10\/young-woman-holds-german-flag-in-hand-2025-04-03-19-11-06-utc-1.jpg\" alt=\"\" class=\"wp-image-6394\" \/><\/figure>\n\n\n\n<p>El hito decisivo, sin embargo, fue la Revoluci\u00f3n de 1848, cuando liberales y nacionalistas se levantaron exigiendo unificaci\u00f3n y derechos democr\u00e1ticos. Ellos adoptaron oficialmente la bandera negro-rojo-dorado como el s\u00edmbolo del movimiento y de la corta vida de la Confederaci\u00f3n Germ\u00e1nica.<\/p>\n\n\n\n<h2 class=\"wp-block-heading\" id=\"h-momentos-historicos-ligados-a-bandeira\">Momentos hist\u00f3ricos ligados a la bandera<\/h2>\n\n\n\n<p>Para entender por qu\u00e9 la bandera alemana cambia \u2014 y lo que esos cambios cuentan sobre el pa\u00eds \u2014 vale \u201ccaminar\u201d por los lugares donde se tomaron decisiones y ocurrieron rituales.<\/p>\n\n\n\n<h3 class=\"wp-block-heading\" id=\"h-o-imperio-alemao\">El Imperio Alem\u00e1n<\/h3>\n\n\n\n<p>En el Imperio Alem\u00e1n (1871\u20131918), la unificaci\u00f3n proclamada en la Galer\u00eda de los Espejos, en Versalles, marc\u00f3 el nacimiento del Reich bajo liderazgo prusiano; de ah\u00ed en adelante, Berl\u00edn se convirti\u00f3 en el centro pol\u00edtico. Con esto, el canciller Otto von Bismarck rechaz\u00f3 los colores \u00abrevolucionarios\u00bb de 1848, dando lugar al tricolor imperial <strong>negro-blanco-rojo<\/strong> (negro-blanco-rojo) que proven\u00eda de la Confederaci\u00f3n de Alemania del Norte (1867) y combinaba los colores prusianos (negro y blanco) con los de la tradici\u00f3n hanse\u00e1tica (blanco y rojo).<\/p>\n\n\n\n<p>En t\u00e9rminos de itinerario hist\u00f3rico, este per\u00edodo invita a visitas al <strong>Reichstag<\/strong> (construido entre 1884 y 1894, hoy sede del Bundestag) y al eje gubernamental de la <strong>Wilhelmstra\u00dfe<\/strong>, donde Bismarck recibi\u00f3 a las potencias europeas en el <strong>Congreso de Berl\u00edn<\/strong> (1878) y organiz\u00f3 la <strong>Conferencia de Berl\u00edn<\/strong> (1884\u201385) sobre \u00c1frica \u2014 eventos que consolidaron el prestigio diplom\u00e1tico del imperio y situaron a Berl\u00edn como escenario de la pol\u00edtica internacional.<\/p>\n\n\n\n<h3 class=\"wp-block-heading\" id=\"h-a-republica-de-weimar\">La Rep\u00fablica de Weimar<\/h3>\n\n\n\n<p>Con el fin de la Primera Guerra, la <strong>Rep\u00fablica de Weimar (1919\u20131933)<\/strong> busc\u00f3 alejarse del militarismo imperial y reinstal\u00f3 el <strong>negro-rojo-dorado<\/strong> como colores nacionales, consagrados en el texto constitucional. La propia Asamblea Nacional se reuni\u00f3 en el <strong>Deutsches Nationaltheater<\/strong>, en Weimar, de donde sale la imagen de un nuevo comienzo democr\u00e1tico \u201cen el interior\u201d antes del regreso de la pol\u00edtica a Berl\u00edn. Para quienes organizan paseos, Weimar funciona como un escenario compacto para contar la g\u00e9nesis de la rep\u00fablica.<\/p>\n\n\n\n<figure class=\"wp-block-image size-full is-resized\"><img decoding=\"async\" src=\"https:\/\/viagemalemanha.com\/wp-content\/uploads\/2025\/10\/german-2405690_640.jpg\" alt=\"\" class=\"wp-image-6400\" style=\"width:840px;height:auto\" \/><figcaption class=\"wp-element-caption\">Deutsches Nationaltheater, en Weimar<\/figcaption><\/figure>\n\n\n\n<p>En paralelo, dos experiencias marcantes con fuerte anclaje geogr\u00e1fico ayudan a explicar la inestabilidad del per\u00edodo: la ocupaci\u00f3n del Ruhr (1923\u20131925), con tropas francesas y belgas en ciudades como D\u00fcsseldorf, Duisburgo y Dortmund, y la hiperinflaci\u00f3n de 1923, que se detuvo con la introducci\u00f3n de la Rentenmark en noviembre de ese a\u00f1o. Este recorrido econ\u00f3mico-pol\u00edtico puede ser contado en el Valle del Ruhr (memorias industriales y minas) y en museos que tratan de la reforma monetaria.<\/p>\n\n\n\n<h3 class=\"wp-block-heading\" id=\"h-o-terceiro-reich\">El Tercer Reich<\/h3>\n\n\n\n<p>La <strong>dictadura nazi (1933\u20131945)<\/strong> alter\u00f3 de nuevo la simbolog\u00eda estatal. En los primeros a\u00f1os, el r\u00e9gimen rehabilit\u00f3 la bandera imperial <strong>negro-blanco-rojo<\/strong> junto al estandarte del partido; en 1935, la Ley de la Bandera del Reich transform\u00f3 la bandera con la esv\u00e1stica en la bandera nacional \u00fanica.<\/p>\n\n\n\n<figure class=\"wp-block-image size-large\"><img decoding=\"async\" src=\"https:\/\/viagemalemanha.com\/wp-content\/uploads\/2025\/10\/deutscher-bundestag-4965585_1280-1024x684.jpg\" alt=\"\" class=\"wp-image-6401\" \/><figcaption class=\"wp-element-caption\">Palacio del Reichstag<\/figcaption><\/figure>\n\n\n\n<p>Es un momento que puede ser narrado \u201cen el lugar de los hechos\u201d:<em> en Berl\u00edn, el incendio del Reichstag (feb. 1933)<\/em> fue el pretexto para el decreto que suspendi\u00f3 libertades; en <em>N\u00faremberg,<\/em> los m\u00edtines anuales del partido montaron la est\u00e9tica del r\u00e9gimen en el vasto conjunto del Reichsparteitagsgel\u00e4nde, y all\u00ed mismo, en la sesi\u00f3n especial del \u201cReichstag en N\u00faremberg\u201d, se anunciaron las Leyes de N\u00faremberg (1935).<\/p>\n\n\n\n<figure class=\"wp-block-gallery has-nested-images columns-default is-cropped wp-block-gallery-1 is-layout-flex wp-block-gallery-is-layout-flex\">\n<figure class=\"wp-block-image size-full\"><img decoding=\"async\" data-id=\"6403\" src=\"https:\/\/viagemalemanha.com\/wp-content\/uploads\/2025\/10\/architecture-654155_640.jpg\" alt=\"\" class=\"wp-image-6403\" \/><figcaption class=\"wp-element-caption\">Palacio del Reichstag<\/figcaption><\/figure>\n\n\n\n<figure class=\"wp-block-image size-full\"><img decoding=\"async\" data-id=\"6402\" src=\"https:\/\/viagemalemanha.com\/wp-content\/uploads\/2025\/10\/reichstag-1168308_640.jpg\" alt=\"\" class=\"wp-image-6402\" \/><figcaption class=\"wp-element-caption\">Palacio del Reichstag<\/figcaption><\/figure>\n<\/figure>\n\n\n\n<h3 class=\"wp-block-heading\" id=\"h-a-guerra-fria\">La Guerra Fr\u00eda<\/h3>\n\n\n\n<p>Derrotada la Alemania nazi, el nuevo orden de la <strong>Guerra Fr\u00eda<\/strong> produjo dos Estados con la misma tricolor <strong>negro-rojo-dorado<\/strong>, pero con sentidos distintos. En la <strong>Rep\u00fablica Federal de Alemania (RFA)<\/strong>, la Constituci\u00f3n (Grundgesetz) fij\u00f3 en <strong>art. 22<\/strong> que la <strong>bandera federal es negro-rojo-dorado<\/strong>; la capital pol\u00edtica fue instalada provisionalmente en <strong>Bonn<\/strong> (la \u201cBonner Republik\u201d).<\/p>\n\n\n\n<figure class=\"wp-block-image alignleft size-large is-resized\"><img decoding=\"async\" src=\"https:\/\/viagemalemanha.com\/wp-content\/uploads\/2025\/10\/bonn-4826438_1280-1024x682.jpg\" alt=\"\" class=\"wp-image-6404\" style=\"width:571px;height:auto\" \/><figcaption class=\"wp-element-caption\">Antigua alcald\u00eda de Bonn, \u00a1una ciudad bell\u00edsima para conocer en Alemania!<\/figcaption><\/figure>\n\n\n\n<p>Para los viajeros, el antiguo Bundesviertel \u2013 con el Palais Schaumburg (sede de la Canciller\u00eda entre 1949 y 1976) y el recorrido Weg der Demokratie \u2013 permite contar c\u00f3mo la joven democracia occidental reconstruy\u00f3 instituciones lejos de los escenarios comprometidos del pasado. Ya en la Rep\u00fablica Democr\u00e1tica Alemana (RDA), con sede en Berl\u00edn Oriental, la misma <strong>tricolor recibi\u00f3 en 1959 el escudo con martillo, comp\u00e1s y espigas<\/strong>, diferenciando visualmente el Estado socialista del vecino occidental. Esta alteraci\u00f3n, hecha por ley, hoy se lee en exposiciones sobre iconograf\u00eda estatal y en los propios edificios remanentes de la antigua capital.<\/p>\n\n\n\n<figure class=\"wp-block-image size-large\"><img decoding=\"async\" src=\"https:\/\/viagemalemanha.com\/wp-content\/uploads\/2025\/10\/flag-of-the-gdr-flies-in-a-garden-2025-02-09-15-59-40-utc-1-1024x680.jpg\" alt=\"\" class=\"wp-image-6398\" \/><figcaption class=\"wp-element-caption\">Bandera de Alemania Oriental (RDA)<\/figcaption><\/figure>\n\n\n\n<p>Los lugares de la <strong>ca\u00edda de la RDA<\/strong> y de la <strong>reunificaci\u00f3n<\/strong> completan el arco simb\u00f3lico de la bandera. En Leipzig, las manifestaciones de los lunes \u2013 iniciadas con oraciones por la paz en la Nikolaikirche \u2013 fueron decisivas para abrir el r\u00e9gimen en 1989; en Berl\u00edn, la ca\u00edda del <a href=\"https:\/\/viagemalemanha.com\/o-muro-de-berlim-um-passeio-guiado-historia-fugas-iconicas-e-o-impacto-na-alemanha-moderna\/\">Muro de Berl\u00edn<\/a> el 9 de noviembre de ese a\u00f1o liber\u00f3 la circulaci\u00f3n y encendi\u00f3 el imaginario de la unidad. A medianoche del 3 de octubre de 1990, la \u201cbandera de la unidad\u201d fue izada por primera vez en el Platz der Republik, frente al Reichstag, sellando el regreso del negro-rojo-dorado como s\u00edmbolo com\u00fan.<\/p>\n\n\n\n<blockquote class=\"wp-block-quote is-layout-flow wp-block-quote-is-layout-flow\">\n<p>Una programaci\u00f3n de paseos con los<a href=\"https:\/\/viagemalemanha.com\/nossas-viagens-e-passeios\/\"> nuestros gu\u00edas especializados<\/a> puede unir Leipzig (Nikolaikirche y anillo de protestas), Berl\u00edn (Memorial Topograf\u00eda del Terror; East Side Gallery; Reichstag) y N\u00faremberg (Memorium Nuremberg Trials, Sala 600), componiendo una narrativa que termina \u2013 a prop\u00f3sito \u2013 otra vez en la bandera frente al parlamento.<\/p>\n<\/blockquote>\n\n\n\n<figure class=\"wp-block-image size-large\"><img decoding=\"async\" src=\"https:\/\/viagemalemanha.com\/wp-content\/uploads\/2025\/10\/famous-view-of-glasses-of-nuremberg-heilig-geist-s-2025-03-11-12-29-49-utc-1-1024x683.jpg\" alt=\"\" class=\"wp-image-6406\" \/><figcaption class=\"wp-element-caption\">N\u00faremberg, en Alemania<\/figcaption><\/figure>\n\n\n\n<p>En suma, los recorridos por <strong>Berl\u00edn, Weimar, Ruhr, N\u00faremberg, Bonn y Leipzig<\/strong> muestran c\u00f3mo la bandera alemana acompa\u00f1\u00f3 giros de r\u00e9gimen y elecciones de valores: del <strong>negro-blanco-rojo<\/strong> mon\u00e1rquico-imperial a los colores <strong>negro-rojo-dorado<\/strong> asociados a unificaci\u00f3n, libertad y democracia \u2013 con un desv\u00edo totalitario entre 1935 y 1945, cuando un s\u00edmbolo de partido se convirti\u00f3 en s\u00edmbolo de Estado.<\/p>\n\n\n\n<div class=\"wp-block-group is-nowrap is-layout-flex wp-container-core-group-is-layout-ad2f72ca wp-block-group-is-layout-flex\">\n<h2 class=\"wp-block-heading\" id=\"h-linha-do-tempo-essencial\">L\u00ednea del tiempo esencial<\/h2>\n\n\n\n<ul class=\"wp-block-list\">\n<li><strong>Siglos XII\u2013XVIII<\/strong> \u2013 \u00c1guila negra en fondo dorado como estandarte imperial del Sacro Imperio (negro-dorado).<\/li>\n\n\n\n<li><strong>1813\u20131815<\/strong> \u2013 L\u00fctzow da visibilidad a <strong>negro-rojo-dorado<\/strong> en las Guerras de Liberaci\u00f3n.<\/li>\n\n\n\n<li><strong>1832<\/strong> \u2013 Fiesta de Hambach populariza los colores en manifestaciones pro-libertad y unidad.<\/li>\n\n\n\n<li><strong>1848<\/strong> \u2013 Asamblea de Frankfurt <strong>legaliza<\/strong> los colores en la bandera (ley del 12\/11\/1848).<\/li>\n\n\n\n<li><strong>1871\u20131918<\/strong> \u2013 Imperio adopta <strong>negro-blanco-rojo<\/strong>; reglamento de 1892 formaliza la bandera.<\/li>\n\n\n\n<li><strong>1919\u20131933<\/strong> \u2013 Weimar restablece <strong>negro-rojo-dorado<\/strong>; \u201cFlaggenstreit\u201d (1926).<\/li>\n\n\n\n<li><strong>1935\u20131945<\/strong> \u2013 Bandera con esv\u00e1stica se convierte en nacional bajo el Tercer Reich.<\/li>\n\n\n\n<li><strong>1949\u20131959<\/strong> \u2013 RFA y RDA usan la tricolor; <strong>RDA a\u00f1ade escudo<\/strong> (1959).<\/li>\n\n\n\n<li><strong>1990<\/strong> \u2013 Reunificaci\u00f3n: se consolida la bandera <strong>negro-rojo-dorado<\/strong> sin armas.<\/li>\n<\/ul>\n<\/div>\n\n\n\n<h2 class=\"wp-block-heading\" id=\"h-significado-das-cores-preto-vermelho-e-dourado\">Significado de los colores: negro, rojo y dorado<\/h2>\n\n\n\n<p>El significado de los colores es profundamente hist\u00f3rico y simb\u00f3lico, aunque existen diferentes interpretaciones:<\/p>\n\n\n\n<ul class=\"wp-block-list\">\n<li><strong>Negro (Schwarz): <\/strong>Simboliza la determinaci\u00f3n, la fuerza y la oscuridad del pasado de opresi\u00f3n y servidumbre, de la cual el pueblo alem\u00e1n busc\u00f3 liberarse.<\/li>\n\n\n\n<li><strong>Rojo (Rot):<\/strong> Representa la sangre derramada en las luchas por la libertad, unidad y derechos humanos, pero tambi\u00e9n simboliza el coraje, la valent\u00eda y el amor por la patria.<\/li>\n\n\n\n<li><strong>Dorado\/Oro (Gold):<\/strong> Es el color de la luz, de la riqueza y, sobre todo, de la libertad y el honor. Refleja los ideales de iluminismo, prosperidad y un futuro brillante.<\/li>\n<\/ul>\n\n\n\n<p>La combinaci\u00f3n de estos tres colores, por lo tanto, narra una historia: del oscurantismo (negro), a trav\u00e9s de la lucha sangrienta (rojo), hacia la luz de la libertad y la soberan\u00eda dorada (dorado).<\/p>\n\n\n\n<h2 class=\"wp-block-heading\" id=\"h-bandeira-e-identidade-nacional\">Bandera e identidad nacional<\/h2>\n\n\n\n<p>Tras la Segunda Guerra Mundial, Alemania estaba f\u00edsica y moralmente destruida. Los s\u00edmbolos nacionales, especialmente la esv\u00e1stica del r\u00e9gimen nazi, estaban profundamente manchados.&nbsp;<\/p>\n\n\n\n<p>La reconstrucci\u00f3n de una identidad nacional positiva exig\u00eda un s\u00edmbolo que representara una ruptura clara con ese pasado y la adopci\u00f3n de nuevos valores.<\/p>\n\n\n\n<p>La bandera tricolor negro, rojo y dorado (Schwarz-Rot-Gold) se convirti\u00f3 en la pieza central de este esfuerzo.<\/p>\n\n\n\n<figure class=\"wp-block-image size-large\"><img decoding=\"async\" src=\"https:\/\/viagemalemanha.com\/wp-content\/uploads\/2025\/10\/the-sovereign-flag-of-the-federal-republic-of-germ-2025-02-12-00-07-54-utc-1-1024x680.jpg\" alt=\"\" class=\"wp-image-6397\" \/><figcaption class=\"wp-element-caption\">La bandera del gobierno alem\u00e1n, presentando el Bundesadler (\u00e1guila federal).<\/figcaption><\/figure>\n\n\n\n<p>De esta manera, los colores fueron reinterpretados para simbolizar los valores de la nueva democracia, en la que el orgullo por el s\u00edmbolo nacional no estaba basado en etnicidad o poder, sino en la Constituci\u00f3n democr\u00e1tica y los derechos humanos.<\/p>\n\n\n\n<h3 class=\"wp-block-heading\" id=\"h-uso-da-bandeira-em-eventos-esportivos-manifestacoes-politicas-e-celebracoes-nacionais\">Uso de la bandera en eventos deportivos, manifestaciones pol\u00edticas y celebraciones nacionales<\/h3>\n\n\n\n<p>Fue principalmente a trav\u00e9s del f\u00fatbol que la exhibici\u00f3n \u00abdescomplicada\u00bb de la bandera se convirti\u00f3 en socialmente aceptable. La Copa del Mundo de 2006, celebrada en Alemania, fue un punto de inflexi\u00f3n, con una superexposici\u00f3n de banderas en las calles, coches y casas. Por primera vez, los alemanes se sintieron c\u00f3modos para mostrar un orgullo nacional abierto, alegre y pac\u00edfico, sin connotaciones negativas.<\/p>\n\n\n\n<p>En la pol\u00edtica, la bandera se usa en contextos de uni\u00f3n nacional (como manifestaciones por la paz) o para reafirmar valores democr\u00e1ticos. Durante la Reunificaci\u00f3n en 1990, fue un s\u00edmbolo poderoso de unidad. Hoy, tambi\u00e9n es utilizada por grupos de extrema derecha, lo que genera un debate constante sobre la \u00abreapropiaci\u00f3n\u00bb del s\u00edmbolo por la mayor\u00eda democr\u00e1tica.<\/p>\n\n\n\n<h2 class=\"wp-block-heading\">Curiosidades y comparaciones<\/h2>\n\n\n\n<p><em>Es com\u00fan confundir la bandera alemana con la de otros pa\u00edses<\/em>, debido a los colores similares. La bandera de B\u00e9lgica, por ejemplo, tambi\u00e9n posee los colores negro, amarillo y rojo en franjas verticales.<\/p>\n\n\n\n<ul class=\"wp-block-list\">\n<li><strong>\u201cOro\u201d vs. \u201camarillo\u201d<\/strong> \u2014 La ley usa \u201cgoldfarben\u201d (dorado); en la producci\u00f3n textil cotidiana, se ve muchas veces amarillo. Publicaciones oficiales y la literatura de banderas explican que no hay tonalidad legalmente fijada, y directrices gr\u00e1ficas del gobierno indican valores recomendados para impresi\u00f3n\/digital. <\/li>\n\n\n\n<li><strong>Bandera mercante<\/strong> \u2013 La Handelsflagge (pabell\u00f3n mercante) equivale a la bandera nacional (tricolor simple).<\/li>\n\n\n\n<li><strong>Uganda<\/strong> \u2013 Tambi\u00e9n trae negro, amarillo y rojo, pero en seis franjas horizontales con la gr\u00faa coronada al centro; los colores son explicados oficialmente como pueblo africano (negro), sol (amarillo) y fraternidad (rojo).<\/li>\n<\/ul>\n\n\n\n<figure class=\"wp-block-image size-full\"><img decoding=\"async\" src=\"https:\/\/viagemalemanha.com\/wp-content\/uploads\/2025\/10\/reichstag-berlin-2025-03-11-23-45-36-utc-1.jpg\" alt=\"\" class=\"wp-image-6407\" \/><figcaption class=\"wp-element-caption\">edificio del parlamento en la ciudad alemana Berl\u00edn<\/figcaption><\/figure>\n\n\n\n<h3 class=\"wp-block-heading\" id=\"h-regras-oficiais-para-o-uso-da-bandeira-na-alemanha\">Reglas oficiales para el uso de la bandera en Alemania<\/h3>\n\n\n\n<p>Alemania tiene regulaciones precisas (principalmente la Anordnung \u00fcber die deutschen Flaggen) sobre el uso de sus banderas. Algunas reglas importantes:<\/p>\n\n\n\n<ul class=\"wp-block-list\">\n<li><strong>Izado en Edificios P\u00fablicos:<\/strong> Alcald\u00edas, parlamentos y otras reparticiones p\u00fablicas deben izar la bandera en d\u00edas oficiales de celebraci\u00f3n (ej: D\u00eda de la Unidad Alemana, D\u00eda de Luto).<\/li>\n\n\n\n<li><strong>Posici\u00f3n de Dignidad: <\/strong>La bandera nunca debe tocar el suelo, ser da\u00f1ada o usada para fines comerciales de forma irrespetuosa.<\/li>\n\n\n\n<li><strong>Orden de los Colores:<\/strong> En posici\u00f3n vertical, la franja negra debe quedar a la izquierda, la roja en el centro y la dorada a la derecha.<\/li>\n<\/ul>\n\n\n\n<h2 class=\"wp-block-heading\" id=\"h-conheca-mais-da-alemanha-com-os-nossos-guias-especializados\">Conoce m\u00e1s de Alemania con nuestros gu\u00edas especializados<\/h2>\n\n\n\n<p>Como se present\u00f3, la bandera alemana es un s\u00edmbolo din\u00e1mico que carga el peso de la historia y la promesa de un futuro democr\u00e1tico. Su viaje en el postguerra refleja el propio viaje de Alemania: de la verg\u00fcenza a la cautelosa reconciliaci\u00f3n, y finalmente, a un orgullo nacional consciente y reflexivo, siempre equilibrado por el deber de nunca olvidar.&nbsp; Por lo tanto, la bandera tambi\u00e9n es una forma de preservar la identidad nacional.&nbsp;<\/p>\n\n\n\n<p>Si deseas vivir la cultura alemana de cerca, ofrecemos un <a href=\"https:\/\/viagemalemanha.com\/guia-brasileiro-na-alemanha-viagem-alemanha\/\">itinerario personalizado con gu\u00edas en espa\u00f1ol<\/a>, para que puedas disfrutar de los destinos con seguridad y calidad!<\/p>\n\n\n\n<p>Nuestros servicios incluyen:<\/p>\n\n\n\n<ul class=\"wp-block-list\">\n<li>Paseos guiados privados en espa\u00f1ol<\/li>\n\n\n\n<li><a href=\"https:\/\/viagemalemanha.com\/consultoria-de-viagem\/\">Dise\u00f1o y organizaci\u00f3n de itinerarios<\/a><\/li>\n\n\n\n<li>Seguimiento<\/li>\n\n\n\n<li>Eventos y experiencias locales<\/li>\n\n\n\n<li>Transfers<\/li>\n<\/ul>\n","protected":false},"excerpt":{"rendered":"<p>La bandera es uno de los s\u00edmbolos nacionales m\u00e1s poderosos, representando los valores, la historia y las aspiraciones de un pueblo. Para Alemania no es diferente, es m\u00e1s que un simple emblema, es un testimonio de la larga y tumultuosa lucha por la unidad, la libertad y la democracia. De esta forma, su trayectoria refleja [&hellip;]<\/p>\n","protected":false},"author":2,"featured_media":45951,"comment_status":"open","ping_status":"open","sticky":false,"template":"","format":"standard","meta":{"_acf_changed":false,"tripadvisor_id":"","rating":0,"reviewer_name":"","review_date":"","trip_type":"","helpful_votes":0,"source_url":"","reviewer_gravatar":"","review_type":"","footnotes":""},"categories":[477],"tags":[],"class_list":["post-46880","post","type-post","status-publish","format-standard","has-post-thumbnail","hentry","category-destino-del-mes"],"acf":[],"_links":{"self":[{"href":"https:\/\/viagemalemanha.com\/es\/wp-json\/wp\/v2\/posts\/46880","targetHints":{"allow":["GET"]}}],"collection":[{"href":"https:\/\/viagemalemanha.com\/es\/wp-json\/wp\/v2\/posts"}],"about":[{"href":"https:\/\/viagemalemanha.com\/es\/wp-json\/wp\/v2\/types\/post"}],"author":[{"embeddable":true,"href":"https:\/\/viagemalemanha.com\/es\/wp-json\/wp\/v2\/users\/2"}],"replies":[{"embeddable":true,"href":"https:\/\/viagemalemanha.com\/es\/wp-json\/wp\/v2\/comments?post=46880"}],"version-history":[{"count":3,"href":"https:\/\/viagemalemanha.com\/es\/wp-json\/wp\/v2\/posts\/46880\/revisions"}],"predecessor-version":[{"id":65566,"href":"https:\/\/viagemalemanha.com\/es\/wp-json\/wp\/v2\/posts\/46880\/revisions\/65566"}],"wp:featuredmedia":[{"embeddable":true,"href":"https:\/\/viagemalemanha.com\/es\/wp-json\/wp\/v2\/media\/45951"}],"wp:attachment":[{"href":"https:\/\/viagemalemanha.com\/es\/wp-json\/wp\/v2\/media?parent=46880"}],"wp:term":[{"taxonomy":"category","embeddable":true,"href":"https:\/\/viagemalemanha.com\/es\/wp-json\/wp\/v2\/categories?post=46880"},{"taxonomy":"post_tag","embeddable":true,"href":"https:\/\/viagemalemanha.com\/es\/wp-json\/wp\/v2\/tags?post=46880"}],"curies":[{"name":"wp","href":"https:\/\/api.w.org\/{rel}","templated":true}]}}