{"id":53387,"date":"2018-12-01T10:30:00","date_gmt":"2018-12-01T12:30:00","guid":{"rendered":"https:\/\/viagemalemanha.com\/?p=53387"},"modified":"2026-02-01T01:01:48","modified_gmt":"2026-02-01T04:01:48","slug":"mercado-de-navidad-de-ravennaschlucht-en-la-selva-negra","status":"publish","type":"post","link":"https:\/\/viagemalemanha.com\/es\/mercado-de-navidad-de-ravennaschlucht-en-la-selva-negra\/","title":{"rendered":"Mercado de Navidad de Ravennaschlucht en la Selva Negra"},"content":{"rendered":"<p style=\"text-align: left\">El mes de diciembre es conocido por los mercados de Navidad que se celebran en toda Alemania. Es incluso dif\u00edcil elegir cu\u00e1l visitar, ya que todos son encantadores. Sin embargo, algunos mercados de Navidad son a\u00fan m\u00e1s especiales y valen la pena la visita, aunque est\u00e9n fuera de los recorridos habituales.<\/p>\n<p style=\"text-align: left\">El mercado de Navidad de Ravennaschlucht, en la <a href=\"https:\/\/viagemalemanha.com\/es\/la-encantadora-selva-negra\/\">Selva Negra<\/a>, es sin duda uno de los m\u00e1s bellos de Alemania. Ubicado en un desfiladero, el mercado, naturalmente un poco escondido, parece m\u00e1s un valle encantado, con las luces y decoraciones navide\u00f1as. Desde el mercado se puede ver el viaducto ferroviario en arcos, con 40 metros de altura, que enmarca el paisaje. Al llegar al mercado, el viajero se siente como inmerso en una aventura de descubrimiento de un lugar m\u00e1gico.<\/p>\n<p style=\"text-align: left\">Durante el a\u00f1o, la regi\u00f3n cercana a la <a href=\"https:\/\/www.schwarzwald-tourismus.info\/attraktionen\/ravennaschlucht-e513637824\" target=\"_blank\" rel=\"noopener\">Ravennaschlucht<\/a> es un excelente destino para viajeros que disfrutan de senderismo y cascadas.<\/p>\n<figure id=\"attachment_885\" aria-describedby=\"caption-attachment-885\" style=\"width: 800px\" class=\"wp-caption alignnone\"><img decoding=\"async\" class=\"wp-image-885\" src=\"https:\/\/viagemalemanha.com\/wp-content\/uploads\/2025\/05\/Hofgut-Sternen-and-christmas-market-in-the-Ravenna-gorge_High-Res_21069.jpg\" alt=\"\" width=\"800\" height=\"533\" \/><figcaption id=\"caption-attachment-885\" class=\"wp-caption-text\">Mercado de Navidad en Ravennaschlucht, en la Selva Negra. (Foto: \u00a9 Hochschwarzwald Tourismus GmbH)<\/figcaption><\/figure>\n<p style=\"text-align: left\">Son un poco m\u00e1s de 40 casetas de artesan\u00eda, regalos hechos por artistas locales, y comidas t\u00edpicas de esta \u00e9poca del a\u00f1o (como el vino caliente especiado, el <em>Gl\u00fchwein<\/em>), lo que hace que el mercado de Ravennaschlucht sea a\u00fan m\u00e1s acogedor.<\/p>\n<p style=\"text-align: left\">Para saber m\u00e1s sobre nuestras experiencias personalizadas y viajes fuera de lo com\u00fan: viagem@viagemalemanha.com<\/p>\n<div class=\"mceTemp\"><\/div>\n<figure id=\"attachment_886\" aria-describedby=\"caption-attachment-886\" style=\"width: 806px\" class=\"wp-caption aligncenter\"><img decoding=\"async\" class=\" wp-image-886\" src=\"https:\/\/viagemalemanha.com\/wp-content\/uploads\/2025\/05\/Christmas-market-in-the-Ravenna-Gorge_High-Res_21048.jpg\" alt=\"\" width=\"806\" height=\"537\" \/><figcaption id=\"caption-attachment-886\" class=\"wp-caption-text\">Foto: \u00a9 Hochschwarzwald Tourismus GmbH<\/figcaption><\/figure>\n","protected":false},"excerpt":{"rendered":"<p>El mes de diciembre es conocido por los mercados de Navidad que se celebran en toda Alemania. Es incluso dif\u00edcil elegir cu\u00e1l visitar, ya que todos son encantadores. Sin embargo, algunos mercados de Navidad son a\u00fan m\u00e1s especiales y valen la pena la visita, aunque est\u00e9n fuera de los recorridos habituales. El mercado de Navidad [&hellip;]<\/p>\n","protected":false},"author":1,"featured_media":0,"comment_status":"open","ping_status":"open","sticky":false,"template":"","format":"standard","meta":{"_acf_changed":false,"tripadvisor_id":"","rating":0,"reviewer_name":"","review_date":"","trip_type":"","helpful_votes":0,"source_url":"","reviewer_gravatar":"","review_type":"","footnotes":""},"categories":[495,493,491,496,477,497,487,480,500],"tags":[],"class_list":["post-53387","post","type-post","status-publish","format-standard","hentry","category-badenwurttemberg","category-baviera","category-datos-interesantes","category-descubriendo-alemania","category-destino-del-mes","category-europa","category-gastronomia","category-munich","category-tradiciones"],"acf":[],"_links":{"self":[{"href":"https:\/\/viagemalemanha.com\/es\/wp-json\/wp\/v2\/posts\/53387","targetHints":{"allow":["GET"]}}],"collection":[{"href":"https:\/\/viagemalemanha.com\/es\/wp-json\/wp\/v2\/posts"}],"about":[{"href":"https:\/\/viagemalemanha.com\/es\/wp-json\/wp\/v2\/types\/post"}],"author":[{"embeddable":true,"href":"https:\/\/viagemalemanha.com\/es\/wp-json\/wp\/v2\/users\/1"}],"replies":[{"embeddable":true,"href":"https:\/\/viagemalemanha.com\/es\/wp-json\/wp\/v2\/comments?post=53387"}],"version-history":[{"count":1,"href":"https:\/\/viagemalemanha.com\/es\/wp-json\/wp\/v2\/posts\/53387\/revisions"}],"predecessor-version":[{"id":54836,"href":"https:\/\/viagemalemanha.com\/es\/wp-json\/wp\/v2\/posts\/53387\/revisions\/54836"}],"wp:attachment":[{"href":"https:\/\/viagemalemanha.com\/es\/wp-json\/wp\/v2\/media?parent=53387"}],"wp:term":[{"taxonomy":"category","embeddable":true,"href":"https:\/\/viagemalemanha.com\/es\/wp-json\/wp\/v2\/categories?post=53387"},{"taxonomy":"post_tag","embeddable":true,"href":"https:\/\/viagemalemanha.com\/es\/wp-json\/wp\/v2\/tags?post=53387"}],"curies":[{"name":"wp","href":"https:\/\/api.w.org\/{rel}","templated":true}]}}