{"id":53410,"date":"2020-10-07T11:54:25","date_gmt":"2020-10-07T14:54:25","guid":{"rendered":"https:\/\/viagemalemanha.com\/?p=53410"},"modified":"2026-01-24T19:08:22","modified_gmt":"2026-01-24T22:08:22","slug":"zugspitze-la-montana-mas-alta-de-alemania","status":"publish","type":"post","link":"https:\/\/viagemalemanha.com\/es\/zugspitze-la-montana-mas-alta-de-alemania\/","title":{"rendered":"Zugspitze, la monta\u00f1a m\u00e1s alta de Alemania."},"content":{"rendered":"\n<p>Estar a 2.962 metros de altura, tener vista panor\u00e1mica de 360\u00b0, ver m\u00e1s de 400 picos alpinos pertenecientes a cuatro pa\u00edses, satisfacer la curiosidad de c\u00f3mo es vivir en un igl\u00fa, disfrutar de una deliciosa comida apreciando monta\u00f1as heladas y un incre\u00edble paisaje pintado por la naturaleza, y conocer el incre\u00edble telef\u00e9rico panor\u00e1mico r\u00e9cord. \u00a1Es posible hacer todo esto con un paseo al Zugspitze!<\/p>\n\n\n\n<h4 class=\"wp-block-heading\"><strong>El pico m\u00e1s alto de Alemania<\/strong><strong><\/strong><\/h4>\n\n\n\n<p>Situada en los Alpes b\u00e1varos, Zugspitze ofrece una vista de m\u00e1s de 400 picos alpinos de Alemania, Austria, Italia y Suiza; adem\u00e1s, la monta\u00f1a hace frontera con Austria.<\/p>\n\n\n\n<p>Zugspitze es el m\u00e1s alto de los 3 picos de la regi\u00f3n: Zugspitze, Hochblassen y Alpspitze. Con 2.962 metros de altura, donde, para quienes se atreven a escalar, se encuentra una cruz dorada marcando el punto m\u00e1s alto de Alemania. La altura exacta de Zugspitze fue motivo de debate durante un buen tiempo, pero ahora se acepta pac\u00edficamente que el pico est\u00e1 a 2.962 metros de altura, como resultado de una investigaci\u00f3n realizada por la Oficina de Investigaci\u00f3n Estatal de Baviera. El lounge de un caf\u00e9 all\u00ed ubicado se llama \u00ab2962\u00bb por esta raz\u00f3n.<\/p>\n\n\n\n<figure class=\"wp-block-image size-large\"><img decoding=\"async\" src=\"https:\/\/viagemalemanha.com\/wp-content\/uploads\/2025\/05\/Zugspitze-viagem-alemanha-passeio-guiado-em-portugues-1024x576-1.jpg\" alt=\"\" class=\"wp-image-2312\" \/><figcaption class=\"wp-element-caption\">Cruz dorada en la cima de Zugspitze. <br><\/figcaption><\/figure>\n\n\n\n<h4 class=\"wp-block-heading\">El \u00abhermano peque\u00f1o\u00bb de Zugspitze, Alpspitze<\/h4>\n\n\n\n<p>Situado al lado de Zugspitze, y con alrededor de 2.628 metros de altitud, se encuentra Alpspitze. En \u00e9l encontramos la plataforma de visualizaci\u00f3n AlpspiX, en forma de \u201cX\u201d, que ofrece una vista deslumbrante de Zugspitze y del paisaje a su alrededor. Sus extremos de 25 metros dan la oportunidad de apreciar de una forma m\u00e1s amplia toda la magia del lugar. La cima tambi\u00e9n cuenta con restaurantes especializados en diferentes cocinas, alcanzando los m\u00e1s variados gustos y proporcionando una vista inolvidable.<\/p>\n\n\n\n<figure class=\"wp-block-image size-large\"><img decoding=\"async\" src=\"https:\/\/viagemalemanha.com\/wp-content\/uploads\/2025\/05\/alpspix-viagem-alemanha-passeios-em-portugues-privativos-1024x576-1.jpg\" alt=\"\" class=\"wp-image-2311\" \/><figcaption class=\"wp-element-caption\">AlpspiX. <\/figcaption><\/figure>\n\n\n\n<h4 class=\"wp-block-heading\">C\u00f3mo se convirti\u00f3 en una atracci\u00f3n tur\u00edstica<\/h4>\n\n\n\n<p>La monta\u00f1a fue explorada, oficialmente, por primera vez en agosto de 1820 por el teniente Joseph Naus; tras este hecho, valientes de varias partes del mundo ya han enfrentado este desaf\u00edo, despu\u00e9s de todo, escalar una de las monta\u00f1as m\u00e1s grandes del mundo es un logro digno de un selecto grupo de entusiastas de una buena aventura. En julio de 1930 hubo el primer viaje del reci\u00e9n construido tren de cremallera (mecanismo utilizado en regiones inclinadas, similares a engranajes dentados) y a finales del siglo XIX se construyeron los primeros telef\u00e9ricos, de esta manera, el paseo se fue haciendo accesible para toda la poblaci\u00f3n, siendo posible que el viajero conozca este incre\u00edble lugar sin necesidad de aventurarse, como los primeros exploradores. En 2020 se celebran 200 a\u00f1os de la primera subida a la monta\u00f1a Zugspitze y 90 a\u00f1os del primer tren de cremallera!<\/p>\n\n\n\n<figure class=\"wp-block-image size-large\"><img decoding=\"async\" src=\"https:\/\/viagemalemanha.com\/wp-content\/uploads\/2020\/04\/cremalheria-trem-zugspitze-viagem-alemanha-passeio-privativo-portugue\u0302s-1024x677.png\" alt=\"\" class=\"wp-image-2313\" \/><figcaption class=\"wp-element-caption\">Tren de cremallera para subir a Zugspitzeplatz. Fuente: <a href=\"https:\/\/upload.wikimedia.org\/wikipedia\/commons\/0\/07\/Train_to_Zugspitze_-_panoramio.jpg\" target=\"_blank\" rel=\"noopener\">Wikipedia<\/a>. Autor: Anton Nikiforov<\/figcaption><\/figure>\n\n\n\n<h4 class=\"wp-block-heading\">\u00bfTe gusta esquiar?<\/h4>\n\n\n\n<p>La monta\u00f1a cuenta con la mayor estaci\u00f3n de esqu\u00ed de Alemania con 40 km de pistas, la Garmisch-Classic, que atiende las necesidades desde el profesional hasta el principiante. Con pistas de esqu\u00ed m\u00e1s f\u00e1ciles y moderadas, es posible realizar clases para que los ni\u00f1os aprendan lo b\u00e1sico. \u00a1En este paseo nadie de la familia queda fuera! Sin embargo, para quienes no disfrutan mucho del esqu\u00ed, es posible descender en trineo y disfrutar de la vista y divertirse mucho. En verano, actividades como senderismo, caminatas, escaladas y parapente ganan protagonismo, pero si el nivel de nieve es bueno, los trineos siguen funcionando.<\/p>\n\n\n\n<figure class=\"wp-block-image size-large\"><img decoding=\"async\" src=\"https:\/\/viagemalemanha.com\/wp-content\/uploads\/2020\/04\/ski-zugspitze-viagem-alemanha-passeios-guiados-portugue\u0302s-1024x571.png\" alt=\"\" class=\"wp-image-2315\" \/><figcaption class=\"wp-element-caption\">Pista de esqu\u00ed en Zugspitze. Fuente: <a href=\"https:\/\/upload.wikimedia.org\/wikipedia\/commons\/a\/a0\/Ski_Zugspitze_-_panoramio.jpg\" target=\"_blank\" rel=\"noopener\">Wikipedia<\/a>. Autor: Radu Costel<\/figcaption><\/figure>\n\n\n\n<h4 class=\"wp-block-heading\"><strong>Capilla \u201cMaria Heimsuchung\u201d <\/strong><\/h4>\n\n\n\n<p>La iglesia m\u00e1s alta de Alemania, que se encuentra a 2.600 metros sobre el nivel del mar, fue consagrada en 1981 por el Papa Benedicto XVI. Todos los domingos hay celebraci\u00f3n de misa cat\u00f3lica en la capilla, y los martes del verano, cultos protestantes, salvo situaciones excepcionales, generalmente causadas por el clima. Sorprendentemente, hay celebraciones de bodas en esta capilla. \u00bfTe imaginas lo inusual que debe ser casarse a casi 3.000 metros de altitud?<\/p>\n\n\n\n<figure class=\"wp-block-image size-large\"><img decoding=\"async\" src=\"https:\/\/viagemalemanha.com\/wp-content\/uploads\/2025\/05\/capela-zugspitze-viagem-alemanha-passeios-privativos-em-portugues-1024x683-1.jpg\" alt=\"\" class=\"wp-image-2314\" \/><figcaption class=\"wp-element-caption\">Capilla Maria Heimsuchung. <\/figcaption><\/figure>\n\n\n\n<h4 class=\"wp-block-heading\"><strong>Villa del igl\u00fa<\/strong><strong><\/strong><\/h4>\n\n\n\n<p>\u00bfY si es posible vivir en un igl\u00fa de verdad sin viajar al \u00c1rtico? As\u00ed es, en la villa del igl\u00fa esta experiencia inusual puede hacerse realidad. All\u00ed el viajero conocer\u00e1 un lugar preparado especialmente para proporcionar esta experiencia \u00fanica. Con 20 alojamientos de nieve, un bar, una cocina y dos jacuzzis para que el viajero est\u00e9 inmerso en esta aventura congelante. Pensando en todo para que la experiencia sea agradable, y los viajeros no pasen fr\u00edo, las \u201ccamas\u201d (sacos de dormir) est\u00e1n compuestas por piel de oveja.<\/p>\n\n\n\n<h4 class=\"wp-block-heading\"><strong>C\u00f3mo llegar al pico m\u00e1s alto y el Telef\u00e9rico Zugspitze<\/strong><strong><\/strong><\/h4>\n\n\n\n<p>El pico m\u00e1s alto de Alemania puede alcanzarse a trav\u00e9s de trenes de cremallera, los cuales hacen un bello paseo hasta llegar a la cima, pasando por toda la monta\u00f1a y por el hermoso lago Eibsee. El incre\u00edble Telef\u00e9rico Zugspitze fue inaugurado a finales de 2017, y lleva al viajero a la estaci\u00f3n de esqu\u00ed a trav\u00e9s de un viaje panor\u00e1mico sensacional. El telef\u00e9rico posee 3 r\u00e9cords: el poste de acero m\u00e1s alto para telef\u00e9ricos del mundo (127 metros), el mayor espacio de cables sin soporte del mundo (3.213 metros) y la mayor altura recorrida en una secci\u00f3n por el telef\u00e9rico (1.945 metros).<\/p>\n\n\n\n<figure class=\"wp-block-image size-large\"><img decoding=\"async\" src=\"https:\/\/viagemalemanha.com\/wp-content\/uploads\/2025\/05\/eibsee-albaphoto-viagem-alemanha-passeios-guiados-em-portugues-1024x683-1.jpg\" alt=\"\" class=\"wp-image-2309\" \/><figcaption class=\"wp-element-caption\">Lago Eibsee.<\/figcaption><\/figure>\n\n\n\n<h4 class=\"wp-block-heading\">Garmisch-Partenkirchen<\/h4>\n\n\n\n<p>\u00bfTe imaginas un hermoso pueblito perfectamente acogedor, con incre\u00edbles detalles, como frescos en las fachadas de las tiendas y casas? Esa es Garmisch-Partenkirchen. La ciudad es un excelente punto de partida para el viajero que desea conocer Zugspitze, ya que se encuentra a 6 km del punto de partida hacia Zugspitze y otras rutas. Desde all\u00ed es posible tener una incre\u00edble vista de las monta\u00f1as. Para nuestros viajeros, organizamos toda la log\u00edstica necesaria, siempre de la manera m\u00e1s privada posible, evitando filas y p\u00e9rdida de tiempo en trayectos innecesarios.<\/p>\n\n\n\n<figure class=\"wp-block-image size-large\"><img decoding=\"async\" src=\"https:\/\/viagemalemanha.com\/wp-content\/uploads\/2020\/04\/Garmisch-Partenkirchen-viagem-alemanha-passeios-guiados-em-portugue\u0302s-1024x687.png\" alt=\"\" class=\"wp-image-2310\" \/><figcaption class=\"wp-element-caption\">Foto del centro de Garmisch-Partenkirchen. Fuente: <a href=\"https:\/\/upload.wikimedia.org\/wikipedia\/commons\/3\/34\/Garmisch-Partenkirchen%2C_Marienplatz%2C_2001_-_panoramio.jpg\" target=\"_blank\" rel=\"noopener\">Wikipedia<\/a>. Autor: Sirujs Enobs<br><\/figcaption><\/figure>\n\n\n\n<p>Para paseos guiados privados y personalizados en espa\u00f1ol en toda Alemania, Austria, Suiza, Italia y regi\u00f3n, \u00a1cont\u00e1ctanos!<\/p>\n\n\n\n<p><\/p>\n\n\n\n<figure class=\"wp-block-image size-large\"><img decoding=\"async\" src=\"https:\/\/viagemalemanha.com\/wp-content\/uploads\/2025\/04\/chamada-info-site.png\" alt=\"\" class=\"wp-image-1965\" \/><\/figure>\n","protected":false},"excerpt":{"rendered":"<p>Estar a 2.962 metros de altura, tener vista panor\u00e1mica de 360\u00b0, ver m\u00e1s de 400 picos alpinos pertenecientes a cuatro pa\u00edses, satisfacer la curiosidad de c\u00f3mo es vivir en un igl\u00fa, disfrutar de una deliciosa comida apreciando monta\u00f1as heladas y un incre\u00edble paisaje pintado por la naturaleza, y conocer el incre\u00edble telef\u00e9rico panor\u00e1mico r\u00e9cord. \u00a1Es [&hellip;]<\/p>\n","protected":false},"author":1,"featured_media":53413,"comment_status":"open","ping_status":"open","sticky":false,"template":"","format":"standard","meta":{"_acf_changed":false,"tripadvisor_id":"","rating":0,"reviewer_name":"","review_date":"","trip_type":"","helpful_votes":0,"source_url":"","reviewer_gravatar":"","review_type":"","footnotes":""},"categories":[498,493,496,477,497,504],"tags":[],"class_list":["post-53410","post","type-post","status-publish","format-standard","has-post-thumbnail","hentry","category-austria","category-baviera","category-descubriendo-alemania","category-destino-del-mes","category-europa","category-itinerarios"],"acf":[],"_links":{"self":[{"href":"https:\/\/viagemalemanha.com\/es\/wp-json\/wp\/v2\/posts\/53410","targetHints":{"allow":["GET"]}}],"collection":[{"href":"https:\/\/viagemalemanha.com\/es\/wp-json\/wp\/v2\/posts"}],"about":[{"href":"https:\/\/viagemalemanha.com\/es\/wp-json\/wp\/v2\/types\/post"}],"author":[{"embeddable":true,"href":"https:\/\/viagemalemanha.com\/es\/wp-json\/wp\/v2\/users\/1"}],"replies":[{"embeddable":true,"href":"https:\/\/viagemalemanha.com\/es\/wp-json\/wp\/v2\/comments?post=53410"}],"version-history":[{"count":3,"href":"https:\/\/viagemalemanha.com\/es\/wp-json\/wp\/v2\/posts\/53410\/revisions"}],"predecessor-version":[{"id":56270,"href":"https:\/\/viagemalemanha.com\/es\/wp-json\/wp\/v2\/posts\/53410\/revisions\/56270"}],"wp:featuredmedia":[{"embeddable":true,"href":"https:\/\/viagemalemanha.com\/es\/wp-json\/wp\/v2\/media\/53413"}],"wp:attachment":[{"href":"https:\/\/viagemalemanha.com\/es\/wp-json\/wp\/v2\/media?parent=53410"}],"wp:term":[{"taxonomy":"category","embeddable":true,"href":"https:\/\/viagemalemanha.com\/es\/wp-json\/wp\/v2\/categories?post=53410"},{"taxonomy":"post_tag","embeddable":true,"href":"https:\/\/viagemalemanha.com\/es\/wp-json\/wp\/v2\/tags?post=53410"}],"curies":[{"name":"wp","href":"https:\/\/api.w.org\/{rel}","templated":true}]}}