{"id":53435,"date":"2020-07-08T14:43:37","date_gmt":"2020-07-08T17:43:37","guid":{"rendered":"https:\/\/viagemalemanha.com\/?p=53435"},"modified":"2026-01-23T23:23:51","modified_gmt":"2026-01-24T02:23:51","slug":"de-alemania-a-italia-conociendo-suiza","status":"publish","type":"post","link":"https:\/\/viagemalemanha.com\/es\/de-alemania-a-italia-conociendo-suiza\/","title":{"rendered":"\u00a1De Alemania a Italia, conociendo Suiza!"},"content":{"rendered":"\n<p>Ahora nuestros viajeros podr\u00e1n contar con nuestro servicio tambi\u00e9n en Italia. Para aquellos que desean incluir Italia en su itinerario, Viagem Alemanha ha realizado una asociaci\u00f3n con expertos locales, siempre observando los rigurosos criterios en la selecci\u00f3n de estos profesionales, para continuar manteniendo el alto est\u00e1ndar de calidad y profesionalismo en los servicios ofrecidos.<\/p>\n\n\n\n<p>Para comenzar, vamos a presentar la sugerencia de lugares para incluir en su itinerario, que podr\u00e1 comenzar en uno de nuestros lugares favoritos, el valle del r\u00edo Rin, en Alemania, y finalizar en Florencia, en Italia.<\/p>\n\n\n\n<h2 class=\"wp-block-heading\">Valle del r\u00edo Rin<\/h2>\n\n\n\n<figure class=\"wp-block-image size-large\"><img decoding=\"async\" src=\"https:\/\/viagemalemanha.com\/wp-content\/uploads\/2025\/05\/vale-do-reno.jpg\" alt=\"\" class=\"wp-image-2792\" \/><figcaption>Valle del r\u00edo Rin, en Alemania<\/figcaption><\/figure>\n\n\n\n<p>Comenzando por el valle del r\u00edo Rin, una regi\u00f3n que sorprende al viajero, con mucha belleza natural por contemplar, vi\u00f1edos, castillos y casas de entramado de madera, adem\u00e1s del hermoso r\u00edo Rin. \u00a1No hay mejor forma de iniciar su viaje!<\/p>\n\n\n\n<h2 class=\"wp-block-heading\">Bodensee<\/h2>\n\n\n\n<figure class=\"wp-block-image size-large\"><img decoding=\"async\" src=\"https:\/\/viagemalemanha.com\/wp-content\/uploads\/2025\/05\/Bodensee-viagem-alemanha-guided-tour-privativo-portugues-1024x609-2.jpg\" alt=\"\" class=\"wp-image-2793\" \/><figcaption>Lago de Constanza.<\/figcaption><\/figure>\n\n\n\n<p>Bajando hacia Suiza, una parada en la regi\u00f3n del Bodensee es m\u00e1s que indicada. Con ciudades a la orilla del lago de Constanza, como Lindau y su extraordinario puerto, la exuberante flora de Mainau entre otros tantos atractivos. Experiencias y paseos interesantes no faltar\u00e1n para los viajeros en esta regi\u00f3n.<\/p>\n\n\n\n<h2 class=\"wp-block-heading\">Zurique<\/h2>\n\n\n\n<figure class=\"wp-block-image size-large\"><img decoding=\"async\" src=\"https:\/\/viagemalemanha.com\/wp-content\/uploads\/2025\/05\/zurique-viagem-alemanha-passeios-guiados-em-portugues-suica-1024x683-1.jpg\" alt=\"\" class=\"wp-image-2794\" \/><figcaption>Zurich. Fuente: Switzerland Tourism. Autor: Giglio Pasqua<\/figcaption><\/figure>\n\n\n\n<p>Llegando al segundo pa\u00eds, Suiza, por la ciudad de Zurich. A pesar de no ser la capital del pa\u00eds, como muchos imaginan, Zurich es sin duda la ciudad m\u00e1s popular de Suiza. Con diversas opciones de atracciones, gastronom\u00eda, compras y la elegancia t\u00edpicamente suiza.<\/p>\n\n\n\n<h2 class=\"wp-block-heading\">Ticino<\/h2>\n\n\n\n<figure class=\"wp-block-image size-large\"><img decoding=\"async\" src=\"https:\/\/viagemalemanha.com\/wp-content\/uploads\/2025\/05\/lugano-CIDADE-VIAGEM-SUICA-PRIVATIVA-PASSEIO-1024x682-1.jpg\" alt=\"\" class=\"wp-image-2795\" \/><figcaption>La ciudad de Lugano, en el cant\u00f3n de Ticino<\/figcaption><\/figure>\n\n\n\n<p>A\u00fan en Suiza, pero con aires provenientes de Italia. Ticino es la regi\u00f3n conocida como <a href=\"https:\/\/viagemsuica.com\/suica-italiana-o-recanto-do-mediterraneo-na-suica\/\" target=\"_blank\" rel=\"noopener\">Suiza-italiana<\/a>, en la regi\u00f3n al sur de Suiza, cerca de la frontera con Italia. Y podemos ver esta influencia f\u00e1cilmente en Ticino, en la gastronom\u00eda, arquitectura y hasta en el idioma, italiano, que se encuentra f\u00e1cilmente entre los di\u00e1logos de los locales.<\/p>\n\n\n\n<h2 class=\"wp-block-heading\">Lago di Como<\/h2>\n\n\n\n<figure class=\"wp-block-image size-large\"><img decoding=\"async\" src=\"https:\/\/viagemalemanha.com\/wp-content\/uploads\/2025\/05\/lago-di-como-viagem-alemanha-passeios-guiados-privativos-em-portugues-italia-1024x627-1.jpg\" alt=\"\" class=\"wp-image-2796\" \/><figcaption>Lago di Como<\/figcaption><\/figure>\n\n\n\n<p>\u00a1Llegando al \u00faltimo y tercer pa\u00eds, Italia! En una regi\u00f3n noble, con un escenario espectacular, el lago di Como se ha hecho conocido por ser el destino y direcci\u00f3n de diversas celebridades. Con opciones de paseos en las monta\u00f1as, senderos, paseos en barco, playas a la orilla del lago, adem\u00e1s de refinadas experiencias gastron\u00f3micas, museos y galer\u00edas de arte.<\/p>\n\n\n\n<h2 class=\"wp-block-heading\">Mil\u00e1n<\/h2>\n\n\n\n<figure class=\"wp-block-image size-large\"><img decoding=\"async\" src=\"https:\/\/viagemalemanha.com\/wp-content\/uploads\/2025\/05\/milao-viagem-alemanha-passeios-guiados-em-portugues-privativo-1024x683-1.jpg\" alt=\"\" class=\"wp-image-2797\" \/><figcaption>El <em>Duomo<\/em> de Mil\u00e1n<\/figcaption><\/figure>\n\n\n\n<p>El centro financiero y referencia en el mundo de la moda. Sin embargo, al volver nuestra mirada hacia el legado del pasado, encontraremos verdaderos tesoros por visitar, explorar y aplaudir en Mil\u00e1n. Su catedral es una atracci\u00f3n aparte con m\u00e1s de 600 a\u00f1os de historia.<\/p>\n\n\n\n<h2 class=\"wp-block-heading\">Floren\u00e7a<\/h2>\n\n\n\n<figure class=\"wp-block-image size-large\"><img decoding=\"async\" src=\"https:\/\/viagemalemanha.com\/wp-content\/uploads\/2025\/05\/Florenca-Italia-viagem-alemanha-passeios-guiados-em-portugues-1024x683-1.jpg\" alt=\"\" class=\"wp-image-2798\" \/><figcaption>Floren\u00e7a<\/figcaption><\/figure>\n\n\n\n<p>Finalizando el itinerario en Florencia, la capital de la Toscana, un destino deleitable, especialmente para los amantes de la arquitectura y las artes, con renombradas galer\u00edas de arte, donde se encuentran las aclamadas esculturas \u00abDavid\u00bb de Miguel \u00c1ngel y el cuadro \u00abLa Anunciaci\u00f3n\u00bb de Da Vinci.<\/p>\n\n\n\n<p>En nuestros viajes privados, todos nuestros itinerarios son personalizados y \u00fanicos. \u00a1P\u00f3ngase en contacto, estaremos encantados de preparar su viaje de ensue\u00f1o!<\/p>\n\n\n\n<p>En nuestros viajes privados, todos nuestros itinerarios son personalizados y \u00fanicos. \u00a1P\u00f3ngase en contacto, estaremos encantados de preparar su viaje de ensue\u00f1o!<\/p>\n\n\n\n<figure class=\"wp-block-image size-large\"><img decoding=\"async\" src=\"https:\/\/viagemalemanha.com\/wp-content\/uploads\/2025\/04\/chamada-info-site.png\" alt=\"\" class=\"wp-image-1965\" \/><\/figure>\n","protected":false},"excerpt":{"rendered":"<p>Ahora nuestros viajeros podr\u00e1n contar con nuestro servicio tambi\u00e9n en Italia. Para aquellos que desean incluir Italia en su itinerario, Viagem Alemanha ha realizado una asociaci\u00f3n con expertos locales, siempre observando los rigurosos criterios en la selecci\u00f3n de estos profesionales, para continuar manteniendo el alto est\u00e1ndar de calidad y profesionalismo en los servicios ofrecidos. Para [&hellip;]<\/p>\n","protected":false},"author":1,"featured_media":54766,"comment_status":"open","ping_status":"open","sticky":false,"template":"","format":"standard","meta":{"_acf_changed":false,"tripadvisor_id":"","rating":0,"reviewer_name":"","review_date":"","trip_type":"","helpful_votes":0,"source_url":"","reviewer_gravatar":"","review_type":"","footnotes":""},"categories":[491,477,497,482,502],"tags":[],"class_list":["post-53435","post","type-post","status-publish","format-standard","has-post-thumbnail","hentry","category-datos-interesantes","category-destino-del-mes","category-europa","category-italia","category-suiza"],"acf":[],"_links":{"self":[{"href":"https:\/\/viagemalemanha.com\/es\/wp-json\/wp\/v2\/posts\/53435","targetHints":{"allow":["GET"]}}],"collection":[{"href":"https:\/\/viagemalemanha.com\/es\/wp-json\/wp\/v2\/posts"}],"about":[{"href":"https:\/\/viagemalemanha.com\/es\/wp-json\/wp\/v2\/types\/post"}],"author":[{"embeddable":true,"href":"https:\/\/viagemalemanha.com\/es\/wp-json\/wp\/v2\/users\/1"}],"replies":[{"embeddable":true,"href":"https:\/\/viagemalemanha.com\/es\/wp-json\/wp\/v2\/comments?post=53435"}],"version-history":[{"count":1,"href":"https:\/\/viagemalemanha.com\/es\/wp-json\/wp\/v2\/posts\/53435\/revisions"}],"predecessor-version":[{"id":54773,"href":"https:\/\/viagemalemanha.com\/es\/wp-json\/wp\/v2\/posts\/53435\/revisions\/54773"}],"wp:featuredmedia":[{"embeddable":true,"href":"https:\/\/viagemalemanha.com\/es\/wp-json\/wp\/v2\/media\/54766"}],"wp:attachment":[{"href":"https:\/\/viagemalemanha.com\/es\/wp-json\/wp\/v2\/media?parent=53435"}],"wp:term":[{"taxonomy":"category","embeddable":true,"href":"https:\/\/viagemalemanha.com\/es\/wp-json\/wp\/v2\/categories?post=53435"},{"taxonomy":"post_tag","embeddable":true,"href":"https:\/\/viagemalemanha.com\/es\/wp-json\/wp\/v2\/tags?post=53435"}],"curies":[{"name":"wp","href":"https:\/\/api.w.org\/{rel}","templated":true}]}}