{"id":53438,"date":"2020-06-24T14:22:32","date_gmt":"2020-06-24T17:22:32","guid":{"rendered":"https:\/\/viagemalemanha.com\/?p=53438"},"modified":"2026-02-01T14:19:54","modified_gmt":"2026-02-01T17:19:54","slug":"5-atracciones-especiales-en-munich","status":"publish","type":"post","link":"https:\/\/viagemalemanha.com\/es\/5-atracciones-especiales-en-munich\/","title":{"rendered":"5 Atracciones especiales en M\u00fanich"},"content":{"rendered":"\n<p>M\u00fanich, la capital del estado de Baviera, cuna de las tradicionales cervecer\u00edas y escenario de la anual Oktoberfest, esta gran ciudad tiene mucho m\u00e1s que ofrecer.<\/p>\n\n\n\n<figure class=\"wp-block-image size-large\"><img decoding=\"async\" src=\"https:\/\/viagemalemanha.com\/wp-content\/uploads\/2025\/05\/marienplatz-munich-viagem-alemanha-passeios-guiados-privativos-em-portugues-scaled.jpg\" alt=\"\" class=\"wp-image-2755\" \/><figcaption class=\"wp-element-caption\">Columna de Santa Mar\u00eda, en la plaza Marienplatz<\/figcaption><\/figure>\n\n\n\n<p>Para el visitante que incluya M\u00fanich en su itinerario, ciertamente no faltar\u00e1n actividades, ya bastante populares, para ser visitadas, no solo en la ciudad sino en regiones cercanas. Sin embargo, cada vez m\u00e1s, los viajeros buscan atracciones fuera de lo com\u00fan, o bien, cuando est\u00e1n en su segunda o posterior visita, desean conocer algo in\u00e9dito.<\/p>\n\n\n\n<p>Por eso, hemos seleccionado cinco atracciones fuera de lo com\u00fan para los viajeros en M\u00fanich!<\/p>\n\n\n\n<h4 class=\"wp-block-heading\">1. Galer\u00eda de compras Munich Funf H\u00f6fe<\/h4>\n\n\n\n<p>La galer\u00eda F\u00fcnf H\u00f6fe es considerada una de las m\u00e1s elegantes de M\u00fanich, ofreciendo un total de 64 tiendas, bares, restaurantes, entre ellas grandes marcas como Hugo Boss y Emporio Armani.<\/p>\n\n\n\n<p>Sin embargo, no es un atractivo solo para quienes desean realizar compras, el complejo de Funf H\u00f6fe cuenta con galer\u00edas, exposiciones, restaurantes con diversos tipos de cocinas, adem\u00e1s de caf\u00e9s en un ambiente muy agradable.<\/p>\n\n\n\n<p>La arquitectura del lugar es bastante interesante, donde se destaca el corredor que posee un techo con largos brazos de plantas y iluminaci\u00f3n, escenario de fotos de muchos viajeros.<\/p>\n\n\n\n<figure class=\"wp-block-image size-large\"><img decoding=\"async\" src=\"https:\/\/viagemalemanha.com\/wp-content\/uploads\/2025\/05\/galeria-funf-viagem-alemanha-passeios-privativos-em-portugues.png\" alt=\"\" class=\"wp-image-2753\" \/><figcaption class=\"wp-element-caption\">Funf H\u00f6fe, M\u00fanich. Fuente:<a href=\"https:\/\/www.flickr.com\/photos\/atelier_flir\/2740481775\" target=\"_blank\" rel=\"noopener\"> Flickr<\/a>. Autor: Timothy Brown<\/figcaption><\/figure>\n\n\n\n<h4 class=\"wp-block-heading\">2. <strong>Glockenspiel en Marienplatz<\/strong><\/h4>\n\n\n\n<p>La Marienplatz de M\u00fanich ya es una atracci\u00f3n por s\u00ed sola, con su gran espacio abierto frente a quiz\u00e1s el edificio m\u00e1s ic\u00f3nico de la capital, el Ayuntamiento (Neues Rathaus). En este mismo edificio, todos los d\u00edas, a las 11 h y a las 12 h, hay una hermosa presentaci\u00f3n en el carrill\u00f3n, que muestra el suntuoso matrimonio del duque b\u00e1varo Wilhelm V en 1568, con el duelo de caballeros, adem\u00e1s de la tradicional Danza de los Toneleros.<\/p>\n\n\n\n<p>En verano, en horario adicional, el carrill\u00f3n tambi\u00e9n suena a las 17 h.<\/p>\n\n\n\n<figure class=\"wp-block-image size-large\"><img decoding=\"async\" src=\"https:\/\/viagemalemanha.com\/wp-content\/uploads\/2025\/05\/Glockenspiel-na-Marienplatz-viagem-alemamha-passeios-guiados-privativos-em-portugues-scaled.jpg\" alt=\"\" class=\"wp-image-2752\" \/><figcaption class=\"wp-element-caption\">Glockenspiel en Neues Rathaus, M\u00fanich<\/figcaption><\/figure>\n\n\n\n<h4 class=\"wp-block-heading\">3. Asamkirche<\/h4>\n\n\n\n<p>M\u00fanich es agraciada con hermosas iglesias, entre ellas, las m\u00e1s populares son la <strong>Iglesia de San Miguel<\/strong> y la <strong>Frauenkirche<\/strong>. Todas estas valen la pena ser visitadas, pero si buscas algo diferente, la Asamkirche podr\u00e1 sorprenderte.<\/p>\n\n\n\n<p>La iglesia dedicada a San Juan Nepomuceno fue construida entre 1733 y 1746 por los hermanos de la familia Asam (de ah\u00ed el nombre). Una joya del estilo rococ\u00f3, la Asamkirche impresiona con la riqueza de detalles y una atm\u00f3sfera diferente, con su nave prolongada.<\/p>\n\n\n\n<p>Al igual que otras iglesias, no solo de M\u00fanich, esta es otra obra de arte, donde el viajero podr\u00e1 tener el placer de desvelar cada detalle.<\/p>\n\n\n\n<figure class=\"wp-block-image size-large\"><img decoding=\"async\" src=\"https:\/\/viagemalemanha.com\/wp-content\/uploads\/2025\/05\/asamkirche-viagem-alemanha-passeios-guiados-privativos-em-portugues-1024x576-1.jpg\" alt=\"\" class=\"wp-image-2754\" \/><figcaption class=\"wp-element-caption\">Interior de la Asamkirche<\/figcaption><\/figure>\n\n\n\n<h4 class=\"wp-block-heading\">4. Alte Pinakothek<\/h4>\n\n\n\n<p>Hay quienes dicen que M\u00fanich representa mucho del <em>flair<\/em> italiano al norte de los Alpes. Y quiz\u00e1s la Alte Pinakothek sea un gran ejemplo de esta atm\u00f3sfera. Inaugurada en 1836, la \u00abantigua pinacoteca\u00bb de M\u00fanich fue construida en el estilo renacentista romano-florentino y est\u00e1 dedicada a las obras de los per\u00edodos Medieval, Renacentista, hasta el siglo XVIII. Ser\u00eda extensa la lista de obras que valen la visita a la Alte Pinakothek, pero en especial, mencionamos \u00abLa Sagrada Familia Canigiani\u00bb, de Rafael, y el autorretrato de Albrecht D\u00fcrer.<\/p>\n\n\n\n<figure class=\"wp-block-image\"><img decoding=\"async\" src=\"https:\/\/viagemalemanha.com\/wp-content\/uploads\/2025\/05\/800px-Rafael_-_Sagrada_Familia_Canigiani.jpg\" alt=\"\" \/><figcaption class=\"wp-element-caption\">\u00abLa Sagrada Familia Canigiani\u00bb, de Rafael<\/figcaption><\/figure>\n\n\n\n<h4 class=\"wp-block-heading\">5. Biergarten de Chinesischer Turm<\/h4>\n\n\n\n<p>Claro que no podr\u00edamos dejar de lado una de las mayores tradiciones de M\u00fanich, los <em>biergarten<\/em>. Lugares al aire libre, con mesas, y un ambiente relajado, para que el visitante deguste una buena cerveza, quiz\u00e1s acompa\u00f1ada de un <em>pretzel<\/em>: \u00bfqu\u00e9 mejor lugar para una inmersi\u00f3n en la cultura local?<\/p>\n\n\n\n<p>Entre diversas opciones, la torre china (Chinesischer Turm) se destaca, con una gran torre china ubicada en el Jard\u00edn Ingl\u00e9s de M\u00fanich. La gran torre, inicialmente construida para observaci\u00f3n, data de 1790. Actualmente es una agradable direcci\u00f3n para quienes buscan buena cerveza, relajaci\u00f3n y un hermoso paseo en la naturaleza.<\/p>\n\n\n\n<figure class=\"wp-block-image size-large\"><img decoding=\"async\" src=\"https:\/\/viagemalemanha.com\/wp-content\/uploads\/2025\/05\/torre-chinesa-munique-biergarten.jpg\" alt=\"\" class=\"wp-image-2801\" \/><figcaption class=\"wp-element-caption\">Chinesischer Turm, M\u00fanich.<\/figcaption><\/figure>\n\n\n\n<p class=\"has-text-align-center has-very-dark-gray-color has-text-color has-background\" style=\"background-color:#ffcc00\">\u2714<em>Viajes personalizados y privados<br><\/em>\u2714<em>Sin excursiones<br><\/em>\u2714<em>Destinos, atracciones y alojamientos seleccionados de acuerdo con tu estilo<br><\/em>?<em><br><strong>viaje@viagemalemanha.com<\/strong><\/em><\/p>\n\n\n\n<p class=\"has-text-align-center\"><strong><a href=\"https:\/\/viagemalemanha.com\/es\/categoria\/baviera\/\" target=\"_blank\" rel=\"noreferrer noopener\">Descubre Baviera<\/a><\/strong><\/p>\n\n\n\n<div class=\"wp-block-columns is-layout-flex wp-container-core-columns-is-layout-9d6595d7 wp-block-columns-is-layout-flex\">\n<div class=\"wp-block-column is-layout-flow wp-block-column-is-layout-flow\">\n<figure class=\"wp-block-embed is-type-wp-embed is-provider-viagem-alemanha wp-block-embed-viagem-alemanha\"><div class=\"wp-block-embed__wrapper\">\n<blockquote class=\"wp-embedded-content\" data-secret=\"iT3eTITTnU\"><a href=\"https:\/\/viagemalemanha.com\/palacio-neuschwanstein-castelo-romantico-mais-famoso-alemanha-entrevista\/\">Pal\u00e1cio Neuschwanstein &#8211; Viagem Alemanha Entrevista<\/a><\/blockquote><iframe class=\"wp-embedded-content\" sandbox=\"allow-scripts\" security=\"restricted\" style=\"position: absolute; visibility: hidden;\" title=\"\u00abPal\u00e1cio Neuschwanstein &#8211; Viagem Alemanha Entrevista\u00bb \u2014 Viagem Alemanha\" src=\"https:\/\/viagemalemanha.com\/palacio-neuschwanstein-castelo-romantico-mais-famoso-alemanha-entrevista\/embed\/#?secret=hozCizEemU#?secret=iT3eTITTnU\" data-secret=\"iT3eTITTnU\" width=\"500\" height=\"282\" frameborder=\"0\" marginwidth=\"0\" marginheight=\"0\" scrolling=\"no\"><\/iframe>\n<\/div><\/figure>\n<\/div>\n\n\n\n<div class=\"wp-block-column is-layout-flow wp-block-column-is-layout-flow\">\n<figure class=\"wp-block-embed is-type-wp-embed is-provider-viagem-alemanha wp-block-embed-viagem-alemanha\"><div class=\"wp-block-embed__wrapper\">\n<blockquote class=\"wp-embedded-content\" data-secret=\"OfFGX7H61t\"><a href=\"https:\/\/viagemalemanha.com\/os-alpes\/\">Os Alpes<\/a><\/blockquote><iframe class=\"wp-embedded-content\" sandbox=\"allow-scripts\" security=\"restricted\" style=\"position: absolute; visibility: hidden;\" title=\"\u00abOs Alpes\u00bb \u2014 Viagem Alemanha\" src=\"https:\/\/viagemalemanha.com\/os-alpes\/embed\/#?secret=kLeNojAHsV#?secret=OfFGX7H61t\" data-secret=\"OfFGX7H61t\" width=\"500\" height=\"282\" frameborder=\"0\" marginwidth=\"0\" marginheight=\"0\" scrolling=\"no\"><\/iframe>\n<\/div><\/figure>\n<\/div>\n<\/div>\n","protected":false},"excerpt":{"rendered":"<p>M\u00fanich, la capital del estado de Baviera, cuna de las tradicionales cervecer\u00edas y escenario de la anual Oktoberfest, esta gran ciudad tiene mucho m\u00e1s que ofrecer. Para el visitante que incluya M\u00fanich en su itinerario, ciertamente no faltar\u00e1n actividades, ya bastante populares, para ser visitadas, no solo en la ciudad sino en regiones cercanas. Sin [&hellip;]<\/p>\n","protected":false},"author":1,"featured_media":54744,"comment_status":"open","ping_status":"open","sticky":false,"template":"","format":"standard","meta":{"_acf_changed":false,"tripadvisor_id":"","rating":0,"reviewer_name":"","review_date":"","trip_type":"","helpful_votes":0,"source_url":"","reviewer_gravatar":"","review_type":"","footnotes":""},"categories":[494,493,491,496,477,487,483,504,480,511],"tags":[],"class_list":["post-53438","post","type-post","status-publish","format-standard","has-post-thumbnail","hentry","category-arquitectura","category-baviera","category-datos-interesantes","category-descubriendo-alemania","category-destino-del-mes","category-gastronomia","category-historia","category-itinerarios","category-munich","category-museos"],"acf":[],"_links":{"self":[{"href":"https:\/\/viagemalemanha.com\/es\/wp-json\/wp\/v2\/posts\/53438","targetHints":{"allow":["GET"]}}],"collection":[{"href":"https:\/\/viagemalemanha.com\/es\/wp-json\/wp\/v2\/posts"}],"about":[{"href":"https:\/\/viagemalemanha.com\/es\/wp-json\/wp\/v2\/types\/post"}],"author":[{"embeddable":true,"href":"https:\/\/viagemalemanha.com\/es\/wp-json\/wp\/v2\/users\/1"}],"replies":[{"embeddable":true,"href":"https:\/\/viagemalemanha.com\/es\/wp-json\/wp\/v2\/comments?post=53438"}],"version-history":[{"count":2,"href":"https:\/\/viagemalemanha.com\/es\/wp-json\/wp\/v2\/posts\/53438\/revisions"}],"predecessor-version":[{"id":66519,"href":"https:\/\/viagemalemanha.com\/es\/wp-json\/wp\/v2\/posts\/53438\/revisions\/66519"}],"wp:featuredmedia":[{"embeddable":true,"href":"https:\/\/viagemalemanha.com\/es\/wp-json\/wp\/v2\/media\/54744"}],"wp:attachment":[{"href":"https:\/\/viagemalemanha.com\/es\/wp-json\/wp\/v2\/media?parent=53438"}],"wp:term":[{"taxonomy":"category","embeddable":true,"href":"https:\/\/viagemalemanha.com\/es\/wp-json\/wp\/v2\/categories?post=53438"},{"taxonomy":"post_tag","embeddable":true,"href":"https:\/\/viagemalemanha.com\/es\/wp-json\/wp\/v2\/tags?post=53438"}],"curies":[{"name":"wp","href":"https:\/\/api.w.org\/{rel}","templated":true}]}}