{"id":53455,"date":"2020-04-02T15:15:12","date_gmt":"2020-04-02T18:15:12","guid":{"rendered":"https:\/\/viagemalemanha.com\/?p=53455"},"modified":"2026-02-02T10:14:39","modified_gmt":"2026-02-02T13:14:39","slug":"alemania-x-suiza-por-que-no-los-dos","status":"publish","type":"post","link":"https:\/\/viagemalemanha.com\/es\/alemania-x-suiza-por-que-no-los-dos\/","title":{"rendered":"Alemania x Suiza: \u00bfPor qu\u00e9 no los dos?"},"content":{"rendered":"\n<p>Sin duda, estos dos pa\u00edses son excelentes elecciones a la hora de viajar, sin embargo, muchos viajeros dejan de aprovechar la oportunidad de conocer uno al visitar el otro. Adem\u00e1s de ser pa\u00edses vecinos, ambos comparten puntos en com\u00fan, como el idioma alem\u00e1n, que tambi\u00e9n se habla en gran parte de Suiza. La organizaci\u00f3n, la riqueza en variedad de actividades y paseos, as\u00ed como la hospitalidad de sus ciudadanos, son tambi\u00e9n puntos altos al optar por estos dos maravillosos lugares.<\/p>\n\n\n\n<figure class=\"wp-block-image size-large\"><img decoding=\"async\" src=\"https:\/\/viagemalemanha.com\/wp-content\/uploads\/2025\/05\/bandeira-suica-alemanha-viagem-passeios-Christian-Dorn-por-Pixabay-1024x637-1.png\" alt=\"\" class=\"wp-image-2181\" \/><\/figure>\n\n\n\n<p>Una buena opci\u00f3n es comenzar en un pa\u00eds y terminar en otro, ya que hay <strong>vuelos directos<\/strong> desde la Am\u00e9rica Latina a algunas ciudades de Alemania (Fr\u00e1ncfort y M\u00fanich) y a Z\u00farich. Hablando de log\u00edstica, hay una extensa y eficiente l\u00ednea ferroviaria que conecta Alemania y Suiza con trenes directos.<\/p>\n\n\n\n<figure class=\"wp-block-image size-large\"><img decoding=\"async\" src=\"https:\/\/viagemalemanha.com\/wp-content\/uploads\/2025\/05\/viagem-suica-alemanha-Andre-Meier-Switzerland-Tourism-passeios-guiados-scaled.jpg\" alt=\"\" class=\"wp-image-2182\" \/><figcaption class=\"wp-element-caption\">Tren panor\u00e1mico en Suiza Fuente: Switzerland Tourism. Autor: Andre Meier<\/figcaption><\/figure>\n\n\n\n<p>En la gastronom\u00eda, Alemania y Suiza est\u00e1n entre los mejores destinos culinarios, con excelentes chefs y restaurantes, adem\u00e1s de la variedad presentada seg\u00fan la regi\u00f3n. \u00bfQu\u00e9 tal probar una Currywurst en Berl\u00edn, un Fischbr\u00f6tchen en Hamburgo y tambi\u00e9n un tradicional fondue o chocolate suizo? \u00bfO conocer una viticultura en el valle del Rin y seguir la producci\u00f3n de un <a href=\"https:\/\/viagemsuica.com\/muito-mais-que-queijos-furados-conhecam-os-interessantes-queijos-suicos\/\" target=\"_blank\" rel=\"noopener\">queso suizo<\/a> original en la ciudad de su origen?<\/p>\n\n\n\n<figure class=\"wp-block-image size-large\"><img decoding=\"async\" src=\"https:\/\/viagemalemanha.com\/wp-content\/uploads\/2025\/05\/max-chocolatier-viagem-suica-passeios-guiados-scaled.jpg\" alt=\"\" class=\"wp-image-2185\" \/><figcaption class=\"wp-element-caption\">Chocolates suizos. Fuente: Switzerland Tourism. Autor: Andre Meier.<\/figcaption><\/figure>\n\n\n\n<p>Desde los fant\u00e1sticos trenes panor\u00e1micos en los Alpes suizos hasta los trenes de alta velocidad que conectan los grandes centros como Fr\u00e1ncfort y M\u00fanich, podr\u00e1s tener un poco de cada experiencia. Los hermosos <a href=\"https:\/\/viagemsuica.com\/os-lagos-suicos-cores-fronteiras-e-beleza\/\" target=\"_blank\" rel=\"noopener\">lagos suizos<\/a> y antiguos <a href=\"https:\/\/viagemalemanha.com\/castelos-e-palacios-alemanha\/\">castillos<\/a> de la Alemania medieval, todo en un mismo viaje. \u00a1S\u00ed, es posible!<\/p>\n\n\n\n<figure class=\"wp-block-image size-large\"><img decoding=\"async\" width=\"860\" height=\"558\" src=\"https:\/\/viagemalemanha.com\/wp-content\/uploads\/2025\/04\/Hohenzollern_castelo_viagemalemanha-passeios-guiados-portugues.jpg\" alt=\"\" class=\"wp-image-2183\" \/><figcaption class=\"wp-element-caption\">Castillo de Hohenzollern, cerca de Hechingen y Bisingen. Alemania.<\/figcaption><\/figure>\n\n\n\n<p>Ciertamente, estas experiencias dejar\u00e1n tus maletas m\u00e1s robustas de historias, recuerdos y momentos inolvidables. Nos encargamos de toda la log\u00edstica, organizaci\u00f3n y ejecuci\u00f3n de tu viaje, con nuestro equipo preparado para brindar todo el soporte necesario y eventual.<\/p>\n\n\n\n<p>Viajando con nosotros, si optas por m\u00e1s exclusividad, ofrecemos receptivos VIP en ambos pa\u00edses, donde el gu\u00eda, en espa\u00f1ol, te encontrar\u00e1 a la salida de la aeronave. En la partida, tambi\u00e9n podr\u00e1s contar con acompa\u00f1amiento en espa\u00f1ol en el momento del check-in, ayudando en lo que sea necesario.<\/p>\n\n\n\n<figure class=\"wp-block-image size-large\"><img decoding=\"async\" src=\"https:\/\/viagemalemanha.com\/wp-content\/uploads\/2025\/05\/RECEPTIVO-VIP-AEROPORTO-FRANKFURT-VIAGEM-ALEMANHA-SUICA-PRIVATIVO-1024x498-1.jpg\" alt=\"\" class=\"wp-image-2180\" \/><figcaption class=\"wp-element-caption\">Receptivo VIP, donde recibimos a los viajeros a la salida de la aeronave, sin necesidad de filas y con atenci\u00f3n prioritaria en la inmigraci\u00f3n. Foto: Viagem Alemania<\/figcaption><\/figure>\n\n\n\n<p>Estas y otras experiencias pueden ser tu pr\u00f3ximo destino, sin necesidad de planear dos viajes independientes para realizar este sue\u00f1o. Tanto en Alemania como en Suiza, las opciones son innumerables en actividades y rutas a seguir, personalizamos todo tu viaje, seleccionando todo de acuerdo con el perfil de los viajeros y con lo que desean hacer. No hay ning\u00fan tipo de rigidez en cuanto a horarios de paseos, pudiendo todo ser flexibilizado con nosotros y con nuestros conductores y gu\u00edas.<\/p>\n\n\n\n<figure class=\"wp-block-image size-large\"><img decoding=\"async\" src=\"https:\/\/viagemalemanha.com\/wp-content\/uploads\/2025\/04\/chamada-info-site.png\" alt=\"\" class=\"wp-image-1965\" \/><\/figure>\n","protected":false},"excerpt":{"rendered":"<p>Sin duda, estos dos pa\u00edses son excelentes elecciones a la hora de viajar, sin embargo, muchos viajeros dejan de aprovechar la oportunidad de conocer uno al visitar el otro. Adem\u00e1s de ser pa\u00edses vecinos, ambos comparten puntos en com\u00fan, como el idioma alem\u00e1n, que tambi\u00e9n se habla en gran parte de Suiza. La organizaci\u00f3n, la [&hellip;]<\/p>\n","protected":false},"author":1,"featured_media":54673,"comment_status":"open","ping_status":"open","sticky":false,"template":"","format":"standard","meta":{"_acf_changed":false,"tripadvisor_id":"","rating":0,"reviewer_name":"","review_date":"","trip_type":"","helpful_votes":0,"source_url":"","reviewer_gravatar":"","review_type":"","footnotes":""},"categories":[491,496,477,497,487,504,502],"tags":[],"class_list":["post-53455","post","type-post","status-publish","format-standard","has-post-thumbnail","hentry","category-datos-interesantes","category-descubriendo-alemania","category-destino-del-mes","category-europa","category-gastronomia","category-itinerarios","category-suiza"],"acf":[],"_links":{"self":[{"href":"https:\/\/viagemalemanha.com\/es\/wp-json\/wp\/v2\/posts\/53455","targetHints":{"allow":["GET"]}}],"collection":[{"href":"https:\/\/viagemalemanha.com\/es\/wp-json\/wp\/v2\/posts"}],"about":[{"href":"https:\/\/viagemalemanha.com\/es\/wp-json\/wp\/v2\/types\/post"}],"author":[{"embeddable":true,"href":"https:\/\/viagemalemanha.com\/es\/wp-json\/wp\/v2\/users\/1"}],"replies":[{"embeddable":true,"href":"https:\/\/viagemalemanha.com\/es\/wp-json\/wp\/v2\/comments?post=53455"}],"version-history":[{"count":3,"href":"https:\/\/viagemalemanha.com\/es\/wp-json\/wp\/v2\/posts\/53455\/revisions"}],"predecessor-version":[{"id":67758,"href":"https:\/\/viagemalemanha.com\/es\/wp-json\/wp\/v2\/posts\/53455\/revisions\/67758"}],"wp:featuredmedia":[{"embeddable":true,"href":"https:\/\/viagemalemanha.com\/es\/wp-json\/wp\/v2\/media\/54673"}],"wp:attachment":[{"href":"https:\/\/viagemalemanha.com\/es\/wp-json\/wp\/v2\/media?parent=53455"}],"wp:term":[{"taxonomy":"category","embeddable":true,"href":"https:\/\/viagemalemanha.com\/es\/wp-json\/wp\/v2\/categories?post=53455"},{"taxonomy":"post_tag","embeddable":true,"href":"https:\/\/viagemalemanha.com\/es\/wp-json\/wp\/v2\/tags?post=53455"}],"curies":[{"name":"wp","href":"https:\/\/api.w.org\/{rel}","templated":true}]}}