{"id":53459,"date":"2020-03-25T16:11:26","date_gmt":"2020-03-25T19:11:26","guid":{"rendered":"https:\/\/viagemalemanha.com\/?p=53459"},"modified":"2026-02-01T01:09:39","modified_gmt":"2026-02-01T04:09:39","slug":"los-alpes","status":"publish","type":"post","link":"https:\/\/viagemalemanha.com\/es\/los-alpes\/","title":{"rendered":"Los Alpes"},"content":{"rendered":"\n<p class=\"has-medium-font-size\">Las inmensas monta\u00f1as que atraviesan Europa central fascinan con su grandiosidad y marcan toda una cultura y estilo de vida de las regiones en las que se localizan.<\/p>\n\n\n\n<p>Los Alpes son las cordilleras m\u00e1s altas y m\u00e1s extensas de Europa, extendi\u00e9ndose por diversos pa\u00edses: sur de Alemania, Suiza, Austria, Hungr\u00eda, Italia, Austria, Eslovenia, Liechtenstein, Francia y M\u00f3naco. La cordillera de los Alpes posee aproximadamente 1.200 km de extensi\u00f3n, siendo su punto m\u00e1s alto el Mont Blanc, en Francia (Monte Blanco, en espa\u00f1ol) con 4807 metros de altitud.<\/p>\n\n\n\n<figure class=\"wp-block-image size-large\"><img decoding=\"async\" src=\"https:\/\/viagemalemanha.com\/wp-content\/uploads\/2025\/05\/chamonix-alpes-mont-blanc-viagem-alemanha-scaled.jpg\" alt=\"\" class=\"wp-image-2020\" \/><figcaption class=\"wp-element-caption\">La vista desde el Mont Blanc, en Francia, el punto m\u00e1s alto de los Alpes. <br>Foto: Viagem Alemanha<\/figcaption><\/figure>\n\n\n\n<p>A pesar del relieve dif\u00edcil y de las temperaturas negativas en invierno, hay registro de ocupaci\u00f3n humana en diferentes \u00e1reas a lo largo de los Alpes desde la prehistoria. En la Antig\u00fcedad, los Alpes eran habitados por tribus, como los r\u00e9ticos, helv\u00e9ticos, alamanes, entre otros. Ya en el siglo II a.C., los Alpes fueron el escenario de las batallas entre el ej\u00e9rcito del general cartaginense An\u00edbal y la Rep\u00fablica de Roma. Tales batallas quedaron marcadas en la historia por el cruce de An\u00edbal y los elefantes utilizados en combate.<\/p>\n\n\n\n<figure class=\"wp-block-image size-large\"><img decoding=\"async\" width=\"1280\" height=\"786\" src=\"https:\/\/viagemalemanha.com\/wp-content\/uploads\/2025\/05\/ramsau-konigsee-baviera-alpes-viagem-alemanha.jpg\" alt=\"\" class=\"wp-image-2024\" \/><figcaption class=\"wp-element-caption\">El lago K\u00f6nigsee, en el sur de Alemania<\/figcaption><\/figure>\n\n\n\n<p>Las rutas de comercio que atravesaban los Alpes, tanto en el per\u00edodo Romano como en el inicio de la Edad Media, trajeron prosperidad a las ciudades pertenecientes, ya que cruzar del sur al norte de Europa por los Alpes era una tarea ardua. Una de estas rutas era la V\u00eda Claudia Augusta, que hoy conocemos como <a rel=\"noreferrer noopener\" aria-label=\"Ruta Rom\u00e1ntica (abre en una nueva pesta\u00f1a)\" href=\"https:\/\/viagemalemanha.com\/rota-romantica-alemanha-2\/\" target=\"_blank\">Ruta Rom\u00e1ntica<\/a>, en Alemania.<\/p>\n\n\n\n<p>Tambi\u00e9n en el coraz\u00f3n de los Alpes naci\u00f3 la Confederaci\u00f3n Helv\u00e9tica, en 1291, a trav\u00e9s de un acuerdo de cooperaci\u00f3n mutua y voluntaria entre tres cantones. Lo que hoy conocemos como Suiza &#8211; una de las naciones m\u00e1s pr\u00f3speras y desarrolladas del mundo &#8211; tiene cerca del 60% de su territorio ocupado por los Alpes.<\/p>\n\n\n\n<p>As\u00ed, el relieve y la naturaleza en los Alpes crearon toda una cultura y estilo de vida propio en las regiones por donde la cordillera pasa. A\u00fan en pa\u00edses diferentes, vemos regiones como, por ejemplo, Tirol, en Austria, o Sudtirol, en Italia, el sur de Baviera, en Alemania, que comparten muchos costumbres y aspectos culturales en com\u00fan, expresados en dialectos, canciones, fiestas, arquitectura, festividades y gastronom\u00eda conocidos como \u00abalpinos\u00bb.<\/p>\n\n\n\n<figure class=\"wp-block-image size-large\"><img decoding=\"async\" width=\"1788\" height=\"1063\" src=\"https:\/\/viagemalemanha.com\/wp-content\/uploads\/2025\/05\/Stilhorn_Konstanz_150489459_M.jpg\" alt=\"\" class=\"wp-image-2031\" \/><figcaption class=\"wp-element-caption\"><a href=\"https:\/\/viagemalemanha.com\/es\/?p=53456\">Lago de Constanza<\/a>, en la frontera de Alemania con Suiza y Austria<\/figcaption><\/figure>\n\n\n\n<p>No es de extra\u00f1ar que la cabra mont\u00e9s, o \u00edbex, se haya convertido en un s\u00edmbolo presente en muchos escudos de ciudades y cantones, como s\u00edmbolo de resiliencia y fuerza de aquellos que viven cerca de las gigantes monta\u00f1as de los Alpes. Otro s\u00edmbolo de los Alpes es la flor Edelweiss. Llamada \u00abflor de los Alpes\u00bb, es conocida por sus propiedades de resistencia al fr\u00edo y por mantenerse bella y de apariencia intacta, incluso cuando est\u00e1 seca y as\u00ed, gan\u00f3 tambi\u00e9n el apodo de \u00abeterna de los Alpes\u00bb. La canci\u00f3n \u00abEdelweiss\u00bb de \u00abLa Novicia Rebelde\u00bb perpetu\u00f3 el nombre de esta flor, as\u00ed como la pel\u00edcula mostr\u00f3 al mundo los paisajes buc\u00f3licos de los Alpes austriacos.<\/p>\n\n\n\n<figure class=\"wp-block-image size-large\"><img decoding=\"async\" src=\"https:\/\/viagemalemanha.com\/wp-content\/uploads\/2025\/05\/salzburgo-austria-salzburg-alps-viagem-alemanha-scaled.jpg\" alt=\"\" class=\"wp-image-2032\" \/><figcaption class=\"wp-element-caption\">Salzburgo, en Austria &#8211; Escenario de la pel\u00edcula \u00abLa Novicia Rebelde\u00bb<\/figcaption><\/figure>\n\n\n\n<p>En el siglo XIX, la poblaci\u00f3n aument\u00f3 con la construcci\u00f3n de ferrocarriles y pronto comenz\u00f3 el turismo, actualmente ciudades enteras se dedican solo al turismo en los Alpes.<\/p>\n\n\n\n<h4 class=\"wp-block-heading\" id=\"h-visitar-os-alpes-no-verao-ou-no-inverno\">\u00bfVisitar los Alpes en verano o en invierno?<\/h4>\n\n\n\n<p class=\"has-normal-font-size\">Es posible realizar varias actividades en los Alpes durante las cuatro estaciones. En invierno, la regi\u00f3n es buscada para la pr\u00e1ctica de snowboard y esqu\u00ed. Ya en verano, las actividades menos radicales como caminatas, ciclismo y alpinismo toman el lugar, adem\u00e1s de los lagos alpinos que atraen a navegantes y nadadores. \u00a1Una gran idea es ir a la cima de otras monta\u00f1as para observar los Alpes desde arriba! Desde el monte Generoso, ubicado en la frontera entre Suiza e Italia, se tiene la vista de casi toda la cordillera de los Alpes, desde el Matterhorn, pasando por el Jungfrau hasta la Cordillera Bernina!<\/p>\n\n\n\n<figure class=\"wp-block-image aligncenter size-large\"><img decoding=\"async\" width=\"467\" height=\"700\" src=\"https:\/\/viagemalemanha.com\/wp-content\/uploads\/2025\/05\/alpes-suicos-viagem-suica.jpg\" alt=\"\" class=\"wp-image-2023\" \/><figcaption class=\"wp-element-caption\">Disfrutar de los Alpes en verano y primavera &#8211; al aire libre, hacer una caminata o andar en bicicleta. <br>Foto: Switzerland Tourism By swiss-image.ch\/Ivo Scholz<\/figcaption><\/figure>\n\n\n\n<p class=\"has-normal-font-size\">Una atracci\u00f3n encantadora es subir a la monta\u00f1a en telef\u00e9rico. A pesar del fr\u00edo, \u00a1vale mucho la pena! En algunas monta\u00f1as, como en el Monte Titlis, en Suiza, o en Zugspitz, en Alemania, las cabinas son cerradas, para mayor comodidad y seguridad. \u00a1Apreciar la vista desde arriba, tomando un chocolate caliente (generalmente hay restaurantes en las cimas de las monta\u00f1as), es espectacular, no tiene igual! Y para bajar, los m\u00e1s valientes van en Rodelbahn, un \u201ccarrito\u201d sobre rieles que pasa por el medio del bosque proporcionando un paisaje deslumbrante. Pero para quienes tienen miedo, tambi\u00e9n es posible bajar en telef\u00e9rico.<\/p>\n\n\n\n<figure class=\"wp-block-image size-large\"><img decoding=\"async\" width=\"1200\" height=\"800\" src=\"https:\/\/viagemalemanha.com\/wp-content\/uploads\/2025\/05\/garmisch-partenkirchen-viagem-alemanha-zugspitz.jpg\" alt=\"\" class=\"wp-image-2022\" \/><figcaption class=\"wp-element-caption\">Los Alpes cercanos a la ciudad de <a href=\"https:\/\/viagemalemanha.com\/es\/?p=53410\">Garmisch-Partenkirchen<\/a>, en Alemania.<\/figcaption><\/figure>\n\n\n\n<p class=\"has-normal-font-size\">La experiencia de conducir por los Alpes tambi\u00e9n es incre\u00edble, verlos de lejos y poco a poco de cerca, la sensaci\u00f3n es de quitar el aliento. Pero, \u00bfy la nieve, es posible verla en verano tambi\u00e9n? \u00a1S\u00ed! Normalmente, incluso si en las ciudades las temperaturas est\u00e1n alrededor de los 30 grados, a\u00fan es posible ver algo de nieve acumulada en las cumbres de las monta\u00f1as (cada a\u00f1o es diferente, no est\u00e1 garantizado), y a\u00fan disfrutar bastante, ya que los d\u00edas en verano son m\u00e1s largos.<\/p>\n\n\n\n\n\n<p><\/p>\n\n\n\n<figure class=\"wp-block-image size-large\"><a href=\"https:\/\/viagemalemanha.com\/es\/contacto\/\" target=\"_blank\" rel=\"noreferrer noopener\"><img decoding=\"async\" src=\"https:\/\/viagemalemanha.com\/wp-content\/uploads\/2025\/04\/chamada-info-site.png\" alt=\"\" class=\"wp-image-1965\" \/><\/a><\/figure>\n\n\n\n<h2 class=\"wp-block-heading has-very-dark-gray-color has-text-color\" id=\"h-mais-do-sul-da-alemanha\">M\u00e1s del sur de Alemania<\/h2>\n\n\n\n<div class=\"wp-block-columns is-layout-flex wp-container-core-columns-is-layout-9d6595d7 wp-block-columns-is-layout-flex\">\n<div class=\"wp-block-column is-layout-flow wp-block-column-is-layout-flow\">\n<figure class=\"wp-block-embed is-type-wp-embed is-provider-viagem-alemanha wp-block-embed-viagem-alemanha\"><div class=\"wp-block-embed__wrapper\">\n<blockquote class=\"wp-embedded-content\" data-secret=\"BMeDeO9nY5\"><a href=\"https:\/\/viagemalemanha.com\/paixao-de-cristo-em-oberammergau-passionsspiele\/\">Paix\u00e3o de Cristo em Oberammergau (Passionsspiele)<\/a><\/blockquote><iframe class=\"wp-embedded-content\" sandbox=\"allow-scripts\" security=\"restricted\" style=\"position: absolute; visibility: hidden;\" title=\"\u00abPaix\u00e3o de Cristo em Oberammergau (Passionsspiele)\u00bb \u2014 Viagem Alemanha\" src=\"https:\/\/viagemalemanha.com\/paixao-de-cristo-em-oberammergau-passionsspiele\/embed\/#?secret=GJOoC3ib2v#?secret=BMeDeO9nY5\" data-secret=\"BMeDeO9nY5\" width=\"500\" height=\"282\" frameborder=\"0\" marginwidth=\"0\" marginheight=\"0\" scrolling=\"no\"><\/iframe>\n<\/div><\/figure>\n<\/div>\n\n\n\n<div class=\"wp-block-column is-layout-flow wp-block-column-is-layout-flow\">\n<figure class=\"wp-block-embed is-type-wp-embed is-provider-viagem-alemanha wp-block-embed-viagem-alemanha\"><div class=\"wp-block-embed__wrapper\">\n<blockquote class=\"wp-embedded-content\" data-secret=\"w4OQUvL6CK\"><a href=\"https:\/\/viagemalemanha.com\/as-maravilhas-do-bodensee-lago-de-constanca\/\">As maravilhas do Bodensee (Lago Constan\u00e7a)<\/a><\/blockquote><iframe class=\"wp-embedded-content\" sandbox=\"allow-scripts\" security=\"restricted\" style=\"position: absolute; visibility: hidden;\" title=\"\u00abAs maravilhas do Bodensee (Lago Constan\u00e7a)\u00bb \u2014 Viagem Alemanha\" src=\"https:\/\/viagemalemanha.com\/as-maravilhas-do-bodensee-lago-de-constanca\/embed\/#?secret=V5yFBPb7Lm#?secret=w4OQUvL6CK\" data-secret=\"w4OQUvL6CK\" width=\"500\" height=\"282\" frameborder=\"0\" marginwidth=\"0\" marginheight=\"0\" scrolling=\"no\"><\/iframe>\n<\/div><\/figure>\n<\/div>\n<\/div>\n","protected":false},"excerpt":{"rendered":"<p>Las inmensas monta\u00f1as que atraviesan Europa central fascinan con su grandiosidad y marcan toda una cultura y estilo de vida de las regiones en las que se localizan. Los Alpes son las cordilleras m\u00e1s altas y m\u00e1s extensas de Europa, extendi\u00e9ndose por diversos pa\u00edses: sur de Alemania, Suiza, Austria, Hungr\u00eda, Italia, Austria, Eslovenia, Liechtenstein, Francia [&hellip;]<\/p>\n","protected":false},"author":1,"featured_media":53554,"comment_status":"open","ping_status":"open","sticky":false,"template":"","format":"standard","meta":{"_acf_changed":false,"tripadvisor_id":"","rating":0,"reviewer_name":"","review_date":"","trip_type":"","helpful_votes":0,"source_url":"","reviewer_gravatar":"","review_type":"","footnotes":""},"categories":[498,493,491,496,477,499,504,505],"tags":[],"class_list":["post-53459","post","type-post","status-publish","format-standard","has-post-thumbnail","hentry","category-austria","category-baviera","category-datos-interesantes","category-descubriendo-alemania","category-destino-del-mes","category-experiencia","category-itinerarios","category-ruta-romantica"],"acf":[],"_links":{"self":[{"href":"https:\/\/viagemalemanha.com\/es\/wp-json\/wp\/v2\/posts\/53459","targetHints":{"allow":["GET"]}}],"collection":[{"href":"https:\/\/viagemalemanha.com\/es\/wp-json\/wp\/v2\/posts"}],"about":[{"href":"https:\/\/viagemalemanha.com\/es\/wp-json\/wp\/v2\/types\/post"}],"author":[{"embeddable":true,"href":"https:\/\/viagemalemanha.com\/es\/wp-json\/wp\/v2\/users\/1"}],"replies":[{"embeddable":true,"href":"https:\/\/viagemalemanha.com\/es\/wp-json\/wp\/v2\/comments?post=53459"}],"version-history":[{"count":3,"href":"https:\/\/viagemalemanha.com\/es\/wp-json\/wp\/v2\/posts\/53459\/revisions"}],"predecessor-version":[{"id":65040,"href":"https:\/\/viagemalemanha.com\/es\/wp-json\/wp\/v2\/posts\/53459\/revisions\/65040"}],"wp:featuredmedia":[{"embeddable":true,"href":"https:\/\/viagemalemanha.com\/es\/wp-json\/wp\/v2\/media\/53554"}],"wp:attachment":[{"href":"https:\/\/viagemalemanha.com\/es\/wp-json\/wp\/v2\/media?parent=53459"}],"wp:term":[{"taxonomy":"category","embeddable":true,"href":"https:\/\/viagemalemanha.com\/es\/wp-json\/wp\/v2\/categories?post=53459"},{"taxonomy":"post_tag","embeddable":true,"href":"https:\/\/viagemalemanha.com\/es\/wp-json\/wp\/v2\/tags?post=53459"}],"curies":[{"name":"wp","href":"https:\/\/api.w.org\/{rel}","templated":true}]}}