{"id":53651,"date":"2026-01-13T09:42:38","date_gmt":"2026-01-13T12:42:38","guid":{"rendered":"https:\/\/viagemalemanha.com\/?p=53651"},"modified":"2026-01-23T23:23:11","modified_gmt":"2026-01-24T02:23:11","slug":"lo-mejor-de-sarre-naturaleza-fronteras-y-encanto-frances","status":"publish","type":"post","link":"https:\/\/viagemalemanha.com\/es\/lo-mejor-de-sarre-naturaleza-fronteras-y-encanto-frances\/","title":{"rendered":"Lo mejor de Sarre: naturaleza, fronteras y encanto franc\u00e9s"},"content":{"rendered":"\n<p>El Sarre (Saarland) es uno de los <em>estados m\u00e1s peque\u00f1os de Alemania<\/em>, ubicado en la frontera con <strong>Francia<\/strong> y <strong>Luxemburgo<\/strong>. Una posici\u00f3n que moldea su historia, su lengua y su vida cotidiana.&nbsp;<\/p>\n\n\n\n<p>A pesar de ser frecuentemente ignorado por los itinerarios tur\u00edsticos cl\u00e1sicos, el estado ofrece paisajes impactantes, como la curva del r\u00edo Saar, la Saarschleife, tranquilos pueblos, senderos, buenos vinos y una vida local influenciada por la cultura francesa.&nbsp;<\/p>\n\n\n\n<h2 class=\"wp-block-heading\"><strong>Saarbr\u00fccken y la cultura franco-alemana<\/strong><\/h2>\n\n\n\n<p>Saarbr\u00fccken es la capital del Sarre y se presenta como una ciudad universitaria. La presencia de la Universit\u00e4t des Saarlandes y de centros culturales hace que la ciudad sea din\u00e1mica, con caf\u00e9s al aire libre, plazas animadas y una oferta de eventos que combina tradiciones alemanas e intereses cosmopolitas.&nbsp;La arquitectura del centro hist\u00f3rico presenta rasgos barrocos (obras de Stengel) que conviven con \u00e1reas modernas, creando un escenario f\u00e1cil de recorrer a pie.&nbsp;<\/p>\n\n\n\n<figure class=\"wp-block-gallery has-nested-images columns-default is-cropped wp-block-gallery-1 is-layout-flex wp-block-gallery-is-layout-flex\">\n<figure class=\"wp-block-image size-large\"><img decoding=\"async\" width=\"1024\" height=\"682\" data-id=\"35413\" src=\"https:\/\/viagemalemanha.com\/wp-content\/uploads\/2026\/01\/parliament-5275410_1280-1024x682.jpg\" alt=\"\" class=\"wp-image-35413\" srcset=\"https:\/\/viagemalemanha.com\/wp-content\/uploads\/2026\/01\/parliament-5275410_1280-1024x682.jpg 1024w, https:\/\/viagemalemanha.com\/wp-content\/uploads\/2026\/01\/parliament-5275410_1280-300x200.jpg 300w, https:\/\/viagemalemanha.com\/wp-content\/uploads\/2026\/01\/parliament-5275410_1280-768x512.jpg 768w, https:\/\/viagemalemanha.com\/wp-content\/uploads\/2026\/01\/parliament-5275410_1280.jpg 1280w\" sizes=\"(max-width: 1024px) 100vw, 1024px\" \/><figcaption class=\"wp-element-caption\"><strong>Jard\u00edn del Castillo de Saarbr\u00fccken<\/strong><\/figcaption><\/figure>\n\n\n\n<figure class=\"wp-block-image size-large\"><img decoding=\"async\" width=\"1024\" height=\"682\" data-id=\"35412\" src=\"https:\/\/viagemalemanha.com\/wp-content\/uploads\/2026\/01\/ludwigskirche-5276319_1280-1024x682.jpg\" alt=\"\" class=\"wp-image-35412\" srcset=\"https:\/\/viagemalemanha.com\/wp-content\/uploads\/2026\/01\/ludwigskirche-5276319_1280-1024x682.jpg 1024w, https:\/\/viagemalemanha.com\/wp-content\/uploads\/2026\/01\/ludwigskirche-5276319_1280-300x200.jpg 300w, https:\/\/viagemalemanha.com\/wp-content\/uploads\/2026\/01\/ludwigskirche-5276319_1280-768x512.jpg 768w, https:\/\/viagemalemanha.com\/wp-content\/uploads\/2026\/01\/ludwigskirche-5276319_1280.jpg 1280w\" sizes=\"(max-width: 1024px) 100vw, 1024px\" \/><figcaption class=\"wp-element-caption\"><strong>Ludwigskirche<\/strong>&nbsp;(Iglesia de San Luis)<\/figcaption><\/figure>\n<\/figure>\n\n\n\n<h3 class=\"wp-block-heading\"><strong>Ciudad fronteriza en la pr\u00e1ctica<\/strong><\/h3>\n\n\n\n<p>La sensaci\u00f3n de \u201cestar entre dos mundos\u201d en Saarbr\u00fccken no es solo un clich\u00e9: el franc\u00e9s est\u00e1 muy presente en el d\u00eda a d\u00eda, en la ense\u00f1anza, en las se\u00f1ales y en la atenci\u00f3n p\u00fablica, fruto de una historia de alternancias pol\u00edticas y de la estrategia regional de integraci\u00f3n con Francia (la llamada <em>France Strategy<\/em>).&nbsp;<\/p>\n\n\n\n<p>En la pr\u00e1ctica, esto significa que muchos habitantes hablan franc\u00e9s, hay escuelas biling\u00fces y pol\u00edticas p\u00fablicas que fomentan el multiling\u00fcismo como ventaja econ\u00f3mica y cultural. Para el visitante, la frontera se vive a trav\u00e9s de la conexi\u00f3n de tranv\u00eda-tren (Saarbahn) que cruza hasta <strong>Sarreguemines<\/strong>, en Francia, permitiendo un f\u00e1cil viaje de ida y vuelta en tren entre los dos pa\u00edses.<\/p>\n\n\n\n<h3 class=\"wp-block-heading\"><strong>Paseos por las orillas del Saar<\/strong><\/h3>\n\n\n\n<p>Pasear por las orillas del r\u00edo Saar es una de las experiencias m\u00e1s agradables en Saarbr\u00fccken, especialmente en el tramo conocido como <strong>Saarufer<\/strong>, donde ciclov\u00edas y paseos acompa\u00f1an el curso del r\u00edo. Es un recorrido muy frecuentado por los habitantes para caminar, correr o simplemente sentarse en los bancos y observar el movimiento de los barcos.&nbsp;<\/p>\n\n\n\n<figure class=\"wp-block-image size-large\"><img decoding=\"async\" width=\"1024\" height=\"682\" src=\"https:\/\/viagemalemanha.com\/wp-content\/uploads\/2026\/01\/saarbrucken-5277614_1280-1024x682.jpg\" alt=\"\" class=\"wp-image-35407\" srcset=\"https:\/\/viagemalemanha.com\/wp-content\/uploads\/2026\/01\/saarbrucken-5277614_1280-1024x682.jpg 1024w, https:\/\/viagemalemanha.com\/wp-content\/uploads\/2026\/01\/saarbrucken-5277614_1280-300x200.jpg 300w, https:\/\/viagemalemanha.com\/wp-content\/uploads\/2026\/01\/saarbrucken-5277614_1280-768x512.jpg 768w, https:\/\/viagemalemanha.com\/wp-content\/uploads\/2026\/01\/saarbrucken-5277614_1280.jpg 1280w\" sizes=\"(max-width: 1024px) 100vw, 1024px\" \/><figcaption class=\"wp-element-caption\">Tramo a orillas del r\u00edo Saar, con el <strong>Saarufer<\/strong> acompa\u00f1ando el r\u00edo<\/figcaption><\/figure>\n\n\n\n<p>El trayecto conecta \u00e1reas verdes, caf\u00e9s y puentes hist\u00f3ricos, creando un ambiente tranquilo para explorar la ciudad a pie. A lo largo de las orillas del Saar, los caminos ribere\u00f1os son parte de la identidad urbana y son una de las formas m\u00e1s aut\u00e9nticas de vivir la cotidianidad.<\/p>\n\n\n\n<p>Caminando por el centro hist\u00f3rico se revelan iglesias barrocas, plazas de caf\u00e9s donde se degustan tanto especialidades alemanas como platos con influencia francesa. Por lo tanto, la ciudad funciona como una base pr\u00e1ctica para explorar el Sarre: cuenta con infraestructura (hoteles, trenes, autobuses).<\/p>\n\n\n\n<h2 class=\"wp-block-heading\"><strong>Mirador Saarschleife: la curva m\u00e1s fotog\u00e9nica del r\u00edo Saar<\/strong><\/h2>\n\n\n\n<p>La Saarschleife no es solo un recorte de r\u00edo con una forma ciertamente dram\u00e1tica y llamativa, es una de las postales del Saarland. Sus colinas arboladas, el agua serpenteante y los miradores construidos para realzar este paisaje crean una experiencia \u00fanica para los viajeros y habitantes de la regi\u00f3n.<\/p>\n\n\n\n<figure class=\"wp-block-image size-large\"><img decoding=\"async\" width=\"1024\" height=\"681\" src=\"https:\/\/viagemalemanha.com\/wp-content\/uploads\/2026\/01\/saarschleife-5991474_1280-1024x681.jpg\" alt=\"\" class=\"wp-image-35424\" srcset=\"https:\/\/viagemalemanha.com\/wp-content\/uploads\/2026\/01\/saarschleife-5991474_1280-1024x681.jpg 1024w, https:\/\/viagemalemanha.com\/wp-content\/uploads\/2026\/01\/saarschleife-5991474_1280-300x199.jpg 300w, https:\/\/viagemalemanha.com\/wp-content\/uploads\/2026\/01\/saarschleife-5991474_1280-768x511.jpg 768w, https:\/\/viagemalemanha.com\/wp-content\/uploads\/2026\/01\/saarschleife-5991474_1280.jpg 1280w\" sizes=\"(max-width: 1024px) 100vw, 1024px\" \/><figcaption class=\"wp-element-caption\">Saarschleife, la hermosa curva del r\u00edo Saar. Uno de los paisajes m\u00e1s bellos de la regi\u00f3n.<\/figcaption><\/figure>\n\n\n\n<p>La Saarschleife es b\u00e1sicamente una gran curva del r\u00edo Saar que, a lo largo de los siglos, ha excavado un valle entre colinas de cuarcita, formando un meandro dram\u00e1tico, rodeado de vegetaci\u00f3n y rocas. Este escenario natural ha elevado la Saarschleife a s\u00edmbolo del Saarland: se considera la marca visual y emocional de la regi\u00f3n.&nbsp;<\/p>\n\n\n\n<p>Para apreciar la Saarschleife de forma memorable existe el Baumwipfelpfad Saarschleife, un camino suspendido de aproximadamente 1.250 metros que atraviesa la copa de los \u00e1rboles hasta llegar a un mirador\/torre de 42 metros de altura, sobre el valle.<\/p>\n\n\n\n<h3 class=\"wp-block-heading\"><strong>Combinaciones de paseo<\/strong><\/h3>\n\n\n\n<p>Una buena sugerencia de programa para quienes visitan: comenzar la ma\u00f1ana en la Saarschleife, primero subiendo la pasarela del Baumwipfelpfad para ver la curva desde lo alto temprano, cuando la luz favorece las fotos y la atm\u00f3sfera es m\u00e1s tranquila, y luego seguir hacia uno de los pueblos cercanos (como Mettlach \/ Orscholz) para almorzar en un ambiente tranquilo y acogedor.<\/p>\n\n\n\n<h2 class=\"wp-block-heading\"><strong>Senderos y parques naturales: el lado verde del Sarre<\/strong><\/h2>\n\n\n\n<p>El Sarre reserva un lado natural discreto y muy acogedor: colinas bajas, valles fluviales y bosques que invitan a caminatas cortas, paseos en bicicleta y d\u00edas tranquilos junto al agua, perfecto para quienes buscan contacto con la naturaleza sin grandes altitudes.&nbsp;<\/p>\n\n\n\n<h3 class=\"wp-block-heading\"><strong>Parque Natural Saar-Hunsr\u00fcck<\/strong><\/h3>\n\n\n\n<p>El Naturpark Saar-Hunsr\u00fcck es una gran \u00e1rea natural que atraviesa tramos del Saarland y de estados vecinos; su paisaje est\u00e1 marcado por extensos bosques, valles recortados, formaciones rocosas y prados que albergan fauna y flora variadas.<\/p>\n\n\n\n<p>Dentro del parque existe una red de senderos pensados para p\u00fablicos distintos: desde recorridos cortos y se\u00f1alizados que llevan a miradores y puntos de inter\u00e9s cultural hasta rutas m\u00e1s largas y exigentes, utilizadas por quienes quieren pasar todo el d\u00eda caminando o combinar etapas en diferentes d\u00edas. La <strong>Saarschleife<\/strong> (imagen arriba) forma parte de la belleza de este parque natural.<\/p>\n\n\n\n<figure class=\"wp-block-image size-large is-resized\"><img decoding=\"async\" width=\"797\" height=\"1024\" src=\"https:\/\/viagemalemanha.com\/wp-content\/uploads\/2026\/01\/observation-tower-2683819_1280-797x1024.jpg\" alt=\"\" class=\"wp-image-36279\" style=\"width:1024px;height:auto\" srcset=\"https:\/\/viagemalemanha.com\/wp-content\/uploads\/2026\/01\/observation-tower-2683819_1280-797x1024.jpg 797w, https:\/\/viagemalemanha.com\/wp-content\/uploads\/2026\/01\/observation-tower-2683819_1280-233x300.jpg 233w, https:\/\/viagemalemanha.com\/wp-content\/uploads\/2026\/01\/observation-tower-2683819_1280-768x987.jpg 768w, https:\/\/viagemalemanha.com\/wp-content\/uploads\/2026\/01\/observation-tower-2683819_1280.jpg 996w\" sizes=\"(max-width: 797px) 100vw, 797px\" \/><figcaption class=\"wp-element-caption\">La torre de observaci\u00f3n ubicada en Mettlach, en el estado de Sarre, ofrece una vista panor\u00e1mica de la famosa curva del r\u00edo Saar, conocida como Saarschleife.<\/figcaption><\/figure>\n\n\n\n<h3 class=\"wp-block-heading\"><strong>Otras \u00e1reas de naturaleza<\/strong><\/h3>\n\n\n\n<p>El Bostalsee es un lago artificial en el norte del Saarland, dentro del municipio de Nohfelden, creado como embalse y hoy utilizado casi en su totalidad para el ocio. Fue represado en 1979 y tiene un \u00e1rea de alrededor de 120 hect\u00e1reas a unos 400 metros de altitud. El Bostalsee es el ejemplo m\u00e1s conocido de ocio acu\u00e1tico en el Sarre: un gran lago, con playas de arena, infraestructuras para visitantes y opciones de actividades al aire libre.<\/p>\n\n\n\n<h2 class=\"wp-block-heading\"><strong>Gastronom\u00eda y vinos: encanto franc\u00e9s con alma alemana<\/strong><\/h2>\n\n\n\n<p>La cocina del Sarre nace de la vecindad con Francia y de la tradici\u00f3n alemana de \u201ccomida que alimenta\u201d. El resultado son mesas donde t\u00e9cnicas y elegancia francesas se encuentran con platos r\u00fasticos e ingredientes locales.<\/p>\n\n\n\n<p>Platos emblem\u00e1ticos, como el <strong>Dibbelabbes<\/strong> (una especie de tarta de papa), el <strong>Schwenkbraten<\/strong> (carne marinada asada en schwenker) y el <strong>Lyoner<\/strong> (famosa salchicha ahumada), nacieron de la cocina de trabajo y hoy comparten espacio con interpretaciones m\u00e1s ligeras y refinadas en restaurantes locales.<\/p>\n\n\n\n<h3 class=\"wp-block-heading\"><strong>Vinos del Saar y alrededores<\/strong><\/h3>\n\n\n\n<p>El valle del Saar integra la famosa \u00e1rea vit\u00edcola Mosel-Saar-Ruwer y es especialmente conocido por los <strong>Rieslings<\/strong> de suelo esquistoso (slate), que maduran m\u00e1s lentamente debido al clima m\u00e1s fresco, resultando en vinos de acidez viva, mineralidad marcada y gran potencial de guarda.&nbsp;<\/p>\n\n\n\n<figure class=\"wp-block-image size-large\"><img decoding=\"async\" width=\"1024\" height=\"768\" src=\"https:\/\/viagemalemanha.com\/wp-content\/uploads\/2026\/01\/saar-175048_1280-1024x768.jpg\" alt=\"\" class=\"wp-image-36287\" srcset=\"https:\/\/viagemalemanha.com\/wp-content\/uploads\/2026\/01\/saar-175048_1280-1024x768.jpg 1024w, https:\/\/viagemalemanha.com\/wp-content\/uploads\/2026\/01\/saar-175048_1280-300x225.jpg 300w, https:\/\/viagemalemanha.com\/wp-content\/uploads\/2026\/01\/saar-175048_1280-768x576.jpg 768w, https:\/\/viagemalemanha.com\/wp-content\/uploads\/2026\/01\/saar-175048_1280.jpg 1280w\" sizes=\"(max-width: 1024px) 100vw, 1024px\" \/><figcaption class=\"wp-element-caption\">El encanto de la regi\u00f3n tambi\u00e9n se debe a los hermosos vi\u00f1edos en las colinas a orillas del r\u00edo Saar.<\/figcaption><\/figure>\n\n\n\n<h2 class=\"wp-block-heading\"><strong>Otras joyas del Sarre: pueblos, siderurgia y fronteras<\/strong><\/h2>\n\n\n\n<p>El Sarre revela mucho de su car\u00e1cter no solo en las atracciones principales, sino en las peque\u00f1as rutas entre ellas: pueblos a orillas del Saar, reliquias de la era industrial y cruces fronterizas que transforman un d\u00eda com\u00fan en una secuencia de descubrimientos.<\/p>\n\n\n\n<h3 class=\"wp-block-heading\"><strong>Pueblos y peque\u00f1as ciudades<\/strong><\/h3>\n\n\n\n<p>A lo largo del Saar surgen pueblos como <em>Mettlach<\/em>, puerta de entrada a la Saarschleife, donde calles estrechas, plazas y puentes sobre el r\u00edo forman un escenario f\u00e1cil de recorrer a pie, con senderos cortos, miradores y atracciones como la experiencia de Villeroy &amp; Boch.<\/p>\n\n\n\n<p>Sin embargo, este pueblo tiene una historia que comienza mucho antes de convertirse en un nombre conocido por la Saarschleife o la cer\u00e1mica. El inicio de la ciudad est\u00e1 ligado a una antigua abad\u00eda benedictina, tradicionalmente asociada a Lutwin, figura del final del siglo VII vinculada a la fundaci\u00f3n del monasterio en la regi\u00f3n del Saar. La presencia mon\u00e1stica molde\u00f3 la regi\u00f3n y dej\u00f3 marcas que a\u00fan aparecen en el paisaje local, como capillas y abad\u00edas.<\/p>\n\n\n\n<p>El punto principal de la ciudad, o lo que m\u00e1s llama la atenci\u00f3n a la vista, es el famoso mirador de la imagen arriba, donde se puede tener la mejor perspectiva de la Saarschleife.<\/p>\n\n\n\n<figure class=\"wp-block-image size-large\"><img decoding=\"async\" width=\"1024\" height=\"682\" src=\"https:\/\/viagemalemanha.com\/wp-content\/uploads\/2026\/01\/mettlach-6280468_1280-1024x682.jpg\" alt=\"\" class=\"wp-image-36288\" srcset=\"https:\/\/viagemalemanha.com\/wp-content\/uploads\/2026\/01\/mettlach-6280468_1280-1024x682.jpg 1024w, https:\/\/viagemalemanha.com\/wp-content\/uploads\/2026\/01\/mettlach-6280468_1280-300x200.jpg 300w, https:\/\/viagemalemanha.com\/wp-content\/uploads\/2026\/01\/mettlach-6280468_1280-768x512.jpg 768w, https:\/\/viagemalemanha.com\/wp-content\/uploads\/2026\/01\/mettlach-6280468_1280.jpg 1280w\" sizes=\"(max-width: 1024px) 100vw, 1024px\" \/><figcaption class=\"wp-element-caption\">F\u00e1brica de loza y cer\u00e1mica Villeroy &amp; Boch, una marca alemana presente en el mercado desde hace m\u00e1s de 270 a\u00f1os, en Mettlach, Alemania.<\/figcaption><\/figure>\n\n\n\n<h3 class=\"wp-block-heading\"><strong>V\u00f6lklinger H\u00fctte<\/strong><\/h3>\n\n\n\n<p>La V\u00f6lklinger H\u00fctte es el \u00edcono industrial del Sarre y patrimonio mundial de la UNESCO desde 1994. El lugar es un antiguo complejo sider\u00fargico construido para producir hierro colado a escala industrial, que dominaba el horizonte de las ciudades en el auge de las revoluciones industriales. La UNESCO describe el conjunto como una planta completa, con instalaciones que cubren todas las etapas del proceso, desde el manejo y preparaci\u00f3n de carb\u00f3n y mineral hasta los altos hornos y los sistemas auxiliares, como purificaci\u00f3n de gas y equipos de soplado. La primera planta fue fundada en 1873 por el ingeniero Julius Buch y, algunos a\u00f1os despu\u00e9s, el complejo fue comprado por Carl R\u00f6chling, quien impuls\u00f3 la operaci\u00f3n. El primer alto horno entr\u00f3 en funcionamiento en 1883.<\/p>\n\n\n\n<p>En la visita, caminas por estructuras gigantescas, subes a plataformas con vista sobre el grupo de altos hornos y entras en galpones donde es posible observar la gran escala de las maquinarias. El lugar es interesante para quienes quieren conocer m\u00e1s sobre la historia industrial alemana, as\u00ed como para quienes tienen inter\u00e9s en esta \u00e1rea y desear\u00edan conocer un complejo primoroso e hist\u00f3rico como este.<\/p>\n\n\n\n<figure class=\"wp-block-image size-large\"><img decoding=\"async\" width=\"1024\" height=\"662\" src=\"https:\/\/viagemalemanha.com\/wp-content\/uploads\/2026\/01\/volklinger-hut-2532094_1280-1024x662.jpg\" alt=\"\" class=\"wp-image-36315\" srcset=\"https:\/\/viagemalemanha.com\/wp-content\/uploads\/2026\/01\/volklinger-hut-2532094_1280-1024x662.jpg 1024w, https:\/\/viagemalemanha.com\/wp-content\/uploads\/2026\/01\/volklinger-hut-2532094_1280-300x194.jpg 300w, https:\/\/viagemalemanha.com\/wp-content\/uploads\/2026\/01\/volklinger-hut-2532094_1280-768x497.jpg 768w, https:\/\/viagemalemanha.com\/wp-content\/uploads\/2026\/01\/volklinger-hut-2532094_1280.jpg 1280w\" sizes=\"(max-width: 1024px) 100vw, 1024px\" \/><figcaption class=\"wp-element-caption\">Interior de la V\u00f6lklinger H\u00fctte, un \u00edcono industrial del Sarre y patrimonio mundial de la UNESCO. Antiguo complejo sider\u00fargico construido para producir hierro colado a escala industrial.<\/figcaption><\/figure>\n\n\n\n<p><\/p>\n\n\n\n<h3 class=\"wp-block-heading\"><strong>Fronteras como experiencia&nbsp;<\/strong><\/h3>\n\n\n\n<ul class=\"wp-block-list\">\n<li><strong>Viaje de ida y vuelta a Sarreguemines (Francia)<\/strong>: la conexi\u00f3n de tranv\u00eda-tren entre Saarbr\u00fccken y Sarreguemines permite cruzar la frontera en menos de una hora, haciendo sencillo almorzar en Francia y regresar a Alemania por la tarde. <br><\/li>\n\n\n\n<li><strong>Ruta hasta Luxemburgo<\/strong>: conexiones ferroviarias y regionales hacen posible un paseo hasta Luxemburgo en pocas horas.<br><\/li>\n\n\n\n<li><strong>Almorzar en un pa\u00eds y cenar en otro<\/strong>: la corta distancia entre poblados y fronteras facilita crear itinerarios gastron\u00f3micos transfronterizos (por ejemplo: mercado o almuerzo en Sarreguemines, paseo vespertino en Saarland, cena en Saarbr\u00fccken\/Saarlouis).&nbsp;<\/li>\n<\/ul>\n\n\n\n<h2 class=\"wp-block-heading\"><strong>El encanto de una Alemania menos obvia<\/strong><\/h2>\n\n\n\n<p>El Sarre muestra una Alemania menos obvia: lejos del itinerario de los grandes centros y de los picos alpinos, la regi\u00f3n est\u00e1 marcada por meandros de r\u00edo, bosques accesibles y peque\u00f1os pueblos.<\/p>\n\n\n\n<p>Al mismo tiempo, la memoria industrial y la transformaci\u00f3n cultural est\u00e1n a la vista en la V\u00f6lklinger H\u00fctte, patrimonio mundial que narra una parte importante de la historia econ\u00f3mica de la regi\u00f3n; esta combinaci\u00f3n de naturaleza discreta y patrimonio industrial crea un escenario de descubrimientos que escapa a lo obvio.<\/p>\n\n\n\n<p>Este car\u00e1cter \u201cmenos tur\u00edstico\u201d se refleja tambi\u00e9n en la vida cotidiana: fronteras fluidas con Francia y Luxemburgo, vi\u00f1edos de Riesling a lo largo del valle y una oferta gastron\u00f3mica que mezcla t\u00e9cnica francesa y robustez alemana convierten al Sarre en un destino perfecto para quienes prefieren viajar despacio, con paseos cortos, catas de vino en bodegas familiares y tardes en caf\u00e9s locales.&nbsp;<\/p>\n\n\n\n<h2 class=\"wp-block-heading\"><strong>Conoce Sarre con la Viagem Alemanha<\/strong><\/h2>\n\n\n\n<p>El Sarre encanta precisamente por revelar una Alemania menos obvia, aquella que no aparece en los itinerarios cl\u00e1sicos de grandes ciudades o monta\u00f1as famosas.<\/p>\n\n\n\n<p>Para quienes desean conocer el Sarre de manera m\u00e1s profunda, dise\u00f1amos un itinerario personalizado para ti, combinando tus gustos y sue\u00f1os. Planificar con cuidado permite equilibrar paisajes naturales, visitas culturales y paseos transfronterizos, aprovechando al m\u00e1ximo esta regi\u00f3n.<\/p>\n\n\n\n<p>Trabajamos con <strong>gu\u00edas en espa\u00f1ol acreditados<\/strong>, actuamos con enfoque en seguridad, comodidad y autenticidad, y ofrecemos un soporte completo para hacer que tu viaje sea pr\u00e1ctico, inolvidable y adaptado a tu perfil.<\/p>\n\n\n\n<p><strong>Servicios disponibles:<\/strong><\/p>\n\n\n\n<ul class=\"wp-block-list\">\n<li>Transfers, tickets y soporte log\u00edstico<\/li>\n\n\n\n<li>Itinerarios personalizados<\/li>\n\n\n\n<li><a href=\"https:\/\/viagemalemanha.com\/es\/servicios\/guia-latino-en-alemania\/\" data-type=\"servico\" data-id=\"5837\">Paseos privados con gu\u00eda en espa\u00f1ol<\/a><\/li>\n\n\n\n<li>Acompa\u00f1amiento local en ciudades y pueblos<\/li>\n\n\n\n<li>Eventos y experiencias culturales t\u00edpicas<\/li>\n<\/ul>\n\n\n\n<blockquote class=\"wp-block-quote is-layout-flow wp-block-quote-is-layout-flow\">\n<p><a href=\"https:\/\/viagemalemanha.com\/es\/consultoria-de-viaje-para-alemania\/\">Conoce nuestra consultor\u00eda personalizada en Alemania<\/a>&nbsp;y comienza a planificar tu viaje con quienes entienden del tema.<\/p>\n<\/blockquote>\n","protected":false},"excerpt":{"rendered":"<p>El Sarre (Saarland) es uno de los estados m\u00e1s peque\u00f1os de Alemania, ubicado en la frontera con Francia y Luxemburgo. Una posici\u00f3n que moldea su historia, su lengua y su vida cotidiana.&nbsp; A pesar de ser frecuentemente ignorado por los itinerarios tur\u00edsticos cl\u00e1sicos, el estado ofrece paisajes impactantes, como la curva del r\u00edo Saar, la [&hellip;]<\/p>\n","protected":false},"author":2,"featured_media":54646,"comment_status":"open","ping_status":"open","sticky":false,"template":"","format":"standard","meta":{"_acf_changed":false,"tripadvisor_id":"","rating":0,"reviewer_name":"","review_date":"","trip_type":"","helpful_votes":0,"source_url":"","reviewer_gravatar":"","review_type":"","footnotes":""},"categories":[467,508],"tags":[],"class_list":["post-53651","post","type-post","status-publish","format-standard","has-post-thumbnail","hentry","category-sin-categoria","category-lo-mejor-de-alemania"],"acf":[],"_links":{"self":[{"href":"https:\/\/viagemalemanha.com\/es\/wp-json\/wp\/v2\/posts\/53651","targetHints":{"allow":["GET"]}}],"collection":[{"href":"https:\/\/viagemalemanha.com\/es\/wp-json\/wp\/v2\/posts"}],"about":[{"href":"https:\/\/viagemalemanha.com\/es\/wp-json\/wp\/v2\/types\/post"}],"author":[{"embeddable":true,"href":"https:\/\/viagemalemanha.com\/es\/wp-json\/wp\/v2\/users\/2"}],"replies":[{"embeddable":true,"href":"https:\/\/viagemalemanha.com\/es\/wp-json\/wp\/v2\/comments?post=53651"}],"version-history":[{"count":2,"href":"https:\/\/viagemalemanha.com\/es\/wp-json\/wp\/v2\/posts\/53651\/revisions"}],"predecessor-version":[{"id":65147,"href":"https:\/\/viagemalemanha.com\/es\/wp-json\/wp\/v2\/posts\/53651\/revisions\/65147"}],"wp:featuredmedia":[{"embeddable":true,"href":"https:\/\/viagemalemanha.com\/es\/wp-json\/wp\/v2\/media\/54646"}],"wp:attachment":[{"href":"https:\/\/viagemalemanha.com\/es\/wp-json\/wp\/v2\/media?parent=53651"}],"wp:term":[{"taxonomy":"category","embeddable":true,"href":"https:\/\/viagemalemanha.com\/es\/wp-json\/wp\/v2\/categories?post=53651"},{"taxonomy":"post_tag","embeddable":true,"href":"https:\/\/viagemalemanha.com\/es\/wp-json\/wp\/v2\/tags?post=53651"}],"curies":[{"name":"wp","href":"https:\/\/api.w.org\/{rel}","templated":true}]}}