{"id":53654,"date":"2026-01-13T09:42:23","date_gmt":"2026-01-13T12:42:23","guid":{"rendered":"https:\/\/viagemalemanha.com\/?p=53654"},"modified":"2026-02-01T01:25:38","modified_gmt":"2026-02-01T04:25:38","slug":"lo-mejor-de-baden-wurttemberg-selva-negra-castillos-e-innovacion","status":"publish","type":"post","link":"https:\/\/viagemalemanha.com\/es\/lo-mejor-de-baden-wurttemberg-selva-negra-castillos-e-innovacion\/","title":{"rendered":"Lo mejor de Baden-W\u00fcrttemberg: Selva Negra, castillos e innovaci\u00f3n"},"content":{"rendered":"\n<p>Baden-W\u00fcrttemberg est\u00e1 en el suroeste de Alemania, limitando con Francia y Suiza. La geograf\u00eda del estado re\u00fane paisajes muy diversos: la densa Selva Negra al oeste, a orillas del Lago de Constanza al sur, la hist\u00f3rica regi\u00f3n de Suabia y los valles cortados por r\u00edos importantes como el Rin, el Neckar y el Danubio, combinaci\u00f3n que crea microclimas, rutas de vinos, senderos y vistas alpinas dentro de cortas distancias.<\/p>\n\n\n\n<p>Esta diversidad natural convive con una econom\u00eda fuertemente orientada hacia la tecnolog\u00eda: Baden-W\u00fcrttemberg es hogar de grandes nombres de la industria automotriz y de centros de investigaci\u00f3n e innovaci\u00f3n: de los museos de Mercedes-Benz y Porsche en Stuttgart.<\/p>\n\n\n\n<h2 class=\"wp-block-heading\"><strong>Panorama de la regi\u00f3n: principales ciudades<\/strong><\/h2>\n\n\n\n<p>La riqueza de Baden-W\u00fcrttemberg tambi\u00e9n pasa por su diversidad urbana: ciudades con ra\u00edces medievales, centros de innovaci\u00f3n tecnol\u00f3gica, balnearios elegantes y centros culturales.<\/p>\n\n\n\n<h3 class=\"wp-block-heading\"><strong>Freiburg im Breisgau<\/strong><\/h3>\n\n\n\n<p>Freiburg im Breisgau es frecuentemente llamada la \u201cjoya de la Selva Negra\u201d, una ciudad universitaria, con una atm\u00f3sfera relajada y rodeada de colinas y vi\u00f1edos. Su clima templado y soleado (para est\u00e1ndares alemanes) y su proximidad a la naturaleza la convierten en una excelente puerta de entrada para conocer la Selva Negra.<\/p>\n\n\n\n<figure class=\"wp-block-gallery has-nested-images columns-default is-cropped wp-block-gallery-1 is-layout-flex wp-block-gallery-is-layout-flex\">\n<figure class=\"wp-block-image size-large\"><img decoding=\"async\" width=\"1024\" height=\"686\" data-id=\"34405\" src=\"https:\/\/viagemalemanha.com\/wp-content\/uploads\/2026\/01\/freiburg-1695648_1280-1024x686.jpg\" alt=\"\" class=\"wp-image-34405\" \/><\/figure>\n\n\n\n<figure class=\"wp-block-image size-large\"><img decoding=\"async\" width=\"1024\" height=\"682\" data-id=\"7218\" src=\"https:\/\/viagemalemanha.com\/wp-content\/uploads\/2025\/05\/freiburg-alemanha-viagemalemanha-guianaflorestanegra-1024x682.jpg\" alt=\"\" class=\"wp-image-7218\" srcset=\"https:\/\/viagemalemanha.com\/wp-content\/uploads\/2025\/05\/freiburg-alemanha-viagemalemanha-guianaflorestanegra-1024x682.jpg 1024w, https:\/\/viagemalemanha.com\/wp-content\/uploads\/2025\/05\/freiburg-alemanha-viagemalemanha-guianaflorestanegra-300x200.jpg 300w, https:\/\/viagemalemanha.com\/wp-content\/uploads\/2025\/05\/freiburg-alemanha-viagemalemanha-guianaflorestanegra-768x512.jpg 768w, https:\/\/viagemalemanha.com\/wp-content\/uploads\/2025\/05\/freiburg-alemanha-viagemalemanha-guianaflorestanegra.jpg 1280w\" sizes=\"(max-width: 1024px) 100vw, 1024px\" \/><\/figure>\n<\/figure>\n\n\n\n<h3 class=\"wp-block-heading\"><strong>Heidelberg<\/strong><\/h3>\n\n\n\n<p>Heidelberg es una ciudad de encanto rom\u00e1ntico, famosa por su castillo, cuyas ruinas medievales ofrecen vistas sobre el r\u00edo Neckar y el centro hist\u00f3rico, y por su universidad hist\u00f3rica, la Universit\u00e4t Heidelberg, una de las m\u00e1s antiguas de Alemania.&nbsp;<\/p>\n\n\n\n<figure class=\"wp-block-gallery has-nested-images columns-default is-cropped wp-block-gallery-2 is-layout-flex wp-block-gallery-is-layout-flex\">\n<figure class=\"wp-block-image size-large\"><img decoding=\"async\" width=\"1024\" height=\"576\" data-id=\"34429\" src=\"https:\/\/viagemalemanha.com\/wp-content\/uploads\/2026\/01\/heidelberg-3395743_1280-1024x576.jpg\" alt=\"\" class=\"wp-image-34429\" srcset=\"https:\/\/viagemalemanha.com\/wp-content\/uploads\/2026\/01\/heidelberg-3395743_1280-1024x576.jpg 1024w, https:\/\/viagemalemanha.com\/wp-content\/uploads\/2026\/01\/heidelberg-3395743_1280-300x169.jpg 300w, https:\/\/viagemalemanha.com\/wp-content\/uploads\/2026\/01\/heidelberg-3395743_1280-768x432.jpg 768w, https:\/\/viagemalemanha.com\/wp-content\/uploads\/2026\/01\/heidelberg-3395743_1280.jpg 1280w\" sizes=\"(max-width: 1024px) 100vw, 1024px\" \/><\/figure>\n\n\n\n<figure class=\"wp-block-image size-large\"><img decoding=\"async\" width=\"1024\" height=\"682\" data-id=\"34423\" src=\"https:\/\/viagemalemanha.com\/wp-content\/uploads\/2026\/01\/castle-5784448_1280-1024x682.jpg\" alt=\"\" class=\"wp-image-34423\" srcset=\"https:\/\/viagemalemanha.com\/wp-content\/uploads\/2026\/01\/castle-5784448_1280-1024x682.jpg 1024w, https:\/\/viagemalemanha.com\/wp-content\/uploads\/2026\/01\/castle-5784448_1280-300x200.jpg 300w, https:\/\/viagemalemanha.com\/wp-content\/uploads\/2026\/01\/castle-5784448_1280-768x512.jpg 768w, https:\/\/viagemalemanha.com\/wp-content\/uploads\/2026\/01\/castle-5784448_1280.jpg 1280w\" sizes=\"(max-width: 1024px) 100vw, 1024px\" \/><figcaption class=\"wp-element-caption\">Castillo de Heidelberg<\/figcaption><\/figure>\n<\/figure>\n\n\n\n<h3 class=\"wp-block-heading\"><strong>Konstanz<\/strong><\/h3>\n\n\n\n<p>Situada a orillas del Lago de Constanza, Konstanz trae una mezcla singular entre paisaje lacustre, proximidad a los Alpes e historia antigua. La ciudad tiene un centro hist\u00f3rico bien conservado, con una catedral, callejuelas medievales y una atm\u00f3sfera tranquila. Adem\u00e1s, fue un importante centro comercial y espiritual desde los tiempos romanos.&nbsp;<\/p>\n\n\n\n<figure class=\"wp-block-gallery has-nested-images columns-default is-cropped wp-block-gallery-3 is-layout-flex wp-block-gallery-is-layout-flex\">\n<figure class=\"wp-block-image size-large\"><img decoding=\"async\" width=\"1024\" height=\"752\" data-id=\"34471\" src=\"https:\/\/viagemalemanha.com\/wp-content\/uploads\/2026\/01\/POSTS-VA-7-31-1024x752.png\" alt=\"\" class=\"wp-image-34471\" srcset=\"https:\/\/viagemalemanha.com\/wp-content\/uploads\/2026\/01\/POSTS-VA-7-31-1024x752.png 1024w, https:\/\/viagemalemanha.com\/wp-content\/uploads\/2026\/01\/POSTS-VA-7-31-300x220.png 300w, https:\/\/viagemalemanha.com\/wp-content\/uploads\/2026\/01\/POSTS-VA-7-31-768x564.png 768w, https:\/\/viagemalemanha.com\/wp-content\/uploads\/2026\/01\/POSTS-VA-7-31-1536x1128.png 1536w, https:\/\/viagemalemanha.com\/wp-content\/uploads\/2026\/01\/POSTS-VA-7-31.png 1620w\" sizes=\"(max-width: 1024px) 100vw, 1024px\" \/><\/figure>\n\n\n\n<figure class=\"wp-block-image size-large\"><img decoding=\"async\" width=\"1024\" height=\"760\" data-id=\"34470\" src=\"https:\/\/viagemalemanha.com\/wp-content\/uploads\/2026\/01\/POSTS-VA-7-32-1024x760.png\" alt=\"\" class=\"wp-image-34470\" srcset=\"https:\/\/viagemalemanha.com\/wp-content\/uploads\/2026\/01\/POSTS-VA-7-32-1024x760.png 1024w, https:\/\/viagemalemanha.com\/wp-content\/uploads\/2026\/01\/POSTS-VA-7-32-300x223.png 300w, https:\/\/viagemalemanha.com\/wp-content\/uploads\/2026\/01\/POSTS-VA-7-32-768x570.png 768w, https:\/\/viagemalemanha.com\/wp-content\/uploads\/2026\/01\/POSTS-VA-7-32-1536x1140.png 1536w, https:\/\/viagemalemanha.com\/wp-content\/uploads\/2026\/01\/POSTS-VA-7-32.png 1620w\" sizes=\"(max-width: 1024px) 100vw, 1024px\" \/><\/figure>\n<\/figure>\n\n\n\n<h3 class=\"wp-block-heading\"><strong>Ulm<\/strong><\/h3>\n\n\n\n<p>Ulm se destaca por su patrimonio hist\u00f3rico, sobre todo por el Ulm M\u00fcnster, iglesia con la torre m\u00e1s alta del mundo (161,53 metros), un hito visible a distancia. La ciudad antigua, con casas de entramado de madera, calles empedradas y callejuelas junto al r\u00edo Blau, preserva un encanto medieval raro.&nbsp;<\/p>\n\n\n\n<p>A pesar de los estragos de la Segunda Guerra Mundial, Ulm se reergui\u00f3, combinando su legado hist\u00f3rico con la vida urbana contempor\u00e1nea, festivales culturales y proximidad a la naturaleza, en especial con la regi\u00f3n de Suabia.&nbsp;<\/p>\n\n\n\n<h3 class=\"wp-block-heading\"><strong>Mannheim, Karlsruhe y T\u00fcbingen<\/strong><\/h3>\n\n\n\n<p>Aunque el enfoque principal est\u00e1 en las ciudades mencionadas, vale la pena destacar tambi\u00e9n otras metr\u00f3polis y centros culturales importantes del estado. Mannheim, por ejemplo, es un gran centro econ\u00f3mico y multicultural, ubicado en la confluencia de los r\u00edos Rin y Neckar, con una fuerte vocaci\u00f3n industrial y cultural.&nbsp;<\/p>\n\n\n\n<p>Karlsruhe se destaca como polo de ciencia, arte e innovaci\u00f3n, alberga grandes instituciones de ense\u00f1anza y centros culturales de renombre. T\u00fcbingen, con su encanto estudiantil e historia antigua, representa la tradici\u00f3n acad\u00e9mica y cultural de Baden-W\u00fcrttemberg, complementando el panorama urbano e intelectual del estado.&nbsp;<\/p>\n\n\n\n<h2 class=\"wp-block-heading\"><strong>Stuttgart y la industria automotriz<\/strong><\/h2>\n\n\n\n<p>Stuttgart es la capital del estado y un centro econ\u00f3mico de primera orden, tradicionalmente ligada a la industria y al comercio. Pues, la ciudad est\u00e1 literalmente rodeada por vi\u00f1edos y ofrece muchos parques y \u00e1reas verdes en su per\u00edmetro urbano, lo que explica la sensaci\u00f3n de \u201cciudad grande, pero verde\u201d, que muchos visitantes destacan.<\/p>\n\n\n\n<h3 class=\"wp-block-heading\"><strong>Ber\u00e7o de marcas ic\u00f3nicas<\/strong><\/h3>\n\n\n\n<p>La regi\u00f3n de Stuttgart es reconocida como cuna de fabricantes automotrices hist\u00f3ricos, Carl Benz y Gottlieb Daimler trabajaron aqu\u00ed, y alberga museos de clase mundial que documentan esta herencia, como el Museo Mercedes-Benz y el Museo Porsche, ambos con exposiciones sobre la evoluci\u00f3n t\u00e9cnica y cultural del autom\u00f3vil.&nbsp;<\/p>\n\n\n\n<p>Adem\u00e1s, la ciudad cuenta con una fuerte red de investigaci\u00f3n aplicada y transferencia tecnol\u00f3gica (universidad, institutos Fraunhofer, centros de investigaci\u00f3n) que alimenta la cultura de innovaci\u00f3n y ingenier\u00eda de punta presente en el territorio.&nbsp;<\/p>\n\n\n\n<figure class=\"wp-block-gallery has-nested-images columns-default is-cropped wp-block-gallery-4 is-layout-flex wp-block-gallery-is-layout-flex\">\n<figure class=\"wp-block-image size-large\"><img decoding=\"async\" width=\"1024\" height=\"678\" data-id=\"7903\" src=\"https:\/\/viagemalemanha.com\/wp-content\/uploads\/2025\/05\/Museu-da-Mercedes-Benz-na-Alemanha-1024x678.jpeg\" alt=\"\" class=\"wp-image-7903\" srcset=\"https:\/\/viagemalemanha.com\/wp-content\/uploads\/2025\/05\/Museu-da-Mercedes-Benz-na-Alemanha-1024x678.jpeg 1024w, https:\/\/viagemalemanha.com\/wp-content\/uploads\/2025\/05\/Museu-da-Mercedes-Benz-na-Alemanha-300x199.jpeg 300w, https:\/\/viagemalemanha.com\/wp-content\/uploads\/2025\/05\/Museu-da-Mercedes-Benz-na-Alemanha-768x509.jpeg 768w, https:\/\/viagemalemanha.com\/wp-content\/uploads\/2025\/05\/Museu-da-Mercedes-Benz-na-Alemanha.jpeg 1280w\" sizes=\"(max-width: 1024px) 100vw, 1024px\" \/><figcaption class=\"wp-element-caption\">Museo de Mercedes-Benz<\/figcaption><\/figure>\n\n\n\n<figure class=\"wp-block-image size-large\"><img decoding=\"async\" width=\"1024\" height=\"576\" data-id=\"8356\" src=\"https:\/\/viagemalemanha.com\/wp-content\/uploads\/2025\/05\/carros-na-alemanha-a-alemanha-para-os-apaixonados-por-carros-4886-1024x576.jpg\" alt=\"\" class=\"wp-image-8356\" srcset=\"https:\/\/viagemalemanha.com\/wp-content\/uploads\/2025\/05\/carros-na-alemanha-a-alemanha-para-os-apaixonados-por-carros-4886-1024x576.jpg 1024w, https:\/\/viagemalemanha.com\/wp-content\/uploads\/2025\/05\/carros-na-alemanha-a-alemanha-para-os-apaixonados-por-carros-4886-300x169.jpg 300w, https:\/\/viagemalemanha.com\/wp-content\/uploads\/2025\/05\/carros-na-alemanha-a-alemanha-para-os-apaixonados-por-carros-4886-768x432.jpg 768w, https:\/\/viagemalemanha.com\/wp-content\/uploads\/2025\/05\/carros-na-alemanha-a-alemanha-para-os-apaixonados-por-carros-4886-1536x864.jpg 1536w, https:\/\/viagemalemanha.com\/wp-content\/uploads\/2025\/05\/carros-na-alemanha-a-alemanha-para-os-apaixonados-por-carros-4886-2048x1152.jpg 2048w\" sizes=\"(max-width: 1024px) 100vw, 1024px\" \/><figcaption class=\"wp-element-caption\">Museo de Mercedes-Benz<\/figcaption><\/figure>\n<\/figure>\n\n\n\n<h3 class=\"wp-block-heading\"><strong>Stuttgart m\u00e1s all\u00e1 de los coches<\/strong><\/h3>\n\n\n\n<p>M\u00e1s all\u00e1 de la industria, Stuttgart ofrece palacios, plazas y espacios culturales: la <strong>Schlossplatz<\/strong> es el coraz\u00f3n c\u00edvico con jardines y fuentes, y la ciudad tiene una vida cultural rica, incluyendo el Staatsoper (\u00f3pera), teatros hist\u00f3ricos y bibliotecas modernas, lo que hace posible alternar visitas a museos t\u00e9cnicos con paseos por plazas y programas culturales sofisticados.&nbsp;<\/p>\n\n\n\n<p>De esta manera, la uni\u00f3n entre lo nuevo y la tradici\u00f3n demuestra c\u00f3mo la misma regi\u00f3n que preserva aldeas y tradiciones rurales tambi\u00e9n lidera en tecnolog\u00eda e innovaci\u00f3n.&nbsp;<\/p>\n\n\n\n<figure class=\"wp-block-image size-large\"><img decoding=\"async\" width=\"1024\" height=\"683\" src=\"https:\/\/viagemalemanha.com\/wp-content\/uploads\/2026\/01\/stuttgart-2109990_1280-1024x683.jpg\" alt=\"\" class=\"wp-image-34398\" srcset=\"https:\/\/viagemalemanha.com\/wp-content\/uploads\/2026\/01\/stuttgart-2109990_1280-1024x683.jpg 1024w, https:\/\/viagemalemanha.com\/wp-content\/uploads\/2026\/01\/stuttgart-2109990_1280-300x200.jpg 300w, https:\/\/viagemalemanha.com\/wp-content\/uploads\/2026\/01\/stuttgart-2109990_1280-768x512.jpg 768w, https:\/\/viagemalemanha.com\/wp-content\/uploads\/2026\/01\/stuttgart-2109990_1280.jpg 1280w\" sizes=\"(max-width: 1024px) 100vw, 1024px\" \/><figcaption class=\"wp-element-caption\">Plaza del Castillo en Stuttgart<\/figcaption><\/figure>\n\n\n\n<h2 class=\"wp-block-heading\"><strong>Baden-Baden y sus termas<\/strong><\/h2>\n\n\n\n<p>Baden-Baden es la joya termal de Baden-W\u00fcrttemberg: una ciudad donde historia, bienestar y elegancia conviven desde la era romana.<\/p>\n\n\n\n<h3 class=\"wp-block-heading\"><strong>Ciudad de bienestar<\/strong><\/h3>\n\n\n\n<p>El origen de Baden-Baden remonta a m\u00e1s de dos mil a\u00f1os, cuando los romanos ya aprovechaban las fuentes termales locales, dando al asentamiento el nombre de <em>Aquae<\/em> (o <em>Aurelia Aquensis<\/em>), en referencia a las aguas terap\u00e9uticas.&nbsp;<\/p>\n\n\n\n<p>Hasta hoy, la ciudad exhibe esta herencia: gracias a las doce manantiales naturales que afloran bajo el pie del Florentinerberg y emergen con temperaturas que pueden llegar a 68\u00b0C, Baden-Baden se ha convertido en s\u00edmbolo europeo de cura, descanso y salud. En reconocimiento a esta tradici\u00f3n milenaria, en 2021 la ciudad fue listada por la UNESCO como patrimonio mundial dentro del conjunto Great Spa Towns of Europe.&nbsp;<\/p>\n\n\n\n<figure class=\"wp-block-gallery has-nested-images columns-default is-cropped wp-block-gallery-5 is-layout-flex wp-block-gallery-is-layout-flex\">\n<figure class=\"wp-block-image size-large\"><img decoding=\"async\" width=\"1024\" height=\"682\" data-id=\"8399\" src=\"https:\/\/viagemalemanha.com\/wp-content\/uploads\/2025\/05\/baden-baden-na-alemanha-viagem-alemanha-1024x682.jpg\" alt=\"\" class=\"wp-image-8399\" srcset=\"https:\/\/viagemalemanha.com\/wp-content\/uploads\/2025\/05\/baden-baden-na-alemanha-viagem-alemanha-1024x682.jpg 1024w, https:\/\/viagemalemanha.com\/wp-content\/uploads\/2025\/05\/baden-baden-na-alemanha-viagem-alemanha-300x200.jpg 300w, https:\/\/viagemalemanha.com\/wp-content\/uploads\/2025\/05\/baden-baden-na-alemanha-viagem-alemanha-768x512.jpg 768w, https:\/\/viagemalemanha.com\/wp-content\/uploads\/2025\/05\/baden-baden-na-alemanha-viagem-alemanha.jpg 1280w\" sizes=\"(max-width: 1024px) 100vw, 1024px\" \/><\/figure>\n\n\n\n<figure class=\"wp-block-image size-large\"><img decoding=\"async\" width=\"1024\" height=\"768\" data-id=\"8371\" src=\"https:\/\/viagemalemanha.com\/wp-content\/uploads\/2025\/05\/baden-baden-e-suas-termas-viagem-alemanha-4911-1024x768.jpg\" alt=\"Baden-Baden en Alemania. Gu\u00eda brasile\u00f1a en Alemania\" class=\"wp-image-8371\" srcset=\"https:\/\/viagemalemanha.com\/wp-content\/uploads\/2025\/05\/baden-baden-e-suas-termas-viagem-alemanha-4911-1024x768.jpg 1024w, https:\/\/viagemalemanha.com\/wp-content\/uploads\/2025\/05\/baden-baden-e-suas-termas-viagem-alemanha-4911-300x225.jpg 300w, https:\/\/viagemalemanha.com\/wp-content\/uploads\/2025\/05\/baden-baden-e-suas-termas-viagem-alemanha-4911-768x576.jpg 768w, https:\/\/viagemalemanha.com\/wp-content\/uploads\/2025\/05\/baden-baden-e-suas-termas-viagem-alemanha-4911.jpg 1215w\" sizes=\"(max-width: 1024px) 100vw, 1024px\" \/><\/figure>\n<\/figure>\n\n\n\n<h3 class=\"wp-block-heading\"><strong>Experiencia en las termas<\/strong><\/h3>\n\n\n\n<p>Para vivir la experiencia termal actual, Baden-Baden ofrece opciones modernas e hist\u00f3ricas: el Caracalla Spa, con sus cinco mil metros cuadrados de piscinas termales, saunas, vapores y \u00e1rea exterior, y el tradicional Friedrichsbad Spa, un ba\u00f1o en estilo romano-irland\u00e9s que revive el ritual de \u201ccura por las aguas\u201d de la Belle \u00c9poque.<\/p>\n\n\n\n<p>Es posible combinar un d\u00eda de senderismo o paseo por la naturaleza en la vecina Selva Negra con una tarde relajante en las termas, una sinergia perfecta entre aventura y descanso.<\/p>\n\n\n\n<h3 class=\"wp-block-heading\"><strong>M\u00e1s que un spa<\/strong><\/h3>\n\n\n\n<p>Baden-Baden va m\u00e1s all\u00e1 de las aguas: la ciudad alberga un casino hist\u00f3rico, teatros, museos y hermosos parques y jardines, como la Lichtentaler Allee, que confieren un encanto elegante y sofisticado al lugar.&nbsp;<\/p>\n\n\n\n<p>Tambi\u00e9n por su herencia como ciudad de spa desde el siglo XIX, muchos edificios y espacios urbanos reflejan esta nostalgia lujosa. La ubicaci\u00f3n privilegiada, entre vi\u00f1edos y la Selva Negra, hace de ella una base ideal para conocer el norte de la regi\u00f3n, mezclando cultura, naturaleza y bienestar.&nbsp;<\/p>\n\n\n\n<h2 class=\"wp-block-heading\"><strong>Selva Negra y aldeas t\u00edpicas<\/strong><\/h2>\n\n\n\n<p>La <a href=\"https:\/\/viagemalemanha.com\/es\/la-encantadora-selva-negra\/\" data-type=\"post\" data-id=\"9772\">Selva Negra<\/a> es una de las regiones m\u00e1s emblem\u00e1ticas de Baden-W\u00fcrttemberg, marcada por naturaleza densa, tradiciones culturales seculares y peque\u00f1as ciudades que preservan un encanto hist\u00f3rico raro.<\/p>\n\n\n\n<div class=\"wp-block-columns is-layout-flex wp-container-core-columns-is-layout-9d6595d7 wp-block-columns-is-layout-flex\">\n<div class=\"wp-block-column is-layout-flow wp-block-column-is-layout-flow\" style=\"flex-basis:50%\">\n<h3 class=\"wp-block-heading\"><strong>\u00bfQu\u00e9 es la Selva Negra?<\/strong><\/h3>\n<\/div>\n\n\n\n<div class=\"wp-block-column is-layout-flow wp-block-column-is-layout-flow\" style=\"flex-basis:50%\">\n<p>La Selva Negra (Schwarzwald) es un \u00e1rea monta\u00f1osa de cerca de seis mil kil\u00f3metros cuadrados, reconocida por los densos bosques de abetos, valles profundos, lagos como Titisee y Mummelsee y por el punto m\u00e1s alto de la regi\u00f3n, el Feldberg, con aproximadamente 1493 metros de altitud.&nbsp;<\/p>\n<\/div>\n<\/div>\n\n\n\n<div class=\"wp-block-columns is-layout-flex wp-container-core-columns-is-layout-9d6595d7 wp-block-columns-is-layout-flex\">\n<div class=\"wp-block-column is-layout-flow wp-block-column-is-layout-flow\" style=\"flex-basis:50%\">\n<h3 class=\"wp-block-heading\"><strong>Aldeas de postal<\/strong><\/h3>\n<\/div>\n\n\n\n<div class=\"wp-block-column is-layout-flow wp-block-column-is-layout-flow\" style=\"flex-basis:50%\">\n<p>Aldeas como Triberg, Gengenbach, Schiltach y Sasbachwalden representan el imaginario cl\u00e1sico de la Selva Negra, con casas de entramado de madera preservadas, centros hist\u00f3ricos compactos, peque\u00f1as plazas y caf\u00e9s tradicionales que sirven la famosa Schwarzw\u00e4lder Kirschtorte.&nbsp;<\/p>\n<\/div>\n<\/div>\n\n\n\n<div class=\"wp-block-columns is-layout-flex wp-container-core-columns-is-layout-9d6595d7 wp-block-columns-is-layout-flex\">\n<div class=\"wp-block-column is-layout-flow wp-block-column-is-layout-flow\" style=\"flex-basis:50%\">\n<h3 class=\"wp-block-heading\"><strong>Artesan\u00eda y tradici\u00f3n<\/strong><\/h3>\n<\/div>\n\n\n\n<div class=\"wp-block-column is-layout-flow wp-block-column-is-layout-flow\" style=\"flex-basis:50%\">\n<p>La regi\u00f3n es mundialmente asociada a los relojes de cuco, producidos artesanalmente desde el siglo dieciocho en talleres familiares instalados en peque\u00f1as ciudades alrededor del Schwarzwald. La artesan\u00eda tradicional incluye tallados en madera, ebanister\u00eda fina y trajes t\u00edpicos como el <em>Bollenhut<\/em>, sombrero con pompones rojos que se ha convertido en s\u00edmbolo cultural de la Selva Negra.<\/p>\n<\/div>\n<\/div>\n\n\n\n<div class=\"wp-block-columns is-layout-flex wp-container-core-columns-is-layout-9d6595d7 wp-block-columns-is-layout-flex\">\n<div class=\"wp-block-column is-layout-flow wp-block-column-is-layout-flow\" style=\"flex-basis:50%\">\n<h3 class=\"wp-block-heading\"><strong>Naturaleza para todos los perfiles<\/strong><\/h3>\n<\/div>\n\n\n\n<div class=\"wp-block-column is-layout-flow wp-block-column-is-layout-flow\" style=\"flex-basis:50%\">\n<p>La Selva Negra ofrece senderos para todos los niveles, desde rutas ligeras cerca de lagos como Titisee y Schluchsee hasta recorridos m\u00e1s largos, como el Gengenbach\u2013Alpirsbach Trail, mantenidos por asociaciones como la Schwarzwaldverein, fundada en 1864.&nbsp;<\/p>\n<\/div>\n<\/div>\n\n\n\n<h2 class=\"wp-block-heading\"><strong>Castillos, palacios y villas hist\u00f3ricas<\/strong><\/h2>\n\n\n\n<p>La riqueza hist\u00f3rica de Baden-W\u00fcrttemberg tambi\u00e9n est\u00e1 concentrada en castillos y palacios que atraviesan siglos, cada uno con arquitectura, leyendas y paisajes \u00fanicos. A continuaci\u00f3n, algunos de los m\u00e1s emblem\u00e1ticos.<\/p>\n\n\n\n<h3 class=\"wp-block-heading\"><strong>Castillo de Heidelberg: un s\u00edmbolo del romanticismo alem\u00e1n<\/strong><\/h3>\n\n\n\n<p>El <a href=\"https:\/\/viagemalemanha.com\/es\/guia-completa-de-heidelberg-explora-heidelberg-con-guias-brasilenos\/\" data-type=\"post\" data-id=\"9859\">Castillo de Heidelberg<\/a>, erguido antes de 1214 y ampliado a lo largo de la Edad Media y Renacimiento, domina la colina K\u00f6nigstuhl a cerca de ochenta metros sobre el valle, con vista al centro hist\u00f3rico y al r\u00edo Neckar.<\/p>\n\n\n\n<figure class=\"wp-block-gallery has-nested-images columns-default is-cropped wp-block-gallery-6 is-layout-flex wp-block-gallery-is-layout-flex\">\n<figure class=\"wp-block-image size-large\"><img decoding=\"async\" width=\"1024\" height=\"682\" data-id=\"8312\" src=\"https:\/\/viagemalemanha.com\/wp-content\/uploads\/2025\/05\/heidelberg-5379587_1280-1024x682.jpg\" alt=\"\" class=\"wp-image-8312\" srcset=\"https:\/\/viagemalemanha.com\/wp-content\/uploads\/2025\/05\/heidelberg-5379587_1280-1024x682.jpg 1024w, https:\/\/viagemalemanha.com\/wp-content\/uploads\/2025\/05\/heidelberg-5379587_1280-300x200.jpg 300w, https:\/\/viagemalemanha.com\/wp-content\/uploads\/2025\/05\/heidelberg-5379587_1280-768x512.jpg 768w, https:\/\/viagemalemanha.com\/wp-content\/uploads\/2025\/05\/heidelberg-5379587_1280.jpg 1280w\" sizes=\"(max-width: 1024px) 100vw, 1024px\" \/><\/figure>\n\n\n\n<figure class=\"wp-block-image size-large\"><img decoding=\"async\" width=\"1024\" height=\"768\" data-id=\"7990\" src=\"https:\/\/viagemalemanha.com\/wp-content\/uploads\/2025\/05\/bate-volta-de-frankfurt-heidelberg-vale-do-reno-rothenburg-4282-9-1024x768.jpg\" alt=\"Visita interna al castillo de Heidelberg. Gu\u00eda brasile\u00f1a en Alemania. Bate y vuelta de Frankfurt.\" class=\"wp-image-7990\" srcset=\"https:\/\/viagemalemanha.com\/wp-content\/uploads\/2025\/05\/bate-volta-de-frankfurt-heidelberg-vale-do-reno-rothenburg-4282-9-1024x768.jpg 1024w, https:\/\/viagemalemanha.com\/wp-content\/uploads\/2025\/05\/bate-volta-de-frankfurt-heidelberg-vale-do-reno-rothenburg-4282-9-300x225.jpg 300w, https:\/\/viagemalemanha.com\/wp-content\/uploads\/2025\/05\/bate-volta-de-frankfurt-heidelberg-vale-do-reno-rothenburg-4282-9-768x576.jpg 768w, https:\/\/viagemalemanha.com\/wp-content\/uploads\/2025\/05\/bate-volta-de-frankfurt-heidelberg-vale-do-reno-rothenburg-4282-9-1536x1152.jpg 1536w, https:\/\/viagemalemanha.com\/wp-content\/uploads\/2025\/05\/bate-volta-de-frankfurt-heidelberg-vale-do-reno-rothenburg-4282-9-2048x1536.jpg 2048w\" sizes=\"(max-width: 1024px) 100vw, 1024px\" \/><figcaption class=\"wp-element-caption\">Visita interna al Castillo de Heidelberg<\/figcaption><\/figure>\n\n\n\n<figure class=\"wp-block-image size-large\"><img decoding=\"async\" width=\"1024\" height=\"576\" data-id=\"7991\" src=\"https:\/\/viagemalemanha.com\/wp-content\/uploads\/2025\/05\/bate-volta-de-frankfurt-heidelberg-vale-do-reno-rothenburg-4282-11-1024x576.jpg\" alt=\"Gu\u00eda brasile\u00f1a en Alemania. Bate y vuelta de Frankfurt. Heidelberg, castillo de Heidelberg\" class=\"wp-image-7991\" srcset=\"https:\/\/viagemalemanha.com\/wp-content\/uploads\/2025\/05\/bate-volta-de-frankfurt-heidelberg-vale-do-reno-rothenburg-4282-11-1024x576.jpg 1024w, https:\/\/viagemalemanha.com\/wp-content\/uploads\/2025\/05\/bate-volta-de-frankfurt-heidelberg-vale-do-reno-rothenburg-4282-11-300x169.jpg 300w, https:\/\/viagemalemanha.com\/wp-content\/uploads\/2025\/05\/bate-volta-de-frankfurt-heidelberg-vale-do-reno-rothenburg-4282-11-768x432.jpg 768w, https:\/\/viagemalemanha.com\/wp-content\/uploads\/2025\/05\/bate-volta-de-frankfurt-heidelberg-vale-do-reno-rothenburg-4282-11-1536x864.jpg 1536w, https:\/\/viagemalemanha.com\/wp-content\/uploads\/2025\/05\/bate-volta-de-frankfurt-heidelberg-vale-do-reno-rothenburg-4282-11-2048x1152.jpg 2048w\" sizes=\"(max-width: 1024px) 100vw, 1024px\" \/><figcaption class=\"wp-element-caption\">Vista de la ciudad desde el Castillo de Heidelberg<\/figcaption><\/figure>\n<\/figure>\n\n\n\n<p>Hoy en ruinas, el conjunto, incluyendo alas renacentistas como el Friedrichsbau y el Ottheinrichsbau, exhala el esp\u00edritu del romanticismo, atrayendo turistas de todo el mundo para contemplar sus torres, murallas y el inmenso barril de vino (Grosses Fass), herencia de la antigua importancia de la corte palatina.&nbsp;<\/p>\n\n\n\n<h3 class=\"wp-block-heading\"><strong>Castillo de Hohenzollern: castillo de monta\u00f1a con vista dram\u00e1tica<\/strong><\/h3>\n\n\n\n<p>Construido a 855 metros de altitud sobre la meseta de la Jura Su\u00e1bia, el Castillo de Hohenzollern es la fortaleza ancestral de la dinast\u00eda Hohenzollern. La versi\u00f3n actual fue construida entre 1846 y 1867, en estilo neog\u00f3tico, como un tributo rom\u00e1ntico al pasado medieval.&nbsp;<\/p>\n\n\n\n<figure class=\"wp-block-image size-large\"><img decoding=\"async\" width=\"1024\" height=\"682\" src=\"https:\/\/viagemalemanha.com\/wp-content\/uploads\/2026\/01\/swabian-alb-2721017_1280-1024x682.jpg\" alt=\"\" class=\"wp-image-34540\" srcset=\"https:\/\/viagemalemanha.com\/wp-content\/uploads\/2026\/01\/swabian-alb-2721017_1280-1024x682.jpg 1024w, https:\/\/viagemalemanha.com\/wp-content\/uploads\/2026\/01\/swabian-alb-2721017_1280-300x200.jpg 300w, https:\/\/viagemalemanha.com\/wp-content\/uploads\/2026\/01\/swabian-alb-2721017_1280-768x512.jpg 768w, https:\/\/viagemalemanha.com\/wp-content\/uploads\/2026\/01\/swabian-alb-2721017_1280.jpg 1280w\" sizes=\"(max-width: 1024px) 100vw, 1024px\" \/><\/figure>\n\n\n\n<p>Con torres imponentes, murallas y vista panor\u00e1mica hacia las colinas y los bosques, el castillo mezcla legado hist\u00f3rico y atm\u00f3sfera de cuento de hadas, siendo uno de los castillos m\u00e1s visitados de Alemania.&nbsp;<\/p>\n\n\n\n<h3 class=\"wp-block-heading\"><strong>Residenzschloss Ludwigsburg: esplendor barroco entre elegancia e historia<\/strong><\/h3>\n\n\n\n<p>Conocido como el \u201cVersalles de Suabia\u201d, el Palacio de Ludwigsburg fue construido entre 1704 y 1733 para los duques de W\u00fcrttemberg. Con 452 salas distribuidas en 18 edificios, el complejo palaciego une estilos barroco, rococ\u00f3 y neocl\u00e1sico.&nbsp;<\/p>\n\n\n\n<figure class=\"wp-block-image size-large\"><img decoding=\"async\" width=\"1024\" height=\"683\" src=\"https:\/\/viagemalemanha.com\/wp-content\/uploads\/2026\/01\/castle-2112221_1280-1024x683.jpg\" alt=\"\" class=\"wp-image-34551\" srcset=\"https:\/\/viagemalemanha.com\/wp-content\/uploads\/2026\/01\/castle-2112221_1280-1024x683.jpg 1024w, https:\/\/viagemalemanha.com\/wp-content\/uploads\/2026\/01\/castle-2112221_1280-300x200.jpg 300w, https:\/\/viagemalemanha.com\/wp-content\/uploads\/2026\/01\/castle-2112221_1280-768x512.jpg 768w, https:\/\/viagemalemanha.com\/wp-content\/uploads\/2026\/01\/castle-2112221_1280.jpg 1280w\" sizes=\"(max-width: 1024px) 100vw, 1024px\" \/><\/figure>\n\n\n\n<p>En sus vastos jardines, los Bl\u00fchendes Barock, y en el teatro barroco hist\u00f3rico, el visitante puede revivir el esplendor de los siglos XVII y XVIII. Hoy, el palacio funciona como museo, con exposiciones de porcelana, moda y espacios interactivos para diferentes p\u00fablicos.&nbsp;<\/p>\n\n\n\n<h3 class=\"wp-block-heading\"><strong>Burg Meersburg: castillo y aldea hist\u00f3rica a orillas del lago<\/strong><\/h3>\n\n\n\n<p>Burg Meersburg, a orillas del Lago de Constanza (Bodensee), es considerado uno de los castillos habitados m\u00e1s antiguos de Alemania: su torre central remonta al siglo VII.&nbsp;<\/p>\n\n\n\n<figure class=\"wp-block-gallery has-nested-images columns-default is-cropped wp-block-gallery-7 is-layout-flex wp-block-gallery-is-layout-flex\">\n<figure class=\"wp-block-image size-large\"><img decoding=\"async\" width=\"1024\" height=\"768\" data-id=\"34558\" src=\"https:\/\/viagemalemanha.com\/wp-content\/uploads\/2026\/01\/lake-constance-8260_1280-1024x768.jpg\" alt=\"\" class=\"wp-image-34558\" srcset=\"https:\/\/viagemalemanha.com\/wp-content\/uploads\/2026\/01\/lake-constance-8260_1280-1024x768.jpg 1024w, https:\/\/viagemalemanha.com\/wp-content\/uploads\/2026\/01\/lake-constance-8260_1280-300x225.jpg 300w, https:\/\/viagemalemanha.com\/wp-content\/uploads\/2026\/01\/lake-constance-8260_1280-768x576.jpg 768w, https:\/\/viagemalemanha.com\/wp-content\/uploads\/2026\/01\/lake-constance-8260_1280.jpg 1280w\" sizes=\"(max-width: 1024px) 100vw, 1024px\" \/><\/figure>\n\n\n\n<figure class=\"wp-block-image size-large\"><img decoding=\"async\" width=\"1024\" height=\"682\" data-id=\"34561\" src=\"https:\/\/viagemalemanha.com\/wp-content\/uploads\/2026\/01\/castle-meersburg-228386_1280-1024x682.jpg\" alt=\"\" class=\"wp-image-34561\" srcset=\"https:\/\/viagemalemanha.com\/wp-content\/uploads\/2026\/01\/castle-meersburg-228386_1280-1024x682.jpg 1024w, https:\/\/viagemalemanha.com\/wp-content\/uploads\/2026\/01\/castle-meersburg-228386_1280-300x200.jpg 300w, https:\/\/viagemalemanha.com\/wp-content\/uploads\/2026\/01\/castle-meersburg-228386_1280-768x512.jpg 768w, https:\/\/viagemalemanha.com\/wp-content\/uploads\/2026\/01\/castle-meersburg-228386_1280.jpg 1280w\" sizes=\"(max-width: 1024px) 100vw, 1024px\" \/><\/figure>\n<\/figure>\n\n\n\n<p>La fortaleza, denominada Alte Burg, se erige sobre acantilados con vista al agua, y a su alrededor est\u00e1 la aldea medieval de Meersburg, con calles estrechas, ciudad alta y baja interconectadas y atm\u00f3sfera hist\u00f3rica intacta.&nbsp;<\/p>\n\n\n\n<h2 class=\"wp-block-heading\"><strong>Gastronom\u00eda y naturaleza<\/strong><\/h2>\n\n\n\n<p>La cocina y los vinos de Baden-W\u00fcrttemberg son poderosos reflejos de la historia, el paisaje y la cultura de la regi\u00f3n, ideales para combinar sabor, tradici\u00f3n y paisajes deslumbrantes.<\/p>\n\n\n\n<h3 class=\"wp-block-heading\"><strong>Sabores de Baden-W\u00fcrttemberg<\/strong><\/h3>\n\n\n\n<p>Entre los platos y sabores que definen la gastronom\u00eda local, podemos destacar:<\/p>\n\n\n\n<ul class=\"wp-block-list\">\n<li><strong>Maultaschen<\/strong>: un tipo de ravioli local, tradicionalmente relleno de carne, pan amanhecido, espinacas y especias.<br><\/li>\n\n\n\n<li><strong>Sp\u00e4tzle \/ K\u00e4sesp\u00e4tzle<\/strong>: masa t\u00edpica, muchas veces servida pura (Sp\u00e4tzle) o gratinada con queso y cebollas (K\u00e4sesp\u00e4tzle).<br><\/li>\n\n\n\n<li><strong>Flammkuchen<\/strong>: un tipo de \u201cpizza alemana fina\u201d, con base ligera y coberturas simples (crema, cebollas, tocino), tradicional en el suroeste alem\u00e1n.<br><\/li>\n\n\n\n<li><strong><a href=\"https:\/\/viagemalemanha.com\/es\/bolo-selva-negra-pastel-perfecto\/\" data-type=\"post\" data-id=\"9812\">Tarta \u201cSelva Negra\u201d<\/a> (Schwarzw\u00e4lder Kirschtorte)<\/strong>: postre ic\u00f3nico, con capas de chocolate, nata y cerezas, originaria de la regi\u00f3n de la Selva Negra.<br><\/li>\n<\/ul>\n\n\n\n<figure class=\"wp-block-gallery has-nested-images columns-default is-cropped wp-block-gallery-8 is-layout-flex wp-block-gallery-is-layout-flex\">\n<figure class=\"wp-block-image size-large\"><img decoding=\"async\" width=\"1024\" height=\"682\" data-id=\"34568\" src=\"https:\/\/viagemalemanha.com\/wp-content\/uploads\/2026\/01\/food-4152468_1280-1024x682.jpg\" alt=\"\" class=\"wp-image-34568\" srcset=\"https:\/\/viagemalemanha.com\/wp-content\/uploads\/2026\/01\/food-4152468_1280-1024x682.jpg 1024w, https:\/\/viagemalemanha.com\/wp-content\/uploads\/2026\/01\/food-4152468_1280-300x200.jpg 300w, https:\/\/viagemalemanha.com\/wp-content\/uploads\/2026\/01\/food-4152468_1280-768x512.jpg 768w, https:\/\/viagemalemanha.com\/wp-content\/uploads\/2026\/01\/food-4152468_1280.jpg 1280w\" sizes=\"(max-width: 1024px) 100vw, 1024px\" \/><figcaption class=\"wp-element-caption\"><strong>Sp\u00e4tzle<\/strong><\/figcaption><\/figure>\n\n\n\n<figure class=\"wp-block-image size-large\"><img decoding=\"async\" data-id=\"7231\" src=\"https:\/\/viagemalemanha.com\/wp-content\/uploads\/2025\/05\/boloflorestanegra-tortaflorestanegra-viagemalemanha-guianaflorestanegra-guiaalemanha-1024x645.png\" alt=\"\" class=\"wp-image-7231\" \/><figcaption class=\"wp-element-caption\">Pastel Selva Negra<\/figcaption><\/figure>\n\n\n\n<figure class=\"wp-block-image size-large\"><img decoding=\"async\" width=\"1024\" height=\"327\" data-id=\"34168\" src=\"https:\/\/viagemalemanha.com\/wp-content\/uploads\/2026\/01\/tarte-flambee-6691853_1280-1024x327.jpg\" alt=\"\" class=\"wp-image-34168\" srcset=\"https:\/\/viagemalemanha.com\/wp-content\/uploads\/2026\/01\/tarte-flambee-6691853_1280-1024x327.jpg 1024w, https:\/\/viagemalemanha.com\/wp-content\/uploads\/2026\/01\/tarte-flambee-6691853_1280-300x96.jpg 300w, https:\/\/viagemalemanha.com\/wp-content\/uploads\/2026\/01\/tarte-flambee-6691853_1280-768x245.jpg 768w, https:\/\/viagemalemanha.com\/wp-content\/uploads\/2026\/01\/tarte-flambee-6691853_1280.jpg 1280w\" sizes=\"(max-width: 1024px) 100vw, 1024px\" \/><figcaption class=\"wp-element-caption\"><strong>Flammkuchen<\/strong><\/figcaption><\/figure>\n<\/figure>\n\n\n\n<p>Adem\u00e1s de los platos, los <strong>vinos regionales<\/strong>, blancos y tintos producidos en las laderas del sur del estado y de la regi\u00f3n de Suabia y Baden, acompa\u00f1an bien las comidas y forman rutas de enoturismo muy valoradas por quienes visitan.<\/p>\n\n\n\n<h2 class=\"wp-block-heading\"><strong>Innovaci\u00f3n, investigaci\u00f3n y Mittelstand<\/strong><\/h2>\n\n\n\n<p>Baden-W\u00fcrttemberg es hoy uno de los principales motores de innovaci\u00f3n de Alemania: adem\u00e1s de albergar centros de excelencia como el Karlsruhe Institute of Technology (KIT) y universidades con fuerte vinculaci\u00f3n a la industria, el estado invierte en redes y hubs para acelerar la transferencia tecnol\u00f3gica (clusters automotrices, laboratorios de microelectr\u00f3nica y asociaciones p\u00fablico-privadas).&nbsp;<\/p>\n\n\n\n<h2 class=\"wp-block-heading\"><strong>Tradici\u00f3n artesanal<\/strong><\/h2>\n\n\n\n<p>La cultura del \u201checho a mano\u201d y de la precisi\u00f3n t\u00e9cnica es una marca de Baden-W\u00fcrttemberg. Y podemos ver esto desde la industria automotriz (Bosch, Mercedes, Porsche y la cadena de proveedores locales) hasta la tradici\u00f3n relojera del Schwarzwald (kuckucksuhren): ambas expresiones de oficios con larga continuidad hist\u00f3rica y transferencia de competencias entre generaciones.&nbsp;<\/p>\n\n\n\n<h2 class=\"wp-block-heading\"><strong>Viaje a Alemania<\/strong> con nosotros<\/h2>\n\n\n\n<p>Baden-W\u00fcrttemberg re\u00fane en su territorio una gran variedad de experiencias. Es un estado donde paisajes naturales impresionantes conviven con un rico patrimonio hist\u00f3rico y un potente motor de innovaci\u00f3n. Para el viajero, esto significa itinerarios que alternan bienestar, historia, gastronom\u00eda y tecnolog\u00eda, ofreciendo opciones tanto para quienes buscan contemplar la naturaleza, como para quienes buscan museos y experiencias urbanas.<\/p>\n\n\n\n<p>Nuestro equipo vive en la regi\u00f3n y conoce profundamente las rutas, condiciones y eventos estacionales. Trabajamos con <strong>gu\u00edas en espa\u00f1ol acreditados<\/strong>, actuamos con enfoque en seguridad, confort y autenticidad, y ofrecemos un soporte completo para hacer que su viaje sea pr\u00e1ctico, inolvidable y adaptado a su perfil.<\/p>\n\n\n\n<p><strong>Servicios disponibles:<\/strong><\/p>\n\n\n\n<ul class=\"wp-block-list\">\n<li>Transfers, tickets y soporte log\u00edstico<\/li>\n\n\n\n<li><a href=\"https:\/\/viagemalemanha.com\/es\/servicios\/consultoria-de-viajes\/\" data-type=\"servico\" data-id=\"6381\">Itinerarios personalizados<\/a><\/li>\n\n\n\n<li>Paseos privados con <a href=\"https:\/\/viagemalemanha.com\/es\/servicios\/guia-latino-en-alemania\/\" data-type=\"servico\" data-id=\"5837\">gu\u00eda en espa\u00f1ol<\/a><\/li>\n\n\n\n<li>Acompa\u00f1amiento local en ciudades y aldeas <\/li>\n\n\n\n<li>Eventos y experiencias culturales t\u00edpicas<\/li>\n<\/ul>\n\n\n\n<blockquote class=\"wp-block-quote is-layout-flow wp-block-quote-is-layout-flow\">\n<p><a href=\"https:\/\/viagemalemanha.com\/es\/consultoria-de-viaje-para-alemania\/\">Conozca nuestra consultor\u00eda personalizada en Alemania<\/a>&nbsp;y comience a planificar su viaje con quienes entienden del tema.<\/p>\n<\/blockquote>\n","protected":false},"excerpt":{"rendered":"<p>Baden-W\u00fcrttemberg est\u00e1 en el suroeste de Alemania, limitando con Francia y Suiza. La geograf\u00eda del estado re\u00fane paisajes muy diversos: la densa Selva Negra al oeste, a orillas del Lago de Constanza al sur, la hist\u00f3rica regi\u00f3n de Suabia y los valles cortados por r\u00edos importantes como el Rin, el Neckar y el Danubio, combinaci\u00f3n [&hellip;]<\/p>\n","protected":false},"author":2,"featured_media":76661,"comment_status":"open","ping_status":"open","sticky":false,"template":"","format":"standard","meta":{"_acf_changed":false,"tripadvisor_id":"","rating":0,"reviewer_name":"","review_date":"","trip_type":"","helpful_votes":0,"source_url":"","reviewer_gravatar":"","review_type":"","footnotes":""},"categories":[467,508],"tags":[],"class_list":["post-53654","post","type-post","status-publish","format-standard","has-post-thumbnail","hentry","category-sin-categoria","category-lo-mejor-de-alemania"],"acf":[],"_links":{"self":[{"href":"https:\/\/viagemalemanha.com\/es\/wp-json\/wp\/v2\/posts\/53654","targetHints":{"allow":["GET"]}}],"collection":[{"href":"https:\/\/viagemalemanha.com\/es\/wp-json\/wp\/v2\/posts"}],"about":[{"href":"https:\/\/viagemalemanha.com\/es\/wp-json\/wp\/v2\/types\/post"}],"author":[{"embeddable":true,"href":"https:\/\/viagemalemanha.com\/es\/wp-json\/wp\/v2\/users\/2"}],"replies":[{"embeddable":true,"href":"https:\/\/viagemalemanha.com\/es\/wp-json\/wp\/v2\/comments?post=53654"}],"version-history":[{"count":2,"href":"https:\/\/viagemalemanha.com\/es\/wp-json\/wp\/v2\/posts\/53654\/revisions"}],"predecessor-version":[{"id":65247,"href":"https:\/\/viagemalemanha.com\/es\/wp-json\/wp\/v2\/posts\/53654\/revisions\/65247"}],"wp:featuredmedia":[{"embeddable":true,"href":"https:\/\/viagemalemanha.com\/es\/wp-json\/wp\/v2\/media\/76661"}],"wp:attachment":[{"href":"https:\/\/viagemalemanha.com\/es\/wp-json\/wp\/v2\/media?parent=53654"}],"wp:term":[{"taxonomy":"category","embeddable":true,"href":"https:\/\/viagemalemanha.com\/es\/wp-json\/wp\/v2\/categories?post=53654"},{"taxonomy":"post_tag","embeddable":true,"href":"https:\/\/viagemalemanha.com\/es\/wp-json\/wp\/v2\/tags?post=53654"}],"curies":[{"name":"wp","href":"https:\/\/api.w.org\/{rel}","templated":true}]}}