{"id":53662,"date":"2026-01-13T09:42:06","date_gmt":"2026-01-13T12:42:06","guid":{"rendered":"https:\/\/viagemalemanha.com\/?p=53662"},"modified":"2026-02-01T01:22:17","modified_gmt":"2026-02-01T04:22:17","slug":"lo-mejor-de-baja-sajonia-niedersachsen-campos-mar-y-ciudades-historicas","status":"publish","type":"post","link":"https:\/\/viagemalemanha.com\/es\/lo-mejor-de-baja-sajonia-niedersachsen-campos-mar-y-ciudades-historicas\/","title":{"rendered":"Lo mejor de Baja Sajonia (Niedersachsen): campos, mar y ciudades hist\u00f3ricas"},"content":{"rendered":"\n<p>La Baja Sajonia (<em>Niedersachsen<\/em>) es uno de los estados m\u00e1s grandes y variados de Alemania, que se extiende desde la <em>costa del Mar del Norte hasta las laderas de los Alpes de Harz<\/em>, e incluye llanuras agr\u00edcolas, turberas, pantanos costeros y ciudades hist\u00f3ricas.<\/p>\n\n\n\n<p>La amplitud geogr\u00e1fica hace de Niedersachsen un microcosmos de Alemania: aqu\u00ed los campos cultivados y las rutas rurales contrastan con la vastedad de la costa y las islas frisias, mientras que ciudades como Hannover, Celle y Goslar ofrecen centros medievales, castillos y tradiciones regionales. Para quienes buscan parques naturales de Alemania, rutas costeras y ciudades medievales alemanas.<\/p>\n\n\n\n<h2 class=\"wp-block-heading\"><strong>Hannover y sus jardines: tradici\u00f3n, verde y calidad de vida<\/strong><\/h2>\n\n\n\n<p><em>Hannover<\/em> es la capital del estado y su ciudad m\u00e1s grande en el norte alem\u00e1n, con un papel hist\u00f3rico que se remonta al electorado y al Reino de Han\u00f3ver, hoy funciona como un nodo de transporte y es tradicionalmente el punto de llegada para explorar el resto de Niedersachsen. La ciudad combina infraestructura, ferrocarriles y proximidad a conexiones viales, con servicios culturales que la convierten en una entrada eficiente a otras rutas por el estado.<\/p>\n\n\n\n<figure class=\"wp-block-image size-large\"><img decoding=\"async\" width=\"1024\" height=\"682\" src=\"https:\/\/viagemalemanha.com\/wp-content\/uploads\/2026\/01\/hanover-2796560_1280-1024x682.jpg\" alt=\"\" class=\"wp-image-36683\" srcset=\"https:\/\/viagemalemanha.com\/wp-content\/uploads\/2026\/01\/hanover-2796560_1280-1024x682.jpg 1024w, https:\/\/viagemalemanha.com\/wp-content\/uploads\/2026\/01\/hanover-2796560_1280-300x200.jpg 300w, https:\/\/viagemalemanha.com\/wp-content\/uploads\/2026\/01\/hanover-2796560_1280-768x511.jpg 768w, https:\/\/viagemalemanha.com\/wp-content\/uploads\/2026\/01\/hanover-2796560_1280.jpg 1280w\" sizes=\"(max-width: 1024px) 100vw, 1024px\" \/><figcaption class=\"wp-element-caption\">Jardines y palacios de Herrenhausen<\/figcaption><\/figure>\n\n\n\n<h3 class=\"wp-block-heading\"><strong>Origen barroco de los Jardines de Herrenhausen<\/strong><\/h3>\n\n\n\n<p>El conjunto de Jardines de Herrenhausen fue concebido como un proyecto barroco desde su origen, iniciado alrededor de mil seiscientos sesenta y seis, durante el gobierno de los pr\u00edncipes de la casa Welf (Guelfa). El Gro\u00dfer Garten (jard\u00edn barroco original) naci\u00f3 con inspiraci\u00f3n en los grandes jardines de corte europeos, basado en ejes geom\u00e9tricos, simetr\u00eda rigurosa y fuentes monumentales.<\/p>\n\n\n\n<p>Adem\u00e1s del Gro\u00dfer Garten, forman parte de los Jardines de Herrenhausen:<\/p>\n\n\n\n<ul class=\"wp-block-list\">\n<li>El <strong>Berggarten<\/strong>, originalmente un jard\u00edn de hortalizas de la corte, se ha transformado a lo largo del tiempo en un importante jard\u00edn bot\u00e1nico; el jard\u00edn alberga una vasta colecci\u00f3n de plantas ex\u00f3ticas y orqu\u00eddeas.<\/li>\n\n\n\n<li>El <strong>Georgengarten<\/strong>, que representa la expansi\u00f3n del siglo diecinueve, concebido como un parque paisaj\u00edstico en estilo ingl\u00e9s, con caminos sinuosos y \u00e1reas abiertas;<\/li>\n\n\n\n<li>Y el <strong>Welfengarten<\/strong>, vinculado a la antigua residencia de la casa welfa y que hoy integra el entorno de la universidad, funcionando como parque urbano hist\u00f3rico.<\/li>\n<\/ul>\n\n\n\n<figure class=\"wp-block-image size-large\"><img decoding=\"async\" width=\"1024\" height=\"575\" src=\"https:\/\/viagemalemanha.com\/wp-content\/uploads\/2026\/01\/mountain-garden-661829_1280-1024x575.jpg\" alt=\"\" class=\"wp-image-36671\" srcset=\"https:\/\/viagemalemanha.com\/wp-content\/uploads\/2026\/01\/mountain-garden-661829_1280-1024x575.jpg 1024w, https:\/\/viagemalemanha.com\/wp-content\/uploads\/2026\/01\/mountain-garden-661829_1280-300x169.jpg 300w, https:\/\/viagemalemanha.com\/wp-content\/uploads\/2026\/01\/mountain-garden-661829_1280-768x431.jpg 768w, https:\/\/viagemalemanha.com\/wp-content\/uploads\/2026\/01\/mountain-garden-661829_1280.jpg 1280w\" sizes=\"(max-width: 1024px) 100vw, 1024px\" \/><figcaption class=\"wp-element-caption\">Berggarten (jard\u00edn de la monta\u00f1a)<\/figcaption><\/figure>\n\n\n\n<p>Posteriormente, bajo la direcci\u00f3n del jardinero Martin Charbonnier, el dise\u00f1o fue regularizado y refinado: los parterres adquirieron un dise\u00f1o m\u00e1s preciso, canales y fuentes fueron ampliados y el conjunto comenz\u00f3 a expresar con m\u00e1s claridad el poder y el orden de la corte de Han\u00f3ver.<\/p>\n\n\n\n<p>El Gran Jard\u00edn de Herrenhausen es considerado uno de los jardines barrocos m\u00e1s importantes de Europa: sus fuentes, cuyo dise\u00f1o cont\u00f3 con ideas de Gottfried Leibniz, y parterres ornamentales marcaron la ambici\u00f3n representativa de la corte de Han\u00f3ver.<\/p>\n\n\n\n<p>Durante los bombardeos de la Segunda Guerra Mundial, el palacio de Herrenhausen fue casi totalmente destruido, y partes del conjunto del jard\u00edn sufrieron da\u00f1os, aunque el trazado b\u00e1sico ha sobrevivido. En el posguerra, el Gro\u00dfer Garten fue restaurado con base en planos hist\u00f3ricos. El palacio solo fue reconstruido mucho m\u00e1s tarde, reinaugurado en 2013, con funciones culturales y cient\u00edficas.<\/p>\n\n\n\n<figure class=\"wp-block-image size-large\"><img decoding=\"async\" width=\"1024\" height=\"682\" src=\"https:\/\/viagemalemanha.com\/wp-content\/uploads\/2026\/01\/hanover-4737685_1280-1024x682.jpg\" alt=\"\" class=\"wp-image-36680\" srcset=\"https:\/\/viagemalemanha.com\/wp-content\/uploads\/2026\/01\/hanover-4737685_1280-1024x682.jpg 1024w, https:\/\/viagemalemanha.com\/wp-content\/uploads\/2026\/01\/hanover-4737685_1280-300x200.jpg 300w, https:\/\/viagemalemanha.com\/wp-content\/uploads\/2026\/01\/hanover-4737685_1280-768x512.jpg 768w, https:\/\/viagemalemanha.com\/wp-content\/uploads\/2026\/01\/hanover-4737685_1280.jpg 1280w\" sizes=\"(max-width: 1024px) 100vw, 1024px\" \/><figcaption class=\"wp-element-caption\">Templo de Leibniz (Leibniztempel) en el Georgengarten, que forma parte de los Jardines de Herrenhausen<\/figcaption><\/figure>\n\n\n\n<p>En t\u00e9rminos de tipolog\u00eda y escala, Herrenhausen se compara frecuentemente con otros grandes jardines barrocos europeos, por su rigor geom\u00e9trico, ejes visuales y cascadas, manteniendo, sin embargo, caracter\u00edsticas locales en la adaptaci\u00f3n al clima del norte de Alemania.<\/p>\n\n\n\n<blockquote class=\"wp-block-quote is-layout-flow wp-block-quote-is-layout-flow\">\n<p>Una experiencia sugestiva en Hannover combina una ma\u00f1ana de paseo por los Jardines de Herrenhausen, almuerzo en uno de los caf\u00e9s cercanos, seguida de una visita al Neues Rathaus o a uno de los museos locales, y un final de tarde en barrios residenciales elegantes como List.<\/p>\n<\/blockquote>\n\n\n\n<h2 class=\"wp-block-heading\"><strong>Parques naturales y la costa norte<\/strong><\/h2>\n\n\n\n<p>La <strong>Baja Sajonia<\/strong> (<strong>Niedersachsen<\/strong>) est\u00e1 marcada por la proximidad al <strong>Mar del Norte<\/strong>, extensas llanuras y sistemas costeros \u00fanicos, un mosaico que va desde los pantanos litorales hasta las franjas de dunas e islas.<\/p>\n\n\n\n<h3 class=\"wp-block-heading\"><strong>Parque Nacional del Mar de Wadden (UNESCO)<\/strong><\/h3>\n\n\n\n<p>El Parque Nacional del Mar de Wadden (<em>Nieders\u00e4chsisches Wattenmeer<\/em>) integra la porci\u00f3n alemana del Wadden Sea, inscrito como Patrimonio Mundial por la UNESCO debido a su vasta zona intermareal, el mayor sistema continuo de lodo y arena del mundo, y a la extraordinaria biodiversidad que alberga, incluyendo millones de aves migratorias y numerosas especies marinas y bent\u00f3nicas.<\/p>\n\n\n\n<figure class=\"wp-block-image size-large\"><img decoding=\"async\" width=\"1024\" height=\"642\" src=\"https:\/\/viagemalemanha.com\/wp-content\/uploads\/2026\/01\/sunset-5470304_1280-1024x642.jpg\" alt=\"\" class=\"wp-image-36684\" srcset=\"https:\/\/viagemalemanha.com\/wp-content\/uploads\/2026\/01\/sunset-5470304_1280-1024x642.jpg 1024w, https:\/\/viagemalemanha.com\/wp-content\/uploads\/2026\/01\/sunset-5470304_1280-300x188.jpg 300w, https:\/\/viagemalemanha.com\/wp-content\/uploads\/2026\/01\/sunset-5470304_1280-768x482.jpg 768w, https:\/\/viagemalemanha.com\/wp-content\/uploads\/2026\/01\/sunset-5470304_1280.jpg 1280w\" sizes=\"(max-width: 1024px) 100vw, 1024px\" \/><figcaption class=\"wp-element-caption\">Atardecer en el mar frisio<\/figcaption><\/figure>\n\n\n\n<h3 class=\"wp-block-heading\"><strong>Fen\u00f3meno de las mareas y caminatas sobre el lodo y paisajes del norte<\/strong><\/h3>\n\n\n\n<p>El fen\u00f3meno de las mareas crea extensas \u00e1reas de lodo y arena expuestas peri\u00f3dicamente, posibilitando las Wattwanderungen (caminatas guiadas por el lodo), experiencias conducidas por gu\u00edas certificados, ya que la experiencia de caminar sobre el lecho descubierto exige conocimiento de las mareas y respeto a las reglas del parque para seguridad y preservaci\u00f3n.<\/p>\n\n\n\n<p>El norte de Niedersachsen est\u00e1 dominado por llanuras costeras, campos agr\u00edcolas abiertos, zonas de Marsch, llanuras costeras muy bajas, y franjas de Geest, tierras m\u00e1s altas, compuestas por arena y grava dejadas por antiguas glaciaciones, adem\u00e1s de los diques que han moldeado la relaci\u00f3n humana con el mar a lo largo de los siglos.<\/p>\n\n\n\n<h3 class=\"wp-block-heading\"><strong>Islas frisias (como Norderney y Langeoog)<\/strong><\/h3>\n\n\n\n<p>Las islas frisias, entre ellas <strong>Norderney<\/strong> y <strong>Langeoog<\/strong>, equilibran playas de arena extensa, dunas protegidas y zonas de n\u00facleo natural. Norderney es conocida tambi\u00e9n por su papel en terapias mar\u00edtimas (talasoterapia), mientras Langeoog se destaca por pol\u00edticas de turismo sostenible y \u00e1reas de observaci\u00f3n de la naturaleza.&nbsp;<\/p>\n\n\n\n<figure class=\"wp-block-gallery has-nested-images columns-default is-cropped wp-block-gallery-1 is-layout-flex wp-block-gallery-is-layout-flex\">\n<figure class=\"wp-block-image size-large\"><img decoding=\"async\" width=\"1024\" height=\"678\" data-id=\"36687\" src=\"https:\/\/viagemalemanha.com\/wp-content\/uploads\/2026\/01\/norderney-1729833_1280-1024x678.jpg\" alt=\"\" class=\"wp-image-36687\" srcset=\"https:\/\/viagemalemanha.com\/wp-content\/uploads\/2026\/01\/norderney-1729833_1280-1024x678.jpg 1024w, https:\/\/viagemalemanha.com\/wp-content\/uploads\/2026\/01\/norderney-1729833_1280-300x199.jpg 300w, https:\/\/viagemalemanha.com\/wp-content\/uploads\/2026\/01\/norderney-1729833_1280-768x509.jpg 768w, https:\/\/viagemalemanha.com\/wp-content\/uploads\/2026\/01\/norderney-1729833_1280.jpg 1280w\" sizes=\"(max-width: 1024px) 100vw, 1024px\" \/><figcaption class=\"wp-element-caption\">Isla de Nordeney<\/figcaption><\/figure>\n\n\n\n<figure class=\"wp-block-image size-large\"><img decoding=\"async\" width=\"1024\" height=\"682\" data-id=\"36686\" src=\"https:\/\/viagemalemanha.com\/wp-content\/uploads\/2026\/01\/lighthouse-4890873_1280-1024x682.jpg\" alt=\"\" class=\"wp-image-36686\" srcset=\"https:\/\/viagemalemanha.com\/wp-content\/uploads\/2026\/01\/lighthouse-4890873_1280-1024x682.jpg 1024w, https:\/\/viagemalemanha.com\/wp-content\/uploads\/2026\/01\/lighthouse-4890873_1280-300x200.jpg 300w, https:\/\/viagemalemanha.com\/wp-content\/uploads\/2026\/01\/lighthouse-4890873_1280-768x512.jpg 768w, https:\/\/viagemalemanha.com\/wp-content\/uploads\/2026\/01\/lighthouse-4890873_1280.jpg 1280w\" sizes=\"(max-width: 1024px) 100vw, 1024px\" \/><figcaption class=\"wp-element-caption\">Isla de Nordeney<\/figcaption><\/figure>\n\n\n\n<figure class=\"wp-block-image size-large\"><img decoding=\"async\" width=\"1024\" height=\"576\" data-id=\"36685\" src=\"https:\/\/viagemalemanha.com\/wp-content\/uploads\/2026\/01\/rolling-hills-6529092_1280-1024x576.jpg\" alt=\"\" class=\"wp-image-36685\" srcset=\"https:\/\/viagemalemanha.com\/wp-content\/uploads\/2026\/01\/rolling-hills-6529092_1280-1024x576.jpg 1024w, https:\/\/viagemalemanha.com\/wp-content\/uploads\/2026\/01\/rolling-hills-6529092_1280-300x169.jpg 300w, https:\/\/viagemalemanha.com\/wp-content\/uploads\/2026\/01\/rolling-hills-6529092_1280-768x432.jpg 768w, https:\/\/viagemalemanha.com\/wp-content\/uploads\/2026\/01\/rolling-hills-6529092_1280.jpg 1280w\" sizes=\"(max-width: 1024px) 100vw, 1024px\" \/><figcaption class=\"wp-element-caption\">Isla de Nordeney<\/figcaption><\/figure>\n<\/figure>\n\n\n\n<p>En la primera imagen, se puede observar el Kaiser-Wilhelm-Denkmal, un monumento en forma de torre de piedra erguido en el centro de la ciudad en homenaje al Kaiser Wilhelm I, primer emperador alem\u00e1n.<\/p>\n\n\n\n<p>Ambas funcionan como puertas de entrada a los paisajes del Wadden y ofrecen infraestructura para visitantes interesados en un mayor contacto con la naturaleza.<\/p>\n\n\n\n<figure class=\"wp-block-image size-large\"><img decoding=\"async\" width=\"1024\" height=\"768\" src=\"https:\/\/viagemalemanha.com\/wp-content\/uploads\/2026\/01\/longoog-2892791_1280-1024x768.jpg\" alt=\"\" class=\"wp-image-36917\" srcset=\"https:\/\/viagemalemanha.com\/wp-content\/uploads\/2026\/01\/longoog-2892791_1280-1024x768.jpg 1024w, https:\/\/viagemalemanha.com\/wp-content\/uploads\/2026\/01\/longoog-2892791_1280-300x225.jpg 300w, https:\/\/viagemalemanha.com\/wp-content\/uploads\/2026\/01\/longoog-2892791_1280-768x576.jpg 768w, https:\/\/viagemalemanha.com\/wp-content\/uploads\/2026\/01\/longoog-2892791_1280.jpg 1280w\" sizes=\"(max-width: 1024px) 100vw, 1024px\" \/><\/figure>\n\n\n\n<h2 class=\"wp-block-heading\"><strong>Ciudades medievales alemanas<\/strong><\/h2>\n\n\n\n<h3 class=\"wp-block-heading\"><strong>Celle: ciudad conocida por las casas en estilo entramado (Fachwerk)<\/strong><\/h3>\n\n\n\n<p>Celle alberga uno de los conjuntos de <a href=\"https:\/\/viagemalemanha.com\/es\/arquitectura-tipica-y-casas-de-madera-en-alemania\/\" data-type=\"post\" data-id=\"9969\">Fachwerkh\u00e4user<\/a> m\u00e1s densos y mejor conservados de Alemania, con cientos de casas de madera y fachadas pintadas que datan sobre todo de los siglos quince a dieciocho. Las famosas casas entramadas son un m\u00e9todo de construcci\u00f3n que consiste en estructurar las paredes con vigas de madera que encajan entre s\u00ed. Este m\u00e9todo genera esa forma curiosa que conocemos, donde la madera se destaca y aporta esa elegancia y calidez en las ciudades alemanas influenciadas por esta arquitectura.<\/p>\n\n\n\n<p>Para los amantes de la arquitectura, conocer ciudades con estas casas es apreciar la variedad de colores y estilos incluso en medio de un formato \u00abestandarizado\u00bb. Eso es lo que hace que estas casas sean especiales. Actualmente, muchas de estas casas son tiendas, restaurantes y cafeter\u00edas. El centro (Altstadt) mantiene la malla original de callejuelas, plazas y patios, donde tiendas locales, caf\u00e9s y peque\u00f1os museos ocupan edificaciones hist\u00f3ricas bajo protecci\u00f3n del patrimonio.<\/p>\n\n\n\n<figure class=\"wp-block-image size-large\"><img decoding=\"async\" width=\"1024\" height=\"738\" src=\"https:\/\/viagemalemanha.com\/wp-content\/uploads\/2026\/01\/cell-891471_1280-1024x738.jpg\" alt=\"\" class=\"wp-image-36918\" srcset=\"https:\/\/viagemalemanha.com\/wp-content\/uploads\/2026\/01\/cell-891471_1280-1024x738.jpg 1024w, https:\/\/viagemalemanha.com\/wp-content\/uploads\/2026\/01\/cell-891471_1280-300x216.jpg 300w, https:\/\/viagemalemanha.com\/wp-content\/uploads\/2026\/01\/cell-891471_1280-768x553.jpg 768w, https:\/\/viagemalemanha.com\/wp-content\/uploads\/2026\/01\/cell-891471_1280.jpg 1280w\" sizes=\"(max-width: 1024px) 100vw, 1024px\" \/><figcaption class=\"wp-element-caption\">Casas entramadas en la ciudad de Celle<\/figcaption><\/figure>\n\n\n\n<p>El Schloss Celle (Castillo de Celle) es uno de los hitos m\u00e1s importantes de la ciudad: sede de una residencia de los duques de Brunswick-L\u00fcneburg, combina elementos renacentistas y barrocos y alberga hoy el Residenzmuseum, que documenta la historia de la familia Guelfa (<em>Guelph<\/em>) y de la propia regi\u00f3n, un v\u00ednculo directo entre la autoridad pol\u00edtica medieval y la configuraci\u00f3n urbana local.<\/p>\n\n\n\n<figure class=\"wp-block-image size-large\"><img decoding=\"async\" width=\"1024\" height=\"573\" src=\"https:\/\/viagemalemanha.com\/wp-content\/uploads\/2026\/01\/germany-1194116_1280-1024x573.jpg\" alt=\"\" class=\"wp-image-36927\" srcset=\"https:\/\/viagemalemanha.com\/wp-content\/uploads\/2026\/01\/germany-1194116_1280-1024x573.jpg 1024w, https:\/\/viagemalemanha.com\/wp-content\/uploads\/2026\/01\/germany-1194116_1280-300x168.jpg 300w, https:\/\/viagemalemanha.com\/wp-content\/uploads\/2026\/01\/germany-1194116_1280-768x430.jpg 768w, https:\/\/viagemalemanha.com\/wp-content\/uploads\/2026\/01\/germany-1194116_1280.jpg 1280w\" sizes=\"(max-width: 1024px) 100vw, 1024px\" \/><figcaption class=\"wp-element-caption\">Schloss Celle<\/figcaption><\/figure>\n\n\n\n<h3 class=\"wp-block-heading\"><strong>Goslar: antigua ciudad imperial<\/strong><\/h3>\n\n\n\n<p>Goslar conserva el estatus de ciudad imperial del Sacro Imperio Romano Germ\u00e1nico, condici\u00f3n que impuls\u00f3 su desarrollo pol\u00edtico y econ\u00f3mico en la Edad Media. Su historia es visible en plazas y edificios que permeabilizan la ciudad.<\/p>\n\n\n\n<figure class=\"wp-block-image size-large\"><img decoding=\"async\" width=\"1024\" height=\"648\" src=\"https:\/\/viagemalemanha.com\/wp-content\/uploads\/2026\/01\/monument-4189368_1280-1024x648.jpg\" alt=\"\" class=\"wp-image-36928\" srcset=\"https:\/\/viagemalemanha.com\/wp-content\/uploads\/2026\/01\/monument-4189368_1280-1024x648.jpg 1024w, https:\/\/viagemalemanha.com\/wp-content\/uploads\/2026\/01\/monument-4189368_1280-300x190.jpg 300w, https:\/\/viagemalemanha.com\/wp-content\/uploads\/2026\/01\/monument-4189368_1280-768x486.jpg 768w, https:\/\/viagemalemanha.com\/wp-content\/uploads\/2026\/01\/monument-4189368_1280.jpg 1280w\" sizes=\"(max-width: 1024px) 100vw, 1024px\" \/><figcaption class=\"wp-element-caption\">Palacio Imperial de Goslar (Kaiserpfalz Goslar) en Alemania<\/figcaption><\/figure>\n\n\n\n<p>El centro hist\u00f3rico de Goslar, junto con las <strong>Minas de Rammelsberg<\/strong> y el sistema de manejo de agua del Alto Harz, fue inscrito por la UNESCO por representar la larga historia de la miner\u00eda. La designaci\u00f3n destaca el valor del conjunto y su preservaci\u00f3n como testimonio material de la econom\u00eda preindustrial y medieval. Las minas de Rammelsberg, en actividad por m\u00e1s de mil a\u00f1os hasta su desactivaci\u00f3n a finales del siglo veinte, fueron la base de la riqueza de Goslar, la extracci\u00f3n de plata, cobre, zinc y otros minerales financi\u00f3 obras p\u00fablicas, fortaleci\u00f3 gremios y molde\u00f3 la estructura social local.<\/p>\n\n\n\n<figure class=\"wp-block-image size-large\"><img decoding=\"async\" width=\"1024\" height=\"684\" src=\"https:\/\/viagemalemanha.com\/wp-content\/uploads\/2026\/01\/goslar-354225_1280-1024x684.jpg\" alt=\"\" class=\"wp-image-36929\" srcset=\"https:\/\/viagemalemanha.com\/wp-content\/uploads\/2026\/01\/goslar-354225_1280-1024x684.jpg 1024w, https:\/\/viagemalemanha.com\/wp-content\/uploads\/2026\/01\/goslar-354225_1280-300x200.jpg 300w, https:\/\/viagemalemanha.com\/wp-content\/uploads\/2026\/01\/goslar-354225_1280-768x513.jpg 768w, https:\/\/viagemalemanha.com\/wp-content\/uploads\/2026\/01\/goslar-354225_1280.jpg 1280w\" sizes=\"(max-width: 1024px) 100vw, 1024px\" \/><figcaption class=\"wp-element-caption\">Calles de Goslar con casas de entramado<\/figcaption><\/figure>\n\n\n\n<p>Tanto en Celle como en Goslar el trazado urbano medieval permanece legible: <em>calles de adoquines, plazas de mercado y fachadas que preservan inscripciones, escudos y ornamentos<\/em>. La combinaci\u00f3n entre conservaci\u00f3n arquitect\u00f3nica, museos de residencia y miner\u00eda, adem\u00e1s de eventos locales que mantienen tradiciones vivas, crea en Celle y Goslar la sensaci\u00f3n de viajar en el tiempo, presenciando la historia mientras se camina por estas bell\u00edsimas calles en el presente.<\/p>\n\n\n\n<h2 class=\"wp-block-heading\"><strong>Gastronom\u00eda y tradiciones regionales de la Baja Sajonia<\/strong><\/h2>\n\n\n\n<p>La gastronom\u00eda de la Baja Sajonia (<strong>Niedersachsen<\/strong>) est\u00e1 fuertemente marcada por el ciclo de las estaciones y los recursos locales: del Mar del Norte vienen pescados y mariscos y de las llanuras surgen patatas, hortalizas y las codiciadas producciones de esp\u00e1rragos blancos. Mientras que de las \u00e1reas rurales del Harz y de la Heide vienen carnes ahumadas, embutidos y platos de car\u00e1cter r\u00fastico.<br><\/p>\n\n\n\n<h3 class=\"wp-block-heading\"><strong>Tradiciones rurales y fiestas regionales<\/strong><\/h3>\n\n\n\n<p>Fiestas agr\u00edcolas y celebraciones estacionales, como el Stintmarkt, un evento tradicional con origen medieval, donde hist\u00f3ricamente se celebra la pesca de un pez llamado <em>stint<\/em>, y el <em>Erntedankfes<\/em>, la tradicional fiesta del fin de la cosecha en Alemania, celebrada a principios de octubre, mantienen vivas pr\u00e1cticas comunitarias de compartir y consumo local.<\/p>\n\n\n\n<p>Para sentir la regi\u00f3n en la pr\u00e1ctica, se recomienda comer en <strong>Gasth\u00e4user<\/strong> familiares, visitar <strong>Wochenm\u00e4rkte<\/strong> (mercados semanales) y probar pescados ahumados en los quioscos costeros; mercados en ciudades como Celle, Oldenburg o en las localidades portuarias ofrecen contacto directo con productores y productos frescos.&nbsp;<\/p>\n\n\n\n<h2 class=\"wp-block-heading\"><strong>\u00bfPor qu\u00e9 incluir Niedersachsen en un itinerario por Alemania?<\/strong><\/h2>\n\n\n\n<p>El mayor destaque de la regi\u00f3n es saber que encontrar\u00e1s algo que se distancia de lo que se escucha sobre Alemania, la geograf\u00eda de Niedersachsen, con cortas distancias entre playas del Mar del Norte, llanuras y ciudades especiales. Lo que de verdad llama la atenci\u00f3n y se diferencia del resto del pa\u00eds son las regiones de playas, con encuentros generados por el tiempo y paisajes deslumbrantes.<\/p>\n\n\n\n<p>Para visitantes que ya han pasado por M\u00fanich, Berl\u00edn o la Ruta Rom\u00e1ntica, Niedersachsen entrega el lado B de Alemania: herencias hanse\u00e1ticas, patrimonios mineros, el Mar de Wadden y paisajes rurales que ampl\u00edan la comprensi\u00f3n sobre la diversidad cultural y natural del pa\u00eds.<\/p>\n\n\n\n<h2 class=\"wp-block-heading\">Viaja con nosotros y conoce lo mejor de Alemania<\/h2>\n\n\n\n<p>La mejor manera de viajar es con un <a href=\"https:\/\/viagemalemanha.com\/como-o-turismo-personalizado-pode-te-ajudar\/\">itinerario completo, organizado y personalizado<\/a> de acuerdo con tu deseo. De esta manera, podr\u00e1s disfrutar de las rutas m\u00e1s famosas de Alemania y estados sin prisa y conociendo los mejores lugares.<\/p>\n\n\n\n<p>Nuestro equipo vive en la regi\u00f3n y conoce profundamente las rutas, condiciones y eventos estacionales. Trabajamos con <strong>gu\u00edas en espa\u00f1ol acreditados<\/strong>, actuamos con enfoque en seguridad, comodidad y autenticidad, y ofrecemos un soporte completo para hacer que tu viaje sea pr\u00e1ctico, inolvidable y adaptado a tu perfil.<\/p>\n\n\n\n<p><strong>Con una combinaci\u00f3n \u00fanica de historia, cultura, naturaleza y modernidad, Alemania es el destino ideal para tus pr\u00f3ximas vacaciones. <\/strong>Perm\u00edtete descubrir todo lo que este pa\u00eds incre\u00edble tiene para ofrecer.<\/p>\n\n\n\n<p>\u00a1Experimenta viajar con un <a href=\"https:\/\/viagemalemanha.com\/es\/quienes-somos\/\">equipo especializado<\/a> y preparado para presentarte lo mejor de Alemania!<\/p>\n\n\n\n<ul class=\"wp-block-list\">\n<li><a href=\"https:\/\/viagemalemanha.com\/guia-brasileiro-na-alemanha-viagem-alemanha\/\">Paseos guiados personalizados en espa\u00f1ol,<\/a> con gu\u00edas experimentados para que conozcas el castillo y la regi\u00f3n con tranquilidad.<\/li>\n\n\n\n<li>Itinerarios personalizados exclusivos, a medida para ti y tus acompa\u00f1antes de viaje, con todo planeado para disfrutar lo mejor de la regi\u00f3n sin prisa.<\/li>\n\n\n\n<li><a href=\"https:\/\/viagemalemanha.com\/es\/consultoria-de-viaje-para-alemania\/\">Consejos de hospedaje y transporte,<\/a> para que encuentres las mejores opciones en alojamientos y transitar con facilidad, ya sea en autob\u00fas, tren, coche alquilado o transfer.<\/li>\n<\/ul>\n\n\n\n<blockquote class=\"wp-block-quote is-layout-flow wp-block-quote-is-layout-flow\">\n<p>\u00a1Asegura un viaje sin preocupaciones y descubre las principales Rutas, historias y Casas Enxaimel con quienes viven Alemania! Cont\u00e1ctanos:<\/p>\n<\/blockquote>\n","protected":false},"excerpt":{"rendered":"<p>La Baja Sajonia (Niedersachsen) es uno de los estados m\u00e1s grandes y variados de Alemania, que se extiende desde la costa del Mar del Norte hasta las laderas de los Alpes de Harz, e incluye llanuras agr\u00edcolas, turberas, pantanos costeros y ciudades hist\u00f3ricas. La amplitud geogr\u00e1fica hace de Niedersachsen un microcosmos de Alemania: aqu\u00ed los [&hellip;]<\/p>\n","protected":false},"author":2,"featured_media":76663,"comment_status":"open","ping_status":"open","sticky":false,"template":"","format":"standard","meta":{"_acf_changed":false,"tripadvisor_id":"","rating":0,"reviewer_name":"","review_date":"","trip_type":"","helpful_votes":0,"source_url":"","reviewer_gravatar":"","review_type":"","footnotes":""},"categories":[467,508],"tags":[],"class_list":["post-53662","post","type-post","status-publish","format-standard","has-post-thumbnail","hentry","category-sin-categoria","category-lo-mejor-de-alemania"],"acf":[],"_links":{"self":[{"href":"https:\/\/viagemalemanha.com\/es\/wp-json\/wp\/v2\/posts\/53662","targetHints":{"allow":["GET"]}}],"collection":[{"href":"https:\/\/viagemalemanha.com\/es\/wp-json\/wp\/v2\/posts"}],"about":[{"href":"https:\/\/viagemalemanha.com\/es\/wp-json\/wp\/v2\/types\/post"}],"author":[{"embeddable":true,"href":"https:\/\/viagemalemanha.com\/es\/wp-json\/wp\/v2\/users\/2"}],"replies":[{"embeddable":true,"href":"https:\/\/viagemalemanha.com\/es\/wp-json\/wp\/v2\/comments?post=53662"}],"version-history":[{"count":2,"href":"https:\/\/viagemalemanha.com\/es\/wp-json\/wp\/v2\/posts\/53662\/revisions"}],"predecessor-version":[{"id":65244,"href":"https:\/\/viagemalemanha.com\/es\/wp-json\/wp\/v2\/posts\/53662\/revisions\/65244"}],"wp:featuredmedia":[{"embeddable":true,"href":"https:\/\/viagemalemanha.com\/es\/wp-json\/wp\/v2\/media\/76663"}],"wp:attachment":[{"href":"https:\/\/viagemalemanha.com\/es\/wp-json\/wp\/v2\/media?parent=53662"}],"wp:term":[{"taxonomy":"category","embeddable":true,"href":"https:\/\/viagemalemanha.com\/es\/wp-json\/wp\/v2\/categories?post=53662"},{"taxonomy":"post_tag","embeddable":true,"href":"https:\/\/viagemalemanha.com\/es\/wp-json\/wp\/v2\/tags?post=53662"}],"curies":[{"name":"wp","href":"https:\/\/api.w.org\/{rel}","templated":true}]}}