{"id":53749,"date":"2025-10-11T07:00:00","date_gmt":"2025-10-11T10:00:00","guid":{"rendered":"https:\/\/viagemalemanha.com\/?p=53749"},"modified":"2026-01-23T23:22:53","modified_gmt":"2026-01-24T02:22:53","slug":"lendas-de-la-selva-negra-mitos-y-misterios-de-alemania","status":"publish","type":"post","link":"https:\/\/viagemalemanha.com\/es\/lendas-de-la-selva-negra-mitos-y-misterios-de-alemania\/","title":{"rendered":"Lendas de la Selva Negra: mitos y misterios de Alemania"},"content":{"rendered":"\n<p>La <strong>Selva Negra<\/strong>, o <em>Schwarzwald<\/em>, guarda <strong>leyendas misteriosas y mitos antiguos<\/strong> que moldearon la imaginaci\u00f3n alemana. Sus densos bosques, lagos profundos y aldeas envueltas en niebla alimentaron <strong>las leyendas m\u00e1s fascinantes de la Selva Negra<\/strong>, historias que mezclan miedo, magia y moralidad y que siguen vivas hasta hoy.<\/p>\n\n\n\n<figure class=\"wp-block-image size-full is-resized\"><img decoding=\"async\" src=\"https:\/\/viagemalemanha.com\/wp-content\/uploads\/2025\/10\/image.png\" alt=\"Cascada en Triberg\" class=\"wp-image-6122\" style=\"width:840px;height:auto\" \/><figcaption class=\"wp-element-caption\">Cascada en Triberg, en la Selva Negra (Imagen de Marvin Haselbach por Pixabay)<\/figcaption><\/figure>\n\n\n\n<p>M\u00e1s all\u00e1 de los paisajes impresionantes, este territorio monta\u00f1oso fue escenario de <strong>mitos antiguos, cuentos de brujas y apariciones misteriosas<\/strong> que, a lo largo de los siglos, moldearon la cultura local e inspiraron a autores como los <strong>Hermanos Grimm<\/strong>.<\/p>\n\n\n\n<p>En este art\u00edculo, te invitamos a sumergirte en las <strong>leyendas y mitos de la Selva Negra<\/strong>, conocer los lugares donde estas historias nacieron y descubrir sus personajes legendarios que a\u00fan inspiran tradiciones en el sur de Alemania. Prep\u00e1rate para un viaje en el que <strong>lo real y lo imaginario se encuentran en los senderos, aldeas y castillos<\/strong> de la regi\u00f3n.<\/p>\n\n\n\n<h2 class=\"wp-block-heading\" id=\"h-a-magia-e-o-misterio-por-tras-das-lendas-da-floresta-negra\"><strong>La magia y el misterio detr\u00e1s de las leyendas de la Selva Negra<\/strong><\/h2>\n\n\n\n<p>La <strong>Selva Negra<\/strong>, ubicada en el estado alem\u00e1n de <strong>Baden-W\u00fcrttemberg<\/strong>, se extiende por aproximadamente 160 km de norte a sur y ocupa un \u00e1rea de aproximadamente 6.000 km\u00b2. Su punto m\u00e1s alto es el <strong>Feldberg<\/strong>, con 1.493 metros \u2014 el m\u00e1s elevado de Alemania fuera de los Alpes.<\/p>\n\n\n\n<p>M\u00e1s que un destino natural, este territorio es cuna de <strong>mitos alemanes e historias embrujadas de Alemania<\/strong>, que hasta hoy alimentan la imaginaci\u00f3n popular y el turismo cultural en la regi\u00f3n.<\/p>\n\n\n\n<h3 class=\"wp-block-heading\" id=\"h-ambiente-e-a-origem-dos-mitos\"><strong>Ambiente y el origen de los mitos<\/strong><\/h3>\n\n\n\n<p>Los bosques sombr\u00edos, las tierras de brezo envueltas en niebla y las ruinas entre los \u00e1rboles crean un ambiente propicio para la producci\u00f3n y transmisi\u00f3n oral de historias fant\u00e1sticas y sombr\u00edas. Desde tiempos inmemoriales, los habitantes locales atribuyen a estos espacios la presencia de esp\u00edritus del bosque, guardianes y figuras sobrenaturales.<\/p>\n\n\n\n<p>Esta conexi\u00f3n entre el paisaje local y los mitos ha moldeado importantes tradiciones culturales. Muchos cuentos de los Hermanos Grimm fueron influenciados por la aura oscura y densa de la <a href=\"https:\/\/viagemalemanha.com\/es\/la-encantadora-selva-negra\/\">Selva Negra<\/a>, incluso cuando no est\u00e1n expl\u00edcitamente ambientados all\u00ed. La <a href=\"https:\/\/viagemalemanha.com\/es\/ruta-de-los-cuentos-de-hadas-viaje-alemania-entrevista\/\">Ruta de los Cuentos de Hadas<\/a> es ideal para quienes desean conocer m\u00e1s sobre los hermanos Grimm en Alemania.<\/p>\n\n\n\n<p>Entre los ejemplos m\u00e1s conocidos est\u00e1n <strong>Hansel y Gretel<\/strong>, cuya historia de los ni\u00f1os perdidos y la bruja en el bosque parece derivar de narrativas orales del sur de Alemania, la historia de <strong>Caperucita Roja<\/strong>, que incorpora la amenaza de lobos y la densidad de los bosques del Schwarzwald, y la historia de <strong>Rapunzel<\/strong>, cuyas torres aisladas y casas escondidas se inspiran en ruinas medievales encontradas en la regi\u00f3n.&nbsp;<\/p>\n\n\n\n<h2 class=\"wp-block-heading\" id=\"h-lendas-mais-famosas-e-mitos-populares-da-floresta-negra\">Las leyendas m\u00e1s famosas y mitos populares de la Selva Negra<\/h2>\n\n\n\n<p><a href=\"https:\/\/viagemalemanha.com\/es\/la-encantadora-selva-negra\/\">La Selva Negra (Schwarzwald)<\/a> ha producido y acumulado, a lo largo de los siglos, un rico conjunto de historias, desde revenants y esp\u00edritus a la orilla de lagos hasta caballeros oscuros y apariciones en las ruinas de castillos. <\/p>\n\n\n\n<p>La presencia de cuentos de caballeros sin cabeza, damas blancas y seres que se alimentan de restos mortales refleja tanto miedos hist\u00f3ricos (guerra, peste, injusticia) como la tendencia humana a personificar lo desconocido. Todas estas leyendas aparecen en variantes locales, a veces con nombres y detalles diferentes, pero repiten temas centrales: p\u00e9rdida, advertencia y justicia sobrenatural.<\/p>\n\n\n\n<h3 class=\"wp-block-heading\" id=\"h-o-cavaleiro-sem-cabeca-da-floresta-negra\"><strong>El Caballero sin Cabeza de la Selva Negra<\/strong><\/h3>\n\n\n\n<p>La figura del <strong>Kopfloser Reiter<\/strong> (caballero sin cabeza) es muy com\u00fan en las tradiciones germ\u00e1nicas. Se trata de un caballero o soldado que, por motivos que var\u00edan normalmente entre crimen, ejecuci\u00f3n o maldici\u00f3n, vaga sin la cabeza busc\u00e1ndola, o anunciando tragedia.&nbsp;<\/p>\n\n\n\n<p>Es un mito atestiguado en las colecciones de leyendas germ\u00e1nicas y comparable al Dullahan irland\u00e9s y a versiones folcl\u00f3ricas en otros pa\u00edses. En las variantes del Schwarzwald, el caballero sin cabeza est\u00e1 frecuentemente conectado a batallas locales o a caballeros traicionados que buscan reparar una ofensa.&nbsp;<\/p>\n\n\n\n<figure class=\"wp-block-image size-full is-resized\"><img decoding=\"async\" src=\"https:\/\/viagemalemanha.com\/wp-content\/uploads\/2025\/10\/castle-2694027_640.jpg\" alt=\"Castillo Lichtestein\" class=\"wp-image-6115\" style=\"width:840px;height:auto\" \/><figcaption class=\"wp-element-caption\">Castillo Lichtestein en la Selva Negra (Imagen de Osman Z\u00f6llner por Pixabay) <\/figcaption><\/figure>\n\n\n\n<p>La historia funciona como met\u00e1fora para el miedo a la guerra, al saqueo y al castigo sobrenatural por cr\u00edmenes graves \u2014 algo com\u00fan en el per\u00edodo medieval. Gu\u00edas locales y compilaciones de sagas del Schwarzwald registran versiones en las que la aparici\u00f3n precede accidentes en caminos o conflictos, lo que explica la longevidad de la leyenda en las memorias comunitarias.<a href=\"https:\/\/de.wikipedia.org\/wiki\/Kopfloser_Reiter?utm_source=chatgpt.com\" target=\"_blank\" rel=\"noopener\">&nbsp;<\/a><\/p>\n\n\n\n<h3 class=\"wp-block-heading\" id=\"h-a-dama-branca-de-ebersbach\"><strong>La Dama Blanca de Ebersbach<\/strong><\/h3>\n\n\n\n<p>La leyenda de la <strong>Dama Blanca<\/strong> (<em>Wei\u00dfe Frau<\/em>) est\u00e1 ampliamente difundida en Alemania, de hecho, varias fortalezas y capillas tienen su propia historia local sobre la \u00abWei\u00dfe Frau\u00bb. En l\u00edneas generales, la dama de blanco es siempre el fantasma de una mujer que vaga vestida de blanco, mientras que los motivos y significados de su aparici\u00f3n var\u00edan.<\/p>\n\n\n\n<p>En algunas versiones, simboliza un presagio, apareciendo antes de muertes o desgracias, y en otras, encarna narrativas de mujeres v\u00edctimas de tragedias que no encontraron descanso. Las razones que explican su viaje como alma errante incluyen normalmente cr\u00edmenes, tragedias familiares o castigos divinos.<\/p>\n\n\n\n<h2 class=\"wp-block-heading\" id=\"h-personagens-miticos-e-criaturas-lendarias-da-floresta-negra-schwarzwald\"><strong>Personajes m\u00edticos y criaturas legendarias de la Selva Negra (Schwarzwald)<\/strong><\/h2>\n\n\n\n<p>Adem\u00e1s de las historias individuales, el folclore del Schwarzwald es rico en personajes m\u00edticos que aparecen repetidamente: desde kobolds (esp\u00edritus traviesos) hasta brujas perseguidas hist\u00f3ricamente y relatos de hombres lobo. Gu\u00edas tur\u00edsticas y colecciones de <em>Sagen<\/em> (leyendas) reconstruyen estas figuras para el p\u00fablico visitante, especialmente en verano, cuando senderos y atractivos hist\u00f3ricos son m\u00e1s accesibles.<a href=\"https:\/\/en.wikipedia.org\/wiki\/Kobold?utm_source=chatgpt.com\" target=\"_blank\" rel=\"noopener\">&nbsp;<\/a><\/p>\n\n\n\n<p>Muchos de estos personajes han migrado a la cultura pop, en juegos, series y novelas, y son muy populares. Probablemente reconocer\u00e1s algunos de ellos a continuaci\u00f3n.<a href=\"https:\/\/en.wikipedia.org\/wiki\/Kobold?utm_source=chatgpt.com\" target=\"_blank\" rel=\"noopener\">&nbsp;<\/a><\/p>\n\n\n\n<h3 class=\"wp-block-heading\" id=\"h-os-kobolds-os-espiritos-travessos-das-minas\"><strong>Los Kobolds \u2013 Los Esp\u00edritus Traviesos de las Minas<\/strong><\/h3>\n\n\n\n<p>Los kobolds son esp\u00edritus del folclore germ\u00e1nico asociados tanto a las casas (ayudando o haciendo travesuras) como a las minas (donde eran vistos como peque\u00f1os seres que confund\u00edan a los mineros o indicaban vetas). La tradici\u00f3n documentada por Jacob y Wilhelm Grimm y por estudiosos posteriores muestra la amplitud del motivo: de ayudantes benevolentes a entidades peligrosas si se descuidan.<a href=\"https:\/\/en.wikipedia.org\/wiki\/Kobold?utm_source=chatgpt.com\" target=\"_blank\" rel=\"noopener\">&nbsp;<\/a><\/p>\n\n\n\n<h3 class=\"wp-block-heading\" id=\"h-bruxas-e-feiticeiras-o-medo-e-a-perseguicao\"><strong>Brujas y Hechiceras \u2013 El Miedo y la Persecuci\u00f3n<\/strong><\/h3>\n\n\n\n<p>Las brujas forman parte de la imaginaci\u00f3n del sur de Alemania. Entre los siglos XVI y XVII hubo oleadas de juicios por brujer\u00eda que afectaron ampliamente la regi\u00f3n su\u00e1bica y el suroeste, incluyendo \u00e1reas de lo que hoy es Baden-W\u00fcrttemberg. Registros hist\u00f3ricos, incluyendo estudios regionales, documentan juicios y ejecuciones, mostrando que las leyendas son, en muchos casos, ecos de tragedias reales, de persecuciones motivadas por crisis sociales, miedo y mecanismos de control.<\/p>\n\n\n\n<p>Hoy, parte de este legado se recuerda en celebraciones y tradiciones locales, como los <a href=\"https:\/\/viagemalemanha.com\/es\/festivales-y-eventos-culturales-en-la-selva-negra-tradicion-colores-y-sabores-a-lo-largo-del-ano\/\">festivales y eventos culturales en la Selva Negra<\/a>, que mantienen viva la memoria y el simbolismo de estas historias.<\/p>\n\n\n\n<p>A medida que los cuentos populares, por ejemplo, los de los Hermanos Grimm, fueron incorporando figuras de brujas y casas en el bosque, especialmente el cuento de la bruja de <em>Hansel y Gretel<\/em>, la memoria colectiva adapt\u00f3 estas im\u00e1genes: la bruja pas\u00f3 a ser tanto una figura utilizada para educar a los ni\u00f1os y hacer que obedecieran, como un s\u00edmbolo de exclusi\u00f3n social. Algo que es discutido por historiadores y presentado en exposiciones locales sobre el per\u00edodo de las persecuciones a las brujas.<\/p>\n\n\n\n<h3 class=\"wp-block-heading\" id=\"h-o-lobisomem-da-floresta-negra\"><strong>El Hombre Lobo de la Selva Negra<\/strong><\/h3>\n\n\n\n<p>Relatos regionales registran versiones de <strong>hombres lobo<\/strong> y metamorfosis humanas (por ejemplo, el relato tradicional \u201cDer Werwolf in Thummlingen\u201d en las colecciones de <em>Schwarzwaldsagen<\/em>). La figura del hombre lobo puede representar explicaciones pre-cient\u00edficas para violencia inexplicada, ataques de animales o cambios de comportamiento atribuidos a \u201cmaldiciones\u201d.<\/p>\n\n\n\n<h2 class=\"wp-block-heading\" id=\"h-a-influencia-das-lendas-da-floresta-negra-nos-contos-de-fadas\"><strong>La influencia de las leyendas de la Selva Negra en los cuentos de hadas<\/strong><\/h2>\n\n\n\n<p>La obra de los Hermanos Grimm naci\u00f3 de la recopilaci\u00f3n de tradiciones orales de varias regiones de Alemania, y muchas de estas narrativas reflejan directamente paisajes como la Selva Negra, que proporcion\u00f3 escenarios, im\u00e1genes y motivos, como ruinas, senderos, lagos profundos, para la imaginaci\u00f3n de los cuentos.&nbsp;<\/p>\n\n\n\n<p>Por ejemplo, la investigaci\u00f3n y el acervo de la <em>Grimmwelt<\/em> y de la colecci\u00f3n de la ciudad de Kassel documentan este trabajo y las fuentes populares utilizadas por los hermanos Grimm.<a href=\"https:\/\/www.grimmwelt.de\/de\/?utm_source=chatgpt.com\" target=\"_blank\" rel=\"noopener\"> <\/a>Las correspondencias y asociaciones con la Selva Negra aparecen tanto en las notas de los Grimm como en estudios y rutas de turismo cultural.<a href=\"https:\/\/en.wikipedia.org\/wiki\/Hansel_and_Gretel?utm_source=chatgpt.com\" target=\"_blank\" rel=\"noopener\">&nbsp;<\/a><\/p>\n\n\n\n<p>Cuentos que circulaban oralmente entre campesinos y habitantes de las regiones forestales y fueron registrados en versiones que preservaron elementos geogr\u00e1ficos y sociales, como el hambre, la necesidad frecuente de cambio en busca de mejores condiciones y el aislamiento.&nbsp;<\/p>\n\n\n\n<h3 class=\"wp-block-heading\" id=\"h-joao-e-maria-a-realidade-por-tras-do-conto\"><strong>Hansel y Gretel \u2013 La Realidad Detr\u00e1s del Cuento<\/strong><\/h3>\n\n\n\n<p>El cuento H\u00e4nsel und Gretel (Hansel y Gretel) traduce miedos concretos de hambre y abandono, en im\u00e1genes de ni\u00f1os perdidos en el bosque que caen en una casa-trampa, acontecimientos bien conocidos en las \u00e1reas rurales de Alemania, incluyendo el Schwarzwald, donde relatos folcl\u00f3ricos locales e interpretaciones posteriores vinculan la narrativa al contexto de escasez y crisis. La versi\u00f3n de los Grimm y sus notas documentales son referencia para esta lectura.<a href=\"https:\/\/en.wikipedia.org\/wiki\/Hansel_and_Gretel?utm_source=chatgpt.com\" target=\"_blank\" rel=\"noopener\">&nbsp;<\/a><\/p>\n\n\n\n<figure class=\"wp-block-image size-full is-resized\"><img decoding=\"async\" src=\"https:\/\/viagemalemanha.com\/wp-content\/uploads\/2025\/10\/hansel-and-gretel-551317_640.jpg\" alt=\"\" class=\"wp-image-6118\" style=\"width:840px;height:auto\" \/><figcaption class=\"wp-element-caption\">La imagen muestra una escena de la&nbsp;<strong>N\u00fcrnberger Kinderweihnacht<\/strong>, la feria de Navidad infantil de Nuremberg, Alemania.&nbsp;Una secci\u00f3n del famoso mercado de Navidad de Nuremberg (Christkindlesmarkt) dedicada a los ni\u00f1os.  (Imagen de&nbsp;G.C.&nbsp;por&nbsp;Pixabay)<\/figcaption><\/figure>\n\n\n\n<h3 class=\"wp-block-heading\" id=\"h-chapeuzinho-vermelho-o-medo-dos-lobos-na-floresta\"><strong>Caperucita Roja \u2013 El Miedo a los Lobos en el Bosque<\/strong><\/h3>\n\n\n\n<p>Rotk\u00e4ppchen (Caperucita Roja) preserva el arquetipo del peligro del camino, del encuentro con el depredador y de la lecci\u00f3n para los ni\u00f1os. Aunque tiene versiones anteriores europeas, la versi\u00f3n de los Grimm conserva rasgos del folclore alem\u00e1n y de la tradici\u00f3n oral rural donde la figura del lobo era real y temida. Esto explica por qu\u00e9 el cuento \u201cse asienta\u201d tan bien en paisajes como la Selva Negra.<a href=\"https:\/\/de.wikipedia.org\/wiki\/Rotk%C3%A4ppchen?utm_source=chatgpt.com\" target=\"_blank\" rel=\"noopener\">&nbsp;<\/a><\/p>\n\n\n\n<figure class=\"wp-block-image size-full is-resized\"><img decoding=\"async\" src=\"https:\/\/viagemalemanha.com\/wp-content\/uploads\/2025\/10\/fairy-tale-90846_640.jpg\" alt=\"Wolfsbrunnen\" class=\"wp-image-6116\" style=\"width:840px;height:auto\" \/><figcaption class=\"wp-element-caption\">\u00abWolfsbrunnen\u00bb (Fuente del Lobo) en M\u00fanich, Caperucita Roja y el lobo malo (Imagen de Wolfram Strachwitz por Pixabay)<\/figcaption><\/figure>\n\n\n\n<h3 class=\"wp-block-heading\" id=\"h-a-bela-adormecida-castelos-encantados-e-magia\"><strong>La Bella Durmiente \u2013 Castillos Encantados y Magia<\/strong><\/h3>\n\n\n\n<p>Dornr\u00f6schen (La Bella Durmiente) mezcla motivos de castillos aislados, espinosos jardines y sue\u00f1o encantado, im\u00e1genes que se armonizan con la presencia de castillos medievales y ruinas en medio de la densa vegetaci\u00f3n del suroeste alem\u00e1n.&nbsp;<\/p>\n\n\n\n<figure class=\"wp-block-image size-full is-resized\"><img decoding=\"async\" src=\"https:\/\/viagemalemanha.com\/wp-content\/uploads\/2025\/10\/sleeping-beauty-6871021_640.jpg\" alt=\"Dornr\u00f6schen\" class=\"wp-image-6117\" style=\"width:840px;height:auto\" \/><figcaption class=\"wp-element-caption\">Dornr\u00f6schen (Imagen de&nbsp;Sven Suchan por&nbsp;Pixabay)<\/figcaption><\/figure>\n\n\n\n<p>Las notas comparativas de los Grimm indican fuentes regionales e inspiraci\u00f3n en otras obras literarias, pero la poblaci\u00f3n local r\u00e1pidamente lig\u00f3 el cuento a paisajes de bosques y fortalezas. <\/p>\n\n\n\n<h3 class=\"wp-block-heading\" id=\"h-rapunzel-e-a-torre-escondida-na-floresta\"><strong>Rapunzel y la Torre Escondida en el Bosque<\/strong><\/h3>\n\n\n\n<p>La historia de Rapunzel atrapada en la torre y sus largos cabellos contiene elementos muy comunes en la regi\u00f3n: la torre aislada, el bosque alrededor, la vigilancia femenina, que encuentran paralelos en leyendas locales sobre doncellas encerradas en fortalezas o torres.&nbsp;<\/p>\n\n\n\n<p>Aunque el origen del cuento es multi-regional, la ambientaci\u00f3n en bosques remotos encaja bien en la geograf\u00eda de la Selva Negra. De hecho, las versiones estudiadas por los Grimm mencionan claramente torres y bosques como escenario de la acci\u00f3n.<a href=\"https:\/\/de.wikipedia.org\/wiki\/Rapunzel?utm_source=chatgpt.com\" target=\"_blank\" rel=\"noopener\">&nbsp;<\/a><\/p>\n\n\n\n<h2 class=\"wp-block-heading\" id=\"h-como-as-lendas-da-floresta-negra-inspiram-o-cinema-e-a-cultura-pop-alema\"><strong>C\u00f3mo las leyendas de la Selva Negra inspiran el cine y la cultura pop alemana<\/strong><\/h2>\n\n\n\n<p>Las leyendas de la Selva Negra han tenido una larga vida m\u00e1s all\u00e1 de las tradiciones orales: inspiraron pel\u00edculas, series, juegos y la literatura contempor\u00e1nea.<\/p>\n\n\n\n<h3 class=\"wp-block-heading\" id=\"h-filmes-e-series-inspirados-no-folclore-da-floresta-negra\"><strong>Pel\u00edculas y Series Inspiradas en el Folclore de la Selva Negra<\/strong><\/h3>\n\n\n\n<p>El cine alem\u00e1n ha producido pel\u00edculas que exploran el ambiente y las tradiciones de la Selva Negra. Por ejemplo, producciones como <em>The Black Forest Girl<\/em>, una adaptaci\u00f3n cinematogr\u00e1fica de 1950 de la famosa opereta de Leon Jessel, de 1917, dirigida por Hans Deppe.&nbsp;<\/p>\n\n\n\n<p>La trama sigue el romance entre la joven B\u00e4rbele, hija de un guardabosques de la Selva Negra, y un pintor venido de fuera. La pel\u00edcula mezcla m\u00fasica, costumbres regionales y una visi\u00f3n idealizada de la vida rural de la Selva Negra. Y fue un gran \u00e9xito en la Alemania de posguerra, ayudando a proyectar internacionalmente una visi\u00f3n m\u00e1s rom\u00e1ntica de la Selva Negra.<\/p>\n\n\n\n<h4 class=\"wp-block-heading\" id=\"h-documentarios-e-series\"><strong>Documentales y series<\/strong><\/h4>\n\n\n\n<p>Documentales y series de viaje, por ejemplo, producciones sobre senderos como el <em>Westweg<\/em>, donde es posible ver paisajes y la vida cotidiana de los senderistas en la Selva Negra. Adem\u00e1s, el documental recupera leyendas, puntos m\u00edticos e historias de aldeas a lo largo del camino, convirtiendo el folclore regional en material de inter\u00e9s para turistas y espectadores interesados en cultura y aventura. <\/p>\n\n\n\n<p>Entre las series, podemos citar como ejemplo Die Schwarzwaldklinik, un fen\u00f3meno de la televisi\u00f3n alemana en los a\u00f1os 80, que utiliz\u00f3 escenarios de la Selva Negra, como fachadas, vistas del valle y aldeas cercanas, para construir un escenario visual que se convirti\u00f3, \u00e9l mismo, en objeto de peregrinaci\u00f3n televisiva.&nbsp;<\/p>\n\n\n\n<h3 class=\"wp-block-heading\" id=\"h-literatura-moderna-e-fantasia-baseada-em-lendas-alemas\"><strong>Literatura Moderna y Fantas\u00eda Basada en Leyendas Alemanas<\/strong><\/h3>\n\n\n\n<p>En el campo literario, destaca la novela g\u00f3tica \u201cThe Necromancer; or, The Tale of the Black Forest\u201d, publicada en 1794 por Karl Friedrich Kahlert (bajo el seud\u00f3nimo Lawrence Flammenberg). Considerada una de las \u201cnovelas horrendas\u201d citadas por Jane Austen (escritora inglesa, considerada una de las m\u00e1s grandes novelistas de la literatura occidental), en Northanger Abbey, la obra re\u00fane narrativas que combinan apariciones, violencia y necromancia, ambientadas en la propia Selva Negra.<\/p>\n\n\n\n<h2 class=\"wp-block-heading\" id=\"h-a-floresta-negra-onde-o-passado-e-o-mito-se-encontram\"><strong>La Selva Negra: donde el pasado y el mito se encuentran<\/strong><\/h2>\n\n\n\n<p>La Selva Negra es un lugar donde naturaleza, historia y tradici\u00f3n se encuentran. Sus paisajes marcados por monta\u00f1as, valles y lagos inspiraron innumerables leyendas y cuentos populares, que hasta hoy alimentan la imaginaci\u00f3n colectiva y forman parte de la identidad cultural de Alemania.<\/p>\n\n\n\n<p>Visitar la Selva Negra es m\u00e1s que un viaje: es caminar por los mismos escenarios que inspiraron historias, sentir la atm\u00f3sfera m\u00edstica de sus senderos y sumergirse en un patrimonio vivo \u2014 donde el pasado y el mito contin\u00faan cruz\u00e1ndose.<\/p>\n\n\n\n<p><strong>\u00bfQuieres vivir todo esto de cerca?<\/strong><\/p>\n\n\n\n<p>Ofrecemos <a href=\"https:\/\/viagemalemanha.com\/como-o-turismo-personalizado-pode-te-ajudar\/\">itinerarios personalizados exclusivos<\/a>, planeados a medida para que explores lo mejor de la regi\u00f3n con comodidad y tiempo para disfrutar cada detalle.<\/p>\n\n\n\n<p>Tambi\u00e9n ayudamos con <a href=\"https:\/\/viagemalemanha.com\/es\/consultoria-de-viaje-para-alemania\/\">consejos de alojamiento y transporte<\/a>, para que encuentres alojamientos ideales y te desplaces con facilidad, ya sea en tren, coche o transfer privado.<\/p>\n\n\n\n<p><a href=\"https:\/\/viagemalemanha.com\/es\/consultoria-de-viaje-para-alemania\/\">Ponte en contacto con nuestro equipo especializado en viajes por Alemania<\/a> y descubre c\u00f3mo transformar tu visita a la Selva Negra en una experiencia inolvidable.<\/p>\n\n\n\n<p><\/p>\n","protected":false},"excerpt":{"rendered":"<p>La Selva Negra, o Schwarzwald, guarda leyendas misteriosas y mitos antiguos que moldearon la imaginaci\u00f3n alemana. Sus densos bosques, lagos profundos y aldeas envueltas en niebla alimentaron las leyendas m\u00e1s fascinantes de la Selva Negra, historias que mezclan miedo, magia y moralidad y que siguen vivas hasta hoy. M\u00e1s all\u00e1 de los paisajes impresionantes, este [&hellip;]<\/p>\n","protected":false},"author":2,"featured_media":54565,"comment_status":"open","ping_status":"open","sticky":false,"template":"","format":"standard","meta":{"_acf_changed":false,"tripadvisor_id":"","rating":0,"reviewer_name":"","review_date":"","trip_type":"","helpful_votes":0,"source_url":"","reviewer_gravatar":"","review_type":"","footnotes":""},"categories":[477],"tags":[],"class_list":["post-53749","post","type-post","status-publish","format-standard","has-post-thumbnail","hentry","category-destino-del-mes"],"acf":[],"_links":{"self":[{"href":"https:\/\/viagemalemanha.com\/es\/wp-json\/wp\/v2\/posts\/53749","targetHints":{"allow":["GET"]}}],"collection":[{"href":"https:\/\/viagemalemanha.com\/es\/wp-json\/wp\/v2\/posts"}],"about":[{"href":"https:\/\/viagemalemanha.com\/es\/wp-json\/wp\/v2\/types\/post"}],"author":[{"embeddable":true,"href":"https:\/\/viagemalemanha.com\/es\/wp-json\/wp\/v2\/users\/2"}],"replies":[{"embeddable":true,"href":"https:\/\/viagemalemanha.com\/es\/wp-json\/wp\/v2\/comments?post=53749"}],"version-history":[{"count":1,"href":"https:\/\/viagemalemanha.com\/es\/wp-json\/wp\/v2\/posts\/53749\/revisions"}],"predecessor-version":[{"id":54566,"href":"https:\/\/viagemalemanha.com\/es\/wp-json\/wp\/v2\/posts\/53749\/revisions\/54566"}],"wp:featuredmedia":[{"embeddable":true,"href":"https:\/\/viagemalemanha.com\/es\/wp-json\/wp\/v2\/media\/54565"}],"wp:attachment":[{"href":"https:\/\/viagemalemanha.com\/es\/wp-json\/wp\/v2\/media?parent=53749"}],"wp:term":[{"taxonomy":"category","embeddable":true,"href":"https:\/\/viagemalemanha.com\/es\/wp-json\/wp\/v2\/categories?post=53749"},{"taxonomy":"post_tag","embeddable":true,"href":"https:\/\/viagemalemanha.com\/es\/wp-json\/wp\/v2\/tags?post=53749"}],"curies":[{"name":"wp","href":"https:\/\/api.w.org\/{rel}","templated":true}]}}