{"id":53790,"date":"2025-10-08T20:02:55","date_gmt":"2025-10-08T23:02:55","guid":{"rendered":"https:\/\/viagemalemanha.com\/?p=53790"},"modified":"2026-02-10T18:43:52","modified_gmt":"2026-02-10T21:43:52","slug":"que-llevar-en-un-viaje-a-alemania-en-invierno","status":"publish","type":"post","link":"https:\/\/viagemalemanha.com\/es\/que-llevar-en-un-viaje-a-alemania-en-invierno\/","title":{"rendered":"\u00bfQu\u00e9 llevar en un viaje a Alemania en invierno?"},"content":{"rendered":"\n<script type=\"application\/ld+json\">\n{\n  \"@context\": \"https:\/\/schema.org\",\n  \"@type\": \"FAQPage\",\n  \"mainEntity\": [\n    {\n      \"@type\": \"Question\",\n      \"name\": \"\u00bfC\u00f3mo es el invierno en Alemania?\",\n      \"acceptedAnswer\": {\n        \"@type\": \"Answer\",\n        \"text\": \"El invierno alem\u00e1n es fr\u00edo, con temperaturas medias entre 2 \u00b0C y 4 \u00b0C y posibilidad de nieve, especialmente en las regiones del Sur y en los Alpes.\"\n      }\n    },\n    {\n      \"@type\": \"Question\",\n      \"name\": \"\u00bfQu\u00e9 llevar en la maleta para el invierno en Alemania?\",\n      \"acceptedAnswer\": {\n        \"@type\": \"Answer\",\n        \"text\": \"Lleva ropa en capas: segunda piel t\u00e9rmica, forro polar y abrigo impermeable, adem\u00e1s de accesorios de fr\u00edo como guantes, gorro y bufanda.\"\n      }\n    },\n    {\n      \"@type\": \"Question\",\n      \"name\": \"\u00bfD\u00f3nde suele nevar en Alemania?\",\n      \"acceptedAnswer\": {\n        \"@type\": \"Answer\",\n        \"text\": \"La nieve es m\u00e1s frecuente en el Sur, especialmente en Baviera, en los Alpes B\u00e1varos y en la Selva Negra.\"\n      }\n    },\n    {\n      \"@type\": \"Question\",\n      \"name\": \"\u00bfCu\u00e1ntas horas de luz hay por d\u00eda en el invierno alem\u00e1n?\",\n      \"acceptedAnswer\": {\n        \"@type\": \"Answer\",\n        \"text\": \"En diciembre, hay alrededor de 8 horas de luz solar, con el sol saliendo a las 9h y poni\u00e9ndose a las 16h30, dependiendo de la ciudad.\"\n      }\n    },\n    {\n      \"@type\": \"Question\",\n      \"name\": \"\u00bfQu\u00e9 es Gem\u00fctlichkeit?\",\n      \"acceptedAnswer\": {\n        \"@type\": \"Answer\",\n        \"text\": \"Es el esp\u00edritu alem\u00e1n de la calidez: valorar la comodidad y la convivencia incluso en el fr\u00edo, en caf\u00e9s y reuniones familiares.\"\n      }\n    }\n  ]\n}\n<\/script>\n\n\n\n<p>\u00bfVas a viajar a Alemania en invierno y no sabes qu\u00e9 poner en la maleta? Las temperaturas bajo cero, los d\u00edas cortos y la posibilidad de nieve hacen que esta \u00e9poca del a\u00f1o sea encantadora, pero tambi\u00e9n desafiante para quienes vienen de Am\u00e9rica Latina.<\/p>\n\n\n\n<figure class=\"wp-block-image size-full is-resized\"><img decoding=\"async\" src=\"https:\/\/viagemalemanha.com\/wp-content\/uploads\/2025\/10\/christmas-market-4705878_640.jpg\" alt=\"Mercado de Navidad en Frankfurt, Alemania.\" class=\"wp-image-6003\" style=\"width:840px;height:auto\"\/><figcaption class=\"wp-element-caption\">Mercado de Navidad en Frankfurt, Alemania. Uno de los mayores eventos del invierno alem\u00e1n. (Imagen de&nbsp;Chris Spencer-Payne&nbsp;de Pixabay)<\/figcaption><\/figure>\n\n\n\n<p>El invierno alem\u00e1n (y europeo en general) es una realidad completamente diferente del invierno latino, con <em>temperaturas bajo cero, d\u00edas cortos y posibilidad de nieve<\/em>, especialmente en el Sur y en regiones m\u00e1s altas. Las medias nacionales en invierno en Alemania (diciembre a febrero) oscilan entre 2\u202f\u00b0C y 4\u202f\u00b0C.<\/p>\n\n\n\n<p>Por lo tanto, para quienes vienen de Am\u00e9rica Latina, es esencial <strong>preparar una maleta inteligente<\/strong>. M\u00e1s que llenar el equipaje de abrigos, el secreto est\u00e1 en adoptar el sistema de <strong>capas de ropa<\/strong>, combinando <strong>prendas t\u00e9rmicas, cortavientos e impermeables<\/strong> para lidiar con el fr\u00edo europeo y las <strong>temperaturas bajo cero<\/strong> del invierno en Alemania.<\/p>\n\n\n\n<p>Esta elecci\u00f3n garantiza comodidad durante los paseos y reduce el volumen del equipaje \u2014 ideal para quienes van a circular entre ciudades como <a href=\"https:\/\/viagemalemanha.com\/es\/5-consejos-de-paseos-en-berlin-que-se-alejan-de-lo-convencional\/\">Berl\u00edn<\/a>, <a href=\"https:\/\/viagemalemanha.com\/es\/5-atracciones-especiales-en-munich\/\">M\u00fanich<\/a> o la <a href=\"https:\/\/viagemalemanha.com\/es\/la-encantadora-selva-negra\/\">Selva Negra<\/a>.<\/p>\n\n\n\n<p>Nuestro equipo, formado por <strong>gu\u00edas latninos que viven en Alemania<\/strong>, ha preparado esta gu\u00eda pr\u00e1ctica basada en la experiencia real de quienes enfrentan el fr\u00edo europeo cada a\u00f1o. Entender\u00e1s c\u00f3mo es el invierno alem\u00e1n, qu\u00e9 ropa realmente hace la diferencia, qu\u00e9 incluir en la maleta y consejos pr\u00e1cticos de quienes viven en Alemania o ya han viajado por el pa\u00eds en esta \u00e9poca. \u00a1Aprovecha \u2014 tu planificaci\u00f3n comienza ahora!<\/p>\n\n\n\n<h2 class=\"wp-block-heading\" id=\"h-como-e-o-inverno-na-alemanha-frio-neve-e-temperaturas-medias\"><strong> C\u00f3mo es el invierno en Alemania: fr\u00edo, nieve y temperaturas medias<\/strong><\/h2>\n\n\n\n<p>Hace mucho fr\u00edo en toda Alemania en invierno, pero dependiendo de la regi\u00f3n del pa\u00eds que pretendas visitar, las condiciones clim\u00e1ticas cambian de forma significativa. Consulta los siguientes consejos, para no ser sorprendido.<\/p>\n\n\n\n<h3 class=\"wp-block-heading\" id=\"h-temperaturas-medias-por-regiao\"><strong>Temperaturas medias por regi\u00f3n<\/strong><\/h3>\n\n\n\n<ul class=\"wp-block-list\">\n<li><strong>Sur (<a href=\"https:\/\/viagemalemanha.com\/es\/las-principales-ciudades-de-baviera-en-alemania\/\">Baviera<\/a>, Baden\u2011W\u00fcrttemberg y <a href=\"https:\/\/viagemalemanha.com\/es\/los-alpes\/\">Alpes<\/a>):<\/strong> es la regi\u00f3n m\u00e1s fr\u00eda del pa\u00eds, con una media de <strong>1,8\u202f\u00b0C<\/strong> en invierno y mayor frecuencia de nieve, especialmente en las \u00e1reas alpinas y la Ruta Rom\u00e1ntica. Ciudades como M\u00fanich pueden registrar m\u00ednimas muy por debajo de cero, convirti\u00e9ndose en destinos perfectos para deportes de nieve.<br><\/li>\n\n\n\n<li><strong>Centro y Este (Berl\u00edn, Sajonia, Turingia):<\/strong> medias entre <strong>2,2\u202f\u00b0C y 2,9\u202f\u00b0C<\/strong>, con mayor amplitud t\u00e9rmica y variaciones m\u00e1s acentuadas, pudiendo llegar a heladas intensas y d\u00edas muy fr\u00edos.<br><\/li>\n\n\n\n<li><strong>Norte y litoral (Hamburgo, Bremen, Schleswig\u2011Holstein):<\/strong> en estas regiones los inviernos son m\u00e1s suaves y h\u00famedos, con temperaturas generalmente cercanas a 1\u202f\u00b0C o inferiores, pero sin ca\u00eddas bruscas. Adem\u00e1s, la influencia mar\u00edtima reduce la posibilidad de nieve persistente.<\/li>\n<\/ul>\n\n\n\n<p><em>\u00bfQuieres seguir la previsi\u00f3n y temperaturas medias de Alemania?<br>Consulta el <a href=\"https:\/\/www.dwd.de\/DE\/Home\/home_node.html\" target=\"_blank\" rel=\"noreferrer noopener\">sitio oficial del Deutscher Wetterdienst (DWD)<\/a>, el servicio meteorol\u00f3gico nacional.<\/em><\/p>\n\n\n\n<figure class=\"wp-block-image size-full is-resized\"><img decoding=\"async\" src=\"https:\/\/viagemalemanha.com\/wp-content\/uploads\/2025\/10\/munich-169621_640.jpg\" alt=\"Marienplatz en Alemania \" class=\"wp-image-6004\" style=\"width:840px;height:auto\"\/><figcaption class=\"wp-element-caption\">La famosa Marienplatz en Alemania (Imagen de&nbsp;Sebastian&nbsp;de&nbsp;Pixabay)<\/figcaption><\/figure>\n\n\n\n<h3 class=\"wp-block-heading\" id=\"h-quantas-horas-de-luz-ha-por-dia\">Cu\u00e1ntas horas de luz hay por d\u00eda<\/h3>\n\n\n\n<ul class=\"wp-block-list\">\n<li>En <strong>Berl\u00edn<\/strong>, a principios de diciembre, los d\u00edas tienen solo alrededor de <strong>8 horas de luz<\/strong>, con el sol saliendo alrededor de las <strong>9h<\/strong> y poni\u00e9ndose a las <strong>16h55\u202fh<\/strong>.<br><\/li>\n\n\n\n<li>En <strong>M\u00fanich<\/strong>, la captaci\u00f3n solar es un poco m\u00e1s favorable, saliendo a las <strong>7h45\u202fh<\/strong> y poni\u00e9ndose alrededor de las <strong>16h20\u202fh<\/strong>, totalizando poco m\u00e1s de <strong>8 horas de d\u00eda<\/strong> al inicio del mes.<br><\/li>\n<\/ul>\n\n\n\n<p>Por lo tanto, incluso quienes est\u00e1n acostumbrados al invierno latino, deben estar listos para una realidad diferente. Ya que los inviernos latinos normalmente son mucho m\u00e1s suaves y tienen d\u00edas m\u00e1s largos.<\/p>\n\n\n\n<h2 class=\"wp-block-heading\" id=\"h-a-importancia-de-um-roteiro-bem-planejado-no-inverno\"><strong>La importancia de un itinerario bien planeado en invierno<\/strong><\/h2>\n\n\n\n<p>Planificar el d\u00eda teniendo en cuenta las horas de luz natural reducidas es esencial para aprovechar al m\u00e1ximo las atracciones al aire libre. Con d\u00edas tan cortos, que duran en promedio 8 horas, es fundamental comenzar temprano paseos en parques, ferias de Navidad y pueblos, reservando las horas del atardecer para actividades en espacios cerrados o trayectos entre puntos tur\u00edsticos.<\/p>\n\n\n\n<p>Otro punto importante: en invierno, muchos museos, tiendas y mercados funcionan en <strong>horarios reducidos<\/strong>.<br>Planifica tus paseos diarios teniendo esto en cuenta para no perder ninguna atracci\u00f3n. En toda Alemania, el horario t\u00edpico en invierno suele ser de lunes a viernes, de 9h a 18h, y los s\u00e1bados hasta las 14h o 16h. Ya los domingos, casi todo permanece cerrado, a excepci\u00f3n de mercados en \u00e1reas tur\u00edsticas.<\/p>\n\n\n\n<p>Un itinerario inteligente tambi\u00e9n debe prever momentos de pausa en lugares acogedores. Buenas opciones incluyen caf\u00e9s t\u00edpicos, spas termales y hoteles encantadores, para recargar energ\u00edas. Y aqu\u00ed va un consejo para quienes decidan visitar Berl\u00edn en esta \u00e9poca: cada primer domingo del mes la entrada a los museos de la ciudad es gratuita.<\/p>\n\n\n\n<h3 class=\"wp-block-heading\" id=\"h-onde-viajar-na-alemanha-durante-o-inverno\">D\u00f3nde viajar en Alemania durante el invierno<\/h3>\n\n\n\n<p>Puedes visitar diferentes lugares del pa\u00eds en esta \u00e9poca, pero regiones como la Ruta Rom\u00e1ntica, los Alpes B\u00e1varos y la Selva Negra son m\u00e1s recomendadas, porque re\u00fanen infraestructura tur\u00edstica de invierno, con varias opciones para practicar deportes de invierno, como esqu\u00ed, posibilidad de visitas a atracciones tur\u00edsticas hermosas en esta \u00e9poca, como el Castillo de Neuschwanstein y hasta opciones de senderismo en la nieve.<\/p>\n\n\n\n<figure class=\"wp-block-image size-large\"><img decoding=\"async\" src=\"https:\/\/viagemalemanha.com\/wp-content\/uploads\/2025\/05\/berchtesgaden-2248808_1280.jpg\" alt=\"Ciudad de Berchtesgaden en invierno\" class=\"wp-image-5448\"\/><figcaption class=\"wp-element-caption\">Ciudad de Berchtesgaden en invierno &#8211; Alpes al fondo<\/figcaption><\/figure>\n\n\n\n<p>Pero, no es todo. En Baden-Baden, por ejemplo, el Caracalla Spa y el tradicional Friedrichsbad ofrecen horas de relajaci\u00f3n en aguas termales a hasta 68 \u00b0C, rodeadas de arquitectura cl\u00e1sica y moderna. Puedes saber m\u00e1s sobre otras atracciones de la regi\u00f3n en nuestro itinerario de <a href=\"https:\/\/viagemalemanha.com\/es\/actividades-de-invierno-en-la-selva-negra-en-alemania\/\">actividades de invierno en la Selva Negra<\/a>.<\/p>\n\n\n\n<h2 class=\"wp-block-heading\" id=\"h-roupas-essenciais-para-o-frio-europeu\"><strong>Ropa esencial para el fr\u00edo europeo<\/strong><\/h2>\n\n\n\n<p>Es necesario tener cuidado al vestirse en el invierno alem\u00e1n. No solo por el fr\u00edo m\u00e1s severo, sino porque hay que considerar la posibilidad real de nieve. Por eso mismo, el sistema inteligente de tres capas es la base para mantener el cuerpo caliente y seco durante las largas jornadas en el fr\u00edo europeo. Y la vestimenta m\u00e1s recomendada para garantizar seguridad y comodidad en el fr\u00edo europeo.<\/p>\n\n\n\n<p>Vestirse bien en el invierno alem\u00e1n exige estrategia. El secreto est\u00e1 en adoptar el <strong>sistema de tres capas<\/strong>, que garantiza comodidad y protecci\u00f3n incluso en temperaturas bajo cero.<\/p>\n\n\n\n<blockquote class=\"wp-block-quote is-layout-flow wp-block-quote-is-layout-flow\">\n<ul class=\"wp-block-list\">\n<li><strong>1\u00aa capa (segunda piel):<\/strong> ropa t\u00e9rmica de poli\u00e9ster o lana merino, que aleja el sudor y mantiene la piel seca.<\/li>\n\n\n\n<li><strong>2\u00aa capa (aislante):<\/strong> prendas de forro polar o lana m\u00e1s densa, responsables de retener el calor.<\/li>\n\n\n\n<li><strong>3\u00aa capa (externa):<\/strong> abrigo <strong>impermeable y cortaviento<\/strong>, esencial contra lluvia, nieve y viento helado.<\/li>\n<\/ul>\n<\/blockquote>\n\n\n\n<p><strong>Consejo de los habitantes locales:<\/strong> v\u00edstete de acuerdo con la <strong>sensaci\u00f3n t\u00e9rmica<\/strong>, no solo con la temperatura. Los vientos del norte suelen ser mucho m\u00e1s fr\u00edos que los del sur.<\/p>\n\n\n\n<p>La primera capa (\u201csegunda piel\u201d) debe estar compuesta por prendas t\u00e9rmicas de materiales como poli\u00e9ster o lana merino, que alejan el sudor y mantienen la piel seca. La capa intermedia, preferiblemente con prendas de forro polar o lana m\u00e1s densa, funciona como aislante, reteniendo el calor cerca del cuerpo.&nbsp; Por \u00faltimo, la capa externa debe ser un abrigo cortaviento e impermeable, para proteger contra lluvia, nieve y viento helado.<\/p>\n\n\n\n<h3 class=\"wp-block-heading\" id=\"h-acessorios-que-nao-podem-faltar\"><strong>Accesorios que no pueden faltar<\/strong><\/h3>\n\n\n\n<p>Los accesorios desempe\u00f1an un papel crucial en la protecci\u00f3n de las extremidades. Gorras de lana o acr\u00edlico con forro interno y bufandas voluminosas ayudan a minimizar la p\u00e9rdida de calor por la cabeza y el cuello.<\/p>\n\n\n\n<p>Adem\u00e1s, guantes t\u00e9rmicos, calcetines de lana gruesa o t\u00e9rmicos y botas impermeables con suela antideslizante, indispensables para caminar en aceras heladas y senderos nevados.<\/p>\n\n\n\n<h2 class=\"wp-block-heading\" id=\"h-o-que-mais-levar-na-mala-de-inverno-para-a-alemanha\"><strong>Qu\u00e9 m\u00e1s llevar en la maleta de invierno para Alemania<\/strong><\/h2>\n\n\n\n<p>Adem\u00e1s de las capas de ropa y accesorios de vestuario, no olvides incluir productos de cuidado de la piel para proteger el rostro y los labios del aire helado y seco. Un b\u00e1lsamo labial con ingredientes como manteca de karit\u00e9 o \u00e1cido hialur\u00f3nico evita grietas y mantiene la hidrataci\u00f3n, por ejemplo.<\/p>\n\n\n\n<h3 class=\"wp-block-heading\" id=\"h-outros-itens-indispensaveis-para-o-frio\">Otros art\u00edculos indispensables para el fr\u00edo<\/h3>\n\n\n\n<p>Las gafas de sol son esenciales incluso en invierno. Pues, el brillo del sol reflejado en la nieve puede causar incomodidad y deslumbramiento de la visi\u00f3n.<\/p>\n\n\n\n<p>Lleva tambi\u00e9n un adaptador de enchufe universal para los enchufes del tipo F, utilizados en Alemania, asegurando que tel\u00e9fonos m\u00f3viles, c\u00e1maras y power banks est\u00e9n cargados todo el tiempo.&nbsp; Completa el kit con una mochila peque\u00f1a o \u201cday pack\u201d resistente al agua, ideal para guardar gorro, bufanda, botella t\u00e9rmica y ese bocadillo r\u00e1pido entre una atracci\u00f3n y otra sin necesidad de volver al hotel.<\/p>\n\n\n\n<p>Por \u00faltimo, incluye en la maleta ropa ligera para uso en interiores. Despu\u00e9s de todo, incluso con temperaturas externas alrededor de \u20135 \u00b0C en el exterior, los centros comerciales, caf\u00e9s, hoteles y spas mantienen la calefacci\u00f3n entre 20 \u00b0C y 22 \u00b0C, haciendo c\u00f3modo usar una camiseta de algod\u00f3n y pantalones finos al entrar en estos espacios.<\/p>\n\n\n\n<h2 class=\"wp-block-heading\" id=\"h-curiosidades-sobre-o-inverno-alemao\"><strong>Curiosidades sobre el invierno alem\u00e1n<\/strong><\/h2>\n\n\n\n<p><em>\u00bfTu sue\u00f1o es ver la nieve de cerca cuando viajes a Alemania?<\/em> Entonces, necesitas elegir bien el per\u00edodo de viaje y el lugar. <strong>A\u00fan en diciembre, la nieve no est\u00e1 garantizada en todas las regiones del pa\u00eds.&nbsp;<\/strong><\/p>\n\n\n\n<figure class=\"wp-block-image size-large\"><img decoding=\"async\" src=\"https:\/\/viagemalemanha.com\/wp-content\/uploads\/2025\/05\/atividades-de-inverno-na-floresta-negra-na-alemanha-5860.jpg\" alt=\"Estaciones de esqu\u00ed en Alemania\" class=\"wp-image-5866\"\/><figcaption class=\"wp-element-caption\">Estaciones de esqu\u00ed en Alemania<\/figcaption><\/figure>\n\n\n\n<p>Aunque las primeras precipitaciones de nieve pueden ocurrir ya en noviembre, la acumulaci\u00f3n consistente suele suceder solo a partir de enero, extendi\u00e9ndose hasta febrero, sobre todo en las \u00e1reas de mayor altitud, como los Alpes B\u00e1varos y la Selva Negra. En estos puntos, la posibilidad de encontrar paisajes blancos es mucho mayor, mientras que en la costa y en las llanuras del Norte la nieve puede ser rara o pasajera.<\/p>\n\n\n\n<h3 class=\"wp-block-heading\" id=\"h-bebida-gelada-no-inverno\"><strong>Bebida fr\u00eda en invierno<\/strong><\/h3>\n\n\n\n<p>A pesar de las temperaturas bajo cero, los alemanes siguen disfrutando de bebidas fr\u00edas. La cerveza sigue siendo la preferida de los alemanes \u2014 \u00a1incluso en el fr\u00edo! Se sirve entre 7 \u00b0C y 10 \u00b0C y suele acompa\u00f1ar bien las conversaciones en bares y restaurantes calefaccionados. La t\u00e9cnica de calentar el vaso con un hierro al rojo es com\u00fan, manteniendo la bebida apenas ligeramente por debajo de la temperatura ambiente ideal.<\/p>\n\n\n\n<p>Adem\u00e1s, refrescos, \u201cSchorles\u201d (vino o jugo con agua con gas) y aguas minerales se mantienen en refrigeradores, garantizando opciones fr\u00edas para los viajeros que prefieren esta temperatura en sus bebidas, incluso cuando el term\u00f3metro marca valores por debajo de cero.&nbsp;<\/p>\n\n\n\n<h3 class=\"wp-block-heading\" id=\"h-spaziergang-o-habito-alemao-de-caminhar-no-frio\"><strong>\u201cSpaziergang\u201d: el h\u00e1bito alem\u00e1n de caminar en el fr\u00edo<\/strong><\/h3>\n\n\n\n<p>Entre las tradiciones alemanas de invierno, el Spaziergang (paseo a pie) ocupa un lugar destacado. Ya sea en parques urbanos o en senderos rurales, es una caminata tranquila, que permite apreciar el paisaje nevado o el aire helado incluso sin nieve. En la pr\u00e1ctica, funciona muy bien como una pausa revitalizante en la rutina.<\/p>\n\n\n\n<p>En M\u00fanich, por ejemplo, es posible hacer tu caminata en el fr\u00edo por el Schlosspark Nymphenburg. El parque hist\u00f3rico del Schloss Nymphenburg (palacio), declarado patrimonio cultural, est\u00e1 repleto de pabellones, esculturas elegantes y una gran diversidad de fauna, que tambi\u00e9n puede ser observada en invierno.&nbsp;<\/p>\n\n\n\n<h3 class=\"wp-block-heading\" id=\"h-gemutlichkeit-o-espirito-do-aconchego-alemao\"><strong>Gem\u00fctlichkeit: el esp\u00edritu del acogimiento alem\u00e1n<\/strong><\/h3>\n\n\n\n<p>El concepto de \u201cGem\u00fctlichkeit\u201d, disfrutar de momentos acogedores incluso con fr\u00edo afuera, est\u00e1 muy presente en el invierno alem\u00e1n. En la pr\u00e1ctica, el Gem\u00fctlichkeit es un estado de \u00e1nimo que valora la calidez, la convivencia y el bienestar incluso cuando el term\u00f3metro marca por debajo de cero.&nbsp;<\/p>\n\n\n\n<p>Usado desde el per\u00edodo Biedermeier, el t\u00e9rmino describe tanto la atm\u00f3sfera de mercados de Navidad iluminados y alumbrados por velas como la sensaci\u00f3n de pertenencia en grupos reunidos alrededor de una mesa con sopa caliente, panes frescos y buena conversaci\u00f3n.<\/p>\n\n\n\n<p>Es decir, para los alemanes, cultivar Gem\u00fctlichkeit en invierno significa crear momentos de calor humano en caf\u00e9s, pubs e incluso dentro de casa, con luz suave, mantas y m\u00fasicas tradicionales, transformando el fr\u00edo afuera en una invitaci\u00f3n al confort y la sociabilidad.<\/p>\n\n\n\n<h2 class=\"wp-block-heading\" id=\"h-conclusao\"><strong>Conclusi\u00f3n<\/strong><\/h2>\n\n\n\n<p>El invierno alem\u00e1n es una invitaci\u00f3n a vivir experiencias \u00fanicas: <a href=\"https:\/\/viagemalemanha.com\/es\/experiencias-navidenas-en-alemania\/\">mercados de Navidad<\/a> iluminados, pueblos encantadores rodeados de paisajes nevados, paseos en senderos hist\u00f3ricos y momentos de acogimiento en caf\u00e9s y hoteles encantadores. Con una planificaci\u00f3n cuidadosa, es posible aprovechar al m\u00e1ximo todo lo que la estaci\u00f3n ofrece, incluso con las temperaturas bajas y los d\u00edas m\u00e1s cortos.<\/p>\n\n\n\n<figure class=\"wp-block-image size-full is-resized\"><img decoding=\"async\" src=\"https:\/\/viagemalemanha.com\/wp-content\/uploads\/2025\/10\/dresden-5893727_640.jpg\" alt=\"Mercado de Navidad en Dresde, Alemania \" class=\"wp-image-6005\" style=\"width:840px;height:auto\"\/><figcaption class=\"wp-element-caption\">Mercado de Navidad en Dresde, Alemania (Imagen por&nbsp;Tonda Tran de&nbsp;Pixabay)<\/figcaption><\/figure>\n\n\n\n<p>Pero, para que todo salga bien en tu viaje a Alemania en invierno, contar con el apoyo de profesionales especializados y itinerarios personalizados puede ser el paso final para transformar tu experiencia en algo realmente memorable. Despu\u00e9s de todo, con un itinerario bien estructurado, cada detalle, desde el transporte hasta la elecci\u00f3n de las regiones m\u00e1s adecuadas para el turismo de invierno, ser\u00e1 pensado para que vivas un viaje inolvidable y sin imprevistos.<\/p>\n\n\n\n<p><em>\u00bfVas a viajar a Alemania en invierno? \u00a1Cuenta con nuestro equipo! Tenemos servicios que incluyen paquetes personalizados y completos, consultor\u00eda de viaje y <\/em><a href=\"https:\/\/viagemalemanha.com\/guia-brasileiro-na-alemanha-viagem-alemanha\/\">paseos con gu\u00edas en espa\u00f1ol<\/a><em>. As\u00ed, tu \u00fanica preocupaci\u00f3n ser\u00e1 aprovechar al m\u00e1ximo tu viaje y divertirte!<\/em><\/p>\n\n\n\n<p>Nuestros servicios incluyen:<\/p>\n\n\n\n<ul class=\"wp-block-list\">\n<li>Paseos guiados privados en espa\u00f1ol<\/li>\n\n\n\n<li><a href=\"https:\/\/viagemalemanha.com\/consultoria-de-viagem\/\">Itinerarios personalizados para tu gusto<\/a><\/li>\n\n\n\n<li>Seguimiento&nbsp;<\/li>\n\n\n\n<li>Eventos y experiencias locales<\/li>\n\n\n\n<li>Transfers<\/li>\n<\/ul>\n\n\n\n<blockquote class=\"wp-block-quote is-layout-flow wp-block-quote-is-layout-flow\">\n<p>Cont\u00e1ctanos:<\/p>\n<\/blockquote>\n\n\n<style id=\"wpforms-css-vars-1038-block-e1f8b79e-80c4-44e0-ad45-e198173f78a4\">\n\t\t\t\t#wpforms-1038.wpforms-block-e1f8b79e-80c4-44e0-ad45-e198173f78a4 {\n\t\t\t\t--wpforms-field-size-input-height: 43px;\n--wpforms-field-size-input-spacing: 15px;\n--wpforms-field-size-font-size: 16px;\n--wpforms-field-size-line-height: 19px;\n--wpforms-field-size-padding-h: 14px;\n--wpforms-field-size-checkbox-size: 16px;\n--wpforms-field-size-sublabel-spacing: 5px;\n--wpforms-field-size-icon-size: 1;\n--wpforms-label-size-font-size: 16px;\n--wpforms-label-size-line-height: 19px;\n--wpforms-label-size-sublabel-font-size: 14px;\n--wpforms-label-size-sublabel-line-height: 17px;\n--wpforms-button-size-font-size: 17px;\n--wpforms-button-size-height: 41px;\n--wpforms-button-size-padding-h: 15px;\n--wpforms-button-size-margin-top: 10px;\n--wpforms-container-shadow-size-box-shadow: none;\n\t\t\t}\n\t\t\t<\/style>","protected":false},"excerpt":{"rendered":"<p>\u00bfVas a viajar a Alemania en invierno y no sabes qu\u00e9 poner en la maleta? Las temperaturas bajo cero, los d\u00edas cortos y la posibilidad de nieve hacen que esta \u00e9poca del a\u00f1o sea encantadora, pero tambi\u00e9n desafiante para quienes vienen de Am\u00e9rica Latina. El invierno alem\u00e1n (y europeo en general) es una realidad completamente [&hellip;]<\/p>\n","protected":false},"author":2,"featured_media":73849,"comment_status":"open","ping_status":"open","sticky":false,"template":"","format":"standard","meta":{"_acf_changed":false,"tripadvisor_id":"","rating":0,"reviewer_name":"","review_date":"","trip_type":"","helpful_votes":0,"source_url":"","reviewer_gravatar":"","review_type":"","footnotes":""},"categories":[477],"tags":[],"class_list":["post-53790","post","type-post","status-publish","format-standard","has-post-thumbnail","hentry","category-destino-del-mes"],"acf":[],"_links":{"self":[{"href":"https:\/\/viagemalemanha.com\/es\/wp-json\/wp\/v2\/posts\/53790","targetHints":{"allow":["GET"]}}],"collection":[{"href":"https:\/\/viagemalemanha.com\/es\/wp-json\/wp\/v2\/posts"}],"about":[{"href":"https:\/\/viagemalemanha.com\/es\/wp-json\/wp\/v2\/types\/post"}],"author":[{"embeddable":true,"href":"https:\/\/viagemalemanha.com\/es\/wp-json\/wp\/v2\/users\/2"}],"replies":[{"embeddable":true,"href":"https:\/\/viagemalemanha.com\/es\/wp-json\/wp\/v2\/comments?post=53790"}],"version-history":[{"count":3,"href":"https:\/\/viagemalemanha.com\/es\/wp-json\/wp\/v2\/posts\/53790\/revisions"}],"predecessor-version":[{"id":73850,"href":"https:\/\/viagemalemanha.com\/es\/wp-json\/wp\/v2\/posts\/53790\/revisions\/73850"}],"wp:featuredmedia":[{"embeddable":true,"href":"https:\/\/viagemalemanha.com\/es\/wp-json\/wp\/v2\/media\/73849"}],"wp:attachment":[{"href":"https:\/\/viagemalemanha.com\/es\/wp-json\/wp\/v2\/media?parent=53790"}],"wp:term":[{"taxonomy":"category","embeddable":true,"href":"https:\/\/viagemalemanha.com\/es\/wp-json\/wp\/v2\/categories?post=53790"},{"taxonomy":"post_tag","embeddable":true,"href":"https:\/\/viagemalemanha.com\/es\/wp-json\/wp\/v2\/tags?post=53790"}],"curies":[{"name":"wp","href":"https:\/\/api.w.org\/{rel}","templated":true}]}}