{"id":53838,"date":"2025-09-29T19:20:00","date_gmt":"2025-09-29T22:20:00","guid":{"rendered":"https:\/\/viagemalemanha.com\/?p=53838"},"modified":"2026-02-01T02:19:11","modified_gmt":"2026-02-01T05:19:11","slug":"festivales-en-munich-guia-completa-del-calendario-cultural-de-la-ciudad","status":"publish","type":"post","link":"https:\/\/viagemalemanha.com\/es\/festivales-en-munich-guia-completa-del-calendario-cultural-de-la-ciudad\/","title":{"rendered":"Festivales en M\u00fanich: Gu\u00eda completa del calendario cultural de la ciudad"},"content":{"rendered":"\n<p>M\u00fanich es un destino vibrante para quienes desean vivir experiencias aut\u00e9nticas y sumergirse en la <a href=\"https:\/\/viagemalemanha.com\/es\/lo-mejor-de-la-gastronomia-bavara-y-de-la-cultura-cervecera-en-munich\/\">cultura b\u00e1vara<\/a>. Mucho m\u00e1s all\u00e1 de la famosa Oktoberfest, la ciudad ofrece un calendario cultural repleto de festivales en M\u00fanich, que se llevan a cabo a lo largo de todo el a\u00f1o \u2014 desde tradiciones seculares hasta eventos modernos y multiculturales.<\/p>\n\n\n\n<p>En esta gu\u00eda completa, descubrir\u00e1s <strong>cu\u00e1les son los eventos m\u00e1s importantes de M\u00fanich<\/strong>, en qu\u00e9 \u00e9poca se celebran, c\u00f3mo participar y consejos pr\u00e1cticos para aprovechar cada uno de ellos al m\u00e1ximo. As\u00ed, ser\u00e1 f\u00e1cil elegir la mejor fecha para tu viaje y armar un itinerario inolvidable.<\/p>\n\n\n\n<h2 class=\"wp-block-heading\" id=\"h-principais-festivais-em-munique\"><strong>Principales festivales en M\u00fanich<\/strong><\/h2>\n\n\n\n<p>Para ayudarte a visualizar r\u00e1pidamente, aqu\u00ed tienes un calendario-resumen con los principales eventos de la ciudad a lo largo del a\u00f1o:<\/p>\n\n\n\n<figure class=\"wp-block-table is-style-stripes\"><table class=\"has-fixed-layout\"><thead><tr><th>Festival<\/th><th>\u00c9poca del A\u00f1o<\/th><th>Destaques<\/th><\/tr><\/thead><tbody><tr><td>Oktoberfest<\/td><td>Septiembre \u2013 Octubre<\/td><td>El mayor festival de cerveza del mundo, con trajes t\u00edpicos y platos b\u00e1varos<\/td><\/tr><tr><td>Tollwood Festival<\/td><td>Junio \u2013 Julio y Diciembre<\/td><td>Arte, m\u00fasica, gastronom\u00eda org\u00e1nica y multicultural<\/td><\/tr><tr><td>Auer Dult<\/td><td>Abril, Julio y Octubre<\/td><td>Feria popular con mercado tradicional b\u00e1varo<\/td><\/tr><tr><td>Munich Film Festival<\/td><td>Junio \u2013 Julio<\/td><td>El segundo mayor festival de cine de Alemania<\/td><\/tr><tr><td>Kocherlball<\/td><td>Julio<\/td><td>Bailes al amanecer en el Englischer Garten con trajes t\u00edpicos<\/td><\/tr><tr><td>Christkindlmarkt<\/td><td>Diciembre<\/td><td>Mercado de Navidad tradicional en Marienplatz<\/td><\/tr><tr><td>Long Night of Museums<\/td><td>Octubre<\/td><td>Museos y galer\u00edas abiertas hasta la madrugada<\/td><\/tr><tr><td>Starkbierfest<\/td><td>Marzo \u2013 Abril<\/td><td>Festival de la cerveza fuerte, con m\u00fasica y s\u00e1tira pol\u00edtica<\/td><\/tr><\/tbody><\/table><\/figure>\n\n\n\n<blockquote class=\"wp-block-quote is-layout-flow wp-block-quote-is-layout-flow\">\n<p><em>A continuaci\u00f3n, conoce en detalle cada uno de estos festivales&#8230;<\/em><\/p>\n<\/blockquote>\n\n\n\n<h3 class=\"wp-block-heading\" id=\"h-oktoberfest-setembro-outubro\"><strong>Oktoberfest (septiembre-octubre)<\/strong><\/h3>\n\n\n\n<p>La <a href=\"https:\/\/viagemalemanha.com\/es\/oktoberfest-el-mayor-festival-de-cerveza-del-mundo\/\" target=\"_blank\" rel=\"noreferrer noopener\">Oktoberfest de M\u00fanich<\/a> se celebra <em>anualmente entre septiembre y octubre,<\/em> siendo reconocida como el <em>mayor festival de cerveza del mundo.<\/em> Atrae alrededor de seis millones de visitantes en cada edici\u00f3n. Su origen se remonta a 1810, cuando fue organizada para celebrar el matrimonio del pr\u00edncipe Ludwig I de Baviera con la princesa Therese von Sachsen-Hildburghausen.<\/p>\n\n\n\n<figure class=\"wp-block-image size-large\"><img decoding=\"async\" src=\"https:\/\/viagemalemanha.com\/wp-content\/uploads\/2025\/05\/gastronomia-bavara-cervejarias-munique-5664.jpg\" alt=\"Cervecer\u00eda en M\u00fanich\" class=\"wp-image-5667\" \/><\/figure>\n\n\n\n<p>Fue Andreas Michael Dall\u2019Armi, miembro de la Guardia Nacional de Baviera, quien sugiri\u00f3 una forma inusual de celebrar el matrimonio del entonces Pr\u00edncipe Regente Ludwig, futuro Rey Ludwig I, con la Princesa Therese de Saxe-Hildburghausen: la realizaci\u00f3n de una gran carrera de caballos. Las festividades que comenzaron el 12 de octubre de 1810 duraron 5 d\u00edas y terminaron el d\u00eda 17 con una carrera de caballos en los prados fuera de la ciudad.<\/p>\n\n\n\n<h4 class=\"wp-block-heading\" id=\"h-o-que-esperar-da-oktoberfest\"><strong>\u00bfQu\u00e9 esperar de la Oktoberfest?<\/strong><\/h4>\n\n\n\n<p>Durante la Oktoberfest, que es el mayor festival folcl\u00f3rico del mundo, los visitantes pueden esperar una atm\u00f3sfera vibrante con trajes t\u00edpicos, como el \u00abdirndl\u00bb (vestido tradicional b\u00e1varo) para mujeres y el \u00ablederhosen\u00bb (pantalones de cuero tradicionales de Baviera) para hombres, que son ampliamente utilizados por los participantes.&nbsp;<\/p>\n\n\n\n<figure class=\"wp-block-image size-full is-resized\"><img decoding=\"async\" src=\"https:\/\/viagemalemanha.com\/wp-content\/uploads\/2025\/10\/costumes-473825_640.jpg\" alt=\"Trajes t\u00edpicos de la Oktoberfest\" class=\"wp-image-6037\" style=\"width:840px;height:auto\" \/><\/figure>\n\n\n\n<p>Adem\u00e1s, el festival cuenta con grandes carpas de las <a href=\"https:\/\/viagemalemanha.com\/es\/lo-mejor-de-la-gastronomia-bavara-y-de-la-cultura-cervecera-en-munich\/\">cervecer\u00edas de M\u00fanich<\/a>, as\u00ed como peque\u00f1as carpas y quioscos que ofrecen una variedad de comidas t\u00edpicas, bebidas alternativas y dulces regionales.&nbsp;<\/p>\n\n\n\n<p>As\u00ed, quienes visiten la Oktoberfest pueden esperar una variedad de platos que van m\u00e1s all\u00e1 de la cerveza, la atracci\u00f3n principal del evento. Entre los platos m\u00e1s apreciados est\u00e1n el Hendl (pollo asado), el Schweinshaxe (codillo de cerdo asado), las salchichas Bratwurst y Weisswurst, adem\u00e1s de los tradicionales pretzels gigantes, suaves por dentro y crujientes por fuera.&nbsp;<\/p>\n\n\n\n<h3 class=\"wp-block-heading\" id=\"h-tollwood-festival-verao-e-inverno\"><strong>Tollwood Festival (verano e invierno)<\/strong><\/h3>\n\n\n\n<p>El Tollwood Festival, creado en 1998, es un evento multicultural que se lleva a cabo dos veces al a\u00f1o en M\u00fanich, destac\u00e1ndose por su \u00e9nfasis en la sostenibilidad, el arte y la gastronom\u00eda. La edici\u00f3n de verano tiene lugar en el Olympiapark S\u00fcd, mientras que la edici\u00f3n de invierno se realiza en el Theresienwiese.<\/p>\n\n\n\n<figure class=\"wp-block-image size-full\"><img decoding=\"async\" src=\"https:\/\/viagemalemanha.com\/wp-content\/uploads\/2025\/10\/CAPAS-POSTS-1.png\" alt=\"Tollwood Festival en M\u00fanich\" class=\"wp-image-6079\" \/><figcaption class=\"wp-element-caption\">Tollwood Festival en M\u00fanich<\/figcaption><\/figure>\n\n\n\n<p>Durante el evento, los visitantes pueden participar en diversas atracciones diferentes, y excepto por los shows realizados en las arenas musicales, los otros eventos tienen entrada gratuita. El objetivo es facilitar el acceso de la poblaci\u00f3n a la cultura. Por ejemplo, el \u00abMarket of Ideas\u00bb ofrece artesan\u00eda y gastronom\u00eda org\u00e1nica de m\u00e1s de 20 pa\u00edses, con muchas opciones vegetarianas y veganas.&nbsp;<\/p>\n\n\n\n<p>Adem\u00e1s, el Tollwood Festival de invierno es conocido por ser uno de los cuna del movimiento de street food, con alrededor de 50 puestos ofreciendo delicias internacionales. Perfecto para quienes, adem\u00e1s de divertirse, quieren comer bien.<\/p>\n\n\n\n<h3 class=\"wp-block-heading\" id=\"h-auer-dult-abril-julho-e-outubro\"><strong>Auer Dult (abril, julio y octubre)<\/strong><\/h3>\n\n\n\n<p>El Auer Dult es uno de los <strong>festivales tradicionales de Baviera<\/strong>, que se celebra tres veces al a\u00f1o, en abril (Maidult), julio (Jakobidult) y octubre (Kirchweihdult), en Mariahilfplatz, en el barrio de Au. Con or\u00edgenes que se remontan al siglo XVIII, el evento combina feria popular y mercado, ofreciendo una experiencia aut\u00e9ntica de la cultura b\u00e1vara, inicialmente se realizaba en los meses de mayo y octubre.<\/p>\n\n\n\n<p>Desde 1905, el evento se lleva a cabo 3 veces al a\u00f1o. Alrededor de 300 comerciantes y expositores montan sus puestos en un \u00e1rea de 22,000 m\u00b2. La selecci\u00f3n de cer\u00e1micas (vajillas) en el Auer Dult es considerada una de las m\u00e1s grandes de Europa. Adem\u00e1s, es posible encontrar una variedad de productos diferentes en este festival, que van desde utensilios de cocina hasta libros raros.&nbsp;<\/p>\n\n\n\n<p>Para quienes desean conocer mejor la gastronom\u00eda local, el Auer Dult tambi\u00e9n ofrece muchas comidas t\u00edpicas b\u00e1varas, como salchichas, pollo asado y el tradicional pescado a la parrilla en el palo, conocido como \u00abSteckerlfisch\u00bb. Para los ni\u00f1os, hay atracciones como carruseles, autos de choque y espect\u00e1culos de marionetas, convirtiendo el evento en una opci\u00f3n de ocio para toda la familia.<\/p>\n\n\n\n<h3 class=\"wp-block-heading\" id=\"h-christkindlmarkt-mercado-de-natal-dezembro\"><strong>Christkindlmarkt \u2013 Mercado de Navidad (diciembre)<\/strong><\/h3>\n\n\n\n<p>Adem\u00e1s de lo que ya hemos presentado hasta aqu\u00ed, M\u00fanich alberga uno de los <a href=\"https:\/\/viagemalemanha.com\/es\/mercados-de-navidad-en-munich-guia-completa-para-una-experiencia-magica\/\" target=\"_blank\" rel=\"noreferrer noopener\">mercados de Navidad<\/a> m\u00e1s tradicionales de Alemania: el Christkindlmarkt, ubicado en Marienplatz, en el coraz\u00f3n de la ciudad. Con or\u00edgenes que se remontan al siglo XIV, este mercado es uno de los m\u00e1s antiguos del pa\u00eds.&nbsp;<\/p>\n\n\n\n<figure class=\"wp-block-image size-full is-resized\"><img decoding=\"async\" src=\"https:\/\/viagemalemanha.com\/wp-content\/uploads\/2025\/10\/Copia-de-POSTS-VA-5-1080-x-1350-px-6.png\" alt=\"Carrusel de madera t\u00edpico de los Mercados de Navidad\" class=\"wp-image-6078\" style=\"width:840px;height:auto\" \/><figcaption class=\"wp-element-caption\">Carrusel de madera t\u00edpico de los Mercados de Navidad<\/figcaption><\/figure>\n\n\n\n<p>Entre el 25 de noviembre y el 24 de diciembre, la plaza Marienplatz se adorna con un imponente \u00e1rbol de Navidad de 25 metros de altura, iluminado por miles de luces, creando una atm\u00f3sfera m\u00e1gica. Mientras que el balc\u00f3n del ayuntamiento sirve como escenario para presentaciones de coros y m\u00fasicos.<\/p>\n\n\n\n<p>Adem\u00e1s, en las cientos de casetas que participan en el evento, los visitantes pueden probar comidas y bebidas t\u00edpicas, adem\u00e1s de comprar artesan\u00eda con temas navide\u00f1os.<\/p>\n\n\n\n<h3 class=\"wp-block-heading\" id=\"h-kocherlball-julho\"><strong>Kocherlball (julio)<\/strong><\/h3>\n\n\n\n<p>El Kocherlball es un baile al aire libre que se celebra anualmente en el Englischer Garten, en M\u00fanich, alrededor de la Torre China. Reconocido como uno de los <strong>festivales tradicionales de Baviera<\/strong> m\u00e1s aut\u00e9nticos, preserva una atm\u00f3sfera \u00fanica e hist\u00f3rica.<\/p>\n\n\n\n<p>Realizado el tercer domingo de julio, el evento comienza a las 6 de la ma\u00f1ana y se extiende hasta las 10. Muchos de los participantes usan trajes tradicionales como dirndls y lederhosen, mientras bailan al son de m\u00fasicas t\u00edpicas, como valsas, polcas y el tradicional Zwiefacher.<\/p>\n\n\n\n<p>Con origen en el siglo XIX, inicialmente el Kocherlball era un encuentro de empleados dom\u00e9sticos, como chefs, cocheros y empleadas, que se reun\u00edan en la plaza para esperar a sus amos regresar de la misa matutina del domingo. Mientras se preparaban para el trabajo, aprovechaban para bailar al amanecer.<\/p>\n\n\n\n<p>El evento lleg\u00f3 a ser prohibido en 1904, por sospecha de \u201cfalta de moralidad\u201d. Pero, fue retomado en 1989, en conmemoraci\u00f3n del bicentenario del Englischer Garten. Desde entonces, el baile se celebra anualmente, atrayendo a miles de participantes, y destac\u00e1ndose como una de las manifestaciones culturales m\u00e1s aut\u00e9nticas de M\u00fanich.<\/p>\n\n\n\n<h3 class=\"wp-block-heading\" id=\"h-munich-film-festival-junho-julho\"><strong>Munich Film Festival (junio\/julio)<\/strong><\/h3>\n\n\n\n<p>El <a href=\"https:\/\/viagemalemanha.com\/es\/festival-de-cine-de-munich-una-celebracion-del-septimo-arte-en-baviera\/\" target=\"_blank\" rel=\"noreferrer noopener\">Filmfest M\u00fcnchen<\/a> es el segundo mayor festival de cine de Alemania, solo detr\u00e1s de la Berlinale. Celebrado anualmente desde 1983, el evento tiene lugar a finales de junio y principios de julio. Una parada imperdible para los amantes del cine que visiten Alemania.<\/p>\n\n\n\n<p>En su 41\u00aa edici\u00f3n, en 2024, el festival exhibi\u00f3 150 pel\u00edculas de 53 pa\u00edses, incluyendo estrenos mundiales y europeos, atrayendo a m\u00e1s de 58,000 visitantes. Con una programaci\u00f3n diversa, el Filmfest M\u00fcnchen tambi\u00e9n promueve debates y sesiones de preguntas y respuestas con directores y actores, proporcionando una experiencia enriquecedora para el p\u00fablico.<\/p>\n\n\n\n<figure class=\"wp-block-image size-full is-resized\"><img decoding=\"async\" src=\"https:\/\/viagemalemanha.com\/wp-content\/uploads\/2025\/10\/512px-Hff-filmfest-muc-2019.jpg\" alt=\"Kaethe17\" class=\"wp-image-6109\" style=\"width:840px;height:auto\" \/><figcaption class=\"wp-element-caption\">Kaethe17, CC BY-SA 4.0 <a href=\"https:\/\/creativecommons.org\/licenses\/by-sa\/4.0\" target=\"_blank\" rel=\"noopener\">https:\/\/creativecommons.org\/licenses\/by-sa\/4.0<\/a>, v\u00eda Wikimedia Commons<\/figcaption><\/figure>\n\n\n\n<h2 class=\"wp-block-heading\" id=\"h-dicas-para-aproveitar-ao-maximo-cada-festival\"><strong>Consejos para Aprovechar al M\u00e1ximo Cada Festival<\/strong><\/h2>\n\n\n\n<h3 class=\"wp-block-heading\" id=\"h-planejamento-e-tudo\"><strong>\u00a1La planificaci\u00f3n es todo!<\/strong><\/h3>\n\n\n\n<p>El primer consejo para aprovechar al m\u00e1ximo cada festival es hacer una buena planificaci\u00f3n del viaje. Por ejemplo, debes pensar en tu itinerario de viaje, en los lugares que deseas conocer adem\u00e1s de los eventos. <em><strong>\u00a1Puedes contar con nuestra empresa para <a href=\"https:\/\/viagemalemanha.com\/es\/consultoria-de-viaje-para-alemania\/\">crear el itinerario perfecto<\/a>, a tu gusto y con los mejores gu\u00edas!<\/strong><\/em> Entonces, piensa en c\u00f3mo armar un itinerario adecuado, que te permita visitar los festivales elegidos, y a\u00fan disfrutar de las otras atracciones deseadas, considerando aspectos como transporte, alojamiento y tiempo de viaje.<\/p>\n\n\n\n<p>Tambi\u00e9n es importante estar atento a las fechas de los festivales, para viajar en el momento adecuado. Lo que puede significar que algunas atracciones que deseas ver pueden no estar disponibles, ya que no est\u00e1n abiertas, o no ocurren en ese per\u00edodo del a\u00f1o.<\/p>\n\n\n\n<p>Otros consejos para aprovechar al m\u00e1ximo cada festival incluyen:<\/p>\n\n\n\n<ul class=\"wp-block-list\">\n<li>Informarse sobre el horario de funcionamiento del evento.<\/li>\n\n\n\n<li>Verificar precios de entradas y comprar boletos con anticipaci\u00f3n, especialmente para conciertos.<\/li>\n\n\n\n<li>Pensar en cu\u00e1les atracciones deseas aprovechar m\u00e1s en el evento y organizarte.<\/li>\n\n\n\n<li>Verificar el clima en la \u00e9poca del festival para usar ropa adecuada (recordando que el verano europeo puede ser bastante caluroso, mientras que el invierno presenta nieve y temperaturas bajo cero).<\/li>\n\n\n\n<li>Verificar si existe alg\u00fan tipo de norma o regla que debe seguirse por los visitantes, para evitar cualquier dolor de cabeza el d\u00eda de la fiesta.<\/li>\n<\/ul>\n\n\n\n<h2 class=\"wp-block-heading\" id=\"h-experiencias-alem-do-evento\"><strong>Experiencias m\u00e1s all\u00e1 del evento<\/strong><\/h2>\n\n\n\n<p>Adem\u00e1s de los festivales culturales y eventos que presentamos en este post, M\u00fanich tambi\u00e9n ofrece a los visitantes una serie de otras atracciones. Consulta tambi\u00e9n nuestra <a href=\"https:\/\/viagemalemanha.com\/o-que-fazer-em-munique-guia-completo-da-cidade-com-guias-brasileiros\/\"><strong>gu\u00eda completa sobre qu\u00e9 hacer en M\u00fanich<\/strong><\/a> que puede complementar la experiencia de los visitantes.&nbsp;<\/p>\n\n\n\n<p>Por ejemplo, para aquellos interesados en explorar la rica historia y cultura local, recomendamos realizar caminatas por el centro hist\u00f3rico hasta visitar lugares emblem\u00e1ticos como el campo de concentraci\u00f3n de Dachau y los <a href=\"https:\/\/viagemalemanha.com\/es\/ludwig-ii-y-sus-tres-grandes-palacios-en-alemania\/\">castillos de Neuschwanstein y Linderhof.<\/a><\/p>\n\n\n\n<p>Adem\u00e1s, M\u00fanich alberga algunas de las cervecer\u00edas m\u00e1s tradicionales de Alemania, como Hofbr\u00e4uhaus y Augustiner-Keller, donde los visitantes pueden disfrutar de platos t\u00edpicos acompa\u00f1ados de cervezas artesanales.<\/p>\n\n\n\n<h2 class=\"wp-block-heading\" id=\"h-outros-eventos-culturais-em-munique\">Otros eventos culturales en M\u00fanich<\/h2>\n\n\n\n<p>Hasta aqu\u00ed hemos conocido los principales eventos y festivales en M\u00fanich, las fiestas que son m\u00e1s conocidas. Sin embargo, el <strong>calendario cultural de M\u00fanich<\/strong> a\u00fan guarda otros espacios interesantes para conocer, que aunque no sean tan famosos, valen la pena una visita.<\/p>\n\n\n\n<h3 class=\"wp-block-heading\" id=\"h-long-night-of-museums-outubro\"><strong>Long Night of Museums (octubre)<\/strong><\/h3>\n\n\n\n<p>La Lange Nacht der Museen (Long Night of Museums) se celebra anualmente el tercer s\u00e1bado de octubre. En 2025, el evento est\u00e1 programado para el 18 de octubre, de 18h a 1h.&nbsp;<\/p>\n\n\n\n<p>Durante esta noche especial, m\u00e1s de 100 instituciones, incluidos museos, galer\u00edas, iglesias y espacios culturales, abren sus puertas al p\u00fablico, ofreciendo una oportunidad \u00fanica de explorar la rica escena art\u00edstica y cultural de la ciudad en un ambiente nocturno y festivo.<\/p>\n\n\n\n<p>Por ejemplo, el Bayerisches Nationalmuseum ofrece una variedad de atracciones, como tours tem\u00e1ticos, presentaciones musicales e instalaciones art\u00edsticas, proporcionando a los visitantes una experiencia cultural enriquecedora.<\/p>\n\n\n\n<h3 class=\"wp-block-heading\" id=\"h-starkbierfest-marco\"><strong>Starkbierfest (marzo)<\/strong><\/h3>\n\n\n\n<p>El Starkbierfest, o Festival de la Cerveza Fuerte, es una tradici\u00f3n b\u00e1vara que se celebra anualmente en M\u00fanich durante la Cuaresma, generalmente entre marzo y abril. Conocido como una \u00abpeque\u00f1a Oktoberfest\u00bb, el evento es menos tur\u00edstico y m\u00e1s orientado a los residentes locales, ofreciendo una atm\u00f3sfera aut\u00e9ntica y acogedora.<\/p>\n\n\n\n<p>Vale la pena mencionar que este festival se lleva a cabo en diversas cervecer\u00edas de la ciudad, incluyendo Paulaner am Nockherberg, Augustiner-Keller y L\u00f6wenbr\u00e4ukeller, cada una ofreciendo su propia programaci\u00f3n de m\u00fasica en vivo y platos t\u00edpicos de la cocina b\u00e1vara. M\u00e1s all\u00e1 de las cervezas, el Starkbierfest es conocido por su ambiente festivo y humor caracter\u00edstico. Por ejemplo, uno de los eventos m\u00e1s esperados es el \u00abDerblecken\u00bb, una presentaci\u00f3n sat\u00edrica donde pol\u00edticos locales son objeto de bromas y cr\u00edticas humor\u00edsticas, manteniendo viva la tradici\u00f3n b\u00e1vara de combinar cerveza y s\u00e1tira pol\u00edtica.<\/p>\n\n\n\n<h2 class=\"wp-block-heading\" id=\"h-como-incluir-os-festivais-em-uma-viagem-personalizada\"><strong>C\u00f3mo Incluir los Festivales en un Viaje Personalizado<\/strong><\/h2>\n\n\n\n<p>M\u00fanich es, sin duda, un destino incre\u00edble para quienes desean sumergirse en la cultura b\u00e1vara y experimentar algunos de los mejores <a href=\"https:\/\/viagemalemanha.com\/es\/festivales-y-eventos-culturales-en-la-selva-negra-tradicion-colores-y-sabores-a-lo-largo-del-ano\/\">festivales de Alemania<\/a>. Gracias al rico <strong>calendario cultural de M\u00fanich<\/strong>, la ciudad ofrece eventos que van desde tradiciones centenarias hasta experiencias modernas, haciendo que cada viaje sea especial.<\/p>\n\n\n\n<p>Desde la tradici\u00f3n de la Oktoberfest hasta los encantadores mercados de Navidad, siempre hay algo sucediendo para todos los gustos e intereses.<\/p>\n\n\n\n<p>Si est\u00e1s planeando un viaje a M\u00fanich y quieres aprovechar al m\u00e1ximo estas experiencias culturales, <em>podemos ayudarte a armar el itinerario perfecto para ti.<\/em> Y personalizar tu viaje, seleccionando los festivales y eventos que m\u00e1s se alineen con tus intereses, para garantizar la mejor experiencia posible en M\u00fanich y en Alemania. \u00a1Para hacer que este momento sea a\u00fan m\u00e1s inolvidable, prueba viajar con <a href=\"https:\/\/viagemalemanha.com\/guia-brasileiro-na-alemanha-viagem-alemanha\/\">gu\u00edas en espa\u00f1ol especializados<\/a>, as\u00ed crear\u00e1s recuerdos memorables sin preocupaciones!<\/p>\n\n\n\n<p>Nuestros servicios incluyen adem\u00e1s:<\/p>\n\n\n\n<ul class=\"wp-block-list\">\n<li><a href=\"https:\/\/viagemalemanha.com\/es\/consultoria-de-viaje-para-alemania\/\">Consejos de alojamiento y transporte,<\/a>&nbsp;para que encuentres las mejores opciones en hospedaje y te desplaces con facilidad, ya sea en autob\u00fas, tren, coche alquilado o transfer.<\/li>\n<\/ul>\n\n\n\n<ul class=\"wp-block-list\">\n<li><a href=\"https:\/\/viagemalemanha.com\/como-o-turismo-personalizado-pode-te-ajudar\/\">Itinerarios personalizados exclusivos<\/a>, a medida para ti y tu familia, con todo planeado para disfrutar lo mejor de la regi\u00f3n sin prisa.<\/li>\n<\/ul>\n\n\n\n<blockquote class=\"wp-block-quote is-layout-flow wp-block-quote-is-layout-flow\">\n<p>Cont\u00e1ctanos:<\/p>\n<\/blockquote>\n\n\n<style id=\"wpforms-css-vars-1038-block-59718809-1dd2-41c1-b0ca-6938af7089eb\">\n\t\t\t\t#wpforms-1038.wpforms-block-59718809-1dd2-41c1-b0ca-6938af7089eb {\n\t\t\t\t--wpforms-field-size-input-height: 43px;\n--wpforms-field-size-input-spacing: 15px;\n--wpforms-field-size-font-size: 16px;\n--wpforms-field-size-line-height: 19px;\n--wpforms-field-size-padding-h: 14px;\n--wpforms-field-size-checkbox-size: 16px;\n--wpforms-field-size-sublabel-spacing: 5px;\n--wpforms-field-size-icon-size: 1;\n--wpforms-label-size-font-size: 16px;\n--wpforms-label-size-line-height: 19px;\n--wpforms-label-size-sublabel-font-size: 14px;\n--wpforms-label-size-sublabel-line-height: 17px;\n--wpforms-button-size-font-size: 17px;\n--wpforms-button-size-height: 41px;\n--wpforms-button-size-padding-h: 15px;\n--wpforms-button-size-margin-top: 10px;\n--wpforms-container-shadow-size-box-shadow: none;\n\t\t\t}\n\t\t\t<\/style>","protected":false},"excerpt":{"rendered":"<p>M\u00fanich es un destino vibrante para quienes desean vivir experiencias aut\u00e9nticas y sumergirse en la cultura b\u00e1vara. Mucho m\u00e1s all\u00e1 de la famosa Oktoberfest, la ciudad ofrece un calendario cultural repleto de festivales en M\u00fanich, que se llevan a cabo a lo largo de todo el a\u00f1o \u2014 desde tradiciones seculares hasta eventos modernos y [&hellip;]<\/p>\n","protected":false},"author":2,"featured_media":76675,"comment_status":"open","ping_status":"open","sticky":false,"template":"","format":"standard","meta":{"_acf_changed":false,"tripadvisor_id":"","rating":0,"reviewer_name":"","review_date":"","trip_type":"","helpful_votes":0,"source_url":"","reviewer_gravatar":"","review_type":"","footnotes":""},"categories":[477,480],"tags":[],"class_list":["post-53838","post","type-post","status-publish","format-standard","has-post-thumbnail","hentry","category-destino-del-mes","category-munich"],"acf":[],"_links":{"self":[{"href":"https:\/\/viagemalemanha.com\/es\/wp-json\/wp\/v2\/posts\/53838","targetHints":{"allow":["GET"]}}],"collection":[{"href":"https:\/\/viagemalemanha.com\/es\/wp-json\/wp\/v2\/posts"}],"about":[{"href":"https:\/\/viagemalemanha.com\/es\/wp-json\/wp\/v2\/types\/post"}],"author":[{"embeddable":true,"href":"https:\/\/viagemalemanha.com\/es\/wp-json\/wp\/v2\/users\/2"}],"replies":[{"embeddable":true,"href":"https:\/\/viagemalemanha.com\/es\/wp-json\/wp\/v2\/comments?post=53838"}],"version-history":[{"count":2,"href":"https:\/\/viagemalemanha.com\/es\/wp-json\/wp\/v2\/posts\/53838\/revisions"}],"predecessor-version":[{"id":65412,"href":"https:\/\/viagemalemanha.com\/es\/wp-json\/wp\/v2\/posts\/53838\/revisions\/65412"}],"wp:featuredmedia":[{"embeddable":true,"href":"https:\/\/viagemalemanha.com\/es\/wp-json\/wp\/v2\/media\/76675"}],"wp:attachment":[{"href":"https:\/\/viagemalemanha.com\/es\/wp-json\/wp\/v2\/media?parent=53838"}],"wp:term":[{"taxonomy":"category","embeddable":true,"href":"https:\/\/viagemalemanha.com\/es\/wp-json\/wp\/v2\/categories?post=53838"},{"taxonomy":"post_tag","embeddable":true,"href":"https:\/\/viagemalemanha.com\/es\/wp-json\/wp\/v2\/tags?post=53838"}],"curies":[{"name":"wp","href":"https:\/\/api.w.org\/{rel}","templated":true}]}}