{"id":53911,"date":"2025-09-16T23:01:25","date_gmt":"2025-09-17T02:01:25","guid":{"rendered":"https:\/\/viagemalemanha.com\/?p=53911"},"modified":"2026-02-01T13:07:16","modified_gmt":"2026-02-01T16:07:16","slug":"alemania-en-verano-como-es-y-que-debes-llevar-en-tu-viaje","status":"publish","type":"post","link":"https:\/\/viagemalemanha.com\/es\/alemania-en-verano-como-es-y-que-debes-llevar-en-tu-viaje\/","title":{"rendered":"Alemania en Verano: C\u00f3mo es y qu\u00e9 debes llevar en tu viaje"},"content":{"rendered":"\n{\n  \u00ab@context\u00bb: \u00abhttps:\/\/schema.org\u00bb,\n  \u00ab@type\u00bb: \u00abFAQPage\u00bb,\n  \u00abmainEntity\u00bb: [\n    {\n      \u00ab@type\u00bb: \u00abQuestion\u00bb,\n      \u00abname\u00bb: \u00ab\u00bfCu\u00e1ndo es el verano en Alemania?\u00bb,\n      \u00abacceptedAnswer\u00bb: {\n        \u00ab@type\u00bb: \u00abAnswer\u00bb,\n        \u00abtext\u00bb: \u00abEl verano en Alemania ocurre entre junio y septiembre, siendo julio y agosto los meses m\u00e1s c\u00e1lidos.\u00bb\n      }\n    },\n    {\n      \u00ab@type\u00bb: \u00abQuestion\u00bb,\n      \u00abname\u00bb: \u00ab\u00bfCu\u00e1les son las temperaturas comunes en el verano alem\u00e1n?\u00bb,\n      \u00abacceptedAnswer\u00bb: {\n        \u00ab@type\u00bb: \u00abAnswer\u00bb,\n        \u00abtext\u00bb: \u00abLas temperaturas var\u00edan entre 20 \u00b0C y 28 \u00b0C, pudiendo superar los 30 \u00b0C durante olas de calor.\u00bb\n      }\n    },\n    {\n      \u00ab@type\u00bb: \u00abQuestion\u00bb,\n      \u00abname\u00bb: \u00ab\u00bfQu\u00e9 llevar en la maleta para viajar en el verano alem\u00e1n?\u00bb,\n      \u00abacceptedAnswer\u00bb: {\n        \u00ab@type\u00bb: \u00abAnswer\u00bb,\n        \u00abtext\u00bb: \u00abSe recomienda llevar ropa ligera, chaqueta cortaviento, calzado c\u00f3modo, protector solar, sombrero, botella de agua, traje de ba\u00f1o y adaptador de enchufe tipo F.\u00bb\n      }\n    },\n    {\n      \u00ab@type\u00bb: \u00abQuestion\u00bb,\n      \u00abname\u00bb: \u00ab\u00bfQu\u00e9 son los bierg\u00e4rten y c\u00f3mo funcionan?\u00bb,\n      \u00abacceptedAnswer\u00bb: {\n        \u00ab@type\u00bb: \u00abAnswer\u00bb,\n        \u00abtext\u00bb: \u00abLos bierg\u00e4rten son jardines de cerveza al aire libre, comunes en verano. En algunos, se permite llevar comida, pero las bebidas deben comprarse en el lugar.\u00bb\n      }\n    },\n    {\n      \u00ab@type\u00bb: \u00abQuestion\u00bb,\n      \u00abname\u00bb: \u00ab\u00bfQu\u00e9 son los Strandbads en Alemania?\u00bb,\n      \u00abacceptedAnswer\u00bb: {\n        \u00ab@type\u00bb: \u00abAnswer\u00bb,\n        \u00abtext\u00bb: \u00abLos Strandbads son \u00e1reas p\u00fablicas de ba\u00f1o en lagos o r\u00edos, comunes en verano, con buena infraestructura para nadar y disfrutar al aire libre.\u00bb\n      }\n    },\n    {\n      \u00ab@type\u00bb: \u00abQuestion\u00bb,\n      \u00abname\u00bb: \u00ab\u00bfExisten festivales en el verano alem\u00e1n?\u00bb,\n      \u00abacceptedAnswer\u00bb: {\n        \u00ab@type\u00bb: \u00abAnswer\u00bb,\n        \u00abtext\u00bb: \u00abS\u00ed. El verano en Alemania est\u00e1 marcado por festivales de m\u00fasica, fiestas regionales, ferias y eventos al aire libre, principalmente entre junio y agosto.\u00bb\n      }\n    },\n    {\n      \u00ab@type\u00bb: \u00abQuestion\u00bb,\n      \u00abname\u00bb: \u00ab\u00bfAlemania tiene mucho sol en verano?\u00bb,\n      \u00abacceptedAnswer\u00bb: {\n        \u00ab@type\u00bb: \u00abAnswer\u00bb,\n        \u00abtext\u00bb: \u00abS\u00ed. Durante el verano, especialmente en junio, los d\u00edas son largos, con el atardecer ocurriendo despu\u00e9s de las 21h en ciudades como Berl\u00edn.\u00bb\n      }\n    }\n  ]\n}\n\n\n\n<p>El verano en Alemania, que ocurre de junio a septiembre, es una de las mejores estaciones para viajar: el pa\u00eds se vuelve m\u00e1s vivo, los parques est\u00e1n llenos, hay festivales al aire libre, senderos y d\u00edas largos que invitan a paseos hasta tarde.&nbsp;<\/p>\n\n\n\n<p>A pesar de no tener el calor tropical de la Am\u00e9rica latina de forma continua, el verano europeo puede sorprender al visitante. Despu\u00e9s de todo, hay d\u00edas templados y agradables, pero tambi\u00e9n pueden ocurrir olas de calor con temperaturas superiores a 30 \u00b0C, especialmente en julio y agosto.<\/p>\n\n\n\n<p>Por lo tanto, para aprovechar al m\u00e1ximo su viaje a Alemania en verano, <em>es necesario planificar bien, organizando su maleta y su itinerario de manera inteligente.<\/em> \u00a1Sigue leyendo y descubre c\u00f3mo prepararte y planificar bien para disfrutar de cada momento sin preocupaciones!<\/p>\n\n\n\n<h2 class=\"wp-block-heading\" id=\"h-como-e-o-verao-na-alemanha\"><strong>\u00bfC\u00f3mo es el verano en Alemania?<\/strong><\/h2>\n\n\n\n<p>El verano alem\u00e1n suele ser m\u00e1s templado que el verano latino. En gran parte del pa\u00eds, las temperaturas de verano suelen estar entre 20 \u00b0C y 28 \u00b0C, pero no es raro tener d\u00edas con 30 \u00b0C o m\u00e1s durante olas de calor, un fen\u00f3meno que se ha vuelto m\u00e1s frecuente en las \u00faltimas d\u00e9cadas.<\/p>\n\n\n\n<figure class=\"wp-block-image size-full is-resized\"><img decoding=\"async\" src=\"https:\/\/viagemalemanha.com\/wp-content\/uploads\/2025\/10\/village-5087950_640.jpg\" alt=\"Alemania en verano\" class=\"wp-image-5999\" style=\"width:840px;height:auto\" \/><figcaption class=\"wp-element-caption\">Alemania en verano<\/figcaption><\/figure>\n\n\n\n<p>Para quienes vienen de la Am\u00e9rica latina, esto significa que algunos d\u00edas ser\u00e1n muy agradables, ideales para caminar al aire libre, mientras que otros podr\u00e1n requerir protecci\u00f3n solar reforzada, hidrataci\u00f3n y, ocasionalmente, evitar las horas m\u00e1s calurosas.\u00a0<\/p>\n\n\n\n<p><em>Una de las mayores ventajas del verano en Alemania son las horas de luz.<\/em> Cerca del solsticio (21 de junio), el sol suele salir muy temprano y ponerse tarde; en ciudades como Berl\u00edn, el atardecer puede ocurrir despu\u00e9s de las 21h en junio, proporcionando tardes y noches largas para paseos, caf\u00e9s al aire libre y eventos nocturnos. La luz prolongada es una aliada del planeamiento: m\u00e1s horas de sol significan m\u00e1s tiempo para explorar parques, museos y festivales.<\/p>\n\n\n\n<h3 class=\"wp-block-heading\" id=\"h-clima-instavel-e-vida-ao-ar-livre\"><strong>Clima inestable y vida al aire libre<\/strong><\/h3>\n\n\n\n<p>En los d\u00edas calurosos en Alemania, el tiempo puede cambiar r\u00e1pidamente: chubascos y tormentas son comunes en verano, y las temperaturas pueden oscilar. Los informes meteorol\u00f3gicos del <a href=\"https:\/\/www.dwd.de\/EN\/Home\/home_node.html\" target=\"_blank\" rel=\"noreferrer noopener\">DWD<\/a> (servicio meteorol\u00f3gico alem\u00e1n) y del <a href=\"https:\/\/www.umweltbundesamt.de\/en\" target=\"_blank\" rel=\"noreferrer noopener\">Umweltbundesamt<\/a> (agencia ambiental) muestran que los veranos recientes han variado entre fases secas y episodios de lluvia intensa.<\/p>\n\n\n\n<p>Muchos alemanes aprovechan el verano para pasar d\u00edas en bierg\u00e4rten, los tradicionales \u201cjardines de cerveza\u201d, que se encuentran en cervecer\u00edas y pubs al aire libre, con grandes mesas de madera colocadas bajo \u00e1rboles, donde la gente se re\u00fane para beber cerveza, comer platos t\u00edpicos y socializar. Tambi\u00e9n es costumbre hacer barbacoas en los parques, viajar internamente (especialmente en julio\/agosto cuando hay mayor movimiento) y disfrutar de lagos y playas fluviales.&nbsp;<\/p>\n\n\n\n<p><a href=\"https:\/\/viagemalemanha.com\/es\/munich-en-verano-actividades-al-aire-libre-y-consejos-imperdibles-de-paseos\/\">Descubre qu\u00e9 hacer en M\u00fanich en verano: parques, bierg\u00e4rten y paseos al aire libre<\/a><\/p>\n\n\n\n<figure class=\"wp-block-image size-full\"><img decoding=\"async\" src=\"https:\/\/viagemalemanha.com\/wp-content\/uploads\/2025\/10\/CAPAS-POSTS-2.png\" alt=\"Biergarten en M\u00fanich en el Parque Ingl\u00e9s\" class=\"wp-image-6082\" \/><figcaption class=\"wp-element-caption\">Biergarten en M\u00fanich en el Parque Ingl\u00e9s<\/figcaption><\/figure>\n\n\n\n<p>La cultura de aprovechar espacios al aire libre es fuerte, ya sea un picnic junto a un lago, un d\u00eda en un Strandbad (playa balnearia) local o un final de tarde en un biergarten. Para quienes viajan, esto significa que llevar ropa para relajarse al aire libre y calzado c\u00f3modo vale mucho la pena.<\/p>\n\n\n\n<h3 class=\"wp-block-heading\" id=\"h-eventos-e-festivais-no-verao-alemao\"><strong>Eventos y festivales en el verano alem\u00e1n<\/strong><\/h3>\n\n\n\n<p>El verano en Alemania es temporada de festivales de m\u00fasica, ferias, mercados al aire libre, cine al aire libre y fiestas regionales, desde grandes festivales internacionales hasta fiestas locales y las Volksfeste (fiestas populares con m\u00fasica, bebida y comida, juegos y atracciones culturales, normalmente al aire libre).&nbsp;<\/p>\n\n\n\n<p>Entonces, si su objetivo es vivir la vida cultural, verifique el calendario local con anticipaci\u00f3n, ya que muchos eventos ocurren entre junio y agosto y algunos requieren entrada o reserva.&nbsp;<\/p>\n\n\n\n<h2 class=\"wp-block-heading\" id=\"h-roupas-ideais-para-o-verao-europeu\"><strong>Ropa ideal para el verano europeo<\/strong><\/h2>\n\n\n\n<p>Viajar a Alemania en verano requiere una preparaci\u00f3n cuidadosa de la maleta, considerando el clima variable y la necesidad de versatilidad en la ropa. Lo esencial es priorizar ropa ligera y transpirable: los tejidos naturales como el lino y el algod\u00f3n son los m\u00e1s indicados porque permiten buena ventilaci\u00f3n y se secan r\u00e1pido cuando hay sudor.&nbsp;<\/p>\n\n\n\n<p>Buenas opciones incluyen camisetas, vestidos, faldas y pantalones cortos que combinen entre s\u00ed \u2014 un concepto llamado \u201ccapsule wardrobe\u201d. Esto permite armar varios looks con pocas piezas, ahorrando espacio en la maleta.<\/p>\n\n\n\n<figure class=\"wp-block-image size-full\"><img decoding=\"async\" src=\"https:\/\/viagemalemanha.com\/wp-content\/uploads\/2025\/10\/CAPAS-POSTS-7.png\" alt=\"Alemania en verano\" class=\"wp-image-6092\" \/><figcaption class=\"wp-element-caption\">Ropa fresca, mochila y sombreros para pasear c\u00f3modamente por el pa\u00eds en verano!<\/figcaption><\/figure>\n\n\n\n<p>Tambi\u00e9n se recomienda llevar una o dos <em>piezas m\u00e1s elegantes<\/em> que sean apropiadas para eventos como una cena elegante o visitar un teatro. En Europa, suele vestirse el estilo \u201csmart casual\u201d para eventos nocturnos \u2014 algo entre lo elegante y lo informal, como una camisa ligera con pantalones de vestir. Por eso, una pieza vers\u00e1til que funcione bien de d\u00eda y de noche ayuda a ahorrar espacio.<\/p>\n\n\n\n<h3 class=\"wp-block-heading\" id=\"h-casaco-corta-vendo-e-roupas-de-banho\"><strong>Chaqueta cortaviento y ropa de ba\u00f1o<\/strong><\/h3>\n\n\n\n<p>A\u00fan en verano, una <em>chaqueta ligera o cortaviento<\/em> debe formar parte de su maleta. Las noches pueden enfriarse y los chubascos o tormentas son comunes. Adem\u00e1s, en \u00e1reas monta\u00f1osas o junto a lagos, la sensaci\u00f3n t\u00e9rmica baja r\u00e1pidamente. Prefiera una chaqueta compacta y a prueba de viento\/lluvia, f\u00e1cil de guardar en la mochila durante el d\u00eda.<\/p>\n\n\n\n<p>Si su itinerario incluye lagos, spas o piscinas, no olvide la <em>ropa de ba\u00f1o<\/em> (traje de ba\u00f1o o bikini), toalla y chanclas. Muchas ciudades ofrecen Strandbads (playas) y \u00e1reas de ba\u00f1o estructuradas. Por lo tanto, vale la pena estar preparado para un chapuz\u00f3n espont\u00e1neo llevando siempre en la mochila los siguientes art\u00edculos:<\/p>\n\n\n\n<ul class=\"wp-block-list\">\n<li>ropa de ba\u00f1o;<\/li>\n\n\n\n<li>botella de agua;<\/li>\n\n\n\n<li>toalla peque\u00f1a;<\/li>\n\n\n\n<li>chanclas o sandalias;<\/li>\n\n\n\n<li>protector solar.<\/li>\n<\/ul>\n\n\n\n<p>Hablando de eso, no subestime la protecci\u00f3n solar en el verano alem\u00e1n. Incluya sombrero\/gorra, gafas de sol y protector solar (reaplicar cada 2 horas si est\u00e1 expuesto). Las autoridades de salud alemanas recomiendan protegerse ya a partir de un \u00edndice UV de 3; combinar protecci\u00f3n textil, sombra y filtro solar es la mejor pr\u00e1ctica.<\/p>\n\n\n\n<figure class=\"wp-block-image size-large\"><img decoding=\"async\" src=\"https:\/\/viagemalemanha.com\/wp-content\/uploads\/2025\/10\/IMG_7138-1-1024x510.jpg\" alt=\"Castillo Lichtenstein en verano en Alemania\" class=\"wp-image-6087\" \/><figcaption class=\"wp-element-caption\">Castillo Lichtenstein en verano en Alemania<\/figcaption><\/figure>\n\n\n\n<h2 class=\"wp-block-heading\" id=\"h-o-que-mais-levar-na-mala\"><strong>\u00bfQu\u00e9 m\u00e1s llevar en la maleta?<\/strong><\/h2>\n\n\n\n<p>Para aprovechar al m\u00e1ximo su viaje a Alemania en verano, es importante llevar art\u00edculos pr\u00e1cticos adem\u00e1s de la ropa. Cada elecci\u00f3n ayuda a hacer los paseos m\u00e1s c\u00f3modos y seguros.<\/p>\n\n\n\n<p><em>Zapatos o sandalias c\u00f3modas<\/em>, por ejemplo, son esenciales para caminar largas distancias en las ciudades y senderos. Un calzado adecuado evita dolores en los pies y lesiones durante paseos extensos.&nbsp;<\/p>\n\n\n\n<p>Llevar una <em>botella de agua<\/em> reutilizable ayuda a mantener la hidrataci\u00f3n durante el d\u00eda, especialmente en los d\u00edas calurosos. Muchas ciudades alemanas tienen fuentes p\u00fablicas de agua potable, permitiendo reabastecer su botella de forma gratuita.<\/p>\n\n\n\n<p>Y no olvide: incluso en verano, es prudente llevar un <em>peque\u00f1o paraguas o impermeable<\/em> plegable, ya que los chubascos pueden ocurrir de forma inesperada. Adem\u00e1s, llevar una mochila para uso diario es \u00fatil para cargar art\u00edculos esenciales como agua, protector solar, c\u00e1mara y peque\u00f1os bocadillos durante los paseos.<\/p>\n\n\n\n<p>Otro art\u00edculo necesario que no puede faltar es un <em>adaptador de enchufe<\/em> tipo F, 230V para cargar electr\u00f3nicos, ya que el voltaje y el est\u00e1ndar de enchufe en Alemania difieren de la Am\u00e9rica latina. Si usted, o alguien que viajar\u00e1 con usted, toma medicamentos de uso continuo, esos medicamentos tambi\u00e9n deben estar en la maleta, as\u00ed como cualquier otro art\u00edculo de salud esencial en su rutina.<\/p>\n\n\n\n<p><strong>Consejo \u00fatil de viajeros experimentados:<\/strong> champ\u00fa, acondicionador y pasta de dientes en barra (s\u00f3lidos) ayudan a ahorrar espacio en la maleta, reduciendo el volumen de l\u00edquidos llevados en el viaje. Y suelen ser muy pr\u00e1cticos para usar en el d\u00eda a d\u00eda.<\/p>\n\n\n\n<h2 class=\"wp-block-heading\" id=\"h-a-importancia-de-um-roteiro-bem-planejado-no-verao\"><strong>La importancia de un itinerario bien planificado en verano<\/strong><\/h2>\n\n\n\n<p><em>Planificar el itinerario con anticipaci\u00f3n<\/em> permite aprovechar al m\u00e1ximo los largos d\u00edas de verano y encajar m\u00e1s actividades sin perder tiempo en desplazamientos innecesarios. Con una buena planificaci\u00f3n, es posible disfrutar de diferentes atracciones, sin perder el equilibrio entre paseos, actividades y diversi\u00f3n, y los momentos de descanso necesarios.<\/p>\n\n\n\n<figure class=\"wp-block-image size-full\"><img decoding=\"async\" src=\"https:\/\/viagemalemanha.com\/wp-content\/uploads\/2025\/10\/CAPAS-POSTS-3.png\" alt=\"Alemania en Verano\" class=\"wp-image-6086\" \/><\/figure>\n\n\n\n<p>Puede planificar su viaje de la mejor manera y conocer lo mejor de Alemania con nuestra empresa de viajes, contando con nuestros <a href=\"https:\/\/viagemalemanha.com\/como-o-turismo-personalizado-pode-te-ajudar\/\">gu\u00edas en espa\u00f1ol y itinerarios personalizados<\/a> para su gusto!<\/p>\n\n\n\n<p>Algunos de los destinos m\u00e1s visitados por los alemanes dentro de Alemania durante el verano incluyen:<\/p>\n\n\n\n<ul class=\"wp-block-list\">\n<li><strong>Th\u00fcringer Wald:<\/strong> cordillera en el estado de Turingia, famosa por senderos como el Rennsteig y por sus densos bosques.<\/li>\n\n\n\n<li><strong>Harz:<\/strong> regi\u00f3n monta\u00f1osa en el norte de Alemania, conocida por leyendas, castillos medievales y la monta\u00f1a Brocken.<\/li>\n\n\n\n<li><strong>S\u00e4chsische Schweiz &#8211; Erzgebirge:<\/strong> \u00e1rea de formaciones rocosas espectaculares en el sureste de Sajonia y monta\u00f1as ricas en tradici\u00f3n minera.<\/li>\n\n\n\n<li><strong>Mecklenburgische Seenplatten:<\/strong> regi\u00f3n con miles de lagos interconectados en el norte de Alemania, ideal para deportes acu\u00e1ticos y paseos en barco.<\/li>\n\n\n\n<li><strong>Baden-W\u00fcrttemberg:<\/strong> estado en el suroeste, hogar de la <a href=\"https:\/\/viagemalemanha.com\/es\/rutas-en-coche-por-la-selva-negra-naturaleza-aldeas-y-experiencias-inolvidables\/\" target=\"_blank\" rel=\"noreferrer noopener\">Selva Negra (Schwarzwald),<\/a> vi\u00f1edos y ciudades hist\u00f3ricas como Heidelberg.<\/li>\n\n\n\n<li><strong>Baviera (Bayern):<\/strong> estado m\u00e1s al sur, famoso por los <a href=\"https:\/\/viagemalemanha.com\/es\/los-alpes\/\">Alpes b\u00e1varos<\/a>, el <a href=\"https:\/\/viagemalemanha.com\/es\/palacio-neuschwanstein-viaje-alemania-entrevista\/\">Castillo de Neuschwanstein<\/a> y tradiciones como la <a href=\"https:\/\/viagemalemanha.com\/es\/oktoberfest-el-mayor-festival-de-cerveza-del-mundo\/\">Oktoberfest.<\/a><\/li>\n<\/ul>\n\n\n\n<h3 class=\"wp-block-heading\" id=\"h-faca-reservas-com-antecedencia-para-eventos\"><strong>Haga reservas con anticipaci\u00f3n para eventos<\/strong><\/h3>\n\n\n\n<p>Para eventos populares y festivales de verano, como ferias, conciertos y paseos guiados, se recomienda reservar entradas y tours con anticipaci\u00f3n, ya que muchos eventos requieren reserva o se agotan r\u00e1pidamente en la temporada alta. As\u00ed, garantiza su participaci\u00f3n en la fecha elegida.<\/p>\n\n\n\n<h2 class=\"wp-block-heading\" id=\"h-dicas-extras-para-curtir-melhor-o-verao-na-alemanha\"><strong>Consejos extras para disfrutar mejor del verano en Alemania<\/strong><\/h2>\n\n\n\n<p>El verano trae una intensa programaci\u00f3n cultural, con festivales de m\u00fasica, ferias al aire libre y eventos regionales ocurriendo por todo el pa\u00eds, del norte al sur. Hay eventos grandes, como el Rock am Ring y Rock im Park, dos de los mayores festivales de rock de Alemania, realizados simult\u00e1neamente en N\u00fcrburgring (Renania-Palatinado) y Nuremberg (Baviera), y las Fiestas del vino y ferias regionales (Weinfeste), que ocurren en diversos estados, especialmente Renania-Palatinado y Baden-W\u00fcrttemberg, con m\u00fasica en vivo, degustaci\u00f3n de vinos y gastronom\u00eda local.<\/p>\n\n\n\n<p><a href=\"https:\/\/viagemalemanha.com\/es\/festivales-y-eventos-culturales-en-la-selva-negra-tradicion-colores-y-sabores-a-lo-largo-del-ano\/\">Descubre los principales festivales de verano en la Selva Negra y otras regiones<\/a><\/p>\n\n\n\n<figure class=\"wp-block-image size-full\"><img decoding=\"async\" src=\"https:\/\/viagemalemanha.com\/wp-content\/uploads\/2025\/10\/CAPAS-POSTS-4.png\" alt=\"Nuremberg en Alemania\" class=\"wp-image-6089\" \/><figcaption class=\"wp-element-caption\">Nuremberg en Alemania<\/figcaption><\/figure>\n\n\n\n<h3 class=\"wp-block-heading\" id=\"h-conheca-o-biergarten-e-areas-de-banho\"><strong>Conozca el biergarten y \u00e1reas de ba\u00f1o<\/strong><\/h3>\n\n\n\n<p>Visitar un <a href=\"https:\/\/viagemalemanha.com\/es\/rutas-en-munich-que-hacer-consejos-y-atracciones\/\">biergarten<\/a> (jard\u00edn de cerveza) es una experiencia t\u00edpica de verano. Muchos bierg\u00e4rten tradicionales permiten que traiga su propia comida (la tradici\u00f3n b\u00e1vara del Brotzeitkorb), pero suelen pedir que las bebidas se compren en el lugar. Por lo tanto, verifique las se\u00f1ales y reglas espec\u00edficas del establecimiento.&nbsp;<\/p>\n\n\n\n<p>Otro buen consejo es buscar \u00e1reas de ba\u00f1o como Strandbads, Freib\u00e4der y Badeseen para refrescarse. Despu\u00e9s de todo, Alemania tiene muchos lagos y lidos bien equipados, ideales para nadar, deportes acu\u00e1ticos y picnics de todo el d\u00eda.<\/p>\n\n\n\n<p><a href=\"https:\/\/viagemalemanha.com\/es\/lagos-de-alemania-explorando-la-belleza-natural-de-alemania-con-nuestros-paseos-guiados-en-espanol\/\">Consulta los principales lagos para ba\u00f1o y picnics en Alemania<\/a><\/p>\n\n\n\n<h2 class=\"wp-block-heading\" id=\"h-curiosidades-sobre-o-verao-alemao\"><strong>Curiosidades sobre el verano alem\u00e1n<\/strong><\/h2>\n\n\n\n<p>El verano alem\u00e1n tiene curiosidades que suelen sorprender a los visitantes. A continuaci\u00f3n, hemos recopilado algunos hechos interesantes y curiosos de este per\u00edodo del a\u00f1o all\u00ed, \u00a1\u00e9chales un vistazo!<\/p>\n\n\n\n<ul class=\"wp-block-list\">\n<li><strong>Muchos edificios y hoteles no tienen aire acondicionado<\/strong>: hist\u00f3ricamente, la mayor\u00eda de las residencias y alojamientos en Alemania no est\u00e1n equipados con este aparato debido a la rareza de temperaturas muy elevadas, aunque su uso est\u00e1 aumentando debido a las recientes olas de calor.<a href=\"https:\/\/www.cleanenergywire.org\/news\/one-eight-german-households-already-use-air-conditioning-survey?utm_source=chatgpt.com\" target=\"_blank\" rel=\"noopener\">&nbsp;<\/a><\/li>\n\n\n\n<li><strong>Agosto es mes de vacaciones (Sommerferien) para gran parte de los alemanes<\/strong>, lo que impacta la disponibilidad de servicios, el tr\u00e1fico y la afluencia en atracciones tur\u00edsticas.<\/li>\n\n\n\n<li><strong>Existe el verbo \u201csonnen\u201d<\/strong> (sich sonnen = \u201ctomar sol \/ broncearse\u201d), que refleja la tradici\u00f3n alemana de simplemente disfrutar del sol en los parques, orillas de lagos y bierg\u00e4rten.<\/li>\n\n\n\n<li><strong>Los bierg\u00e4rten son espacios sociales con reglas propias<\/strong>, en Baviera, por tradici\u00f3n y reglas hist\u00f3ricas, es com\u00fan poder <strong>traer comida<\/strong> al biergarten (el llamado <em>Brotzeitkorb<\/em>), mientras que las bebidas se compran en el lugar.<\/li>\n\n\n\n<li><strong>Existen \u201cStrandbads\u201d y muchos puntos de ba\u00f1o interior<\/strong> (lakes\/freib\u00e4der) bien estructurados. La cultura del ba\u00f1o en lagos y lidos es parte importante del verano y est\u00e1 bien regulada en cuanto a la calidad del agua.<a href=\"https:\/\/www.germany.travel\/en\/inspiring-germany\/summer-pleasures-in-germany.html?utm_source=chatgpt.com\" target=\"_blank\" rel=\"noopener\">&nbsp;<\/a><\/li>\n\n\n\n<li><strong>Las farmacias siguen horarios y muchas cierran los domingos<\/strong>, pero siempre hay farmacias de guardia (<em>Apothekennotdienst<\/em>) indicadas por listas locales para emergencias.<\/li>\n\n\n\n<li><strong>Las noches de verano son largas y se aprovechan<\/strong>: en junio\/julio el atardecer puede ocurrir bien tarde en ciudades del norte y centro, y los alemanes suelen disfrutar de cenas y eventos al aire libre hasta altas horas.<\/li>\n<\/ul>\n\n\n\n<h2 class=\"wp-block-heading\" id=\"h-conclusao\"><strong>Conclusi\u00f3n<\/strong><\/h2>\n\n\n\n<p>El verano es una de las mejores \u00e9pocas para explorar Alemania. Despu\u00e9s de todo, la estaci\u00f3n combina naturaleza, intensa vida cultural y largos d\u00edas de luz, lo que facilita paseos y participaci\u00f3n en festivales y eventos al aire libre. Para hacer este momento a\u00fan m\u00e1s inolvidable, prueba viajar con\u00a0<a href=\"https:\/\/viagemalemanha.com\/guia-brasileiro-na-alemanha-viagem-alemanha\/\">gu\u00edas en espa\u00f1ol especializados<\/a>, \u00a1as\u00ed crear\u00e1s recuerdos memorables sin preocupaciones!<\/p>\n\n\n\n<p>Nuestros servicios incluyen adem\u00e1s:<\/p>\n\n\n\n<p><strong>Alojamiento y transporte<\/strong>: te ayudamos a encontrar las mejores opciones, con desplazamientos f\u00e1ciles en tren, autob\u00fas o coche de alquiler.<\/p>\n\n\n\n<p><strong>Itinerarios personalizados<\/strong>: armamos tu <a href=\"https:\/\/viagemalemanha.com\/como-o-turismo-personalizado-pode-te-ajudar\/\">itinerario ideal en Alemania<\/a>, con enfoque en tus preferencias y tiempo disponible.<\/p>\n\n\n\n<p><a href=\"https:\/\/viagemalemanha.com\/es\/consultoria-de-viaje-para-alemania\/\">\u00a1Habla con un gu\u00eda en espa\u00f1ol ahora!<\/a><\/p>\n\n\n\n<blockquote class=\"wp-block-quote is-layout-flow wp-block-quote-is-layout-flow\">\n<p>Cont\u00e1ctanos:<\/p>\n\n\n<style id=\"wpforms-css-vars-1038-block-3f0d1aae-2df1-40c6-aadb-e4b35a9cfa53\">\n\t\t\t\t#wpforms-1038.wpforms-block-3f0d1aae-2df1-40c6-aadb-e4b35a9cfa53 {\n\t\t\t\t--wpforms-field-size-input-height: 43px;\n--wpforms-field-size-input-spacing: 15px;\n--wpforms-field-size-font-size: 16px;\n--wpforms-field-size-line-height: 19px;\n--wpforms-field-size-padding-h: 14px;\n--wpforms-field-size-checkbox-size: 16px;\n--wpforms-field-size-sublabel-spacing: 5px;\n--wpforms-field-size-icon-size: 1;\n--wpforms-label-size-font-size: 16px;\n--wpforms-label-size-line-height: 19px;\n--wpforms-label-size-sublabel-font-size: 14px;\n--wpforms-label-size-sublabel-line-height: 17px;\n--wpforms-button-size-font-size: 17px;\n--wpforms-button-size-height: 41px;\n--wpforms-button-size-padding-h: 15px;\n--wpforms-button-size-margin-top: 10px;\n--wpforms-container-shadow-size-box-shadow: none;\n\t\t\t}\n\t\t\t<\/style><\/blockquote>\n\n\n\n<p><\/p>\n","protected":false},"excerpt":{"rendered":"<p>{ \u00ab@context\u00bb: \u00abhttps:\/\/schema.org\u00bb, \u00ab@type\u00bb: \u00abFAQPage\u00bb, \u00abmainEntity\u00bb: [ { \u00ab@type\u00bb: \u00abQuestion\u00bb, \u00abname\u00bb: \u00ab\u00bfCu\u00e1ndo es el verano en Alemania?\u00bb, \u00abacceptedAnswer\u00bb: { \u00ab@type\u00bb: \u00abAnswer\u00bb, \u00abtext\u00bb: \u00abEl verano en Alemania ocurre entre junio y septiembre, siendo julio y agosto los meses m\u00e1s c\u00e1lidos.\u00bb } }, { \u00ab@type\u00bb: \u00abQuestion\u00bb, \u00abname\u00bb: \u00ab\u00bfCu\u00e1les son las temperaturas comunes en el verano alem\u00e1n?\u00bb, \u00abacceptedAnswer\u00bb: [&hellip;]<\/p>\n","protected":false},"author":2,"featured_media":76686,"comment_status":"open","ping_status":"open","sticky":false,"template":"","format":"standard","meta":{"_acf_changed":false,"tripadvisor_id":"","rating":0,"reviewer_name":"","review_date":"","trip_type":"","helpful_votes":0,"source_url":"","reviewer_gravatar":"","review_type":"","footnotes":""},"categories":[477],"tags":[],"class_list":["post-53911","post","type-post","status-publish","format-standard","has-post-thumbnail","hentry","category-destino-del-mes"],"acf":[],"_links":{"self":[{"href":"https:\/\/viagemalemanha.com\/es\/wp-json\/wp\/v2\/posts\/53911","targetHints":{"allow":["GET"]}}],"collection":[{"href":"https:\/\/viagemalemanha.com\/es\/wp-json\/wp\/v2\/posts"}],"about":[{"href":"https:\/\/viagemalemanha.com\/es\/wp-json\/wp\/v2\/types\/post"}],"author":[{"embeddable":true,"href":"https:\/\/viagemalemanha.com\/es\/wp-json\/wp\/v2\/users\/2"}],"replies":[{"embeddable":true,"href":"https:\/\/viagemalemanha.com\/es\/wp-json\/wp\/v2\/comments?post=53911"}],"version-history":[{"count":2,"href":"https:\/\/viagemalemanha.com\/es\/wp-json\/wp\/v2\/posts\/53911\/revisions"}],"predecessor-version":[{"id":66132,"href":"https:\/\/viagemalemanha.com\/es\/wp-json\/wp\/v2\/posts\/53911\/revisions\/66132"}],"wp:featuredmedia":[{"embeddable":true,"href":"https:\/\/viagemalemanha.com\/es\/wp-json\/wp\/v2\/media\/76686"}],"wp:attachment":[{"href":"https:\/\/viagemalemanha.com\/es\/wp-json\/wp\/v2\/media?parent=53911"}],"wp:term":[{"taxonomy":"category","embeddable":true,"href":"https:\/\/viagemalemanha.com\/es\/wp-json\/wp\/v2\/categories?post=53911"},{"taxonomy":"post_tag","embeddable":true,"href":"https:\/\/viagemalemanha.com\/es\/wp-json\/wp\/v2\/tags?post=53911"}],"curies":[{"name":"wp","href":"https:\/\/api.w.org\/{rel}","templated":true}]}}