{"id":53912,"date":"2025-08-22T00:01:44","date_gmt":"2025-08-22T03:01:44","guid":{"rendered":"https:\/\/viagemalemanha.com\/?p=53912"},"modified":"2026-01-25T14:17:42","modified_gmt":"2026-01-25T17:17:42","slug":"rutas-en-munich-que-hacer-consejos-y-atracciones","status":"publish","type":"post","link":"https:\/\/viagemalemanha.com\/es\/rutas-en-munich-que-hacer-consejos-y-atracciones\/","title":{"rendered":"Rutas en M\u00fanich: \u00bfQu\u00e9 hacer? Consejos y atracciones"},"content":{"rendered":"\n<p><a href=\"https:\/\/unsplash.com\/es\/fotografias\/foto-aerea-da-paisagem-urbana-durante-o-dia-euJvKWK3y7s\" target=\"_blank\" rel=\"noopener\"><\/a>Si est\u00e1s buscando itinerarios de viaje en M\u00fanich para entender todo <strong>qu\u00e9 hacer en la capital de Baviera<\/strong> durante tu estad\u00eda, has llegado al lugar correcto. La ciudad es un destino que une tradici\u00f3n y modernidad en itinerarios que encantan a cualquier viajero.<\/p>\n\n\n\n<p>M\u00fanich va m\u00e1s all\u00e1 de la Oktoberfest: ofrece atracciones todo el a\u00f1o, desde museos ultramodernos hasta palacios de cuentos de hadas, parques centenarios e incluso surf en pleno centro. La ciudad es la combinaci\u00f3n perfecta de tradici\u00f3n y modernidad \u2014 un destino que encanta en cualquier \u00e9poca del a\u00f1o. En esta gu\u00eda, encontrar\u00e1s itinerarios pr\u00e1cticos de 1 a 3 d\u00edas y consejos adicionales para aprovechar cada momento en la ciudad.<\/p>\n\n\n\n<p>Si quieres disfrutar de todo esto sin perder tiempo y dinero, sigue los consejos de nuestro blog. Y si deseas ir m\u00e1s all\u00e1, cuenta con una <strong><a href=\"https:\/\/viagemalemanha.com\/es\/consultoria-de-viaje-para-alemania\/\">consultor\u00eda y gu\u00eda en M\u00fanich<\/a><\/strong> para evitar trampas tur\u00edsticas y descubrir secretos e historias que solo un especialista en M\u00fanich conoce.<\/p>\n\n\n\n<h2 class=\"wp-block-heading\" id=\"h-munique-tradicao-e-modernidade\"><strong>M\u00fanich: tradici\u00f3n y modernidad<\/strong><\/h2>\n\n\n\n<figure class=\"wp-block-image\"><img decoding=\"async\" src=\"https:\/\/viagemalemanha.com\/wp-content\/uploads\/2025\/10\/AD_4nXduMF0Lsn0Jozf0BPCqnGKAhV1s0C67gXCcBCUYHSZ23TYlG1Ylv0ZV_aFKm-TOIwQnbqnciprsyL-lW5BcbTIQ6I1aw1v_ahynBrr_i3ub3QfUdoNYXExEnI6hHIOs7smZlUy5lg.png\" alt=\"\" \/><\/figure>\n\n\n\n<p><a href=\"https:\/\/unsplash.com\/es\/fotografias\/uma-vista-de-um-edificio-do-outro-lado-de-uma-lagoa-Q_MrsapQugs\" target=\"_blank\" rel=\"noopener\"><\/a><\/p>\n\n\n\n<p>Encravada en los Alpes B\u00e1varos y ba\u00f1ada por el r\u00edo Isar, M\u00fanich exhibe bellezas naturales, adem\u00e1s de calles concurridas repletas de tiendas de lujo y muchos coches de alta gama. Esta combinaci\u00f3n le da un encanto a la \u201cPar\u00eds germ\u00e1nica\u201d.<\/p>\n\n\n\n<p>M\u00fanich fue fundada alrededor de 1158 y tuvo un papel relevante en la historia de Baviera y de Alemania. Durante la Reforma permaneci\u00f3 como uno de los pocos bastiones cat\u00f3licos y en 1806 se convirti\u00f3 en la capital del Reino de Baviera.<\/p>\n\n\n\n<p>No todo, sin embargo, es motivo de orgullo. En la d\u00e9cada de 1920, debido a su importancia para el ascenso del Nacional-Socialismo, fue conocida como la capital del Movimiento. Durante la Segunda Guerra Mundial, fue fuertemente bombardeada, pero gran parte de su arquitectura hist\u00f3rica fue restaurada. Despu\u00e9s de la guerra, la poblaci\u00f3n y la econom\u00eda de M\u00fanich crecieron r\u00e1pidamente, y la ciudad fue sede de los Juegos Ol\u00edmpicos de Verano de 1972.<\/p>\n\n\n\n<p>Hoy, M\u00fanich es un destino inolvidable que combina historia, cultura y modernidad. Ahora que ya conoces un poco de la historia de esta fascinante ciudad, hemos preparado una gu\u00eda completa sobre <strong>qu\u00e9 hacer en M\u00fanich<\/strong>, con los <strong>principales puntos tur\u00edsticos<\/strong> y opciones de <strong>itinerario M\u00fanich 1, 2 o 3 d\u00edas<\/strong> para aprovechar al m\u00e1ximo tu estad\u00eda.<\/p>\n\n\n\n<p>Esta gu\u00eda es diferente de una simple lista de puntos tur\u00edsticos. Aqu\u00ed encontrar\u00e1s <strong>itinerarios de 1 a 3 d\u00edas en M\u00fanich<\/strong>, pensados para quienes quieren optimizar tiempo y conocer la ciudad de forma pr\u00e1ctica, sin caer en trampas tur\u00edsticas.<\/p>\n\n\n\n<h2 class=\"wp-block-heading\" id=\"h-roteiros-em-munique\"><strong>Itinerarios en M\u00fanich<\/strong><\/h2>\n\n\n\n<figure class=\"wp-block-image\"><img decoding=\"async\" src=\"https:\/\/viagemalemanha.com\/wp-content\/uploads\/2025\/10\/AD_4nXc970ktHEJsxwDhN9C-A8v7TIwB7CyzXhphWqfPmlhjMtHWDaTZ2z0FoAWJ15A2UcXfcDC20c4GYrFoJP-4ueDI9YuQuZvoCq3naILPrXyQDYCPD6f_OSWTB9yvp2LCZ3M7CZyy.png\" alt=\"\" \/><\/figure>\n\n\n\n<p><a href=\"https:\/\/www.freepik.com\/free-photo\/top-view-sausages-with-pretzels-beer_11143495.htm\" target=\"_blank\" rel=\"noopener\"><\/a><\/p>\n\n\n\n<p>Al fin, <strong>\u00bfqu\u00e9 hacer en M\u00fanich<\/strong>? Por reunir historia, cultura, modernidad, adem\u00e1s de cerveza de calidad, sus atracciones y actividades agradan a todos los perfiles de visitantes. Sus plazas medievales, iglesias y palacios son escenarios de ensue\u00f1o.<\/p>\n\n\n\n<p>Y la experiencia va m\u00e1s all\u00e1 de la arquitectura: la cocina b\u00e1vara conquista con pretzels gigantes, salchichas sabrosas y la famosa jarra de 1 litro de cerveza, la llamada <strong>Masskrug<\/strong>, servida en las legendarias biergartens.<\/p>\n\n\n\n<p>Aqu\u00ed, encontrar\u00e1s itinerarios pr\u00e1cticos para disfrutar de M\u00fanich al m\u00e1ximo, optimizando el tiempo y pasando por los puntos tur\u00edsticos m\u00e1s destacados de la ciudad, adem\u00e1s de consejos adicionales para ahorrar, moverte y evitar problemas.<\/p>\n\n\n\n<p>Entonces, \u00bfpreparado para explorar esta incre\u00edble ciudad?<\/p>\n\n\n\n<h3 class=\"wp-block-heading\" id=\"h-roteiro-munique-1-dia-centro-historico\"><strong>Itinerario M\u00fanich 1 d\u00eda: Centro Hist\u00f3rico<\/strong><\/h3>\n\n\n\n<figure class=\"wp-block-image\"><img decoding=\"async\" src=\"https:\/\/viagemalemanha.com\/wp-content\/uploads\/2025\/10\/AD_4nXc8OQU8mjiaTMX0fWGw5A4tgVHHuljxi4gUXvnIrUezUJ-mmlchFKzZxpq-d7JejiED6JnZWpKZ5wYPnXEnw8T29OEqVplAgfAX1bekqfKVtd72ukVN0-6sCun9sbUAm682VJHOwA.png\" alt=\"\" \/><\/figure>\n\n\n\n<p><a href=\"https:\/\/unsplash.com\/es\/fotografias\/uma-visao-de-uma-cidade-de-um-ponto-de-vista-elevado-WJsGUDk-x74\" target=\"_blank\" rel=\"noopener\"><\/a><\/p>\n\n\n\n<p>Si solo tienes un d\u00eda o algunas horas, visita el centro hist\u00f3rico de M\u00fanich. All\u00ed late el coraz\u00f3n de la ciudad con la plaza <strong>Marienplatz<\/strong> como punto central. En la plaza hay historia, arquitectura y vida urbana en el mismo espacio. All\u00ed se encuentra el <strong>Neues Rathaus<\/strong>, el nuevo ayuntamiento, con su impresionante arquitectura y el famoso Glockenspiel, el gran reloj mec\u00e1nico que, dos veces al d\u00eda, presenta escenas de la historia de M\u00fanich, representadas por mu\u00f1ecos a tama\u00f1o real. Es imposible entender M\u00fanich sin pasar por all\u00ed.<\/p>\n\n\n\n<p>Desde all\u00ed puedes visitar a pie varias atracciones: Las iglesias de San Pedro y la Catedral de Nuestra Se\u00f1ora (<strong>Frauenkirche)<\/strong>, notable por sus torres gemelas con c\u00fapulas. Fue escenario de grandes eventos hist\u00f3ricos en M\u00fanich y es una de las postales de la ciudad. La torre sur est\u00e1 abierta al p\u00fablico y ofrece una vista espectacular de M\u00fanich y, en d\u00edas claros, es incluso posible ver los Alpes.<\/p>\n\n\n\n<p>Despu\u00e9s, puedes ir al mayor n\u00famero de Biergartens que puedas. All\u00ed tendr\u00e1s todo tipo de cerveza b\u00e1vara. Aprovecha y visita el m\u00e1s tradicional que se encuentra cerca, el de la cervecer\u00eda <strong>Hofbr\u00e4uhaus<\/strong>, del siglo 16.<\/p>\n\n\n\n<p>Si a\u00fan tienes energ\u00eda, ve a pasear por el mercado abierto <strong>Viktualienmarkt<\/strong>, donde encuentras de todo, desde panes, especias y delicatessen, hasta souvenirs. Y no dejes de visitar el <strong>Residenz<\/strong>, la antigua sede de los reyes de Baviera (ve tambi\u00e9n nuestra gu\u00eda sobre los <strong><a href=\"https:\/\/viagemalemanha.com\/es\/palacios-de-alemania-lujo-y-belleza\/\">palacios de Alemania<\/a><\/strong>) y el mayor palacio urbano de Alemania.<\/p>\n\n\n\n<p>Todo el complejo contiene diez patios y exhibe 130 salas, que muestran la decoraci\u00f3n y las antiguas colecciones reales. Despu\u00e9s de ser destruido por los bombardeos de la Segunda Guerra Mundial, el palacio fue completamente restaurado. Vale la pena seguir hasta la <strong><a href=\"https:\/\/viagemalemanha.com\/es\/maximilianstrasse-la-avenida-del-lujo-en-munich\/\">Maximilianstrasse<\/a><\/strong>, la calle m\u00e1s lujosa de M\u00fanich, donde est\u00e1n varias marcas internacionales.<\/p>\n\n\n\n<h3 class=\"wp-block-heading\" id=\"h-roteiro-munique-2-dias-palacios-museus-e-allianz-arena\">Itinerario M\u00fanich 2 d\u00edas: palacios, museos y Allianz Arena<\/h3>\n\n\n\n<div class=\"wp-block-cover\"><img decoding=\"async\" class=\"wp-block-cover__image-background\" alt=\"\" src=\"https:\/\/viagemalemanha.com\/wp-content\/uploads\/2025\/10\/AD_4nXdDVyS4hoMAPJjFToVgFhD6q-lPyv9UqoKbnqxBvNGI0hZA6LmQHv6s4EzP438Kbnm9Leq3hCphhnKfMTxD-kVPEDV6VV3lPHhBCVd5k2P1c4Lo1I3GRL-W7f4V7PUfKkBqmdDVgA.png\" data-object-fit=\"cover\" \/><span aria-hidden=\"true\" class=\"wp-block-cover__background has-background-dim\"><\/span><div class=\"wp-block-cover__inner-container is-layout-flow wp-block-cover-is-layout-flow\">\n<p class=\"has-text-align-center has-large-font-size\"><\/p>\n<\/div><\/div>\n\n\n\n<p><a href=\"https:\/\/unsplash.com\/es\/fotografias\/um-edificio-alto-sentado-ao-lado-de-uma-grande-placa-Hd4kIsM1Ez8\" target=\"_blank\" rel=\"noopener\"><\/a><\/p>\n\n\n\n<p>D\u00eda de despertar temprano. Este paseo tomar\u00e1 toda la ma\u00f1ana. Toma un autob\u00fas o metro para ir al <strong><a href=\"https:\/\/viagemalemanha.com\/es\/palacio-nymphenburg-en-munich-guias-latinos-en-alemania\/\">Castillo Nymphenburg en M\u00fanich<\/a><\/strong>, uno de los mayores palacios barrocos de Alemania, junto con el inmenso parque, forma uno de los conjuntos reales m\u00e1s impresionantes de Europa.<\/p>\n\n\n\n<p>En el complejo, a\u00fan se encuentran otros palacios como el <strong>Amalienburg<\/strong>, el <strong>Pagodenburg<\/strong> y el <strong>Badenburg<\/strong>, adem\u00e1s del <strong>Marstallmuseum<\/strong>, la hist\u00f3rica <strong>F\u00e1brica de Porcelana de Nymphenburg<\/strong> y los <strong>Jardines Bot\u00e1nicos<\/strong>. En d\u00edas soleados, incluso se puede hacer un paseo rom\u00e1ntico en g\u00f3ndola por el canal del palacio. Esta experiencia ser\u00e1 cinematogr\u00e1fica.<\/p>\n\n\n\n<p>Por la tarde, elige entre dos experiencias muy diferentes: sumergirte en el universo de la ingenier\u00eda en el <strong>BMW Museum<\/strong>, que se encuentra cerca del <strong>Olympiapark<\/strong>, con su arquitectura futurista y exposiciones llenas de modelos ic\u00f3nicos, o, para los aficionados al f\u00fatbol, visitar la <strong>Allianz Arena<\/strong>, la casa del Bayern de M\u00fanich.<\/p>\n\n\n\n<h3 class=\"wp-block-heading\" id=\"h-roteiro-munique-3-dias-englischer-garten-museus-e-cultura-bavara\"><strong>Itinerario M\u00fanich 3 d\u00edas: Englischer Garten, museos y cultura b\u00e1vara<\/strong><\/h3>\n\n\n\n<figure class=\"wp-block-image\"><img decoding=\"async\" src=\"https:\/\/viagemalemanha.com\/wp-content\/uploads\/2025\/10\/AD_4nXczMzLOiBxt-UxQO0x1hd_Www0H_rW_PTYfw269WSWVSW8nz7VBkSsgqfOO6fhgPhknNciqaH0VBpn8g1MW5W8GMLOiMqTpLoxYsRcxtZDYxEswR5xaGHtOoa8Xu2pk_hfPF-sHnA.png\" alt=\"\" \/><\/figure>\n\n\n\n<p><a href=\"https:\/\/unsplash.com\/es\/fotografias\/edificio-de-concreto-branco-ao-lado-das-arvores-6YMPg9rfX64\" target=\"_blank\" rel=\"noopener\"><\/a><\/p>\n\n\n\n<p>Despu\u00e9s de dos d\u00edas intensos, comienza en el <strong>Englischer Garten<\/strong>, uno de los mayores parques urbanos del mundo, ideal para caminar, hacer picnic e incluso ver surfistas en el Eisbach. Otra atracci\u00f3n que no puede faltar es el templo en estilo griego <strong>Monopteros<\/strong>, que est\u00e1 ubicado en la cima de una colina, proporcionando una vista deslumbrante de la ciudad. Muchos residentes y turistas aprovechan este lugar para relajarse y disfrutar del atardecer.<\/p>\n\n\n\n<p>A continuaci\u00f3n, dir\u00edgete al <strong>Deutsches Museum<\/strong>, el mayor museo de ciencia y tecnolog\u00eda del mundo, con una superficie de 5 hect\u00e1reas dividida en 50 secciones y alrededor de 125 mil objetos. Se puede pasar todo el d\u00eda all\u00ed.<\/p>\n\n\n\n<p>Termina el d\u00eda regresando al <strong>Viktualienmarkt<\/strong> para relajarte con una tradicional Brotzeit de Baviera o un caf\u00e9, disfrutando del final de la tarde en el mercado. Y, si te gusta la cultura, vale la pena revisar la programaci\u00f3n de la <strong>Bayerische Staatsoper<\/strong>, la casa de \u00f3pera, y qui\u00e9n sabe si alguna obra o \u00f3pera estar\u00e1 ocurriendo gratuitamente en la Max-Joseph-Platz, justo en tu visita?<\/p>\n\n\n\n<h2 class=\"wp-block-heading\" id=\"h-outras-experiencias-imperdiveis\"><strong>Otras Experiencias Imperdibles<\/strong><\/h2>\n\n\n\n<p>Si vas a quedarte m\u00e1s d\u00edas o quieres incluir en tu estad\u00eda, no te pierdas la visita al <strong>Campo de Concentraci\u00f3n de Dachau<\/strong>, se puede hacer un viaje de ida y vuelta, ya que est\u00e1 a 20 minutos en tren de M\u00fanich. Para una experiencia m\u00e1s inmersiva, vale la pena contratar una <strong>consultor\u00eda y gu\u00eda en M\u00fanich<\/strong> para que conozcas toda la historia del lugar.<\/p>\n\n\n\n<p>En el <strong>Kunstareal<\/strong>, el \u201cbarrio de las artes\u201d hay varios museos como Alte Pinakothek, Neue Pinakothek y Pinakothek der Moderne. Si te gusta el arte, puedes pasar un d\u00eda entero all\u00ed sin darte cuenta de la hora.<\/p>\n\n\n\n<p>Por \u00faltimo, si planeas visitar M\u00fanich durante la <strong>Oktoberfest<\/strong>, el <strong><a href=\"https:\/\/viagemalemanha.com\/es\/oktoberfest-el-mayor-festival-de-cerveza-del-mundo\/\">mayor festival de cerveza del mundo<\/a><\/strong>, mantente atento a las fechas. El evento ocurre a mediados de septiembre hasta el primer fin de semana de octubre.<\/p>\n\n\n\n<figure class=\"wp-block-image\"><img decoding=\"async\" src=\"https:\/\/viagemalemanha.com\/wp-content\/uploads\/2025\/10\/AD_4nXd7gZsbGVl39wXSmTnecXWdlf81eW210Qa3yvmazHU2c7Qc6IUuRPGIgdIX0bRM8hL-rMKdcNK7zZMBGGXQMHj4BNSBDSB1_nXZRl1bNfVo_MyQ7w3V5kNzA-MWFd5kQW3dis_INA.png\" alt=\"\" \/><\/figure>\n\n\n\n<h2 class=\"wp-block-heading\" id=\"h-dicas-para-turistas-brasileiros-em-munique\"><strong>Consejos para Turistas Latinos en M\u00fanich<\/strong><\/h2>\n\n\n\n<ul class=\"wp-block-list\">\n<li><strong>Alojamiento estrat\u00e9gico:<\/strong> Elige un hotel cerca de las estaciones de metro (U-Bahn) o tranv\u00eda (Tram) para facilitar los desplazamientos, especialmente en el centro.<br><\/li>\n\n\n\n<li><strong>Ahorra con pases tur\u00edsticos:<\/strong> el <strong>City Tour Card<\/strong> y el <strong>M\u00fcnchen Card<\/strong> ofrecen transporte ilimitado y descuentos en varias atracciones.<br><\/li>\n\n\n\n<li><strong>Aeropuerto sin complicaciones:<\/strong> Usa el <strong>S-Bahn<\/strong> (l\u00edneas S1 o S8) que conectan el Aeropuerto Internacional de M\u00fanich con el centro de la ciudad.<br><\/li>\n\n\n\n<li><strong>Planifica desde el m\u00f3vil:<\/strong> La aplicaci\u00f3n oficial del transporte p\u00fablico, <strong>MVV<\/strong>, tiene mapa, planificador de rutas y venta de billetes online.<br><\/li>\n\n\n\n<li><strong>L\u00ednea tur\u00edstica:<\/strong> el <strong>autob\u00fas 100<\/strong> pasa por diversos museos y puntos tur\u00edsticos importantes.<br><\/li>\n\n\n\n<li><strong>Sistema confiable:<\/strong> Utiliza el U-Bahn, S-Bahn, tranv\u00edas o autobuses. El sistema es eficiente y f\u00e1cil de usar. Los billetes pueden comprarse en m\u00e1quinas en las estaciones y puntos de autob\u00fas\/tranv\u00edas. Las m\u00e1quinas normalmente ofrecen idiomas como ingl\u00e9s y espa\u00f1ol.<\/li>\n<\/ul>\n\n\n\n<h2 class=\"wp-block-heading\" id=\"h-dicas-de-viagem-em-munique\"><strong>Consejos de viaje en M\u00fanich<\/strong><\/h2>\n\n\n\n<h3 class=\"wp-block-heading\" id=\"h-1-melhor-epoca-para-visitar\"><strong>1. Mejor \u00c9poca para Visitar<\/strong><\/h3>\n\n\n\n<p>La mejor \u00e9poca para visitar M\u00fanich es de marzo a mayo, ya que el clima es m\u00e1s templado. En verano, las temperaturas rondan los 21 grados, pero como en toda Europa, los term\u00f3metros pueden llegar a los 30 grados, aunque siempre lleva un su\u00e9ter para las noches m\u00e1s frescas.<\/p>\n\n\n\n<p>Para quienes planean ir a la <strong>Oktoberfest<\/strong> en oto\u00f1o, las temperaturas comienzan a bajar, por lo que un abrigo m\u00e1s grueso es necesario. En invierno, las temperaturas son bastante bajas, no olvides llevar ropa de abrigo.<\/p>\n\n\n\n<h3 class=\"wp-block-heading\" id=\"h-2-economizando-dinheiro\"><strong>2. Ahorra Dinero<\/strong><\/h3>\n\n\n\n<p>Muchos biergarten permiten que lleves tu propio bocadillo, siempre que compres bebidas all\u00ed. Otra opci\u00f3n para ahorrar son los museos que tienen entrada a 1 euro los domingos, verifica antes en el sitio para no ser sorprendido.<\/p>\n\n\n\n<h3 class=\"wp-block-heading\" id=\"h-4-cultura-e-costumes\"><strong>4. Cultura y Costumbres<\/strong><\/h3>\n\n\n\n<p>La cultura alemana est\u00e1 marcada por la puntualidad, as\u00ed que llega antes de la hora. Aprender algunas palabras como bitte (\u201cpor favor\u201d y \u201cde nada\u201d) y danke (\u201cgracias\u201d) causar\u00e1 una buena impresi\u00f3n.<\/p>\n\n\n\n<p>En M\u00fanich muchos hablan ingl\u00e9s, pero siempre pregunta \u00abSprechen Sie Englisch?\u00bb (\u00bfHablas ingl\u00e9s?). No silbes durante presentaciones ni hables alto, no olvides mantener una distancia respetuosa al hablar con las personas.<\/p>\n\n\n\n<h3 class=\"wp-block-heading\" id=\"h-5-seguranca\"><strong>5. Seguridad<\/strong><\/h3>\n\n\n\n<p>M\u00fanich es considerada una de las ciudades m\u00e1s seguras de Alemania, pero mantente atento a tus pertenencias, especialmente en \u00e1reas tur\u00edsticas y en el transporte p\u00fablico.<\/p>\n\n\n\n<h3 class=\"wp-block-heading\" id=\"h-6-o-que-e-onde-comer\"><strong>6. Qu\u00e9 y D\u00f3nde Comer<\/strong><\/h3>\n\n\n\n<p>Los platos t\u00edpicos son deliciosos como el cerdo asado, salchichas y bolitas. Para probar la variedad de la cocina local, visita el Bahnhofsviertel, donde encuentras todo tipo de platos, desde croatas hasta uigures. Para un desayuno tradicional b\u00e1varo, pide un Weisswurstfr\u00fchst\u00fcck, (entrena bastante para no hacer el rid\u00edculo) hecho de salchichas de ternera, pretzel, mostaza dulce y un vaso de la famosa Weissbier, la cerveza de trigo. \u00a1Wunderbar!<\/p>\n\n\n\n<h3 class=\"wp-block-heading\" id=\"h-7-dinheiro\"><strong>7. Dinero<\/strong><\/h3>\n\n\n\n<p>La moneda oficial es el euro. Aunque las tarjetas de cr\u00e9dito son aceptadas en muchos lugares, es recomendable tener dinero en efectivo, ya que muchos establecimientos a\u00fan prefieren pagos en efectivo.<\/p>\n\n\n\n<p>Ahora que ya sabes qu\u00e9 hacer en M\u00fanich, con itinerarios pr\u00e1cticos de 1 a 3 d\u00edas, consejos culturales y gastron\u00f3micos, es hora de planificar tu viaje con tranquilidad.<\/p>\n\n\n\n<p>Si deseas hacer la experiencia a\u00fan m\u00e1s especial, cuenta con nuestra <strong>consultor\u00eda y gu\u00eda en M\u00fanich<\/strong> \u2014 itinerarios personalizados, consejos locales y apoyo en espa\u00f1ol para viajar sin contratiempos.<\/p>\n\n\n\n<p>Contin\u00faa explorando tambi\u00e9n:<\/p>\n\n\n\n<p><strong><a href=\"https:\/\/viagemalemanha.com\/es\/las-rutas-de-alemania-de-la-ruta-romantica-a-la-de-los-cuentos-de-hadas\/\">Ruta Rom\u00e1ntica<\/a><\/strong><br><strong><a href=\"https:\/\/viagemalemanha.com\/es\/palacios-de-alemania-lujo-y-belleza\/\">Castillos de Alemania<\/a><\/strong><br><strong><a href=\"https:\/\/viagemalemanha.com\/es\/la-encantadora-selva-negra\/\">Selva Negra<\/a><\/strong><\/p>\n\n\n\n<p>\u00a1Gute Reise y hasta pronto en Alemania!<\/p>\n","protected":false},"excerpt":{"rendered":"<p>Si est\u00e1s buscando itinerarios de viaje en M\u00fanich para entender todo qu\u00e9 hacer en la capital de Baviera durante tu estad\u00eda, has llegado al lugar correcto. La ciudad es un destino que une tradici\u00f3n y modernidad en itinerarios que encantan a cualquier viajero. M\u00fanich va m\u00e1s all\u00e1 de la Oktoberfest: ofrece atracciones todo el a\u00f1o, [&hellip;]<\/p>\n","protected":false},"author":2,"featured_media":54535,"comment_status":"open","ping_status":"open","sticky":false,"template":"","format":"standard","meta":{"_acf_changed":false,"tripadvisor_id":"","rating":0,"reviewer_name":"","review_date":"","trip_type":"","helpful_votes":0,"source_url":"","reviewer_gravatar":"","review_type":"","footnotes":""},"categories":[477],"tags":[],"class_list":["post-53912","post","type-post","status-publish","format-standard","has-post-thumbnail","hentry","category-destino-del-mes"],"acf":[],"_links":{"self":[{"href":"https:\/\/viagemalemanha.com\/es\/wp-json\/wp\/v2\/posts\/53912","targetHints":{"allow":["GET"]}}],"collection":[{"href":"https:\/\/viagemalemanha.com\/es\/wp-json\/wp\/v2\/posts"}],"about":[{"href":"https:\/\/viagemalemanha.com\/es\/wp-json\/wp\/v2\/types\/post"}],"author":[{"embeddable":true,"href":"https:\/\/viagemalemanha.com\/es\/wp-json\/wp\/v2\/users\/2"}],"replies":[{"embeddable":true,"href":"https:\/\/viagemalemanha.com\/es\/wp-json\/wp\/v2\/comments?post=53912"}],"version-history":[{"count":2,"href":"https:\/\/viagemalemanha.com\/es\/wp-json\/wp\/v2\/posts\/53912\/revisions"}],"predecessor-version":[{"id":57459,"href":"https:\/\/viagemalemanha.com\/es\/wp-json\/wp\/v2\/posts\/53912\/revisions\/57459"}],"wp:featuredmedia":[{"embeddable":true,"href":"https:\/\/viagemalemanha.com\/es\/wp-json\/wp\/v2\/media\/54535"}],"wp:attachment":[{"href":"https:\/\/viagemalemanha.com\/es\/wp-json\/wp\/v2\/media?parent=53912"}],"wp:term":[{"taxonomy":"category","embeddable":true,"href":"https:\/\/viagemalemanha.com\/es\/wp-json\/wp\/v2\/categories?post=53912"},{"taxonomy":"post_tag","embeddable":true,"href":"https:\/\/viagemalemanha.com\/es\/wp-json\/wp\/v2\/tags?post=53912"}],"curies":[{"name":"wp","href":"https:\/\/api.w.org\/{rel}","templated":true}]}}