{"id":53914,"date":"2025-05-11T18:30:57","date_gmt":"2025-05-11T21:30:57","guid":{"rendered":"https:\/\/viagemalemanha.com\/?p=53914"},"modified":"2026-02-01T02:21:29","modified_gmt":"2026-02-01T05:21:29","slug":"festival-de-cine-de-munich-una-celebracion-del-septimo-arte-en-baviera","status":"publish","type":"post","link":"https:\/\/viagemalemanha.com\/es\/festival-de-cine-de-munich-una-celebracion-del-septimo-arte-en-baviera\/","title":{"rendered":"Festival de Cine de M\u00fanich: Una Celebraci\u00f3n del S\u00e9ptimo Arte en Baviera"},"content":{"rendered":"\n<p>El Festival de Cine de M\u00fanich es uno de los eventos m\u00e1s esperados por los amantes del cine en todo el mundo. Es un evento concurrido, que lleva a miles de interesados a reservar sus entradas con anticipaci\u00f3n, para no perder la oportunidad de participar.<\/p>\n\n\n\n<p>Ya hemos hablado aqu\u00ed en el blog sobre numerosas atracciones diferentes de Alemania, tanto en M\u00fanich como en otras ciudades y regiones, como la Selva Negra. Y hay opciones para todos los gustos, desde paseos y actividades en paisajes naturales incre\u00edbles, hasta museos, festivales, eventos culturales y espect\u00e1culos.<\/p>\n\n\n\n<p>En el art\u00edculo de hoy vamos a abordar en detalle otro destacado que atrae visitantes de todo el mundo al pa\u00eds: <em>el Festival de Cine de M\u00fanich.<\/em> Despu\u00e9s de todo, Alemania tambi\u00e9n es ampliamente reconocida por su rica tradici\u00f3n de festivales de cine, destac\u00e1ndose como uno de los principales polos cinematogr\u00e1ficos de Europa. \u00a1Buena lectura!<\/p>\n\n\n\n<h2 class=\"wp-block-heading\" id=\"h-introducao-ao-festival-de-munique\"><strong>Introducci\u00f3n al Festival de M\u00fanich<\/strong><\/h2>\n\n\n\n<p>\u200bUbicado en el <a href=\"https:\/\/viagemalemanha.com\/es\/munique-los-mejores-lugares-para-visitar\/\">coraz\u00f3n de Baviera<\/a>, el Festival de Cine de M\u00fanich (Filmfest M\u00fcnchen) es uno de los eventos cinematogr\u00e1ficos m\u00e1s prestigiosos de Alemania, atrayendo alrededor de 80 mil espectadores anualmente desde su creaci\u00f3n en 1983. El festival se lleva a cabo a finales de junio y transforma la ciudad en un vibrante punto de encuentro para cineastas, cr\u00edticos y amantes del s\u00e9ptimo arte.<\/p>\n\n\n\n<p>Con una programaci\u00f3n que abarca desde estrenos internacionales hasta producciones independientes, el evento se destaca por su diversidad y por la celebraci\u00f3n del cine en todas sus formas. Adem\u00e1s de proyecciones en salas tradicionales, el festival aprovecha el verano europeo para ofrecer sesiones al aire libre, proporcionando una experiencia \u00fanica a los participantes.<\/p>\n\n\n\n<p>Tambi\u00e9n homenajea talentos emergentes y contribuciones significativas al cine, contando con premiaciones como el Premio CineMerit, que rinde homenaje a personalidades internacionales con contribuciones importantes al cine como arte, y el ARRI\/OSRAM Award, para la mejor pel\u00edcula en otro idioma que no sea el alem\u00e1n.<\/p>\n\n\n\n<h3 class=\"wp-block-heading\" id=\"h-o-que-e-o-festival-de-cinema-de-munique-nbsp\"><strong>\u00bfQu\u00e9 es el Festival de Cine de M\u00fanich?&nbsp;<\/strong><\/h3>\n\n\n\n<p>\u200bEl Festival de Cine de M\u00fanich (Filmfest M\u00fcnchen) es el mayor festival de cine de verano de Alemania y el segundo m\u00e1s importante del pa\u00eds, quedando atr\u00e1s solo del Festival Internacional de Cine de Berl\u00edn, el Berlinale.<\/p>\n\n\n\n<p>Adem\u00e1s del gran n\u00famero de participantes, el Festival de Cine de M\u00fanich cuenta con aproximadamente 2,500 profesionales de la industria cinematogr\u00e1fica y 600 miembros de la prensa internacional cubriendo el evento. Su programaci\u00f3n es diversa e incluye m\u00e1s de 200 pel\u00edculas exhibidas en 18 pantallas, presentando estrenos mundiales, europeos y alemanes de largometrajes de ficci\u00f3n y documentales.<\/p>\n\n\n\n<p>El festival ofrece una plataforma para cineastas emergentes y obras innovadoras, con secciones como \u00abCineVision\u00bb, dedicada a primeros y segundos filmes de directores prometedores, y \u00abInternational Independents\u00bb, que presenta producciones audaces de diversos pa\u00edses. Y se destaca principalmente por su enfoque en el cine internacional, en estrenos de pel\u00edculas independientes y estrenos de verano.<\/p>\n\n\n\n<p>Contando con una curadur\u00eda criteriosa y buscando siempre lo mejor del cine contempor\u00e1neo, el Filmfest M\u00fcnchen ofrece una experiencia \u00fanica para los amantes del s\u00e9ptimo arte.<\/p>\n\n\n\n<h3 class=\"wp-block-heading\" id=\"h-quando-acontece-e-por-que-vale-a-pena-incluir-no-seu-roteiro-nbsp\"><strong>\u00bfCu\u00e1ndo ocurre y por qu\u00e9 vale la pena incluirlo en tu itinerario?<\/strong>&nbsp;<\/h3>\n\n\n\n<p>Como ya mencionamos, el Festival de Cine de M\u00fanich se lleva a cabo anualmente entre finales de junio y principios de julio, per\u00edodo en el que la ciudad disfruta del auge del verano europeo. Su 42\u00aa edici\u00f3n, que ocurre este a\u00f1o, est\u00e1 programada para llevarse a cabo del 27 de junio al 6 de julio.<\/p>\n\n\n\n<p>Durante esos d\u00edas, M\u00fanich se transforma en un centro cultural que celebra el cine, con proyecciones de pel\u00edculas ocurriendo en diversos lugares, incluyendo cines tradicionales y espacios al aire libre.<\/p>\n\n\n\n<figure class=\"wp-block-image size-large\"><img decoding=\"async\" src=\"https:\/\/viagemalemanha.com\/wp-content\/uploads\/2025\/05\/passeios-de-um-dia-a-partir-de-munique-o-que-ver-e-como-organizar-5832.jpg\" alt=\"\" class=\"wp-image-5943\" \/><figcaption class=\"wp-element-caption\">\u00a1Conoce M\u00fanich con nuestros gu\u00edas en espa\u00f1ol en Alemania y vive el festival de cine!<\/figcaption><\/figure>\n\n\n\n<p>Participar en el festival es una experiencia que vale la pena para todos los amantes del cine. <em>Incluir el Filmfest M\u00fcnchen en tu itinerario de viaje por Alemania es una excelente oportunidad para ver de cerca a personas conocidas del medio cinematogr\u00e1fico.<\/em> Despu\u00e9s de todo, el festival atrae a renombrados actores, directores y profesionales de la industria cinematogr\u00e1fica de todo el mundo, que interact\u00faan con el p\u00fablico en sesiones de pel\u00edculas, debates y eventos especiales.<\/p>\n\n\n\n<h2 class=\"wp-block-heading\" id=\"h-historia-do-festival-nbsp\"><strong>Historia del Festival&nbsp;<\/strong><\/h2>\n\n\n\n<p>El Filmfest M\u00fcnchen tuvo su primera edici\u00f3n en 1983, cuando fue creado por el cineasta y productor Eberhard Hauff, con el objetivo de establecer una plataforma destacada para el cine alem\u00e1n e internacional. Hauff lider\u00f3 el festival hasta 2011, cuando la directora Diana Iljine asumi\u00f3 el mando del Filmfest M\u00fcnchen, permaneciendo hasta 2024, cuando Christoph Gr\u00f6ner asumi\u00f3 como director art\u00edstico.<\/p>\n\n\n\n<p>Bajo la direcci\u00f3n de Hauff, el festival atrajo personalidades renombradas, como Audrey Hepburn y Robert De Niro, consolid\u00e1ndose como el segundo mayor festival de cine de Alemania, detr\u00e1s solo de la Berlinale. Adem\u00e1s, a lo largo de los a\u00f1os, el Filmfest M\u00fcnchen recibi\u00f3 un apoyo significativo de instituciones culturales, incluyendo el Ministerio de Cultura de Baviera y la ciudad de M\u00fanich.&nbsp;<\/p>\n\n\n\n<p>Actualmente, el festival es organizado por la Internationale M\u00fcnchner Filmwochen GmbH, cuyos accionistas incluyen el Estado Libre de Baviera, la ciudad de M\u00fanich, el Bayerischer Rundfunk y la Spitzenorganisation der Filmwirtschaft (SPIO).<\/p>\n\n\n\n<h3 class=\"wp-block-heading\" id=\"h-momentos-marcantes-e-homenagens-historicas-nbsp\"><strong>Momentos destacados y homenajes hist\u00f3ricos&nbsp;<\/strong><\/h3>\n\n\n\n<p>El Festival de Cine de M\u00fanich tambi\u00e9n es conocido por rendir homenajes hist\u00f3ricos a grandes nombres del cine mundial. Desde 1986, el festival realiza retrospectivas dedicadas a cineastas renombrados, como Sergio Leone, Lars von Trier, Michael Haneke, Roman Polanski y Werner Herzog.&nbsp;<\/p>\n\n\n\n<p>En 2017, Sofia Coppola fue homenajeada con una retrospectiva de su obra, destacando su contribuci\u00f3n \u00fanica al cine contempor\u00e1neo. Pero, los homenajes tambi\u00e9n incluyen grandes nombres del cine alem\u00e1n, como Klaus Lemke, Willy Bogner y Udo Kier.&nbsp;<\/p>\n\n\n\n<p>Klaus Lemke, nacido en 1940, se hizo conocido por su postura rebelde y provocativa detr\u00e1s de las c\u00e1maras, mientras que Willy Bogner, nacido en 1942, uni\u00f3 su experiencia como esquiador profesional con la direcci\u00f3n de escenas espectaculares, habiendo colaborado en pel\u00edculas de la franquicia James Bond. Ya Udo Kier, nacido en 1944, acumula m\u00e1s de 200 participaciones en pel\u00edculas alrededor del mundo.<\/p>\n\n\n\n<p>Adem\u00e1s de las retrospectivas, el festival concede el prestigioso CineMerit Award desde 1997, reconociendo personalidades que contribuyeron significativamente a la arte cinematogr\u00e1fica. Entre los laureados est\u00e1n Michael Haneke, Julie Christie, Abbas Kiarostami, Ralph Fiennes y Kate Winslet.&nbsp;<\/p>\n\n\n\n<p>En 2019, Ralph Fiennes recibi\u00f3 el premio por su \u00abenorme versatilidad como actor\u00bb, emocion\u00e1ndose durante la ceremonia. Ya en 2024, Kate Winslet fue homenajeada, reforzando el compromiso del festival en celebrar talentos importantes del cine mundial y sus contribuciones al s\u00e9ptimo arte.<\/p>\n\n\n\n<h2 class=\"wp-block-heading\" id=\"h-onde-acontece-nbsp\"><strong>\u00bfD\u00f3nde ocurre?&nbsp;<\/strong><\/h2>\n\n\n\n<p>El Festival de Cine de M\u00fanich <em>no est\u00e1 concentrado en un \u00fanico lugar, sino que ocurre en diferentes lugares<\/em>, ofreciendo la oportunidad a los visitantes de pasear por la ciudad, viendo de cerca diferentes atracciones tur\u00edsticas.&nbsp;<\/p>\n\n\n\n<figure class=\"wp-block-image size-full\"><img decoding=\"async\" src=\"https:\/\/viagemalemanha.com\/wp-content\/uploads\/2025\/10\/Copia-de-POSTS-VA-5-1080-x-1350-px-3-1.png\" alt=\"\" class=\"wp-image-5987\" \/><figcaption class=\"wp-element-caption\">M\u00fanich cuenta con un hermoso centro cultural y el cine es parte de estas grandes atracciones.<\/figcaption><\/figure>\n\n\n\n<h3 class=\"wp-block-heading\" id=\"h-locais-de-exibicao-e-atmosfera-nbsp\"><strong>Lugares de exhibici\u00f3n y atm\u00f3sfera<\/strong>&nbsp;<\/h3>\n\n\n\n<p>La apertura del festival tradicionalmente ocurre en el Gasteig HP8, <a href=\"https:\/\/viagemalemanha.com\/es\/5-atracciones-especiales-en-munich\/\">centro cultural de M\u00fanich.<\/a> Durante el evento, cines renombrados como el Rio Filmpalast, el ASTOR Film Lounge, el Math\u00e4ser Filmpalast y el Filmtheater Sendlinger Tor exhiben una amplia selecci\u00f3n de pel\u00edculas durante el evento.<\/p>\n\n\n\n<p>El festival tambi\u00e9n ofrece sesiones al aire libre en lugares ic\u00f3nicos de M\u00fanich, como el K\u00f6nigsplatz, donde las pel\u00edculas se exhiben bajo el cielo estrellado, creando una experiencia \u00fanica para los espectadores. Para el a\u00f1o 2025, ya est\u00e1n programadas dos noches de cine al aire libre para los d\u00edas:<\/p>\n\n\n\n<ul class=\"wp-block-list\">\n<li><strong>31 de julio, <\/strong>con la exhibici\u00f3n de la comedia de humor negro Rumours en el Kino am K\u00f6nigsplatz. La pel\u00edcula narra una cumbre del G7 que ocurre en Alemania y termina en caos;<\/li>\n\n\n\n<li><strong>01 de agosto, <\/strong>con la presentaci\u00f3n de la pel\u00edcula ya mundialmente conocida Barbie, que tendr\u00e1 lugar en Moon &amp; Stars en el Westpark de M\u00fanich.<\/li>\n<\/ul>\n\n\n\n<p>Adem\u00e1s de las proyecciones de pel\u00edculas, el festival promueve debates y encuentros con cineastas, proporcionando al p\u00fablico la oportunidad de interactuar directamente con profesionales de la industria cinematogr\u00e1fica. Por ejemplo, en 2025, la exhibici\u00f3n del documental musical \u00abMove Ya Body: The Birth of House\u00bb ser\u00e1 seguida por un Q&amp;A con miembros del equipo, ofreciendo perspectivas sobre la producci\u00f3n y el tema abordado.<\/p>\n\n\n\n<h2 class=\"wp-block-heading\" id=\"h-como-comprar-ingressos-e-participar-nbsp\"><strong>\u00bfC\u00f3mo comprar entradas y participar?&nbsp;<\/strong><\/h2>\n\n\n\n<p>Las entradas individuales y pases para el festival estar\u00e1n disponibles para compra en l\u00ednea a trav\u00e9s del sitio oficial del evento. A\u00fan no hay informaci\u00f3n sobre la compra de entradas para este a\u00f1o, pero el sitio promete divulgar datos sobre la pre-venta para el evento pronto.&nbsp;<\/p>\n\n\n\n<p>Para quienes planean viajar y no quieren perderse el festival, se recomienda comprar los boletos con anticipaci\u00f3n en el sitio oficial, asegurando su participaci\u00f3n en el evento. Inclusive, para aquellos que desean regalar a amigos o familiares, el festival ofrece vouchers especiales, como el \u00abEaster Special\u00bb, que incluye dos entradas para sesiones p\u00fablicas y puede ser canjeado al inicio de las ventas.<\/p>\n\n\n\n<h2 class=\"wp-block-heading\" id=\"h-o-que-esperar-do-festival-nbsp\"><strong>\u00bfQu\u00e9 esperar del Festival?&nbsp;<\/strong><\/h2>\n\n\n\n<p>A\u00fan para quienes no se consideran un \u00abcin\u00e9filo profesional\u00bb, el Filmfest M\u00fcnchen ofrece una experiencia cultural envolvente. Despu\u00e9s de todo, presenta una amplia variedad de pel\u00edculas, desde estrenos internacionales hasta producciones independientes, proporcionando oportunidades \u00fanicas para ver pel\u00edculas in\u00e9ditas y participar en sesiones de preguntas y respuestas con cineastas y actores.<\/p>\n\n\n\n<p>Consulta a continuaci\u00f3n m\u00e1s detalles sobre lo que puedes esperar del evento, para entender mejor por qu\u00e9 puede valer la pena incluir el Festival de Cine de M\u00fanich en tu itinerario de viaje, incluso si no eres exactamente un gran apasionado del cine.<\/p>\n\n\n\n<h3 class=\"wp-block-heading\" id=\"h-tipos-de-filmes-exibidos-nbsp\"><strong>Tipos de pel\u00edculas exhibidas&nbsp;<\/strong><\/h3>\n\n\n\n<p>Como mencionamos m\u00e1s arriba, el festival exige muchos lanzamientos mundiales, incluyendo estrenos europeos y alemanes. Por ejemplo, en 2024, el festival present\u00f3 16 estrenos mundiales en la secci\u00f3n \u00abNew German Cinema\u00bb, destacando obras de directores establecidos y nuevos talentos. Entre las pel\u00edculas exhibidas estaban desde comedias inspiradas en eventos reales hasta h\u00edbridos de ficci\u00f3n y documental, abordando temas contempor\u00e1neos como cambios clim\u00e1ticos y cuestiones sociales.<\/p>\n\n\n\n<p>Adem\u00e1s, la secci\u00f3n \u00abInternational Independents\u00bb presenta pel\u00edculas innovadoras de diversas partes del mundo, incluyendo Am\u00e9rica del Norte, Am\u00e9rica Latina, Asia, Australia, \u00c1frica y Europa. Son obras que escapan de lo convencional y ofrecen nuevas perspectivas cinematogr\u00e1ficas, una secci\u00f3n perfecta para personas en busca de nuevas experiencias, y para todos los cin\u00e9filos que visiten el evento.<\/p>\n\n\n\n<p>El Festival de Cine de M\u00fanich tambi\u00e9n se destaca por abordar temas sociales relevantes en su programaci\u00f3n. Por ejemplo, documentales como \u00abPetra Kelly \u2013 Act Now!\u00bb y \u00abBlack Box Diaries\u00bb exhibidos en el festival, abordaron cuestiones como activismo ambiental y violencia de g\u00e9nero, proporcionando al p\u00fablico reflexiones profundas sobre derechos humanos y diversidad.<\/p>\n\n\n\n<h3 class=\"wp-block-heading\" id=\"h-atracoes-paralelas-e-experiencias-exclusivas-nbsp\"><strong>Atracciones paralelas y experiencias exclusivas&nbsp;<\/strong><\/h3>\n\n\n\n<p>Ahora, el Festival de Cine de M\u00fanich no es solo una oportunidad para ver excelentes pel\u00edculas, con programaci\u00f3n diversificada. Pues, las atracciones del evento van m\u00e1s all\u00e1 de la exhibici\u00f3n de largometrajes y documentales, proporcionando un mayor profundizaci\u00f3n para todos los interesados en el cine.<\/p>\n\n\n\n<p>Durante el festival, se organizan debates con directores, talleres y paneles tem\u00e1ticos que proporcionan al p\u00fablico la oportunidad de interactuar directamente con profesionales de la industria cinematogr\u00e1fica. Por ejemplo, en ediciones anteriores, el Amerikahaus alberg\u00f3 paneles como el del Unified Filmmakers Festival, que cont\u00f3 con la presencia de jurados y cineastas discutiendo temas relevantes del cine contempor\u00e1neo.<\/p>\n\n\n\n<p>Otro punto importante son las sesiones especiales con preguntas y respuestas (Q&amp;A), realizadas despu\u00e9s de las exhibiciones. Un momento com\u00fan en el festival, que proporciona un intercambio enriquecedor entre el p\u00fablico y los realizadores de las obras presentadas.<\/p>\n\n\n\n<h2 class=\"wp-block-heading\" id=\"h-outros-festivais-de-cinema-na-alemanha\"><strong>Otros Festivales de Cine en Alemania<\/strong><\/h2>\n\n\n\n<p>El Festival de Cine de M\u00fanich no es el \u00fanico evento para los amantes del s\u00e9ptimo arte en Alemania. Pues, el pa\u00eds tambi\u00e9n es conocido por realizar otros eventos reconocidos internacionalmente, consulta.<\/p>\n\n\n\n<h3 class=\"wp-block-heading\" id=\"h-berlinale-festival-internacional-de-cinema-de-berlim\"><strong>Berlinale \u2013 Festival Internacional de Cine de Berl\u00edn<\/strong><\/h3>\n\n\n\n<p>\u200bLa Berlinale, o Festival Internacional de Cine de Berl\u00edn, es el mayor y m\u00e1s influyente festival de cine de Alemania, realizado anualmente en febrero desde 1978. Creado en 1951, el evento es considerado uno de los \u00abTres Grandes\u00bb festivales de cine de Europa, junto a Cannes y Venecia, y uno de los m\u00e1s prestigiosos del mundo.<\/p>\n\n\n\n<p>De forma similar al Festival de Cine de M\u00fanich, la Berlinale tambi\u00e9n se destaca por su compromiso con el cine de autor y por abordar tem\u00e1ticas pol\u00edticas y sociales relevantes. Por ejemplo, la 75\u00aa edici\u00f3n, realizada entre el 13 y el 23 de febrero de 2025, mantuvo este enfoque, presentando pel\u00edculas que exploran cuestiones contempor\u00e1neas y promueven reflexiones sobre la sociedad actual.<\/p>\n\n\n\n<p>Adem\u00e1s de las proyecciones, la Berlinale ofrece a\u00fan una serie de eventos paralelos que enriquecen la experiencia de los participantes. Un buen ejemplo es el European Film Market (EFM), que realizado simult\u00e1neamente al festival, es uno de los principales encuentros de la industria cinematogr\u00e1fica, reuniendo distribuidores, productores e inversores de todo el mundo. Tambi\u00e9n est\u00e1 el Berlinale Talents, que ofrece talleres y conferencias dirigidas a j\u00f3venes cineastas.<\/p>\n\n\n\n<h3 class=\"wp-block-heading\" id=\"h-dok-leipzig-festival-internacional-de-documentarios-e-animacao\"><strong>DOK Leipzig \u2013 Festival Internacional de Documentales y Animaci\u00f3n<\/strong><\/h3>\n\n\n\n<p>Para los amantes de documentales y animaciones, el DOK Leipzig es una atracci\u00f3n recomendada. oficialmente conocido como Festival Internacional de Documental y Pel\u00edcula de Animaci\u00f3n de Leipzig, es uno de los eventos cinematogr\u00e1ficos m\u00e1s antiguos y respetados del mundo en su g\u00e9nero. Es importante destacar que el DOK Leipzig es \u00fanico, por combinar los g\u00e9neros de documental y animaci\u00f3n en un \u00fanico evento.<\/p>\n\n\n\n<p>El evento surgi\u00f3 en 1955 en la entonces Alemania Oriental, concebido como un espacio de encuentro entre cineastas del Este y Oeste durante la Guerra Fr\u00eda, y promoviendo el intercambio cultural y pol\u00edtico a trav\u00e9s del cine documental. Por ejemplo, el festival abri\u00f3 espacio para que documentaristas mostraran el impacto real de la guerra de Vietnam y de la dictadura de Pinochet en Chile, en la \u00e9poca en que estos hechos hist\u00f3ricos ocurrieron.<\/p>\n\n\n\n<figure class=\"wp-block-image size-full\"><img decoding=\"async\" src=\"https:\/\/viagemalemanha.com\/wp-content\/uploads\/2025\/10\/Copia-de-POSTS-VA-5-1080-x-1350-px-4.png\" alt=\"\" class=\"wp-image-5988\" \/><figcaption class=\"wp-element-caption\">Leipzig, lugar donde se lleva a cabo el DOK Leipzig.<\/figcaption><\/figure>\n\n\n\n<p>Realizado anualmente a finales de octubre, el evento presenta una programaci\u00f3n diversa que incluye alrededor de 200 obras, entre documentales, pel\u00edculas de animaci\u00f3n y experiencias de realidad extendida (XR). Adem\u00e1s de las proyecciones, el festival promueve debates, talleres y paneles tem\u00e1ticos, proporcionando una experiencia enriquecedora para profesionales de la industria y el p\u00fablico en general.<\/p>\n\n\n\n<h3 class=\"wp-block-heading\" id=\"h-hof-international-film-festival-nbsp\"><strong>Hof International Film Festival&nbsp;<\/strong><\/h3>\n\n\n\n<p>Tambi\u00e9n est\u00e1 el Hof International Film Festival, evento realizado anualmente en la ciudad de Hof, en Baviera, normalmente durante el oto\u00f1o europeo, con un enfoque especial en talentos emergentes en el cine. Fundado en 1967 por Heinz Badewitz, el festival se consolid\u00f3 como una plataforma de lanzamiento para cineastas principiantes, ofreciendo un espacio para el estreno de sus obras y el inicio de carreras prometedoras.&nbsp;<\/p>\n\n\n\n<p>Los propios idealizadores del festival destacan en el sitio oficial del evento que fue establecido como una plataforma para j\u00f3venes directores alemanes, siendo ampliamente reconocido como una arena importante para el descubrimiento de nuevos talentos. Inclusive, directores renombrados como Maren Ade, Tom Tykwer y Caroline Link tuvieron sus primeras exhibiciones en Hof.<\/p>\n\n\n\n<p>Muchos cr\u00edticos de cine coinciden en que el Festival de Cine de Hof es el segundo m\u00e1s importante de Alemania, detr\u00e1s solo de la Berlinale.<\/p>\n\n\n\n<h2 class=\"wp-block-heading\" id=\"h-curiosidades-sobre-o-festival-de-munique-nbsp\"><strong>Curiosidades sobre el Festival de M\u00fanich&nbsp;<\/strong><\/h2>\n\n\n\n<p>El Festival de Cine de M\u00fanich, Filmfest M\u00fcnchen, es reconocido por su diversidad e innovaci\u00f3n en la programaci\u00f3n. En 2023, el festival present\u00f3 147 pel\u00edculas de 61 pa\u00edses, atrayendo 58,000 visitantes. Ya en la edici\u00f3n de 2024, realizada del 28 de junio al 7 de julio, se exhibieron 150 pel\u00edculas provenientes de 53 pa\u00edses, incluyendo 62 estrenos mundiales, europeos o internacionales.<\/p>\n\n\n\n<p>En 2024 tambi\u00e9n se implementaron secciones dirigidas al p\u00fablico joven, como \u00abCineKindl\u00bb y \u00abCineYou\u00bb. Pero, adem\u00e1s de exhibir pel\u00edculas, el festival tambi\u00e9n reconoce y premia obras que se destacan. Por ejemplo, el Premio del Nuevo Cine Alem\u00e1n, por un valor de 70,000 euros, es concedido para reconocer talentos emergentes en el cine alem\u00e1n.&nbsp;<\/p>\n\n\n\n<h2 class=\"wp-block-heading\" id=\"h-conclusao-vale-a-pena-visitar-munique-durante-o-filmfest\"><strong>Conclusi\u00f3n: \u00bfVale la pena visitar M\u00fanich durante el Filmfest?<\/strong><\/h2>\n\n\n\n<p>Visitar M\u00fanich durante el Filmfest M\u00fcnchen es sumergirse en una atm\u00f3sfera \u00fanica de cultura, creatividad y celebraci\u00f3n del cine mundial. Durante los d\u00edas del festival, la ciudad se transforma: los cines ganan alfombras rojas, los bares y caf\u00e9s alrededor se llenan de conversaciones sobre pel\u00edculas, y los espacios culturales se abren para debates, talleres y encuentros \u00fanicos.<\/p>\n\n\n\n<p>Al visitar la ciudad durante el festival, los visitantes pueden disfrutar de eventos exclusivos y un clima inolvidable, adem\u00e1s de tener la oportunidad de ver de cerca grandes nombres del cine, incluyendo actores y directores premiados. Adem\u00e1s, participar en el festival significa tener acceso a estrenos mundiales, a producciones que a\u00fan no han llegado al gran circuito y a sesiones comentadas con los propios realizadores.<\/p>\n\n\n\n<p>Entonces, \u00a1s\u00ed, vale la pena visitar M\u00fanich durante el Filmfest! Y puedes contar con nosotros para armar un itinerario personalizado, que incluya los principales destacados del festival que quieres ver durante tu estad\u00eda en la ciudad, permiti\u00e9ndote disfrutar del evento sin perder ning\u00fan detalle y preocup\u00e1ndote \u00fanicamente por tu diversi\u00f3n.<\/p>\n\n\n\n<p><strong><em>Para hacer tu experiencia a\u00fan m\u00e1s especial, ofrecemos:<\/em><\/strong><\/p>\n\n\n\n<ul class=\"wp-block-list\">\n<li><a href=\"https:\/\/viagemalemanha.com\/guia-brasileiro-na-alemanha-viagem-alemanha\/\">Paseos guiados personalizados en espa\u00f1ol,<\/a>\u00a0con gu\u00edas experimentados para que conozcas Alemania.<\/li>\n\n\n\n<li><a href=\"https:\/\/viagemalemanha.com\/como-o-turismo-personalizado-pode-te-ajudar\/\">Itinerarios personalizados exclusivos<\/a>, a medida para ti y tus acompa\u00f1antes de viaje, con todo planeado para disfrutar lo mejor del pa\u00eds y sus eventos sin prisa.<\/li>\n\n\n\n<li><a href=\"https:\/\/viagemalemanha.com\/es\/consultoria-de-viaje-para-alemania\/\">Consejos de alojamiento y transporte,<\/a>&nbsp;para que encuentres las mejores opciones en alojamientos y te muevas con facilidad, ya sea en autob\u00fas, tren, coche alquilado o transfer.<\/li>\n<\/ul>\n\n\n\n<blockquote class=\"wp-block-quote is-layout-flow wp-block-quote-is-layout-flow\">\n<p>\u00a1Cont\u00e1ctanos!<\/p>\n<\/blockquote>\n","protected":false},"excerpt":{"rendered":"<p>El Festival de Cine de M\u00fanich es uno de los eventos m\u00e1s esperados por los amantes del cine en todo el mundo. Es un evento concurrido, que lleva a miles de interesados a reservar sus entradas con anticipaci\u00f3n, para no perder la oportunidad de participar. Ya hemos hablado aqu\u00ed en el blog sobre numerosas atracciones [&hellip;]<\/p>\n","protected":false},"author":2,"featured_media":54530,"comment_status":"open","ping_status":"open","sticky":false,"template":"","format":"standard","meta":{"_acf_changed":false,"tripadvisor_id":"","rating":0,"reviewer_name":"","review_date":"","trip_type":"","helpful_votes":0,"source_url":"","reviewer_gravatar":"","review_type":"","footnotes":""},"categories":[491,480,500],"tags":[],"class_list":["post-53914","post","type-post","status-publish","format-standard","has-post-thumbnail","hentry","category-datos-interesantes","category-munich","category-tradiciones"],"acf":[],"_links":{"self":[{"href":"https:\/\/viagemalemanha.com\/es\/wp-json\/wp\/v2\/posts\/53914","targetHints":{"allow":["GET"]}}],"collection":[{"href":"https:\/\/viagemalemanha.com\/es\/wp-json\/wp\/v2\/posts"}],"about":[{"href":"https:\/\/viagemalemanha.com\/es\/wp-json\/wp\/v2\/types\/post"}],"author":[{"embeddable":true,"href":"https:\/\/viagemalemanha.com\/es\/wp-json\/wp\/v2\/users\/2"}],"replies":[{"embeddable":true,"href":"https:\/\/viagemalemanha.com\/es\/wp-json\/wp\/v2\/comments?post=53914"}],"version-history":[{"count":2,"href":"https:\/\/viagemalemanha.com\/es\/wp-json\/wp\/v2\/posts\/53914\/revisions"}],"predecessor-version":[{"id":65414,"href":"https:\/\/viagemalemanha.com\/es\/wp-json\/wp\/v2\/posts\/53914\/revisions\/65414"}],"wp:featuredmedia":[{"embeddable":true,"href":"https:\/\/viagemalemanha.com\/es\/wp-json\/wp\/v2\/media\/54530"}],"wp:attachment":[{"href":"https:\/\/viagemalemanha.com\/es\/wp-json\/wp\/v2\/media?parent=53914"}],"wp:term":[{"taxonomy":"category","embeddable":true,"href":"https:\/\/viagemalemanha.com\/es\/wp-json\/wp\/v2\/categories?post=53914"},{"taxonomy":"post_tag","embeddable":true,"href":"https:\/\/viagemalemanha.com\/es\/wp-json\/wp\/v2\/tags?post=53914"}],"curies":[{"name":"wp","href":"https:\/\/api.w.org\/{rel}","templated":true}]}}