{"id":53919,"date":"2025-04-17T09:44:49","date_gmt":"2025-04-17T12:44:49","guid":{"rendered":"https:\/\/viagemalemanha.com\/?p=53919"},"modified":"2026-02-01T00:52:43","modified_gmt":"2026-02-01T03:52:43","slug":"munich-en-verano-actividades-al-aire-libre-y-consejos-imperdibles-de-paseos","status":"publish","type":"post","link":"https:\/\/viagemalemanha.com\/es\/munich-en-verano-actividades-al-aire-libre-y-consejos-imperdibles-de-paseos\/","title":{"rendered":"M\u00fanich en Verano: Actividades al Aire Libre y Consejos Imperdibles de Paseos"},"content":{"rendered":"\n{\n  \u00ab@context\u00bb: \u00abhttps:\/\/schema.org\u00bb,\n  \u00ab@graph\u00bb: [\n    {\n      \u00ab@type\u00bb: \u00abCity\u00bb,\n      \u00abname\u00bb: \u00abM\u00fanich\u00bb,\n      \u00abdescription\u00bb: \u00abM\u00fanich es la capital del estado de Baviera, en el sur de Alemania. Es una ciudad conocida por su rica herencia cultural, extensos parques, festivales al aire libre en verano y vibrantes tradiciones b\u00e1varas.\u00bb,\n      \u00abaddress\u00bb: {\n        \u00abaddressLocality\u00bb: \u00abM\u00fanich\u00bb,\n        \u00abaddressCountry\u00bb: \u00abDE\u00bb\n      },\n      \u00aburl\u00bb: \u00abhttps:\/\/www.muenchen.de\/int\/en.html\u00bb\n    },\n    {\n      \u00ab@type\u00bb: \u00abPark\u00bb,\n      \u00abname\u00bb: \u00abEnglischer Garten\u00bb,\n      \u00abdescription\u00bb: \u00abEl Englischer Garten es uno de los parques urbanos m\u00e1s grandes del mundo, ubicado en el centro de M\u00fanich. En verano, es ideal para caminatas, picnics y visitas a bierg\u00e4rten como el Chinesischer Turm.\u00bb,\n      \u00abaddress\u00bb: {\n        \u00abaddressLocality\u00bb: \u00abM\u00fanich\u00bb,\n        \u00abaddressCountry\u00bb: \u00abDE\u00bb\n      }\n    },\n    {\n      \u00ab@type\u00bb: \u00abTouristAttraction\u00bb,\n      \u00abname\u00bb: \u00abChinesischer Turm\u00bb,\n      \u00abdescription\u00bb: \u00abEl Chinesischer Turm es una estructura ic\u00f3nica de estilo oriental ubicada en el Englischer Garten. Est\u00e1 rodeada por un biergarten tradicional que ofrece presentaciones musicales en verano.\u00bb,\n      \u00abaddress\u00bb: {\n        \u00abaddressLocality\u00bb: \u00abM\u00fanich\u00bb,\n        \u00abaddressCountry\u00bb: \u00abDE\u00bb\n      }\n    },\n    {\n      \u00ab@type\u00bb: \u00abPark\u00bb,\n      \u00abname\u00bb: \u00abWestpark\u00bb,\n      \u00abdescription\u00bb: \u00abEl Westpark es un parque urbano en M\u00fanich conocido por sus jardines tem\u00e1ticos orientales, lagos artificiales y eventos culturales como el cine al aire libre &#8216;Kino, Mond &amp; Sterne&#8217;.\u00bb,\n      \u00abaddress\u00bb: {\n        \u00abaddressLocality\u00bb: \u00abM\u00fanich\u00bb,\n        \u00abaddressCountry\u00bb: \u00abDE\u00bb\n      }\n    },\n    {\n      \u00ab@type\u00bb: \u00abTouristAttraction\u00bb,\n      \u00abname\u00bb: \u00abOlympiapark\u00bb,\n      \u00abdescription\u00bb: \u00abConstruido para los Juegos Ol\u00edmpicos de 1972, el Olympiapark es un espacio de recreo y eventos culturales en M\u00fanich. En verano, es escenario de conciertos, senderismo, festivales y ofrece vistas panor\u00e1micas desde el Olympiaturm.\u00bb,\n      \u00abaddress\u00bb: {\n        \u00abaddressLocality\u00bb: \u00abM\u00fanich\u00bb,\n        \u00abaddressCountry\u00bb: \u00abDE\u00bb\n      }\n    },\n    {\n      \u00ab@type\u00bb: \u00abLakeBodyOfWater\u00bb,\n      \u00abname\u00bb: \u00abStarnberger See\u00bb,\n      \u00abdescription\u00bb: \u00abEl Starnberger See es un lago al sur de M\u00fanich, ideal para nadar, hacer stand-up paddle y paseos en barco, con vistas a los Alpes.\u00bb,\n      \u00abaddress\u00bb: {\n        \u00abaddressLocality\u00bb: \u00abStarnberg\u00bb,\n        \u00abaddressCountry\u00bb: \u00abDE\u00bb\n      }\n    },\n    {\n      \u00ab@type\u00bb: \u00abLakeBodyOfWater\u00bb,\n      \u00abname\u00bb: \u00abAmmersee\u00bb,\n      \u00abdescription\u00bb: \u00abEl Ammersee es un lago pintoresco cerca de M\u00fanich, conocido por su tranquilidad, playas acogedoras y paseos junto al agua.\u00bb,\n      \u00abaddress\u00bb: {\n        \u00abaddressLocality\u00bb: \u00abHerrsching am Ammersee\u00bb,\n        \u00abaddressCountry\u00bb: \u00abDE\u00bb\n      }\n    },\n    {\n      \u00ab@type\u00bb: \u00abEvent\u00bb,\n      \u00abname\u00bb: \u00abTollwood Festival\u00bb,\n      \u00abdescription\u00bb: \u00abEl Tollwood es un festival cultural y ecol\u00f3gico que se celebra en verano en el Olympiapark de M\u00fanich, con conciertos, exposiciones y gastronom\u00eda internacional.\u00bb,\n      \u00abstartDate\u00bb: \u00ab2025-06-27\u00bb,\n      \u00abendDate\u00bb: \u00ab2025-07-21\u00bb,\n      \u00ablocation\u00bb: {\n        \u00ab@type\u00bb: \u00abPlace\u00bb,\n        \u00abname\u00bb: \u00abOlympiapark\u00bb,\n        \u00abaddress\u00bb: {\n          \u00abaddressLocality\u00bb: \u00abM\u00fanich\u00bb,\n          \u00abaddressCountry\u00bb: \u00abDE\u00bb\n        }\n      },\n      \u00aburl\u00bb: \u00abhttps:\/\/www.tollwood.de\/en\/\u00bb\n    },\n    {\n      \u00ab@type\u00bb: \u00abEvent\u00bb,\n      \u00abname\u00bb: \u00abTheatron MusikSommer\u00bb,\n      \u00abdescription\u00bb: \u00abFestival gratuito realizado en el Olympiapark, en M\u00fanich, desde 1974. Presenta bandas locales de varios estilos musicales durante el verano.\u00bb,\n      \u00ablocation\u00bb: {\n        \u00ab@type\u00bb: \u00abPlace\u00bb,\n        \u00abname\u00bb: \u00abOlympiapark\u00bb\n      }\n    },\n    {\n      \u00ab@type\u00bb: \u00abEvent\u00bb,\n      \u00abname\u00bb: \u00abKino, Mond &amp; Sterne\u00bb,\n      \u00abdescription\u00bb: \u00abCine al aire libre realizado en el Westpark de M\u00fanich, exhibiendo pel\u00edculas bajo las estrellas durante el verano desde 1995.\u00bb,\n      \u00ablocation\u00bb: {\n        \u00ab@type\u00bb: \u00abPlace\u00bb,\n        \u00abname\u00bb: \u00abWestpark\u00bb\n      }\n    },\n    {\n      \u00ab@type\u00bb: \u00abEvent\u00bb,\n      \u00abname\u00bb: \u00abStadtgr\u00fcndungsfest\u00bb,\n      \u00abdescription\u00bb: \u00abFestival de aniversario de la ciudad de M\u00fanich, celebrado en junio, con trajes t\u00edpicos, m\u00fasica folcl\u00f3rica y comidas tradicionales b\u00e1varas en Marienplatz.\u00bb,\n      \u00abstartDate\u00bb: \u00ab2025-06-14\u00bb,\n      \u00abendDate\u00bb: \u00ab2025-06-15\u00bb,\n      \u00ablocation\u00bb: {\n        \u00ab@type\u00bb: \u00abPlace\u00bb,\n        \u00abname\u00bb: \u00abMarienplatz\u00bb,\n        \u00abaddress\u00bb: {\n          \u00abaddressLocality\u00bb: \u00abM\u00fanich\u00bb,\n          \u00abaddressCountry\u00bb: \u00abDE\u00bb\n        }\n      }\n    }\n  ]\n}\n\n\n\n<p>M\u00fanich es un excelente destino para disfrutar del verano, ya que la capital de Baviera ofrece diferentes atracciones para disfrutar de la estaci\u00f3n m\u00e1s c\u00e1lida del a\u00f1o.<\/p>\n\n\n\n<p>Esta \u00e9poca del a\u00f1o, que va de junio a agosto, se caracteriza por d\u00edas largos y soleados, ya que amanece alrededor de las 5 a.m. y el sol se pone a las 9 p.m. Por lo tanto, es posible aprovechar mucho el d\u00eda, con muchas actividades al aire libre, como festivales, picnics y mucho contacto con la naturaleza.<\/p>\n\n\n\n<p>\u00bfBuscando ideas sobre <strong>qu\u00e9 hacer en M\u00fanich en verano<\/strong>? Entonces esta gu\u00eda te ayudar\u00e1 a armar un itinerario con experiencias inolvidables.<\/p>\n\n\n\n<h2 class=\"wp-block-heading\" id=\"h-parques-para-curtir-munique-no-verao\">Parques para disfrutar de M\u00fanich en verano<\/h2>\n\n\n\n<h3 class=\"wp-block-heading\" id=\"h-englischer-garten-o-pulmao-verde-da-cidade\">Englischer Garten: El pulm\u00f3n verde de la ciudad<\/h3>\n\n\n\n<p>Si est\u00e1s planeando qu\u00e9 hacer en <strong>M\u00fanich en verano<\/strong>, el Englischer Garten es una parada obligatoria. Es uno de los parques m\u00e1s concurridos de la ciudad y uno de los parques urbanos m\u00e1s grandes del mundo. El lugar es muy agradable y atractivo para diferentes grupos de edad, ya que ofrece desde parque infantil hasta biergarten para disfrutar de la naturaleza mientras saboreas una cerveza local.<\/p>\n\n\n\n<figure class=\"wp-block-image size-large\"><img decoding=\"async\" src=\"https:\/\/viagemalemanha.com\/wp-content\/uploads\/2025\/05\/fall-2863484_1280.jpg\" alt=\"Englischer Garten\" class=\"wp-image-5919\" \/><figcaption class=\"wp-element-caption\">Imagen: Michael Siebert&nbsp;&#8211;&nbsp;Pixabay<\/figcaption><\/figure>\n\n\n\n<h3 class=\"wp-block-heading\" id=\"h-biergarten-famosos-chinesischer-turm-e-seehaus\">Bierg\u00e4rten famosos: Chinesischer Turm y Seehaus<\/h3>\n\n\n\n<p>Los bierg\u00e4rten son excelentes opciones para quienes desean tomar el sol, disfrutar de picnics y, qui\u00e9n sabe, nadar en el Eisbach.<\/p>\n\n\n\n<p>Son innumerables los que se encuentran en la ciudad, algunos bastante famosos como el Chinesischer Turm y Seehaus, situados en el Englischer Garten, que permiten experimentar lo<a href=\"https:\/\/viagemalemanha.com\/es\/lo-mejor-de-la-gastronomia-bavara-y-de-la-cultura-cervecera-en-munich\/\"> mejor de la cerveza y la gastronom\u00eda b\u00e1vara <\/a>en medio de la naturaleza.<\/p>\n\n\n\n<figure class=\"wp-block-image size-full\"><img decoding=\"async\" src=\"https:\/\/viagemalemanha.com\/wp-content\/uploads\/2025\/05\/POSTS-VA-5-1080-x-1350-px-15-1.png\" alt=\"Chinesischer Turm\" class=\"wp-image-5921\" \/><\/figure>\n\n\n\n<p>El primero recibe este nombre porque tiene la famosa torre china. Adem\u00e1s de las delicias, el espacio ofrece atracciones musicales (la banda toca dentro de la torre) y tambi\u00e9n hay un parque infantil para los ni\u00f1os.<\/p>\n\n\n\n<p>Por otro lado, el<a href=\"https:\/\/www.instagram.com\/seehaus_im_englischen_garten\" target=\"_blank\" rel=\"noopener\"> Seehaus<\/a> es conocido por su hermosa vista al lago, de esta manera, ofrece un escenario ideal para quienes desean apreciar la naturaleza mientras disfrutan de lo mejor de la gastronom\u00eda local. Es un gran lugar tambi\u00e9n para disfrutar del atardecer.<\/p>\n\n\n\n<h3 class=\"wp-block-heading\" id=\"h-westpark-natureza-com-toques-asiaticos\">Westpark: Naturaleza con toques asi\u00e1ticos<\/h3>\n\n\n\n<p>El Westpark es un verdadero refugio urbano que combina paisajes naturales con elementos inspirados en Oriente. El parque cuenta con dos lagos artificiales: Mollsee y Westsee (el lugar ofrece espect\u00e1culos y presentaciones de teatro, adem\u00e1s del famoso Kino Open Air, cine al aire libre).<\/p>\n\n\n\n<figure class=\"wp-block-image size-large\"><img decoding=\"async\" src=\"https:\/\/viagemalemanha.com\/wp-content\/uploads\/2025\/05\/westpark-3751206_1280-1.jpg\" alt=\"Westpark\" class=\"wp-image-5922\" \/><figcaption class=\"wp-element-caption\">Imagen: Rita&nbsp;&#8211;&nbsp;Pixabay<\/figcaption><\/figure>\n\n\n\n<p>Adem\u00e1s de las actividades culturales, los visitantes pueden alquilar un bote de pedales para disfrutar del paisaje desde un \u00e1ngulo diferente.<\/p>\n\n\n\n<h3 class=\"wp-block-heading\" id=\"h-olympiapark-esporte-e-paisagens\">Olympiapark: Deporte y paisajes<\/h3>\n\n\n\n<p>Construido para los Juegos Ol\u00edmpicos de Verano de 1972, el Parque Ol\u00edmpico de M\u00fanich (en alem\u00e1n Olympiapark) tambi\u00e9n es un gran lugar para disfrutar en verano. En el lugar es posible hacer caminatas, senderismo y aprovechar toda la extensi\u00f3n del parque alquilando bicicletas.<\/p>\n\n\n\n<figure class=\"wp-block-image size-large\"><img decoding=\"async\" src=\"https:\/\/viagemalemanha.com\/wp-content\/uploads\/2025\/05\/munich-3521933_1280.jpg\" alt=\"Olympiapark\" class=\"wp-image-5920\" \/><figcaption class=\"wp-element-caption\">Imagen: Stefan &#8211; Pixabay<\/figcaption><\/figure>\n\n\n\n<p>Otro atractivo del parque es la Torre de Televisi\u00f3n (Olympiaturm) que ofrece una vista privilegiada de varios puntos de M\u00fanich, adem\u00e1s del restaurante giratorio, un hito de la arquitectura en la ciudad.<\/p>\n\n\n\n<p>Adem\u00e1s, muchos visitantes se re\u00fanen en la monta\u00f1a del Olympiapark para disfrutar del atardecer con una vista de 360\u00ba.<\/p>\n\n\n\n<h3 class=\"wp-block-heading\" id=\"h-nymphenburg-schlosspark\">Nymphenburg Schlosspark<\/h3>\n\n\n\n<p>Es una opci\u00f3n para quienes desean explorar m\u00e1s sobre la cultura e historia b\u00e1vara. Es posible visitar el Museo de Carruajes y disfrutar de los jardines y el parque para dar un paseo por este lugar tranquilo e hist\u00f3rico.<\/p>\n\n\n\n<h2 class=\"wp-block-heading\" id=\"h-lagos-para-se-refrescar-no-verao-de-munique\">Lagos para refrescarse en el verano de M\u00fanich<\/h2>\n\n\n\n<h3 class=\"wp-block-heading\" id=\"h-starnberger-see\">Starnberger See<\/h3>\n\n\n\n<p>Adem\u00e1s de los parques y bierg\u00e4rten, los lagos son una excelente opci\u00f3n para quienes desean relajarse en <strong>M\u00fanich en verano<\/strong>, escapando del calor en medio de la naturaleza. Con f\u00e1cil acceso en S-Bahn, este lago es perfecto para quienes buscan diversi\u00f3n y actividades. Adem\u00e1s de ser ideal para deportes acu\u00e1ticos, como stand-up paddle y windsurf, los visitantes pueden hacer un paseo en barco y admirar los Alpes al fondo.<\/p>\n\n\n\n<p>Para conocer a\u00fan m\u00e1s lugares encantadores, consulta tambi\u00e9n <a class=\"\" href=\"https:\/\/viagemalemanha.com\/es\/lagos-de-alemania-explorando-la-belleza-natural-de-alemania-con-nuestros-paseos-guiados-en-espanol\/\">m\u00e1s lagos imperdibles para visitar en Alemania<\/a>.<\/p>\n\n\n\n<figure class=\"wp-block-image size-large\"><img decoding=\"async\" src=\"https:\/\/viagemalemanha.com\/wp-content\/uploads\/2025\/05\/starnberger-lake-4859917_1280.jpg\" alt=\"Starnberger See\" class=\"wp-image-5923\" \/><figcaption class=\"wp-element-caption\">Imagen:&nbsp;Regina Dautenhahn&nbsp;&#8211;&nbsp;Pixabay<\/figcaption><\/figure>\n\n\n\n<h2 class=\"wp-block-heading\" id=\"h-ammersee\">Ammersee<\/h2>\n\n\n\n<p>M\u00e1s encantador y menos tur\u00edstico, el Ammersee es ideal para quienes prefieren tranquilidad. Sus playas acogedoras son perfectas para picnics junto al agua o simplemente relajarse al sol.<\/p>\n\n\n\n<h2 class=\"wp-block-heading\" id=\"h-feringasee-e-lerchenauer-see\">Feringasee y Lerchenauer See<\/h2>\n\n\n\n<p>Ubicados m\u00e1s cerca del centro, estos lagos son la opci\u00f3n perfecta para un ba\u00f1o r\u00e1pido despu\u00e9s de un d\u00eda de trabajo o paseo. Con infraestructura b\u00e1sica y \u00e1reas verdes, son ideales para un refrescante chapuz\u00f3n sin salir de la ciudad.<\/p>\n\n\n\n<h2 class=\"wp-block-heading\" id=\"h-trilhas-e-esportes-ao-ar-livre\">Senderos y Deportes al Aire Libre<\/h2>\n\n\n\n<p>M\u00fanich durante el verano tambi\u00e9n se destaca como un destino ideal para los amantes de los deportes al aire libre. En la ciudad y sus alrededores, es posible explorar diferentes senderos, como el de Giesing hasta el parque Flaucher, que recompensa toda la caminata con un ba\u00f1o en el r\u00edo Isar.&nbsp;<\/p>\n\n\n\n<p>Hay diferentes ciclov\u00edas repartidas por la regi\u00f3n, que permiten la pr\u00e1ctica del ciclismo de forma segura. Una sugerencia de ruta es pedalear desde el centro hasta el lago Feringasee.<\/p>\n\n\n\n<p>Adem\u00e1s, la ciudad b\u00e1vara tambi\u00e9n es un excelente lugar para la pr\u00e1ctica de deportes m\u00e1s extremos como stand-up paddle y kayak en los lagos y r\u00edos, as\u00ed como la escalada en el Parque de Thalkirchen.<\/p>\n\n\n\n<h2 class=\"wp-block-heading\" id=\"h-onde-aproveitar-a-gastronomia-ao-ar-livre-no-verao-de-munique\">D\u00f3nde disfrutar de la gastronom\u00eda al aire libre en el verano de M\u00fanich<\/h2>\n\n\n\n<p>M\u00fanich sorprende con su gastronom\u00eda, hay diferentes platos que se pueden disfrutar en diferentes lugares de la ciudad, como la cl\u00e1sica salchicha blanca (<strong>Wei\u00dfwurst), <\/strong>la rodilla de cerdo asada (Schweinshaxe), que es la <a class=\"\" href=\"https:\/\/viagemalemanha.com\/es\/gastronomia-alemana-el-famoso-codillo-de-cerdo-y-sus-variaciones\/\">rodilla de cerdo t\u00edpica de la gastronom\u00eda b\u00e1vara<\/a>, y el pan en forma de nudo (conocido como pretzel, en alem\u00e1n: brezel).<\/p>\n\n\n\n<p>Consulta algunos lugares para degustar lo mejor de la gastronom\u00eda de M\u00fanich:<\/p>\n\n\n\n<h3 class=\"wp-block-heading\" id=\"h-biergarten-iconicos-de-munique\">Bierg\u00e4rten Ic\u00f3nicos de M\u00fanich:<\/h3>\n\n\n\n<ul class=\"wp-block-list\">\n<li><strong>Augustiner-Keller <\/strong>\u2013 La cervecer\u00eda m\u00e1s antigua de M\u00fanich, ofrece las cervezas cl\u00e1sicas de la regi\u00f3n y cuenta tambi\u00e9n con un men\u00fa variado de comidas t\u00edpicas, incluyendo opciones vegetarianas y veganas.<\/li>\n\n\n\n<li><strong>Hirschgarten <\/strong>\u2013 Es considerado el <a href=\"https:\/\/www.instagram.com\/koeniglicherhirschgarten\/\" target=\"_blank\" rel=\"noopener\">mayor Biergarten del mundo<\/a>, con capacidad para aproximadamente 8000 personas. Se encuentra situado en el parque hom\u00f3nimo, es un excelente lugar para disfrutar con la familia y amigos.<\/li>\n\n\n\n<li><strong>Chinesischer Turm (Englischer Garten)<\/strong> \u2013 En el coraz\u00f3n del parque, con m\u00fasica en vivo y un ambiente relajado.<\/li>\n<\/ul>\n\n\n\n<h3 class=\"wp-block-heading\" id=\"h-cafes-com-terraco-e-vista\">Caf\u00e9s con Terraza y Vista:<\/h3>\n\n\n\n<ul class=\"wp-block-list\">\n<li><strong>Caf\u00e9 Glockenspiel<\/strong> (Marienplatz) \u2013 el espacio tiene una vista privilegiada del famoso Glockenspiel. Por lo tanto, es posible ver el espect\u00e1culo del reloj mec\u00e1nico mientras se disfruta de un caf\u00e9. Diariamente a las 11 a.m. y 12 p.m., el reloj recrea hechos marcantes en la historia de M\u00fanich.<br><\/li>\n\n\n\n<li><strong>Vorhoelzer Forum<\/strong> \u2013 El caf\u00e9 de la Facultad de Arquitectura (TU M\u00fcnchen) atrae a muchos visitantes debido a su terraza panor\u00e1mica que permite ver el atardecer con una vista bastante privilegiada.<\/li>\n<\/ul>\n\n\n\n<h3 class=\"wp-block-heading\" id=\"h-mercados-a-ceu-aberto-nbsp\">Mercados al Aire Libre&nbsp;<\/h3>\n\n\n\n<ul class=\"wp-block-list\">\n<li><strong>Viktualienmarkt<\/strong> \u2013 El mercado m\u00e1s famoso de la ciudad es una excelente alternativa para quienes desean disfrutar de comida fresca y especialidades b\u00e1varas.<\/li>\n\n\n\n<li><strong>Elisabethmarkt <\/strong>\u2013 Menos tur\u00edstico, ideal para probar productos locales en un ambiente acogedor.<\/li>\n<\/ul>\n\n\n\n<h3 class=\"wp-block-heading\" id=\"h-street-food-amp-food-trucks\">Street Food &amp; Food Trucks<\/h3>\n\n\n\n<p><strong>Werksviertel-Mitte<\/strong> \u2013 El espacio presenta una atm\u00f3sfera joven, alberga eventos de food trucks que ofrecen lo mejor de la gastronom\u00eda local e internacional. Es una excelente opci\u00f3n para quienes desean conocer un lugar m\u00e1s alternativo y relajado.&nbsp;<\/p>\n\n\n\n<h2 class=\"wp-block-heading\" id=\"h-festivais-imperdiveis-em-munique-no-verao\">Festivales imperdibles en M\u00fanich en verano<\/h2>\n\n\n\n<h3 class=\"wp-block-heading\" id=\"h-tollwood-festival-edicao-de-verao\">Tollwood Festival (edici\u00f3n de verano)<\/h3>\n\n\n\n<p>Una de las atracciones imperdibles es la edici\u00f3n de verano del festival Tollwood (Volksfest) que se realiza en el Parque Ol\u00edmpico de M\u00fanich, con conciertos, exposiciones y restaurantes. El evento con enfoque ecol\u00f3gico es gratuito y cuenta con actividades para todas las edades.<\/p>\n\n\n\n<h3 class=\"wp-block-heading\" id=\"h-kino-mond-amp-sterne\">Kino, Mond &amp; Sterne<\/h3>\n\n\n\n<p>Los cines al aire libre de M\u00fanich son atractivos durante el verano. El m\u00e1s famoso es el<a href=\"https:\/\/www.kino-mond-sterne.de\/\" target=\"_blank\" rel=\"noopener\"> Kino, Mond &amp; Sterne<\/a> que exhibe pel\u00edculas desde 1995 en el cielo estrellado del&nbsp; Westpark, adem\u00e1s del&nbsp; <a href=\"https:\/\/kinoamolympiasee.de\/programm\" target=\"_blank\" rel=\"noopener\">Kino am Olympiasee<\/a> (en el Parque Ol\u00edmpico).&nbsp;<\/p>\n\n\n\n<h3 class=\"wp-block-heading\" id=\"h-theatron-musiksommer\">Theatron MusikSommer<\/h3>\n\n\n\n<p>El Theatron MusikSommer es un festival gratuito en el Olympiapark que se lleva a cabo desde 1974. El evento re\u00fane bandas locales y una atm\u00f3sfera joven, con conciertos de jazz, rock y mucho m\u00e1s. Si est\u00e1s planeando tu viaje, consulta tambi\u00e9n la <a class=\"\" href=\"https:\/\/viagemalemanha.com\/es\/agenda-de-shows-en-alemania-en-2025\/\">agenda de conciertos en Alemania en 2025<\/a> para descubrir otros eventos musicales imperdibles.<\/p>\n\n\n\n<h3 class=\"wp-block-heading\" id=\"h-stadtgrundungsfest\">Stadtgr\u00fcndungsfest<\/h3>\n\n\n\n<p>En junio, M\u00fanich celebra su aniversario con trajes tradicionales, m\u00fasica folcl\u00f3rica y mucha cerveza. La fiesta en Marienplatz y alrededores trae espect\u00e1culos, puestos de comida t\u00edpica (como Obazda y Leberk\u00e4se) y un ambiente festivo que celebra la identidad b\u00e1vara.<\/p>\n\n\n\n<h2 class=\"wp-block-heading\" id=\"h-por-que-munique-e-perfeita-para-viajar-no-verao\">\u00bfPor qu\u00e9 M\u00fanich es perfecta para viajar en verano?<\/h2>\n\n\n\n<p>M\u00fanich, sin duda, es una ciudad bastante vers\u00e1til, por lo que agrada a muchos turistas, independientemente de la estaci\u00f3n. El <a href=\"https:\/\/viagemalemanha.com\/es\/alemania-en-verano-como-es-y-que-debes-llevar-en-tu-viaje\/\">verano en Alemania<\/a> por s\u00ed solo ya es incre\u00edble, pero se vuelve a\u00fan m\u00e1s especial en la capital de Baviera por contar con diversas actividades al aire libre, proporcionando un mayor contacto con la naturaleza, con experiencias en bierg\u00e4rten, festivales de m\u00fasica y hasta paseos culturales como los cines.<\/p>\n\n\n\n<p>\u00bfQuieres disfrutar de M\u00fanich en verano con tranquilidad y experiencias aut\u00e9nticas? Ofrecemos un <a href=\"https:\/\/viagemalemanha.com\/guia-brasileiro-na-alemanha-viagem-alemanha\/\">itinerario personalizado con gu\u00edas en espa\u00f1ol<\/a>, para que puedas disfrutar de la \u00e9poca m\u00e1s vibrante del a\u00f1o con seguridad y calidad. \u00a1Incluso, fuera del verano, la ciudad sigue siendo encantadora \u2014 consulta algunas <a class=\"\" href=\"https:\/\/viagemalemanha.com\/es\/5-atracciones-especiales-en-munich\/\">atracciones imperdibles en M\u00fanich durante todo el a\u00f1o<\/a>.<\/p>\n\n\n\n<p>\u00a1Experimenta viajar con gu\u00edas en espa\u00f1ol especializados, as\u00ed crear\u00e1s recuerdos inolvidables con los ni\u00f1os sin preocupaciones!<\/p>\n\n\n\n<p>\u00a1Planifica ahora tu viaje de verano con nosotros! Nuestros servicios incluyen adem\u00e1s:<\/p>\n\n\n\n<ul class=\"wp-block-list\">\n<li><a href=\"https:\/\/viagemalemanha.com\/como-o-turismo-personalizado-pode-te-ajudar\/\">Itinerarios personalizados exclusivos<\/a>, a medida para ti y tu familia, con todo planeado para disfrutar lo mejor de la regi\u00f3n sin prisa.<\/li>\n\n\n\n<li><a href=\"https:\/\/viagemalemanha.com\/es\/consultoria-de-viaje-para-alemania\/\">Consejos de alojamiento y transporte,<\/a>&nbsp;para que encuentres las mejores opciones en hospedaje y te desplaces con facilidad, ya sea en autob\u00fas, tren, coche alquilado o transfer.<\/li>\n<\/ul>\n\n\n\n<p>\u00a1Cont\u00e1ctanos!<\/p>\n","protected":false},"excerpt":{"rendered":"<p>{ \u00ab@context\u00bb: \u00abhttps:\/\/schema.org\u00bb, \u00ab@graph\u00bb: [ { \u00ab@type\u00bb: \u00abCity\u00bb, \u00abname\u00bb: \u00abM\u00fanich\u00bb, \u00abdescription\u00bb: \u00abM\u00fanich es la capital del estado de Baviera, en el sur de Alemania. Es una ciudad conocida por su rica herencia cultural, extensos parques, festivales al aire libre en verano y vibrantes tradiciones b\u00e1varas.\u00bb, \u00abaddress\u00bb: { \u00abaddressLocality\u00bb: \u00abM\u00fanich\u00bb, \u00abaddressCountry\u00bb: \u00abDE\u00bb }, \u00aburl\u00bb: \u00abhttps:\/\/www.muenchen.de\/int\/en.html\u00bb }, [&hellip;]<\/p>\n","protected":false},"author":2,"featured_media":54525,"comment_status":"open","ping_status":"open","sticky":false,"template":"","format":"standard","meta":{"_acf_changed":false,"tripadvisor_id":"","rating":0,"reviewer_name":"","review_date":"","trip_type":"","helpful_votes":0,"source_url":"","reviewer_gravatar":"","review_type":"","footnotes":""},"categories":[493,504,480],"tags":[],"class_list":["post-53919","post","type-post","status-publish","format-standard","has-post-thumbnail","hentry","category-baviera","category-itinerarios","category-munich"],"acf":[],"_links":{"self":[{"href":"https:\/\/viagemalemanha.com\/es\/wp-json\/wp\/v2\/posts\/53919","targetHints":{"allow":["GET"]}}],"collection":[{"href":"https:\/\/viagemalemanha.com\/es\/wp-json\/wp\/v2\/posts"}],"about":[{"href":"https:\/\/viagemalemanha.com\/es\/wp-json\/wp\/v2\/types\/post"}],"author":[{"embeddable":true,"href":"https:\/\/viagemalemanha.com\/es\/wp-json\/wp\/v2\/users\/2"}],"replies":[{"embeddable":true,"href":"https:\/\/viagemalemanha.com\/es\/wp-json\/wp\/v2\/comments?post=53919"}],"version-history":[{"count":2,"href":"https:\/\/viagemalemanha.com\/es\/wp-json\/wp\/v2\/posts\/53919\/revisions"}],"predecessor-version":[{"id":64961,"href":"https:\/\/viagemalemanha.com\/es\/wp-json\/wp\/v2\/posts\/53919\/revisions\/64961"}],"wp:featuredmedia":[{"embeddable":true,"href":"https:\/\/viagemalemanha.com\/es\/wp-json\/wp\/v2\/media\/54525"}],"wp:attachment":[{"href":"https:\/\/viagemalemanha.com\/es\/wp-json\/wp\/v2\/media?parent=53919"}],"wp:term":[{"taxonomy":"category","embeddable":true,"href":"https:\/\/viagemalemanha.com\/es\/wp-json\/wp\/v2\/categories?post=53919"},{"taxonomy":"post_tag","embeddable":true,"href":"https:\/\/viagemalemanha.com\/es\/wp-json\/wp\/v2\/tags?post=53919"}],"curies":[{"name":"wp","href":"https:\/\/api.w.org\/{rel}","templated":true}]}}