{"id":53930,"date":"2025-03-08T20:19:11","date_gmt":"2025-03-08T23:19:11","guid":{"rendered":"https:\/\/viagemalemanha.com\/?p=53930"},"modified":"2026-02-01T02:02:59","modified_gmt":"2026-02-01T05:02:59","slug":"las-iglesias-mas-impresionantes-de-munich-historia-arquitectura-y-consejos-de-visita","status":"publish","type":"post","link":"https:\/\/viagemalemanha.com\/es\/las-iglesias-mas-impresionantes-de-munich-historia-arquitectura-y-consejos-de-visita\/","title":{"rendered":"Las iglesias m\u00e1s impresionantes de M\u00fanich: Historia, Arquitectura y Consejos de Visita"},"content":{"rendered":"\n{\n  \u00ab@context\u00bb: \u00abhttps:\/\/schema.org\u00bb,\n  \u00ab@graph\u00bb: [\n    {\n      \u00ab@type\u00bb: \u00abCity\u00bb,\n      \u00abname\u00bb: \u00abM\u00fanich\u00bb,\n      \u00abdescription\u00bb: \u00abCapital de Baviera, conocida por su impresionante arquitectura e iglesias hist\u00f3ricas.\u00bb\n    },\n    {\n      \u00ab@type\u00bb: \u00abAdministrativeArea\u00bb,\n      \u00abname\u00bb: \u00abBaviera (Bayern)\u00bb,\n      \u00abdescription\u00bb: \u00abEstado alem\u00e1n donde se encuentra M\u00fanich, con diversas iglesias hist\u00f3ricas.\u00bb\n    },\n    {\n      \u00ab@type\u00bb: \u00abLandmark\u00bb,\n      \u00abname\u00bb: \u00abMarienplatz\u00bb,\n      \u00abdescription\u00bb: \u00abPlaza central de M\u00fanich, donde se encuentran varias iglesias ic\u00f3nicas.\u00bb\n    },\n    {\n      \u00ab@type\u00bb: \u00abChurch\u00bb,\n      \u00abname\u00bb: \u00abFrauenkirche\u00bb,\n      \u00abdescription\u00bb: \u00abCatedral de Nuestra Se\u00f1ora, principal s\u00edmbolo religioso de M\u00fanich, construida en el siglo XV.\u00bb\n    },\n    {\n      \u00ab@type\u00bb: \u00abChurch\u00bb,\n      \u00abname\u00bb: \u00abAsamkirche\u00bb,\n      \u00abdescription\u00bb: \u00abIglesia barroca y rococ\u00f3 construida por los hermanos Asam en el siglo XVIII.\u00bb\n    },\n    {\n      \u00ab@type\u00bb: \u00abChurch\u00bb,\n      \u00abname\u00bb: \u00abSt. Peterskirche\u00bb,\n      \u00abdescription\u00bb: \u00abIglesia de San Pedro, la m\u00e1s antigua de M\u00fanich, conocida por su vista panor\u00e1mica.\u00bb\n    },\n    {\n      \u00ab@type\u00bb: \u00abChurch\u00bb,\n      \u00abname\u00bb: \u00abTheatinerkirche\u00bb,\n      \u00abdescription\u00bb: \u00abIglesia barroca italiana construida en el siglo XVII, dedicada a San Cayetano.\u00bb\n    },\n    {\n      \u00ab@type\u00bb: \u00abChurch\u00bb,\n      \u00abname\u00bb: \u00abB\u00fcrgersaalkirche\u00bb,\n      \u00abdescription\u00bb: \u00abIglesia del Sal\u00f3n de los Ciudadanos, ubicada cerca de Karlsplatz y famosa por su arte barroco.\u00bb\n    },\n    {\n      \u00ab@type\u00bb: \u00abChurch\u00bb,\n      \u00abname\u00bb: \u00abLudwigskirche\u00bb,\n      \u00abdescription\u00bb: \u00abIglesia universitaria en estilo neorrom\u00e1nico, famosa por el fresco del Juicio Final.\u00bb\n    },\n    {\n      \u00ab@type\u00bb: \u00abChurch\u00bb,\n      \u00abname\u00bb: \u00abSt. Michael\u00bb,\n      \u00abdescription\u00bb: \u00abLa mayor iglesia renacentista al norte de los Alpes, construida en el siglo XVI.\u00bb\n    },\n    {\n      \u00ab@type\u00bb: \u00abPerson\u00bb,\n      \u00abname\u00bb: \u00abJ\u00f6rg von Halsbach\u00bb,\n      \u00abdescription\u00bb: \u00abArquitecto responsable del dise\u00f1o de la Frauenkirche en el siglo XV.\u00bb\n    },\n    {\n      \u00ab@type\u00bb: \u00abPerson\u00bb,\n      \u00abname\u00bb: \u00abCosmas Damian Asam\u00bb,\n      \u00abdescription\u00bb: \u00abArtista y arquitecto responsable de la decoraci\u00f3n de la Asamkirche.\u00bb\n    },\n    {\n      \u00ab@type\u00bb: \u00abPerson\u00bb,\n      \u00abname\u00bb: \u00abEgid Quirin Asam\u00bb,\n      \u00abdescription\u00bb: \u00abEscultor y arquitecto barroco que colabor\u00f3 en la construcci\u00f3n de la Asamkirche.\u00bb\n    },\n    {\n      \u00ab@type\u00bb: \u00abPerson\u00bb,\n      \u00abname\u00bb: \u00abPeter von Cornelius\u00bb,\n      \u00abdescription\u00bb: \u00abPintor responsable del gran fresco del Juicio Final en la Ludwigskirche.\u00bb\n    },\n    {\n      \u00ab@type\u00bb: \u00abArchitecturalStyle\u00bb,\n      \u00abname\u00bb: \u00abG\u00f3tico Tard\u00edo\u00bb,\n      \u00abdescription\u00bb: \u00abEstilo arquitect\u00f3nico presente en la Frauenkirche.\u00bb\n    },\n    {\n      \u00ab@type\u00bb: \u00abArchitecturalStyle\u00bb,\n      \u00abname\u00bb: \u00abBarroco\u00bb,\n      \u00abdescription\u00bb: \u00abEstilo predominante en iglesias como la Theatinerkirche y la B\u00fcrgersaalkirche.\u00bb\n    },\n    {\n      \u00ab@type\u00bb: \u00abArchitecturalStyle\u00bb,\n      \u00abname\u00bb: \u00abRococ\u00f3\u00bb,\n      \u00abdescription\u00bb: \u00abEstilo decorativo encontrado en la Asamkirche.\u00bb\n    },\n    {\n      \u00ab@type\u00bb: \u00abArchitecturalStyle\u00bb,\n      \u00abname\u00bb: \u00abNeorrom\u00e1nico\u00bb,\n      \u00abdescription\u00bb: \u00abEstilo arquitect\u00f3nico de la Ludwigskirche.\u00bb\n    },\n    {\n      \u00ab@type\u00bb: \u00abArchitecturalStyle\u00bb,\n      \u00abname\u00bb: \u00abRenacimiento\u00bb,\n      \u00abdescription\u00bb: \u00abEstilo presente en la St. Michael.\u00bb\n    },\n    {\n      \u00ab@type\u00bb: \u00abLegend\u00bb,\n      \u00abname\u00bb: \u00abHuella del Diablo (Teufelstritt)\u00bb,\n      \u00abdescription\u00bb: \u00abLeyenda asociada a la Frauenkirche, donde se cree que el Diablo dej\u00f3 una huella dentro de la iglesia.\u00bb\n    },\n    {\n      \u00ab@type\u00bb: \u00abPerson\u00bb,\n      \u00abname\u00bb: \u00abRupert Mayer\u00bb,\n      \u00abdescription\u00bb: \u00abBeato enterrado en la B\u00fcrgersaalkirche, conocido por resistir al r\u00e9gimen nazi.\u00bb\n    },\n    {\n      \u00ab@type\u00bb: \u00abTouristAttraction\u00bb,\n      \u00abname\u00bb: \u00abVista Panor\u00e1mica de la St. Peterskirche\u00bb,\n      \u00abdescription\u00bb: \u00abAtracci\u00f3n popular que ofrece una visi\u00f3n de M\u00fanich y los Alpes.\u00bb\n    },\n    {\n      \u00ab@type\u00bb: \u00abGraveyard\u00bb,\n      \u00abname\u00bb: \u00abTumba del Rey Ludwig II de Baviera\u00bb,\n      \u00abdescription\u00bb: \u00abUbicada en la St. Michael, donde est\u00e1 enterrado el rey responsable del Castillo de Neuschwanstein.\u00bb\n    }\n  ]\n}\n{\n  \u00ab@context\u00bb: \u00abhttps:\/\/schema.org\u00bb,\n  \u00ab@type\u00bb: \u00abFAQPage\u00bb,\n  \u00abmainEntity\u00bb: [\n    {\n      \u00ab@type\u00bb: \u00abQuestion\u00bb,\n      \u00abname\u00bb: \u00ab\u00bfCu\u00e1les son las iglesias m\u00e1s impresionantes de M\u00fanich?\u00bb,\n      \u00abacceptedAnswer\u00bb: {\n        \u00ab@type\u00bb: \u00abAnswer\u00bb,\n        \u00abtext\u00bb: \u00abAlgunas de las iglesias m\u00e1s impresionantes de M\u00fanich incluyen la Frauenkirche, la St. Peterskirche, la Theatinerkirche, la Asamkirche y la St. Michael, cada una con su historia y estilo arquitect\u00f3nico \u00fanicos.\u00bb\n      }\n    },\n    {\n      \u00ab@type\u00bb: \u00abQuestion\u00bb,\n      \u00abname\u00bb: \u00ab\u00bfCu\u00e1l es la iglesia m\u00e1s antigua de M\u00fanich?\u00bb,\n      \u00abacceptedAnswer\u00bb: {\n        \u00ab@type\u00bb: \u00abAnswer\u00bb,\n        \u00abtext\u00bb: \u00abLa St. Peterskirche (Iglesia de San Pedro), tambi\u00e9n conocida como &#8216;Alter Peter&#8217;, es la iglesia m\u00e1s antigua de M\u00fanich, datando del siglo XII. Es famosa por su mezcla de estilos arquitect\u00f3nicos y su torre con vista panor\u00e1mica de la ciudad.\u00bb\n      }\n    },\n    {\n      \u00ab@type\u00bb: \u00abQuestion\u00bb,\n      \u00abname\u00bb: \u00ab\u00bfCu\u00e1l iglesia tiene la mejor vista panor\u00e1mica de M\u00fanich?\u00bb,\n      \u00abacceptedAnswer\u00bb: {\n        \u00ab@type\u00bb: \u00abAnswer\u00bb,\n        \u00abtext\u00bb: \u00abLa St. Peterskirche ofrece una de las mejores vistas panor\u00e1micas de M\u00fanich. Subiendo sus m\u00e1s de 300 escalones, es posible tener una vista incre\u00edble de la Marienplatz, de la Frauenkirche y, en d\u00edas claros, hasta de los Alpes de Baviera.\u00bb\n      }\n    },\n    {\n      \u00ab@type\u00bb: \u00abQuestion\u00bb,\n      \u00abname\u00bb: \u00ab\u00bfCu\u00e1l es la iglesia m\u00e1s importante de M\u00fanich?\u00bb,\n      \u00abacceptedAnswer\u00bb: {\n        \u00ab@type\u00bb: \u00abAnswer\u00bb,\n        \u00abtext\u00bb: \u00abLa Frauenkirche, o Catedral de Nuestra Se\u00f1ora, es la principal iglesia de M\u00fanich. Sus ic\u00f3nicas torres gemelas forman parte del horizonte de la ciudad y su historia se remonta al siglo XV. Es uno de los hitos m\u00e1s importantes de Baviera.\u00bb\n      }\n    },\n    {\n      \u00ab@type\u00bb: \u00abQuestion\u00bb,\n      \u00abname\u00bb: \u00ab\u00bfQu\u00e9 es la Huella del Diablo en la Frauenkirche?\u00bb,\n      \u00abacceptedAnswer\u00bb: {\n        \u00ab@type\u00bb: \u00abAnswer\u00bb,\n        \u00abtext\u00bb: \u00abLa Huella del Diablo (Teufelstritt) es una leyenda asociada a la Frauenkirche. Se dice que el propio Diablo dej\u00f3 una huella en la entrada de la catedral al darse cuenta de que hab\u00eda sido enga\u00f1ado por el arquitecto que construy\u00f3 el templo. La marca puede verse en el suelo de la iglesia.\u00bb\n      }\n    },\n    {\n      \u00ab@type\u00bb: \u00abQuestion\u00bb,\n      \u00abname\u00bb: \u00ab\u00bfCu\u00e1les iglesias de M\u00fanich son ejemplos del estilo barroco?\u00bb,\n      \u00abacceptedAnswer\u00bb: {\n        \u00ab@type\u00bb: \u00abAnswer\u00bb,\n        \u00abtext\u00bb: \u00abLa Theatinerkirche y la Asamkirche son dos de los mejores ejemplos de iglesias barrocas en M\u00fanich. La Theatinerkirche posee una hermosa fachada amarilla y un interior impresionante, mientras que la Asamkirche es una joya del rococ\u00f3, rica en detalles ornamentados.\u00bb\n      }\n    },\n    {\n      \u00ab@type\u00bb: \u00abQuestion\u00bb,\n      \u00abname\u00bb: \u00ab\u00bfCu\u00e1les son los consejos para visitar las iglesias de M\u00fanich?\u00bb,\n      \u00abacceptedAnswer\u00bb: {\n        \u00ab@type\u00bb: \u00abAnswer\u00bb,\n        \u00abtext\u00bb: \u00abPara visitar las iglesias de M\u00fanich sin problemas, evita los horarios de misa, verifica si hay tarifas para acceder a las torres, usa ropa adecuada para lugares religiosos y consulta si se permite la fotograf\u00eda en el interior de cada iglesia.\u00bb\n      }\n    }\n  ]\n}\n\n\n\n<p>M\u00fanich se destaca como un destino que agrada a diferentes turistas, ya que la capital de Baviera reserva experiencias sorprendentes que van desde la gastronom\u00eda hasta el arte y la arquitectura.<\/p>\n\n\n\n<p>Las iglesias, por ejemplo, desempe\u00f1an un papel fundamental en la herencia cultural y religiosa de la ciudad. Cada una de ellas ofrece un viaje en el tiempo, revelando no solo la devoci\u00f3n religiosa, sino tambi\u00e9n el talento de los artistas y arquitectos responsables de su concepci\u00f3n.<\/p>\n\n\n\n<p>La ciudad preserva iglesias de diferentes per\u00edodos y estilos, desde el g\u00f3tico presente en la&nbsp;Frauenkirche, hasta el barroco como es el caso de la Theatinerkirche. Aqu\u00ed en este post conocer\u00e1s m\u00e1s sobre la historia de estos templos religiosos y c\u00f3mo planificar para aprovechar al m\u00e1ximo cada detalle de este viaje!<\/p>\n\n\n\n<h2 class=\"wp-block-heading\" id=\"h-as-igrejas-mais-impressionantes-de-munique-e-sua-historia\"><strong>Las iglesias m\u00e1s impresionantes de M\u00fanich y su historia<\/strong><\/h2>\n\n\n\n<h3 class=\"wp-block-heading\" id=\"h-frauenkirche-a-catedral-de-munique\">Frauenkirche \u2013 La Catedral de M\u00fanich<\/h3>\n\n\n\n<p>La <strong>Catedral de Nuestra Se\u00f1ora<\/strong>, o Frauenkirche, es el principal s\u00edmbolo religioso de M\u00fanich. Esta obra de arte formada por dos torres de casi 100 metros, cubiertas por c\u00fapulas esf\u00e9ricas, pueden ser apreciadas desde diferentes puntos de la ciudad, convirti\u00e9ndose en un verdadero hito en la regi\u00f3n.<\/p>\n\n\n\n<figure class=\"wp-block-image size-large\"><img decoding=\"async\" src=\"https:\/\/viagemalemanha.com\/wp-content\/uploads\/2025\/05\/munich-2863537_1280-1.jpg\" alt=\"\" class=\"wp-image-5766\" \/><figcaption class=\"wp-element-caption\">Frauenkirche en M\u00fanich (Imagen:&nbsp;Michael Siebert&nbsp;de&nbsp;Pixabay)<\/figcaption><\/figure>\n\n\n\n<p>Dise\u00f1ada por el renombrado arquitecto J\u00f6rg von Halsbach en el siglo XV, la Frauenkirche es un magn\u00edfico ejemplo de la arquitectura g\u00f3tica tard\u00eda, destac\u00e1ndose por su grandiosidad y elegancia.&nbsp;<\/p>\n\n\n\n<p>No obstante, al igual que muchas otras construcciones hist\u00f3ricas en Alemania, la catedral no escap\u00f3 ilesa de los estragos de la Segunda Guerra Mundial, siendo parcialmente destruida durante el conflicto. Tras d\u00e9cadas de espera, los trabajos de restauraci\u00f3n comenzaron en 1994, devolviendo a la iglesia su esplendor original y garantizando su preservaci\u00f3n como un patrimonio cultural y religioso de extrema importancia.<\/p>\n\n\n\n<p>El interior de la catedral impresiona con techos abovedados, tiene capacidad para acomodar hasta 20.000 fieles. Uno de los detalles que m\u00e1s llama la atenci\u00f3n de los visitantes es la <strong>\u201cHuella del Diablo\u201d<\/strong> (en alem\u00e1n: Tufelstritt).<\/p>\n\n\n\n<p>Seg\u00fan la leyenda, la marca fue dejada por el propio Diablo, cuando tuvo que salir apresuradamente del templo, tras descubrir que hab\u00eda sido enga\u00f1ado por el maestro de obras, ya que hab\u00eda hecho un pacto para que no insertara ventanas en la construcci\u00f3n.<\/p>\n\n\n\n<p>La catedral alberga a\u00fan las tumbas de figuras notables de Baviera, como la del emperador Ludwig IV.&nbsp;<\/p>\n\n\n\n<h3 class=\"wp-block-heading\" id=\"h-asamkirche-a-joia-do-rococo\">Asamkirche \u2013 La joya del Rococ\u00f3<\/h3>\n\n\n\n<p>Construida en el siglo XVIII por los<strong> hermanos Asam<\/strong> (Cosmas Damian Asam y Egid Quirin Asam), la<strong> Iglesia Asamkirche<\/strong> est\u00e1 dedicada a San Juan Nepomuceno, m\u00e1rtir checo venerado en Baviera, es una verdadera obra maestra que mezcla rococ\u00f3 y barroco tard\u00edo.&nbsp;<\/p>\n\n\n\n<p>Est\u00e1 ubicada en la calle Sendlinger Stra\u00dfe, que se encuentra muy cerca de la famosa Marienplatz, plaza central de M\u00fanich, considerada el coraz\u00f3n de la ciudad desde 1158.<\/p>\n\n\n\n<figure class=\"wp-block-image size-large\"><img decoding=\"async\" src=\"https:\/\/viagemalemanha.com\/wp-content\/uploads\/2025\/05\/asamkirche-331717_1280.jpg\" alt=\"\" class=\"wp-image-5767\" \/><figcaption class=\"wp-element-caption\">Interior de la Asamkirche<\/figcaption><\/figure>\n\n\n\n<p>La concepci\u00f3n del templo fue bastante pol\u00e9mica, pues la idea de los hermanos Asam era construir un lugar que representara su trabajo personal en honor a Dios, para ser frecuentado solo por miembros de la familia. Sin embargo, la Iglesia Cat\u00f3lica intervino y autoriz\u00f3 la construcci\u00f3n con la condici\u00f3n de que fuera abierta al p\u00fablico.&nbsp;<\/p>\n\n\n\n<p>Gracias a esta decisi\u00f3n, actualmente la iglesia puede ser contemplada por innumerables visitantes. Y, a pesar de ser una de las m\u00e1s peque\u00f1as de M\u00fanich, con solo 22 metros de largo por 8 metros de ancho, llama la atenci\u00f3n por la riqueza de detalles en su interior, con diferentes frescos y filigranas rococ\u00f3. Por lo tanto, \u00a1vale la pena visitarla!<\/p>\n\n\n\n<h3 class=\"wp-block-heading\" id=\"h-st-peterskirche-a-igreja-de-sao-pedro\">St. Peterskirche \u2013 La Iglesia de San Pedro<\/h3>\n\n\n\n<p>La<strong> Iglesia de San Pedro<\/strong> (St. Peterskirche), tambi\u00e9n conocida como Alter Peter (Viejo Pedro) data del siglo XII, es el templo religioso m\u00e1s antiguo de M\u00fanich, por lo tanto, es un testimonio vivo de la rica historia y diversidad arquitect\u00f3nica de la ciudad.<\/p>\n\n\n\n<p>Su estructura mezcla estilos rom\u00e1nico, g\u00f3tico y barroco, lo que hace de este lugar un verdadero tesoro para los amantes del arte, la historia y la arquitectura. Uno de los puntos de la visita es el Altar dorado, donde es posible ver las reliquias de Santa Munditia, cuyo esqueleto est\u00e1 cubierto de joyas y decorado con piedras preciosas.&nbsp;<\/p>\n\n\n\n<p>Adem\u00e1s, uno de los atractivos sin duda es la vista panor\u00e1mica desde la cima de la torre, que proporciona una visi\u00f3n espectacular de M\u00fanich desde varios \u00e1ngulos, desde la <strong>plaza Marienplatz <\/strong>hasta la regi\u00f3n de los Alpes de Baviera. Pero para eso es necesario tener aliento y disposici\u00f3n, ya que son m\u00e1s de 300 escalones. Sin embargo, todo este esfuerzo es recompensado por la vista!&nbsp;<\/p>\n\n\n\n<h3 class=\"wp-block-heading\" id=\"h-theatinerkirche-o-esplendor-barroco-italiano\">Theatinerkirche \u2013 El esplendor barroco italiano<\/h3>\n\n\n\n<p>La Iglesia de los Teatinos y San Cayetano (Theatinerkirche) fue construida en el siglo XVII por orden del pr\u00edncipe-elector Ferdinand Maria de Baviera en agradecimiento al nacimiento de su hijo.&nbsp;<\/p>\n\n\n\n<figure class=\"wp-block-image size-large\"><img decoding=\"async\" src=\"https:\/\/viagemalemanha.com\/wp-content\/uploads\/2025\/05\/20181019_115011-scaled.jpg\" alt=\"\" class=\"wp-image-5768\" \/><figcaption class=\"wp-element-caption\">Interior de la Theatinerkirche <\/figcaption><\/figure>\n\n\n\n<p>Su arquitectura demuestra la influencia del barroco italiano en Baviera, notada principalmente en las c\u00fapulas. El estilo tambi\u00e9n inspir\u00f3 la construcci\u00f3n de otras iglesias y edificios en la regi\u00f3n.<\/p>\n\n\n\n<p>Su fachada en estilo rococ\u00f3 impresiona a cualquier visitante, convirti\u00e9ndose en una invitaci\u00f3n para explorar su interior. La visita ofrece la oportunidad de conocer m\u00e1s sobre la familia Wittelsbach y su legado en Baviera, ya que en el lugar est\u00e1n conservadas las tumbas de Maximiliano II (Rey de Baviera de 1848 a 1864) y su esposa Mar\u00eda de Prusia, adem\u00e1s de otros miembros de la familia.<\/p>\n\n\n\n<h2 class=\"wp-block-heading\" id=\"h-igrejas-menos-conhecidas-mas-imperdiveis\"><strong>Iglesias menos conocidas, pero imperdibles<\/strong><\/h2>\n\n\n\n<p>Adem\u00e1s de las iglesias tradicionales, M\u00fanich tambi\u00e9n reserva joyas escondidas que valen la pena visitar!<\/p>\n\n\n\n<h3 class=\"wp-block-heading\" id=\"h-burgersaalkirche-o-salao-dos-cidadaos\">B\u00fcrgersaalkirche &#8211; El sal\u00f3n de los ciudadanos<\/h3>\n\n\n\n<p>Esta iglesia puede pasar desapercibida entre los edificios hist\u00f3ricos de M\u00fanich, por lo tanto, es necesario estar atento para no perder la oportunidad de conocer este espacio que impresiona con su arte barroco.<\/p>\n\n\n\n<p>Construida a principios del siglo XVIII, la B\u00fcrgersaalkirche, tambi\u00e9n conocida como Iglesia del Sal\u00f3n de los Ciudadanos, est\u00e1 ubicada cerca de la concurrida Karlsplatz. El espacio encanta a los visitantes con sus impresionantes esculturas sagradas y detalles refinados del arte barroco, el piso interior cuenta a\u00fan con un museo religioso.<\/p>\n\n\n\n<p>La iglesia tambi\u00e9n alberga la tumba del Beato Rupert Mayer, que se hizo conocido como el Ap\u00f3stol de M\u00fanich, figura importante de la Iglesia Cat\u00f3lica que resisti\u00f3 al nazismo.<\/p>\n\n\n\n<h3 class=\"wp-block-heading\" id=\"h-ludwigskirche-igreja-de-sao-luis\">Ludwigskirche &#8211; Iglesia de San Luis<\/h3>\n\n\n\n<p>La Ludwigskirche est\u00e1 ubicada en el coraz\u00f3n universitario, muy cerca de la famosa &nbsp;Altstadt. Esta iglesia universitaria es de estilo neorrom\u00e1nico, cuyo interior es bastante famoso por presentar un sorprendente fresco del Juicio Final, considerado el segundo mayor fresco de altar del mundo.&nbsp;<\/p>\n\n\n\n<p>La obra maestra fue creada por Peter von Cornelius, uno de los principales nombres del movimiento de los nazarenos, grupo de pintores del Romanticismo alem\u00e1n de principios del siglo XIX.<\/p>\n\n\n\n<h3 class=\"wp-block-heading\" id=\"h-st-michael-a-maior-igreja-renascentista-ao-norte-dos-alpes\">St. Michael \u2013 La mayor iglesia renacentista al norte de los Alpes<\/h3>\n\n\n\n<p>La <strong>St. Michael<\/strong>, tambi\u00e9n conocida como Iglesia de San Miguel, est\u00e1 dedicada al Arc\u00e1ngel Miguel. Es considerada la mayor iglesia renacentista al norte de los Alpes. Fue construida en el siglo XVI por los jesuitas, desempe\u00f1\u00f3 un papel fundamental en la Contrarreforma, s\u00edmbolo de la renovaci\u00f3n cat\u00f3lica en la regi\u00f3n.<\/p>\n\n\n\n<p>El interior se destaca por presentar la segunda mayor b\u00f3veda de ca\u00f1\u00f3n del mundo, con impresionantes 20 metros de altura, solo superada por la de San Pedro del Vaticano, que mide 44 metros.<\/p>\n\n\n\n<p>Adem\u00e1s de la riqueza de detalles, en el espacio tambi\u00e9n es posible visitar las tumbas de monarcas de Baviera, entre ellos, la del Rey Ludwig II, <a href=\"https:\/\/viagemalemanha.com\/es\/ludwig-ii-creador-del-castillo-neuschwanstein-el-rey-loco\/\">creador del famoso castillo de Neuschwanstein<\/a>, en F\u00fcssen.<\/p>\n\n\n\n<h2 class=\"wp-block-heading\" id=\"h-dicas-para-visitacao\"><strong>Consejos para la visita<\/strong><\/h2>\n\n\n\n<p>Para evitar sorpresas desagradables, es importante prestar atenci\u00f3n a algunos consejos antes de visitar las principales iglesias de M\u00fanich:<\/p>\n\n\n\n<p><strong>Mejor horario para visitar<\/strong>: Evita los horarios de misa si el objetivo es el turismo, ya que el acceso puede ser restringido y el ambiente m\u00e1s silencioso y reservado. Los horarios por la ma\u00f1ana suelen ser menos concurridos, sin embargo, la tarde tambi\u00e9n puede ofrecer otra experiencia debido a la luz natural.<\/p>\n\n\n\n<p><strong>Entrada gratuita x paga:<\/strong> La mayor\u00eda de las iglesias son gratuitas, pero algunas cobran una peque\u00f1a tarifa para subir a las torres o acceder a \u00e1reas exclusivas, como criptas o museos internos. Algunas iglesias presentan los valores en sus sitios web, por lo tanto, verifica con anticipaci\u00f3n para evitar sorpresas.<\/p>\n\n\n\n<p><strong>Ropa adecuada:<\/strong> Al tratarse de lugares religiosos, se recomienda usar ropa discreta y evitar prendas muy cortas. En algunos espacios, puede ser necesario cubrir los hombros o usar faldas largas, por ejemplo. Pero hay mantas disponibles en la entrada, si es necesario.<\/p>\n\n\n\n<p><strong>Fotograf\u00edas:<\/strong> Algunos espacios pueden ser fotografiados siempre que no se use flash. Sin embargo, otros proh\u00edben totalmente el uso de c\u00e1maras.&nbsp;<\/p>\n\n\n\n<p><strong>Rutas sugeridas:<\/strong> El paseo puede realizarse por una ruta cl\u00e1sica en el centro hist\u00f3rico. La mejor manera de hacerlo es con gu\u00edas especializados que podr\u00e1n presentarte cada detalle hist\u00f3rico de estas bell\u00edsimas iglesias alemanas.<\/p>\n\n\n\n<h2 class=\"wp-block-heading\" id=\"h-quer-explorar-as-igrejas-mais-belas-de-munique-com-guias-brasileiros\"><strong>\u00bfQuieres explorar las iglesias m\u00e1s bellas de M\u00fanich con gu\u00edas en espa\u00f1ol?<\/strong><\/h2>\n\n\n\n<p>Las iglesias de la <a href=\"https:\/\/viagemalemanha.com\/es\/munique-los-mejores-lugares-para-visitar\/\">capital de Baviera<\/a> y de una de las m\u00e1s bellas ciudades alemanas no son solo lugares de culto, sino \u00edconos que representan la historia, la cultura y la arquitectura. La visita se convierte en una parada obligatoria para quienes desean sumergirse en la riqueza del patrimonio de la ciudad y entender la importancia de la religi\u00f3n en la formaci\u00f3n de la identidad b\u00e1vara.<\/p>\n\n\n\n<p>Estas iglesias ofrecen una visi\u00f3n m\u00e1s \u00edntima de la rica herencia religiosa y arquitect\u00f3nica de M\u00fanich. Cada una de ellas tiene su propia historia y belleza \u00fanica, convirti\u00e9ndolas en imprescindibles para quienes desean explorar la ciudad m\u00e1s all\u00e1 de los itinerarios tradicionales.<\/p>\n\n\n\n<p>Para hacer tu experiencia a\u00fan m\u00e1s especial, ofrecemos un itinerario personalizado con las <strong>iglesias m\u00e1s impresionantes de M\u00fanich<\/strong> y otros atractivos en la regi\u00f3n. Para hacer tu experiencia a\u00fan m\u00e1s especial, ofrecemos:<\/p>\n\n\n\n<ul class=\"wp-block-list\">\n<li><a href=\"https:\/\/viagemalemanha.com\/guia-brasileiro-na-alemanha-viagem-alemanha\/\">Paseos guiados personalizados en espa\u00f1ol,<\/a>\u00a0con gu\u00edas experimentados para que conozcas el castillo y la regi\u00f3n con tranquilidad.<\/li>\n\n\n\n<li><a href=\"https:\/\/viagemalemanha.com\/como-o-turismo-personalizado-pode-te-ajudar\/\">Itinerarios personalizados exclusivos<\/a>, a medida para ti y tus acompa\u00f1antes de viaje, con todo planeado para disfrutar lo mejor de la regi\u00f3n sin prisa.<\/li>\n\n\n\n<li><a href=\"https:\/\/viagemalemanha.com\/es\/consultoria-de-viaje-para-alemania\/\">Consejos de alojamiento y transporte,<\/a>&nbsp;para que encuentres las mejores opciones en hospedaje y te desplaces con facilidad, ya sea en autob\u00fas, tren, coche alquilado o transfer.<\/li>\n<\/ul>\n\n\n\n<p>\u00a1Asegura un viaje sin preocupaciones y descubre M\u00fanich con quienes conocen y viven Alemania!<\/p>\n\n\n\n<blockquote class=\"wp-block-quote is-layout-flow wp-block-quote-is-layout-flow\">\n<p>Cont\u00e1ctanos:<\/p>\n\n\n<\/blockquote>\n","protected":false},"excerpt":{"rendered":"<p>{ \u00ab@context\u00bb: \u00abhttps:\/\/schema.org\u00bb, \u00ab@graph\u00bb: [ { \u00ab@type\u00bb: \u00abCity\u00bb, \u00abname\u00bb: \u00abM\u00fanich\u00bb, \u00abdescription\u00bb: \u00abCapital de Baviera, conocida por su impresionante arquitectura e iglesias hist\u00f3ricas.\u00bb }, { \u00ab@type\u00bb: \u00abAdministrativeArea\u00bb, \u00abname\u00bb: \u00abBaviera (Bayern)\u00bb, \u00abdescription\u00bb: \u00abEstado alem\u00e1n donde se encuentra M\u00fanich, con diversas iglesias hist\u00f3ricas.\u00bb }, { \u00ab@type\u00bb: \u00abLandmark\u00bb, \u00abname\u00bb: \u00abMarienplatz\u00bb, \u00abdescription\u00bb: \u00abPlaza central de M\u00fanich, donde se encuentran varias [&hellip;]<\/p>\n","protected":false},"author":2,"featured_media":54506,"comment_status":"open","ping_status":"open","sticky":false,"template":"","format":"standard","meta":{"_acf_changed":false,"tripadvisor_id":"","rating":0,"reviewer_name":"","review_date":"","trip_type":"","helpful_votes":0,"source_url":"","reviewer_gravatar":"","review_type":"","footnotes":""},"categories":[494,483,480],"tags":[],"class_list":["post-53930","post","type-post","status-publish","format-standard","has-post-thumbnail","hentry","category-arquitectura","category-historia","category-munich"],"acf":[],"_links":{"self":[{"href":"https:\/\/viagemalemanha.com\/es\/wp-json\/wp\/v2\/posts\/53930","targetHints":{"allow":["GET"]}}],"collection":[{"href":"https:\/\/viagemalemanha.com\/es\/wp-json\/wp\/v2\/posts"}],"about":[{"href":"https:\/\/viagemalemanha.com\/es\/wp-json\/wp\/v2\/types\/post"}],"author":[{"embeddable":true,"href":"https:\/\/viagemalemanha.com\/es\/wp-json\/wp\/v2\/users\/2"}],"replies":[{"embeddable":true,"href":"https:\/\/viagemalemanha.com\/es\/wp-json\/wp\/v2\/comments?post=53930"}],"version-history":[{"count":2,"href":"https:\/\/viagemalemanha.com\/es\/wp-json\/wp\/v2\/posts\/53930\/revisions"}],"predecessor-version":[{"id":65297,"href":"https:\/\/viagemalemanha.com\/es\/wp-json\/wp\/v2\/posts\/53930\/revisions\/65297"}],"wp:featuredmedia":[{"embeddable":true,"href":"https:\/\/viagemalemanha.com\/es\/wp-json\/wp\/v2\/media\/54506"}],"wp:attachment":[{"href":"https:\/\/viagemalemanha.com\/es\/wp-json\/wp\/v2\/media?parent=53930"}],"wp:term":[{"taxonomy":"category","embeddable":true,"href":"https:\/\/viagemalemanha.com\/es\/wp-json\/wp\/v2\/categories?post=53930"},{"taxonomy":"post_tag","embeddable":true,"href":"https:\/\/viagemalemanha.com\/es\/wp-json\/wp\/v2\/tags?post=53930"}],"curies":[{"name":"wp","href":"https:\/\/api.w.org\/{rel}","templated":true}]}}