{"id":53941,"date":"2025-01-28T14:59:17","date_gmt":"2025-01-28T17:59:17","guid":{"rendered":"https:\/\/viagemalemanha.com\/?p=53941"},"modified":"2026-02-01T02:09:17","modified_gmt":"2026-02-01T05:09:17","slug":"la-fuggerei-en-augsburgo-la-vivienda-social-mas-antigua-del-mundo","status":"publish","type":"post","link":"https:\/\/viagemalemanha.com\/es\/la-fuggerei-en-augsburgo-la-vivienda-social-mas-antigua-del-mundo\/","title":{"rendered":"La Fuggerei en Augsburgo: La Vivienda Social M\u00e1s Antigua del Mundo"},"content":{"rendered":"\n<p>Los apasionados por la historia y lugares \u00fanicos no pueden dejar de conocer la Fuggerei en <a href=\"https:\/\/viagemalemanha.com\/es\/las-principales-ciudades-de-baviera-en-alemania\/\">Augsburgo<\/a>, Alemania, <a href=\"https:\/\/viagemalemanha.com\/rota-romantica\/\">una de las ciudades m\u00e1s grandes e interesantes de la Ruta Rom\u00e1ntica<\/a>. Considerada la vivienda social m\u00e1s antigua del mundo, la Fuggerei tiene una rica historia que se remonta al a\u00f1o 1521, cuando fue fundada por la influyente familia Fugger.<\/p>\n\n\n\n<p>Actualmente, la Fuggerei en Augsburgo ofrece una experiencia \u00fanica para los visitantes, con sus escenarios hist\u00f3ricos. Y contin\u00faa cumpliendo su papel social para la comunidad alemana, proporcionando vivienda digna y asequible a todos sus residentes.<\/p>\n\n\n\n<div class=\"wp-block-rank-math-toc-block\" id=\"rank-math-toc\"><h2>Contenidos<\/h2><nav><ul><li class=\"\"><a href=\"#h-fuggerei-em-augsburg-um-pouco-de-historia\">Fuggerei en Augsburgo: un poco de historia<\/a><ul><li class=\"\"><a href=\"#h-desenvolvimento-arquitetonico\">Desarrollo arquitect\u00f3nico<\/a><\/li><li class=\"\"><a href=\"#h-um-contrato-com-regras-claras\">Un contrato con reglas claras<\/a><\/li><li class=\"\"><a href=\"#h-sustentabilidade-financeira\">Sostenibilidad financiera<\/a><\/li><\/ul><\/li><li class=\"\"><a href=\"#h-o-que-ver-na-fuggerei-em-augsburg\">\u00bfQu\u00e9 ver en la Fuggerei en Augsburgo?<\/a><ul><li class=\"\"><a href=\"#h-casas-historicas-nbsp\">Casas hist\u00f3ricas\u00a0<\/a><\/li><li class=\"\"><a href=\"#h-museu-da-fuggerei-em-augsburg\">Museo de la Fuggerei en Augsburgo<\/a><\/li><li class=\"\"><a href=\"#h-bunker-da-segunda-guerra-mundial\">Bunker de la Segunda Guerra Mundial<\/a><\/li><li class=\"\"><a href=\"#h-igreja-de-st-markus\">Iglesia de St. Markus<\/a><\/li><\/ul><\/li><li class=\"\"><a href=\"#h-curiosidades-sobre-a-fuggerei-em-augsburg-nbsp\">Curiosidades sobre la Fuggerei en Augsburgo\u00a0<\/a><ul><li class=\"\"><a href=\"#h-residencia-de-mozart\">Residencia de Mozart<\/a><\/li><li class=\"\"><a href=\"#h-o-portao-de-entrada-fecha-as-22-horas\">La puerta de entrada cierra a las 22 horas<\/a><\/li><li class=\"\"><a href=\"#h-tudo-funciona-como-no-passado\">Todo funciona como en el pasado<\/a><\/li><li class=\"\"><a href=\"#h-opcao-para-jovens-e-idosos\">Opci\u00f3n para j\u00f3venes y ancianos<\/a><\/li><\/ul><\/li><li class=\"\"><a href=\"#h-como-nosso-servico-de-viagem-pode-ajudar\">C\u00f3mo nuestro servicio de viaje puede ayudar<\/a><\/li><\/ul><\/nav><\/div>\n\n\n\n<p class=\"yoast-reading-time__wrapper\"><span class=\"yoast-reading-time__icon\"><\/span><span class=\"yoast-reading-time__descriptive-text\">Tiempo estimado de lectura:  <\/span><span class=\"yoast-reading-time__reading-time\">11<\/span><span class=\"yoast-reading-time__time-unit\"> minutos<\/span><\/p>\n\n\n\n<h2 class=\"wp-block-heading\" id=\"h-fuggerei-em-augsburg-um-pouco-de-historia\"><strong>Fuggerei en Augsburgo: un poco de historia<\/strong><\/h2>\n\n\n\n<p>La Fuggerei en Augsburgo fue creada por Jakob Fugger, un hombre influyente y acaudalado del siglo XVII, tambi\u00e9n conocido como \u201cJakob, el Rico\u201d. El lugar, fundado en 1521, cobra un alquiler simb\u00f3lico a sus residentes, que actualmente es de 0,88 c\u00e9ntimos de Euro por a\u00f1o.<\/p>\n\n\n\n<figure class=\"wp-block-image size-large\"><img decoding=\"async\" src=\"https:\/\/viagemalemanha.com\/wp-content\/uploads\/2025\/05\/augsburg-4269872_1280.jpg\" alt=\"\" class=\"wp-image-5362\" \/><figcaption class=\"wp-element-caption\">Busto de Jakob Fugger en Fuggerei (Imagen de Birgit B\u00f6llinger de Pixabay)<\/figcaption><\/figure>\n\n\n\n<p>El valor, sin embargo, fue solo convertido a la nueva moneda europea, ya que su precio no ha cambiado desde la fundaci\u00f3n de la Fuggerei, cuando se cobraba en Florines, moneda de la \u00e9poca.<\/p>\n\n\n\n<p>Pero, \u00bfpor qu\u00e9 el alquiler es tan barato? Porque ese era el \u00edmpetu de Jakob Fugger, quien decidi\u00f3 dedicar parte de su fortuna a la caridad, siguiendo su educaci\u00f3n cristiana.<\/p>\n\n\n\n<p>Jakob Fugger acumul\u00f3 su fortuna a trav\u00e9s del comercio de tejidos, la miner\u00eda de plata y actividades bancarias, pero no se olvid\u00f3 de los m\u00e1s pobres. Profundamente religioso, cre\u00eda en la responsabilidad social y decidi\u00f3 crear la Fuggerei como un acto de caridad, para albergar a ciudadanos cat\u00f3licos empobrecidos de Augsburgo.<\/p>\n\n\n\n<p>Y Jakob fue m\u00e1s all\u00e1: no solo cre\u00f3 todo el complejo, sino que determin\u00f3 que el lugar deber\u00eda acoger a los necesitados para siempre. Sus deseos fueron escuchados, y la Fuggerei en Augsburgo sigue firme como el complejo habitacional m\u00e1s antiguo y accesible del mundo.<\/p>\n\n\n\n<h3 class=\"wp-block-heading\" id=\"h-desenvolvimento-arquitetonico\"><strong>Desarrollo arquitect\u00f3nico<\/strong><\/h3>\n\n\n\n<p>La construcci\u00f3n de la Fuggerei comenz\u00f3 en 1516, bajo los cuidados del arquitecto Thomas Krebs, quien ide\u00f3 y construy\u00f3 la mayor\u00eda de las casas del lugar.&nbsp;<\/p>\n\n\n\n<p>En total, son 142 apartamentos, con un \u00e1rea que var\u00eda de 45 m\u00b2 a 65 m\u00b2, y que cuenta con una planta simple: cocina, sala de estar, dormitorio principal y un peque\u00f1o cuarto de hu\u00e9spedes.&nbsp;<\/p>\n\n\n\n<p>Originalmente, el lugar contaba con 52 casas, donde viven m\u00e1s de <a href=\"https:\/\/www.fugger.de\/en\/fuggerei\/fuggerei-foerderstiftung\" target=\"_blank\" rel=\"noreferrer noopener\">m\u00e1s de 150 ,<\/a> cada una dividida en 2 apartamentos, pero otras construcciones fueron a\u00f1adidas al complejo con el paso del tiempo. Los residentes de la planta baja cuentan a\u00fan con un jard\u00edn, mientras que aquellos que viven en el segundo piso poseen un \u00e1tico, equilibrando as\u00ed las cosas.&nbsp;<\/p>\n\n\n\n<p>Ya la Iglesia del complejo est\u00e1 dedicada a San Marcos y solo fue a\u00f1adida al lugar en 1582, por el arquitecto Hans Holl. La peque\u00f1a aldea es un lugar pintoresco, con un clima familiar agradable. Las casas son amarillas con jardines y peque\u00f1os muros de cercas vivas, las calles son simples, pero asfaltadas y hay im\u00e1genes de santos cat\u00f3licos en lugares planificados en las paredes de las residencias.<\/p>\n\n\n\n<h3 class=\"wp-block-heading\" id=\"h-um-contrato-com-regras-claras\"><strong>Un contrato con reglas claras<\/strong><\/h3>\n\n\n\n<p>Para vivir en la Fuggerei en Augsburgo, que se encuentra en Baviera, adem\u00e1s de ser econ\u00f3micamente necesitado, estar en vulnerabilidad social y no tener deudas, los candidatos deb\u00edan cumplir otras dos condiciones: ser cat\u00f3licos y orar 3 veces al d\u00eda.&nbsp;<\/p>\n\n\n\n<p>Hasta hoy las reglas son las mismas. Inclusive, el complejo cuenta con una Iglesia y un Padre, que tambi\u00e9n vive en el lugar. A pesar de esto, actualmente, cumplir o no con las oraciones es una decisi\u00f3n individual de cada residente.<\/p>\n\n\n\n<p>Seg\u00fan Alexander Fugger-Babenhausen, representante de la 16\u00aa generaci\u00f3n a cargo de la Fuggerei en Augsburgo, el objetivo del lugar es \u201cproporcionar ayuda para la autoayuda\u201d, permitiendo que los residentes puedan readquirir mejores condiciones de vida, para poder dejar el lugar reestructurados.&nbsp;<\/p>\n\n\n\n<p>Al fin y al cabo, la lista de espera para tener derecho a una vivienda en la Fuggerei es mayor que el n\u00famero de apartamentos disponibles en el complejo.<\/p>\n\n\n\n<h3 class=\"wp-block-heading\" id=\"h-sustentabilidade-financeira\"><strong>Sostenibilidad financiera<\/strong><\/h3>\n\n\n\n<p>El mantenimiento de la Fuggerei est\u00e1 garantizado por un fondo fiduciario establecido por Jakob Fugger en 1520, con un dep\u00f3sito inicial de 10.000 florines renanos.<\/p>\n\n\n\n<p>A lo largo del tiempo, este fondo siempre ha sido administrado cuidadosamente por los responsables de la Fuggerei, y a trav\u00e9s de inversiones cuidadosas, el complejo residencial se mantiene hasta el presente a trav\u00e9s del retorno financiero de sus propias actividades econ\u00f3micas.<\/p>\n\n\n\n<p>Gracias a esto, la Fuggerei contin\u00faa cumpliendo su prop\u00f3sito de ofrecer vivienda a los necesitados, y sin cobrar nada m\u00e1s que su alquiler simb\u00f3lico para ello.<\/p>\n\n\n\n<h2 class=\"wp-block-heading\" id=\"h-o-que-ver-na-fuggerei-em-augsburg\"><strong>\u00bfQu\u00e9 ver en la Fuggerei en Augsburgo?<\/strong><\/h2>\n\n\n\n<p>Para quienes decidan visitar la Fuggerei en Augsburgo, el lugar guarda sorpresas agradables, especialmente para los fan\u00e1ticos de la historia. Entonces, si ese es tu caso, sabe que vale mucho la pena visitar el complejo residencial en tu paso por Alemania.<\/p>\n\n\n\n<h3 class=\"wp-block-heading\" id=\"h-casas-historicas-nbsp\"><strong>Casas hist\u00f3ricas&nbsp;<\/strong><\/h3>\n\n\n\n<p>All\u00ed, es posible ver de cerca las casas hist\u00f3ricas, con sus fachadas t\u00edpicas del estilo renacentista y marcadas por el tiempo, mientras las personas del lugar caminan tranquilamente, cuidando de sus actividades.<\/p>\n\n\n\n<p>Al fin y al cabo, \u00a1las casas est\u00e1n habitadas y en perfectas condiciones de uso! Y los detalles del lugar encantan, ya sea por los Santos y Santas en las fachadas, por los jardines bien cuidados o incluso por los bancos de madera esparcidos por el lugar, invitando a residentes y visitantes a sentarse y contemplar el paisaje que ya dura 5 siglos.<\/p>\n\n\n\n<figure class=\"wp-block-image size-large\"><img decoding=\"async\" src=\"https:\/\/viagemalemanha.com\/wp-content\/uploads\/2025\/05\/fuggerei-4268341_1280.jpg\" alt=\"\" class=\"wp-image-5363\" \/><figcaption class=\"wp-element-caption\">Imagen de santos en las fachadas de Fuggerei (Imagen de Birgit B\u00f6llinger de Pixabay)<\/figcaption><\/figure>\n\n\n\n<h3 class=\"wp-block-heading\" id=\"h-museu-da-fuggerei-em-augsburg\"><strong>Museo de la Fuggerei en Augsburgo<\/strong><\/h3>\n\n\n\n<p>La Fuggerei en Augsburgo tambi\u00e9n cuenta con un peque\u00f1o museo, donde los visitantes pueden aprender m\u00e1s sobre la historia de Jakob, el rico fundador del complejo residencial, con una serie de murales informativos y algunos artefactos de la \u00e9poca.<\/p>\n\n\n\n<p>Adem\u00e1s, el museo es un verdadero viaje en el tiempo, permitiendo que entiendas las dificultades y las realidades cotidianas enfrentadas por las personas que vivieron all\u00ed. Pues, presenta un apartamento modelo, con varios cuartos que retratan c\u00f3mo era la vida en la \u00e9poca de la construcci\u00f3n, hace 5 siglos.<\/p>\n\n\n\n<p>Entre las atracciones, el visitante puede comprobar:<\/p>\n\n\n\n<ul class=\"wp-block-list\">\n<li>Una sala de estar que tambi\u00e9n serv\u00eda como taller, ya que muchos artesanos viv\u00edan en el lugar en el siglo XVII, con reproducciones de mobiliario de la \u00e9poca;<\/li>\n\n\n\n<li>Un dormitorio sin calefacci\u00f3n que serv\u00eda, probablemente, para toda la familia, tambi\u00e9n con reproducci\u00f3n de mobiliario de la \u00e9poca;<\/li>\n\n\n\n<li>Otros cuartos t\u00edpicos de la \u00e9poca, como la cocina;<\/li>\n\n\n\n<li>Artefactos hist\u00f3ricos.<\/li>\n<\/ul>\n\n\n\n<h3 class=\"wp-block-heading\" id=\"h-bunker-da-segunda-guerra-mundial\"><strong>Bunker de la Segunda Guerra Mundial<\/strong><\/h3>\n\n\n\n<p>Durante la Segunda Guerra Mundial, la Fuggerei en Augsburgo sufri\u00f3 da\u00f1os con los bombardeos y necesit\u00f3 ser reconstruida. Adem\u00e1s, debido al peligro inminente de las bombas, se construy\u00f3 un bunker subterr\u00e1neo para los residentes.<\/p>\n\n\n\n<p>En las noches del 25 al 26 de febrero de 1944, el complejo fue fuertemente da\u00f1ado por un bombardeo, y los 200 residentes que all\u00ed viv\u00edan escaparon al bunker subterr\u00e1neo, que fue construido en 1943 y hoy es un museo.<\/p>\n\n\n\n<p>En esa ocasi\u00f3n, casi el 70% del complejo de la Fuggerei fue destruido, y el museo en el antiguo bunker documenta con precisi\u00f3n el ataque que ocurri\u00f3 esa noche. El visitante puede comprobar textos, fotos y hasta una pel\u00edcula, que detallan c\u00f3mo la guerra cambi\u00f3 toda la regi\u00f3n.<\/p>\n\n\n\n<h3 class=\"wp-block-heading\" id=\"h-igreja-de-st-markus\"><strong>Iglesia de St. Markus<\/strong><\/h3>\n\n\n\n<p>La Iglesia de St. Markus tambi\u00e9n est\u00e1 abierta para la visita, permitiendo que los viajeros comprueben de cerca la arquitectura y otros detalles del lugar.<\/p>\n\n\n\n<p>En la \u00e9poca de la funci\u00f3n del complejo, en 1521, los residentes no ten\u00edan un lugar de culto, y asist\u00edan a una iglesia vecina, la de St. Jakob. Sin embargo, el lugar se convirti\u00f3 en una iglesia protestante y los residentes de la Fuggerei en Augsburgo quedaron sin un lugar para orar.<\/p>\n\n\n\n<p>Fue entonces que los administradores del lugar, fuertemente cat\u00f3licos, respondieron al llamado de los residentes y construyeron la Iglesia de St. Markus. La iglesia es simple, pero muy bien cuidada, con capacidad para 200 personas, y dedicada a San Marcos (Markus), el Evangelista.<\/p>\n\n\n\n<p>Adem\u00e1s, la iglesia de St. Markus tambi\u00e9n cuenta con una caracter\u00edstica peculiar: en lugar de tener su puerta orientada hacia el este, como las dem\u00e1s iglesias cat\u00f3licas, fue construida con la entrada en direcci\u00f3n a la calle donde estaba.<\/p>\n\n\n\n<p>Vale decir a\u00fan que el lugar fue quemado en el bombardeo de 1944, y posteriormente reconstruido. Por lo tanto, no todos sus elementos son originales.<\/p>\n\n\n\n<h2 class=\"wp-block-heading\" id=\"h-curiosidades-sobre-a-fuggerei-em-augsburg-nbsp\"><strong>Curiosidades sobre la Fuggerei en Augsburgo<\/strong>&nbsp;<\/h2>\n\n\n\n<p>La Fuggerei en Augsburgo tambi\u00e9n tiene algunas curiosidades que la hacen a\u00fan m\u00e1s fascinante. Y hacen que la visita al lugar sea a\u00fan m\u00e1s obligatoria para todos los viajeros que aman la historia.<\/p>\n\n\n\n<figure class=\"wp-block-image size-full is-resized\"><img decoding=\"async\" src=\"https:\/\/viagemalemanha.com\/wp-content\/uploads\/2025\/05\/POSTS-VA-5-1080-x-1350-px-1.png\" alt=\"\" class=\"wp-image-5364\" style=\"width:840px;height:auto\" \/><\/figure>\n\n\n\n<h3 class=\"wp-block-heading\" id=\"h-residencia-de-mozart\"><strong>Residencia de Mozart<\/strong><\/h3>\n\n\n\n<p>Uno de los hechos m\u00e1s interesantes es que el bisabuelo de Wolfgang Amadeus Mozart, Franz Mozart, vivi\u00f3 en el barrio. Esta conexi\u00f3n con una de las figuras m\u00e1s emblem\u00e1ticas de la m\u00fasica cl\u00e1sica a\u00f1ade una capa extra de encanto a la historia del lugar.<\/p>\n\n\n\n<p>Actualmente, una placa de piedra recuerda la residencia del bisabuelo de Mozart en el barrio donde \u00e9l resid\u00eda. Franz vivi\u00f3 durante 12 a\u00f1os en la Fuggerei.<\/p>\n\n\n\n<h3 class=\"wp-block-heading\" id=\"h-o-portao-de-entrada-fecha-as-22-horas\"><strong>La puerta de entrada cierra a las 22 horas<\/strong><\/h3>\n\n\n\n<p>El lugar tambi\u00e9n cuenta con otra regla: no se permite entrar despu\u00e9s de las 10 de la noche, hora en que se cierran las puertas del complejo. Quien llegue despu\u00e9s de esa hora, debe pagar una peque\u00f1a multa, que var\u00eda entre 50 c\u00e9ntimos de Euro a 1 Euro, dependiendo de la hora.<\/p>\n\n\n\n<h3 class=\"wp-block-heading\" id=\"h-tudo-funciona-como-no-passado\"><strong>Todo funciona como en el pasado<\/strong><\/h3>\n\n\n\n<p>Es dif\u00edcil de creer, pero incluso despu\u00e9s de 5 siglos, todo sigue funcionando como en el pasado. Quien se muda a la Fuggerei en Augsburgo contin\u00faa cumpliendo las mismas reglas:<\/p>\n\n\n\n<ul class=\"wp-block-list\">\n<li>Ser econ\u00f3micamente necesitado;<\/li>\n\n\n\n<li>No tener deudas;<\/li>\n\n\n\n<li>Ser cat\u00f3lico;<\/li>\n\n\n\n<li>Orar 3 veces al d\u00eda.<\/li>\n<\/ul>\n\n\n\n<p>Aunque nadie controle las oraciones de los residentes actualmente, los responsables creen que todos hacen su parte, y por respeto al lugar y a los beneficios sociales que \u00e9l entrega, contin\u00faan orando 3 veces al d\u00eda.<\/p>\n\n\n\n<p>Con esto, la Fuggerei preserva su identidad y sus valores, al mismo tiempo que nunca ha dejado de cumplir su papel social, siempre prestando atenci\u00f3n a las necesidades de sus residentes.<\/p>\n\n\n\n<h3 class=\"wp-block-heading\" id=\"h-opcao-para-jovens-e-idosos\"><strong>Opci\u00f3n para j\u00f3venes y ancianos<\/strong><\/h3>\n\n\n\n<p>La Fuggerei tiene muchos residentes ancianos, pero tambi\u00e9n cuenta con varios residentes m\u00e1s j\u00f3venes. El lugar es bastante ecl\u00e9ctico en cuanto a edad, y acoge a personas de diferentes grupos de edad que necesitan vivienda social.<\/p>\n\n\n\n<p>Adem\u00e1s, la comunidad local es muy unida, los residentes se ayudan y se conocen de cerca. Entonces, si alguien necesita algo, solo necesita hablar con alguien y no tardar\u00e1 en encontrar ayuda.<\/p>\n\n\n\n<p><em>Mira el documental de Deutsche Welle sobre el proyecto habitacional &#8216;Fuggerei&#8217; en Augsburgo, Alemania: <\/em><a href=\"https:\/\/www.dw.com\/pt-br\/fuggerei-onde-o-aluguel-custa-cinco-reais-por-ano\/video-58989219\" target=\"_blank\" rel=\"noreferrer noopener\">https:\/\/www.dw.com\/pt-br\/fuggerei-onde-o-aluguel-custa-cinco-reais-por-ano\/video-58989219<\/a><\/p>\n\n\n\n<h2 class=\"wp-block-heading\" id=\"h-como-nosso-servico-de-viagem-pode-ajudar\"><strong>C\u00f3mo nuestro servicio de viaje puede ayudar<\/strong><\/h2>\n\n\n\n<p>Si te encant\u00f3 el lugar y te gustar\u00eda conocer la Fuggerei en Augsburgo en tu paso por <a href=\"https:\/\/viagemalemanha.com\/es\/por-que-viajar-a-alemania-en-tu-viaje-a-europa\/\">Alemania<\/a>, nuestro servicio te ayudar\u00e1 a tener la mejor experiencia posible, conociendo de cerca cada detalle del lugar. Para ello, tenemos a disposici\u00f3n:<\/p>\n\n\n\n<ul class=\"wp-block-list\">\n<li><a href=\"\/\/viagemalemanha.com\/guia-brasileiro-na-alemanha-viagem-alemanha\/\">Visita guiada en espa\u00f1ol<\/a> a la Fuggerei y al museo.<\/li>\n\n\n\n<li>Contexto hist\u00f3rico completo sobre la familia Fugger y la ciudad de Augsburgo.<\/li>\n\n\n\n<li>Paseos en espa\u00f1ol por Augsburgo;<\/li>\n\n\n\n<li>Recomendaciones de restaurantes y puntos tur\u00edsticos en la regi\u00f3n.<\/li>\n<\/ul>\n\n\n\n<p>La Fuggerei es un lugar \u00fanico que combina historia, tradici\u00f3n y una visi\u00f3n de responsabilidad social que contin\u00faa inspirando a miles de personas. Cuenta con nosotros para aprovechar al m\u00e1ximo tus paseos. <em><strong>\u00a1Cont\u00e1ctanos y asegur\u00e9monos de que tu viaje a Alemania sea inolvidable!<\/strong><\/em><\/p>\n\n\n<style id=\"wpforms-css-vars-1038-block-58742da5-3ee8-48be-a015-56e40381e781\">\n\t\t\t\t#wpforms-1038.wpforms-block-58742da5-3ee8-48be-a015-56e40381e781 {\n\t\t\t\t--wpforms-field-size-input-height: 43px;\n--wpforms-field-size-input-spacing: 15px;\n--wpforms-field-size-font-size: 16px;\n--wpforms-field-size-line-height: 19px;\n--wpforms-field-size-padding-h: 14px;\n--wpforms-field-size-checkbox-size: 16px;\n--wpforms-field-size-sublabel-spacing: 5px;\n--wpforms-field-size-icon-size: 1;\n--wpforms-label-size-font-size: 16px;\n--wpforms-label-size-line-height: 19px;\n--wpforms-label-size-sublabel-font-size: 14px;\n--wpforms-label-size-sublabel-line-height: 17px;\n--wpforms-button-size-font-size: 17px;\n--wpforms-button-size-height: 41px;\n--wpforms-button-size-padding-h: 15px;\n--wpforms-button-size-margin-top: 10px;\n--wpforms-container-shadow-size-box-shadow: none;\n\t\t\t}\n\t\t\t<\/style>","protected":false},"excerpt":{"rendered":"<p>Los apasionados por la historia y lugares \u00fanicos no pueden dejar de conocer la Fuggerei en Augsburgo, Alemania, una de las ciudades m\u00e1s grandes e interesantes de la Ruta Rom\u00e1ntica. Considerada la vivienda social m\u00e1s antigua del mundo, la Fuggerei tiene una rica historia que se remonta al a\u00f1o 1521, cuando fue fundada por la [&hellip;]<\/p>\n","protected":false},"author":2,"featured_media":54493,"comment_status":"open","ping_status":"open","sticky":false,"template":"","format":"standard","meta":{"_acf_changed":false,"tripadvisor_id":"","rating":0,"reviewer_name":"","review_date":"","trip_type":"","helpful_votes":0,"source_url":"","reviewer_gravatar":"","review_type":"","footnotes":""},"categories":[493,491,496,477,483],"tags":[],"class_list":["post-53941","post","type-post","status-publish","format-standard","has-post-thumbnail","hentry","category-baviera","category-datos-interesantes","category-descubriendo-alemania","category-destino-del-mes","category-historia"],"acf":[],"_links":{"self":[{"href":"https:\/\/viagemalemanha.com\/es\/wp-json\/wp\/v2\/posts\/53941","targetHints":{"allow":["GET"]}}],"collection":[{"href":"https:\/\/viagemalemanha.com\/es\/wp-json\/wp\/v2\/posts"}],"about":[{"href":"https:\/\/viagemalemanha.com\/es\/wp-json\/wp\/v2\/types\/post"}],"author":[{"embeddable":true,"href":"https:\/\/viagemalemanha.com\/es\/wp-json\/wp\/v2\/users\/2"}],"replies":[{"embeddable":true,"href":"https:\/\/viagemalemanha.com\/es\/wp-json\/wp\/v2\/comments?post=53941"}],"version-history":[{"count":2,"href":"https:\/\/viagemalemanha.com\/es\/wp-json\/wp\/v2\/posts\/53941\/revisions"}],"predecessor-version":[{"id":65355,"href":"https:\/\/viagemalemanha.com\/es\/wp-json\/wp\/v2\/posts\/53941\/revisions\/65355"}],"wp:featuredmedia":[{"embeddable":true,"href":"https:\/\/viagemalemanha.com\/es\/wp-json\/wp\/v2\/media\/54493"}],"wp:attachment":[{"href":"https:\/\/viagemalemanha.com\/es\/wp-json\/wp\/v2\/media?parent=53941"}],"wp:term":[{"taxonomy":"category","embeddable":true,"href":"https:\/\/viagemalemanha.com\/es\/wp-json\/wp\/v2\/categories?post=53941"},{"taxonomy":"post_tag","embeddable":true,"href":"https:\/\/viagemalemanha.com\/es\/wp-json\/wp\/v2\/tags?post=53941"}],"curies":[{"name":"wp","href":"https:\/\/api.w.org\/{rel}","templated":true}]}}