{"id":53949,"date":"2025-01-18T21:44:27","date_gmt":"2025-01-19T00:44:27","guid":{"rendered":"https:\/\/viagemalemanha.com\/?p=53949"},"modified":"2026-02-01T13:08:48","modified_gmt":"2026-02-01T16:08:48","slug":"agenda-de-shows-en-alemania-en-2025","status":"publish","type":"post","link":"https:\/\/viagemalemanha.com\/es\/agenda-de-shows-en-alemania-en-2025\/","title":{"rendered":"Agenda de Shows en Alemania en 2025"},"content":{"rendered":"\n{\n  \u00ab@context\u00bb: \u00abhttps:\/\/schema.org\u00bb,\n  \u00ab@graph\u00bb: [\n    {\n      \u00ab@type\u00bb: \u00abEvent\u00bb,\n      \u00abname\u00bb: \u00abRock am Ring 2025\u00bb,\n      \u00abstartDate\u00bb: \u00ab2025-06-06T10:00\u00bb,\n      \u00abendDate\u00bb: \u00ab2025-06-08T22:00\u00bb,\n      \u00abeventAttendanceMode\u00bb: \u00abhttps:\/\/schema.org\/OfflineEventAttendanceMode\u00bb,\n      \u00abeventStatus\u00bb: \u00abhttps:\/\/schema.org\/EventScheduled\u00bb,\n      \u00ablocation\u00bb: {\n        \u00ab@type\u00bb: \u00abPlace\u00bb,\n        \u00abname\u00bb: \u00abN\u00fcrburgring\u00bb,\n        \u00abaddress\u00bb: {\n          \u00ab@type\u00bb: \u00abPostalAddress\u00bb,\n          \u00abstreetAddress\u00bb: \u00abN\u00fcrburgring Boulevard 1\u00bb,\n          \u00abpostalCode\u00bb: \u00ab53520\u00bb,\n          \u00abaddressLocality\u00bb: \u00abN\u00fcrburg\u00bb,\n          \u00abaddressCountry\u00bb: \u00abDE\u00bb\n        },\n        \u00abgeo\u00bb: {\n          \u00ab@type\u00bb: \u00abGeoCoordinates\u00bb,\n          \u00ablatitude\u00bb: 50.3333,\n          \u00ablongitude\u00bb: 6.9500\n        }\n      },\n      \u00abimage\u00bb: \u00abhttps:\/\/viagemalemanha.com\/caminho\/para\/rock-am-ring.jpg\u00bb,\n      \u00abdescription\u00bb: \u00abUno de los mayores festivales de rock de Alemania, con bandas internacionales y atracciones incre\u00edbles.\u00bb,\n      \u00aboffers\u00bb: {\n        \u00ab@type\u00bb: \u00abOffer\u00bb,\n        \u00aburl\u00bb: \u00abhttps:\/\/viagemalemanha.com\/agenda-de-shows-na-alemanha-em-2025\/\u00bb,\n        \u00abavailability\u00bb: \u00abhttps:\/\/schema.org\/InStock\u00bb,\n        \u00abprice\u00bb: \u00ab200.00\u00bb,\n        \u00abpriceCurrency\u00bb: \u00abEUR\u00bb,\n        \u00abvalidFrom\u00bb: \u00ab2025-01-01\u00bb\n      },\n      \u00aborganizer\u00bb: {\n        \u00ab@type\u00bb: \u00abOrganization\u00bb,\n        \u00abname\u00bb: \u00abRock am Ring\u00bb,\n        \u00aburl\u00bb: \u00abhttps:\/\/www.rock-am-ring.com\u00bb\n      },\n      \u00abperformer\u00bb: [\n        {\n          \u00ab@type\u00bb: \u00abPerformingGroup\u00bb,\n          \u00abname\u00bb: \u00abFoo Fighters\u00bb\n        },\n        {\n          \u00ab@type\u00bb: \u00abPerformingGroup\u00bb,\n          \u00abname\u00bb: \u00abGreen Day\u00bb\n        }\n      ]\n    },\n    {\n      \u00ab@type\u00bb: \u00abEvent\u00bb,\n      \u00abname\u00bb: \u00abOktoberfest 2025\u00bb,\n      \u00abstartDate\u00bb: \u00ab2025-09-20T10:00\u00bb,\n      \u00abendDate\u00bb: \u00ab2025-10-05T22:00\u00bb,\n      \u00abeventAttendanceMode\u00bb: \u00abhttps:\/\/schema.org\/OfflineEventAttendanceMode\u00bb,\n      \u00abeventStatus\u00bb: \u00abhttps:\/\/schema.org\/EventScheduled\u00bb,\n      \u00ablocation\u00bb: {\n        \u00ab@type\u00bb: \u00abPlace\u00bb,\n        \u00abname\u00bb: \u00abTheresienwiese\u00bb,\n        \u00abaddress\u00bb: {\n          \u00ab@type\u00bb: \u00abPostalAddress\u00bb,\n          \u00abstreetAddress\u00bb: \u00abTheresienwiese\u00bb,\n          \u00abpostalCode\u00bb: \u00ab80339\u00bb,\n          \u00abaddressLocality\u00bb: \u00abM\u00fanich\u00bb,\n          \u00abaddressCountry\u00bb: \u00abDE\u00bb\n        }\n      },\n      \u00abimage\u00bb: \u00abhttps:\/\/viagemalemanha.com\/caminho\/para\/oktoberfest.jpg\u00bb,\n      \u00abdescription\u00bb: \u00abLa famosa fiesta de la cerveza de M\u00fanich, con m\u00fasica tradicional, comidas t\u00edpicas y mucha diversi\u00f3n.\u00bb,\n      \u00aboffers\u00bb: {\n        \u00ab@type\u00bb: \u00abOffer\u00bb,\n        \u00aburl\u00bb: \u00abhttps:\/\/viagemalemanha.com\/agenda-de-shows-na-alemanha-em-2025\/\u00bb,\n        \u00abavailability\u00bb: \u00abhttps:\/\/schema.org\/InStock\u00bb,\n        \u00abprice\u00bb: \u00ab0.00\u00bb,\n        \u00abpriceCurrency\u00bb: \u00abEUR\u00bb,\n        \u00abvalidFrom\u00bb: \u00ab2025-01-01\u00bb\n      },\n      \u00aborganizer\u00bb: {\n        \u00ab@type\u00bb: \u00abOrganization\u00bb,\n        \u00abname\u00bb: \u00abOktoberfest M\u00fanich\u00bb,\n        \u00aburl\u00bb: \u00abhttps:\/\/www.oktoberfest.de\u00bb\n      }\n    },\n    {\n      \u00ab@type\u00bb: \u00abEvent\u00bb,\n      \u00abname\u00bb: \u00abWacken Open Air 2025\u00bb,\n      \u00abstartDate\u00bb: \u00ab2025-07-31T12:00\u00bb,\n      \u00abendDate\u00bb: \u00ab2025-08-02T23:59\u00bb,\n      \u00abeventAttendanceMode\u00bb: \u00abhttps:\/\/schema.org\/OfflineEventAttendanceMode\u00bb,\n      \u00abeventStatus\u00bb: \u00abhttps:\/\/schema.org\/EventScheduled\u00bb,\n      \u00ablocation\u00bb: {\n        \u00ab@type\u00bb: \u00abPlace\u00bb,\n        \u00abname\u00bb: \u00abWacken\u00bb,\n        \u00abaddress\u00bb: {\n          \u00ab@type\u00bb: \u00abPostalAddress\u00bb,\n          \u00abstreetAddress\u00bb: \u00abHauptstra\u00dfe 80\u00bb,\n          \u00abpostalCode\u00bb: \u00ab25596\u00bb,\n          \u00abaddressLocality\u00bb: \u00abWacken\u00bb,\n          \u00abaddressCountry\u00bb: \u00abDE\u00bb\n        },\n        \u00abgeo\u00bb: {\n          \u00ab@type\u00bb: \u00abGeoCoordinates\u00bb,\n          \u00ablatitude\u00bb: 54.0222,\n          \u00ablongitude\u00bb: 9.3761\n        }\n      },\n      \u00abimage\u00bb: \u00abhttps:\/\/viagemalemanha.com\/caminho\/para\/wacken.jpg\u00bb,\n      \u00abdescription\u00bb: \u00abEl mayor festival de heavy metal del mundo, realizado en la peque\u00f1a ciudad de Wacken.\u00bb,\n      \u00aboffers\u00bb: {\n        \u00ab@type\u00bb: \u00abOffer\u00bb,\n        \u00aburl\u00bb: \u00abhttps:\/\/viagemalemanha.com\/agenda-de-shows-na-alemanha-em-2025\/\u00bb,\n        \u00abavailability\u00bb: \u00abhttps:\/\/schema.org\/InStock\u00bb,\n        \u00abprice\u00bb: \u00ab250.00\u00bb,\n        \u00abpriceCurrency\u00bb: \u00abEUR\u00bb,\n        \u00abvalidFrom\u00bb: \u00ab2025-01-01\u00bb\n      },\n      \u00aborganizer\u00bb: {\n        \u00ab@type\u00bb: \u00abOrganization\u00bb,\n        \u00abname\u00bb: \u00abWacken Open Air\u00bb,\n        \u00aburl\u00bb: \u00abhttps:\/\/www.wacken.com\u00bb\n      },\n      \u00abperformer\u00bb: [\n        {\n          \u00ab@type\u00bb: \u00abPerformingGroup\u00bb,\n          \u00abname\u00bb: \u00abIron Maiden\u00bb\n        },\n        {\n          \u00ab@type\u00bb: \u00abPerformingGroup\u00bb,\n          \u00abname\u00bb: \u00abSlipknot\u00bb\n        }\n      ]\n    },\n    {\n      \u00ab@type\u00bb: \u00abFAQPage\u00bb,\n      \u00abmainEntity\u00bb: [\n        {\n          \u00ab@type\u00bb: \u00abQuestion\u00bb,\n          \u00abname\u00bb: \u00ab\u00bfCu\u00e1les son los principales eventos musicales en Alemania en 2025?\u00bb,\n          \u00abacceptedAnswer\u00bb: {\n            \u00ab@type\u00bb: \u00abAnswer\u00bb,\n            \u00abtext\u00bb: \u00abLos principales eventos musicales incluyen Rock am Ring, Wacken Open Air y varias presentaciones de artistas como Foo Fighters, Green Day, Iron Maiden y Slipknot.\u00bb\n          }\n        },\n        {\n          \u00ab@type\u00bb: \u00abQuestion\u00bb,\n          \u00abname\u00bb: \u00ab\u00bfCu\u00e1ndo se lleva a cabo el Rock am Ring 2025?\u00bb,\n          \u00abacceptedAnswer\u00bb: {\n            \u00ab@type\u00bb: \u00abAnswer\u00bb,\n            \u00abtext\u00bb: \u00abEl Rock am Ring 2025 se lleva a cabo del 6 al 8 de junio en N\u00fcrburgring.\u00bb\n          }\n        },\n        {\n          \u00ab@type\u00bb: \u00abQuestion\u00bb,\n          \u00abname\u00bb: \u00ab\u00bfCu\u00e1l es la fecha del Wacken Open Air 2025?\u00bb,\n          \u00abacceptedAnswer\u00bb: {\n            \u00ab@type\u00bb: \u00abAnswer\u00bb,\n            \u00abtext\u00bb: \u00abEl Wacken Open Air 2025 se realizar\u00e1 del 31 de julio al 2 de agosto en la ciudad de Wacken.\u00bb\n          }\n        },\n        {\n          \u00ab@type\u00bb: \u00abQuestion\u00bb,\n          \u00abname\u00bb: \u00ab\u00bfEl Oktoberfest 2025 tendr\u00e1 entradas pagadas?\u00bb,\n          \u00abacceptedAnswer\u00bb: {\n            \u00ab@type\u00bb: \u00abAnswer\u00bb,\n            \u00abtext\u00bb: \u00abNo, la entrada para el Oktoberfest 2025 ser\u00e1 gratuita, pero habr\u00e1 costos asociados a bebidas, comidas y atracciones espec\u00edficas.\u00bb\n          }\n        },\n        {\n          \u00ab@type\u00bb: \u00abQuestion\u00bb,\n          \u00abname\u00bb: \u00ab\u00bfD\u00f3nde puedo comprar entradas para los eventos?\u00bb,\n          \u00abacceptedAnswer\u00bb: {\n            \u00ab@type\u00bb: \u00abAnswer\u00bb,\n            \u00abtext\u00bb: \u00abPuedes comprar entradas a trav\u00e9s del sitio oficial de cada evento o en la p\u00e1gina de agenda de shows: https:\/\/viagemalemanha.com\/agenda-de-shows-na-alemanha-em-2025\/\u00bb\n          }\n        }\n      ]\n    }\n  ]\n}\n\n\n\n<p>Los amantes de la m\u00fasica saben que Alemania es uno de los mejores destinos para disfrutar de conciertos y giras internacionales. Para todas estas personas, la agenda de shows de Alemania en 2025 es una de las noticias m\u00e1s esperadas.<\/p>\n\n\n\n<p>\u00a1As\u00ed que, si estabas esperando, sabe que el momento ha llegado! Y el a\u00f1o 2025 promete ser uno de los m\u00e1s emocionantes y divertidos, con giras de grandes nombres de la m\u00fasica internacional e incluso festivales m\u00e1s tradicionales, para complacer a diversos gustos musicales.<\/p>\n\n\n\n<div class=\"wp-block-rank-math-toc-block\"><ul><li><a href=\"#h-agenda-de-shows-na-alemanha-em-2025-principais-shows-e-turnes\">Agenda de Shows en Alemania en 2025: principales shows y giras<\/a><ul><li><a href=\"#h-rod-stewart\">Rod Stewart<\/a><\/li><li><a href=\"#h-ed-sheeran\">Ed Sheeran<\/a><\/li><li><a href=\"#h-iron-maiden\">Iron Maiden<\/a><\/li><li><a href=\"#h-linkin-park\">Linkin Park<\/a><\/li><\/ul><\/li><li><a href=\"#h-agenda-de-shows-na-alemanha-em-2025-festivais-de-musica-na-alemanha\">Agenda de Shows en Alemania en 2025: festivales de m\u00fasica en Alemania<\/a><\/li><li><a href=\"#h-rock-am-ring-nurburgring\">Rock am Ring (N\u00fcrburgring)<\/a><ul><li><a href=\"#h-rock-am-ring-2025-na-alemanha\">Rock am Ring 2025 en Alemania<\/a><\/li><li><a href=\"#h-um-pouco-de-historia\">Un poco de historia\u2026<\/a><\/li><\/ul><\/li><li><a href=\"#h-wacken-open-air-2025-wacken\">Wacken Open Air 2025 (Wacken)<\/a><ul><li><a href=\"#h-wacken-open-air-2025-na-alemanha\">Wacken Open Air 2025 en Alemania:<\/a><\/li><li><a href=\"#h-uma-tradicao-desde-1990\">Una tradici\u00f3n desde 1990<\/a><\/li><\/ul><\/li><li><a href=\"#h-lollapalooza-2025-berlim\">Lollapalooza 2025 (Berl\u00edn)<\/a><ul><li><a href=\"#h-lollapalooza-desde-1991\">Lollapalooza desde 1991!<\/a><\/li><\/ul><\/li><li><a href=\"#h-curiosidades-sobre-a-cena-musical-na-alemanha\">Curiosidades sobre la escena musical en Alemania<\/a><ul><li><a href=\"#h-berlim-e-capital-mundial-da-musica-eletronica\">Berl\u00edn es la capital mundial de la m\u00fasica electr\u00f3nica<\/a><\/li><li><a href=\"#h-grandes-nomes-da-musica-classica\">Grandes nombres de la m\u00fasica cl\u00e1sica<\/a><\/li><li><a href=\"#h-festivais-mundialmente-conhecidos\">Festivales mundialmente conocidos<\/a><\/li><\/ul><\/li><li><a href=\"#h-conte-com-nosso-servico-de-apoio-para-curtir-a-cena-musical-alema\">Cuenta con nuestro servicio de apoyo para disfrutar de la escena musical alemana<\/a><\/li><\/nav><\/ul><\/div>\n\n\n\n<h2 class=\"wp-block-heading\" id=\"h-agenda-de-shows-na-alemanha-em-2025-principais-shows-e-turnes\"><a><\/a><strong>Agenda de Shows en Alemania en 2025: principales shows y giras<\/strong><\/h2>\n\n\n\n<p>La agenda de Shows en Alemania en 2025 contar\u00e1 con nombres variados del escenario musical, y giras esperadas con ansiedad por los fan\u00e1ticos. Este a\u00f1o pasar\u00e1n por all\u00ed artistas renombrados de diferentes g\u00e9neros musicales, \u00a1mira!<\/p>\n\n\n\n<h3 class=\"wp-block-heading\" id=\"h-rod-stewart\"><strong>Rod Stewart<\/strong> <\/h3>\n\n\n\n<figure class=\"wp-block-image alignleft size-large is-resized\"><img decoding=\"async\" src=\"https:\/\/viagemalemanha.com\/wp-content\/uploads\/2025\/05\/Rod-Stewart-na-Alemanha.jpg\" alt=\"\" class=\"wp-image-5313\" style=\"width:380px;height:auto\" \/><\/figure>\n\n\n\n<p>Rod Stewart estar\u00e1 en Alemania en 2025 como parte de su gira \u00abOne Last Time\u00bb. El cantante brit\u00e1nico conocido mundialmente se presentar\u00e1 en Dortmund, el 12 de mayo, en la conocida arena Westfalenhalle, y en Bremen, el 14 de mayo, en el \u00d6VB-Arena.<\/p>\n\n\n\n<p>Los fan\u00e1ticos pueden esperar una presentaci\u00f3n contagiante del cantante, y prepararse para escuchar grandes \u00e9xitos de su carrera, como \u201cDo Ya Think I\u2019m Sexy?\u201d, \u201cMaggie May\u201d y \u201cSailing\u201d, que forman parte de los cl\u00e1sicos tocados en esta gira.<\/p>\n\n\n\n<p>Las entradas ya est\u00e1n disponibles para la venta y los precios var\u00edan, dependiendo de la proximidad al escenario. Tambi\u00e9n hay entradas VIP, con privilegios adicionales, que pueden valer la pena para quienes realmente son fan\u00e1ticos del cantante.<\/p>\n\n\n\n<p>Se recomienda que los fan\u00e1ticos compren las entradas con anticipaci\u00f3n, ya que la demanda para ver a Sir Rod Stewart en vivo sigue siendo alta, incluso despu\u00e9s de muchos a\u00f1os en su exitosa carrera.<\/p>\n\n\n\n<h4 class=\"wp-block-heading\" id=\"h-rod-stewart-na-alemanha\"><strong>Rod Stewart en Alemania:<\/strong><\/h4>\n\n\n\n<ul class=\"wp-block-list\">\n<li><strong>Ubicaci\u00f3n: <\/strong>Dortmund &#8211; Westfalenhalle y Bremen &#8211; \u00d6VB-Arena;<\/li>\n\n\n\n<li><strong>Fecha:<\/strong> 12 y 14 de mayo.<\/li>\n<\/ul>\n\n\n\n<h3 class=\"wp-block-heading\" id=\"h-ed-sheeran\"><strong>Ed Sheeran<\/strong><\/h3>\n\n\n\n<p>Los fan\u00e1ticos de Ed Sheeran tambi\u00e9n pueden celebrar, ya que la nueva gira del cantante pasar\u00e1 por Alemania en 2025, con varios shows programados en diferentes ciudades.<\/p>\n\n\n\n<p>La gira incluir\u00e1 paradas en Stuttgart el 28 de junio en el MHPArena, en Hamburgo los d\u00edas 4, 5 y 6 de julio en el Volksparkstadion, y en D\u00fcsseldorf los d\u00edas 5, 6 y 7 de septiembre en la MERKUR SPIEL-ARENA.<\/p>\n\n\n\n<figure class=\"wp-block-image size-large\"><img decoding=\"async\" src=\"https:\/\/viagemalemanha.com\/wp-content\/uploads\/2025\/05\/Ed-Sheeran-na-Alemanha-Shows-na-Alemanha-scaled.jpg\" alt=\"\" class=\"wp-image-5314\" \/><\/figure>\n\n\n\n<p>Quien decida asistir al cantante puede esperar una mezcla de sus principales \u00e9xitos y tambi\u00e9n nuevas pistas de sus \u00e1lbumes m\u00e1s recientes, como \u201cSubtract\u201d. Todo esto con las actuaciones caracter\u00edsticas de Ed Sheeran, llenas de energ\u00eda y emoci\u00f3n.<\/p>\n\n\n\n<p>Las entradas a\u00fan no est\u00e1n disponibles. Pero, todo indica que las ventas deben comenzar pronto. Habr\u00e1 entradas a precios variados, incluyendo entradas VIP. Si esperas ver al cantante en Alemania este a\u00f1o, es mejor no dejarlo para el \u00faltimo momento, porque las entradas para los shows de esta estrella suelen agotarse muy r\u00e1pido.<\/p>\n\n\n\n<h4 class=\"wp-block-heading\" id=\"h-ed-sheeran-na-alemanha\"><strong>Ed Sheeran en Alemania:<\/strong><\/h4>\n\n\n\n<ul class=\"wp-block-list\">\n<li><strong>Ubicaci\u00f3n:<\/strong> Stuttgart &#8211; <a href=\"https:\/\/www.mhparena-stuttgart.de\/\" target=\"_blank\" rel=\"noopener\">MHPArena<\/a>, Hamburgo &#8211; Volksparkstadion y D\u00fcsseldorf &#8211; MERKUR SPIEL-ARENA.<\/li>\n\n\n\n<li><strong>Fecha:<\/strong> 28 de junio, 4, 5 y 6 de julio, 5, 6 y 7 de septiembre.<\/li>\n<\/ul>\n\n\n\n<h3 class=\"wp-block-heading\" id=\"h-iron-maiden\"><strong>Iron Maiden<\/strong><\/h3>\n\n\n\n<p>\u00a1Los fan\u00e1ticos alemanes y viajeros de rock and roll, especialmente de la banda Iron Maiden, tambi\u00e9n pueden estar felices! Porque, la banda est\u00e1 de gira por Europa en 2025, y ya tiene una parada marcada en Alemania.<\/p>\n\n\n\n<p>Con 6 presentaciones confirmadas, los shows se realizar\u00e1n en Gelsenkirchen en Gelsenkirchen, el 11 de julio, luego en Bremen en B\u00fcrgerweide el 15 de julio, en Frankfurt en Deutsche Bank Park el 25, en Stuttgart en Cannstatter Wasen el 26, y en Berl\u00edn, en Waldb\u00fchne, los d\u00edas 29 y 30 del mismo mes.<\/p>\n\n\n\n<figure class=\"wp-block-image size-large\"><img decoding=\"async\" src=\"https:\/\/viagemalemanha.com\/wp-content\/uploads\/2025\/05\/Iron-Maiden-na-Alemanha-scaled.jpg\" alt=\"\" class=\"wp-image-5315\" \/><\/figure>\n\n\n\n<p>La gira \u00abRun For Your Lives\u00bb de Iron Maiden celebra los 50 a\u00f1os de la banda, prometiendo una mezcla especial de \u00e9xitos, con canciones de los primeros nueve \u00e1lbumes de Iron Maiden, desde \u00abIron Maiden\u00bb (1980) hasta \u00abFear of the Dark\u00bb (1992).<\/p>\n\n\n\n<p>Las entradas ya est\u00e1n a la venta, tambi\u00e9n con precios variables, dependiendo de la ciudad del show y del tipo de entrada. Adem\u00e1s, tambi\u00e9n hay paquetes VIP disponibles para comprar. Quien decida asistir a la gira puede esperar un show memorable, que seg\u00fan el vocalista de Iron Maiden contar\u00e1 con actuaciones in\u00e9ditas y una celebraci\u00f3n de la trayectoria del grupo.<\/p>\n\n\n\n<h4 class=\"wp-block-heading\" id=\"h-iron-maiden-na-alemanha\"><strong>Iron Maiden en Alemania:<\/strong><\/h4>\n\n\n\n<ul class=\"wp-block-list\">\n<li><strong>Ubicaci\u00f3n:<\/strong> Gelsenkirchen &#8211; Gelsenkirchen, Bremen &#8211; B\u00fcrgerweide, Frankfurt &#8211; Deutsche Bank Park, Stuttgart &#8211; en Cannstatter Wasen, Berl\u00edn &#8211; Waldb\u00fchne.<\/li>\n\n\n\n<li><strong>Fecha:<\/strong> 11, 15, 25, 26, 29 y 30 de julio.<\/li>\n<\/ul>\n\n\n\n<h3 class=\"wp-block-heading\" id=\"h-linkin-park\"><strong>Linkin Park<\/strong><\/h3>\n\n\n\n<p>Linkin Park tambi\u00e9n estar\u00e1 en Alemania, con su gira \u00abFrom Zero World Tour\u00bb. Y se presentar\u00e1 en Hannover en la Heinz-Von-Heiden Arena, el 16 de junio, luego en Berl\u00edn en el Olympiastadion el 18 de junio, D\u00fcsseldorf en la Merkur Spiel Arena el 1 de julio y en Frankfurt, en el Deutsche Bank Park, los d\u00edas 8 y 9 de julio.<\/p>\n\n\n\n<p>Habr\u00e1 varias oportunidades para que los fan\u00e1ticos de la banda disfruten de un show diversificado, que mezcla \u00e9xitos que marcaron la carrera del grupo con nuevas pistas del \u00e1lbum actual \u201cFrom Zero\u201d.<\/p>\n\n\n\n<figure class=\"wp-block-image alignleft size-large is-resized\"><img decoding=\"async\" src=\"https:\/\/viagemalemanha.com\/wp-content\/uploads\/2025\/05\/Linkin-Park-na-Alemanha-1-scaled.jpg\" alt=\"\" class=\"wp-image-5317\" style=\"width:281px;height:auto\" \/><\/figure>\n\n\n\n<p>Las entradas ya est\u00e1n a la venta y se est\u00e1n vendiendo r\u00e1pido. Con opciones a precios variables y paquetes VIP, quienes deseen asegurar su lugar en el show deben darse prisa, ya que algunos tipos de entradas ya est\u00e1n agotadas.<\/p>\n\n\n\n<h4 class=\"wp-block-heading\" id=\"h-linkin-park-na-alemanha\"><strong>Linkin Park en Alemania:<\/strong><\/h4>\n\n\n\n<ul class=\"wp-block-list\">\n<li><strong>Ubicaci\u00f3n:<\/strong> Hannover &#8211; Heinz-Von-Heiden Arena, Berl\u00edn &#8211; Olympiastadion, D\u00fcsseldorf &#8211; <a href=\"https:\/\/www.merkur-spiel-arena.de\/\" target=\"_blank\" rel=\"noopener\">Merkur Spiel Arena<\/a>, Frankfurt &#8211; Deutsche Bank Park.<\/li>\n\n\n\n<li><strong>Fecha:<\/strong> 16 y 18 de junio, 1, 8 y 9 de julio.<\/li>\n<\/ul>\n\n\n\n<h2 class=\"wp-block-heading\" id=\"h-agenda-de-shows-na-alemanha-em-2025-festivais-de-musica-na-alemanha\"><br><strong>Agenda de Shows en Alemania en 2025: festivales de m\u00fasica<\/strong> en Alemania<\/h2>\n\n\n\n<p>Para los amantes de festivales de m\u00fasica en busca de asegurar su entrada y descubrir qu\u00e9 artistas tocar\u00e1n en sus festivales preferidos, \u00a1las noticias tambi\u00e9n son emocionantes! Porque, la agenda de shows en Alemania en 2025 contar\u00e1 con festivales incre\u00edbles, mundialmente conocidos y esperados por los fan\u00e1ticos. \u00a1Mira!<\/p>\n\n\n\n<h2 class=\"wp-block-heading\" id=\"h-rock-am-ring-nurburgring\"><a><\/a><strong>Rock am Ring (N\u00fcrburgring)<\/strong><\/h2>\n\n\n\n<p>El Rock am Ring es simplemente uno de los mayores festivales de rock de Europa, y presenta una mezcla ecl\u00e9ctica de rock cl\u00e1sico y moderno, para agradar a todas las generaciones.<\/p>\n\n\n\n<figure class=\"wp-block-image alignright size-large is-resized\"><img decoding=\"async\" src=\"https:\/\/viagemalemanha.com\/wp-content\/uploads\/2025\/05\/Rock-am-ring-2025-2.jpg\" alt=\"\" class=\"wp-image-5318\" style=\"width:335px;height:auto\" \/><\/figure>\n\n\n\n<p>Celebrando su 40\u00ba aniversario, el Rock am Ring reunir\u00e1 m\u00e1s de 100 artistas en 2025, incluyendo nombres destacados como Slipknot, Bring Me The Horizon, KoRn, The Prodigy, Rise Against, y Biffy Clyro. Las actuaciones se distribuir\u00e1n en varios escenarios, proporcionando una experiencia musical \u00fanica para los participantes.<\/p>\n\n\n\n<p>Para quienes deseen participar, las entradas ya est\u00e1n disponibles en el sitio oficial del evento, y comienzan a partir de \u20ac239,00. El billete permite asistir a los 3 d\u00edas de shows. Sin embargo, quienes planeen acampar en el lugar deben comprar un ticket extra para tener derecho a \u00e1rea de camping o estacionamiento.<\/p>\n\n\n\n<h3 class=\"wp-block-heading\" id=\"h-rock-am-ring-2025-na-alemanha\"><strong>Rock am Ring<\/strong> 2025 en Alemania<\/h3>\n\n\n\n<ul class=\"wp-block-list\">\n<li><strong>Ubicaci\u00f3n:<\/strong> en el aut\u00f3dromo de N\u00fcrburgring, ubicado en la ciudad de N\u00fcrburg, Alemania.<\/li>\n\n\n\n<li><strong>Fecha:<\/strong> del 6 al 8 de junio de 2025.<\/li>\n<\/ul>\n\n\n\n<h3 class=\"wp-block-heading\" id=\"h-um-pouco-de-historia\"><a><\/a><strong>Un poco de historia\u2026<\/strong><\/h3>\n\n\n\n<p>El Rock am Ring es uno de los eventos m\u00e1s esperados de la agenda de shows en Alemania en 2025, \u00a1y hay buenas razones para ello!<\/p>\n\n\n\n<p>Realizado anualmente en el legendario aut\u00f3dromo de N\u00fcrburgring, es simplemente uno de los festivales de m\u00fasica m\u00e1s tradicionales de Alemania y de Europa.<\/p>\n\n\n\n<p>La primera edici\u00f3n del evento ocurri\u00f3 en 1985, y deb\u00eda ser un evento \u00fanico. Pero, el Rock am Ring fue un \u00e9xito rotundo, recibiendo m\u00e1s de 75 mil espectadores. Todo este \u00e9xito hizo que los organizadores repensaran su decisi\u00f3n y el festival se transform\u00f3 en un evento anual.<\/p>\n\n\n\n<p>Enfocado en rock de calidad para los amantes de este g\u00e9nero musical, el festival se reinventa cada a\u00f1o, pero siempre manteniendo su identidad. \u00a1Es mucho metal, pirotecnia y buena m\u00fasica por todos lados!<\/p>\n\n\n\n<h2 class=\"wp-block-heading\" id=\"h-wacken-open-air-2025-wacken\"><strong>Wacken Open Air 2025 (Wacken)<\/strong><\/h2>\n\n\n\n<p>Wacken Open Air es simplemente el festival de heavy metal m\u00e1s famoso del mundo. \u00a1As\u00ed que, es claro que los fan\u00e1ticos esperan ansiosamente la edici\u00f3n de 2025, que promete ser incre\u00edble!<\/p>\n\n\n\n<figure class=\"wp-block-image size-large is-resized\"><img decoding=\"async\" src=\"https:\/\/viagemalemanha.com\/wp-content\/uploads\/2025\/05\/WAcken-na-Alemanha.webp\" alt=\"\" class=\"wp-image-5319\" style=\"width:704px;height:auto\" \/><\/figure>\n\n\n\n<p>El festival se realiza todos los a\u00f1os, en la ciudad de Wacken, un peque\u00f1o municipio ubicado en el estado de Schleswig-Holstein, en el norte de Alemania. En 2025, ser\u00e1n 4 d\u00edas de festival, justo en medio del verano europeo, para que el p\u00fablico aproveche la experiencia al m\u00e1ximo.<\/p>\n\n\n\n<p>Durante el evento, que ocupar\u00e1 un \u00e1rea total de m\u00e1s de 240 hect\u00e1reas, diversas zonas tem\u00e1ticas, incluyendo una zona de escenarios al aire libre y hasta un pueblo inspirado en la Edad Media, presentar\u00e1n diferentes shows, cada una encantando a los visitantes con actuaciones \u00fanicas.<\/p>\n\n\n\n<p>Entre las atracciones confirmadas para 2025 est\u00e1n bandas destacadas como Machine Head, Papa Roach, Gojira, Saxon, Within Temptation, Dimmu Borgir, Ministry, Apocalyptica, y muchos otros cl\u00e1sicos del metal.<\/p>\n\n\n\n<p>Desafortunadamente, las entradas para el evento est\u00e1n agotadas desde septiembre de 2024. Pero, a\u00fan puedes inscribirte en el sitio oficial del evento y quedarte en la lista de espera para conseguir entradas de \u00faltima hora. \u00a1Despu\u00e9s de todo, siempre ocurren algunos cancelaciones!<\/p>\n\n\n\n<h3 class=\"wp-block-heading\" id=\"h-wacken-open-air-2025-na-alemanha\"><strong>Wacken Open Air 2025 en Alemania:<\/strong><\/h3>\n\n\n\n<ul class=\"wp-block-list\">\n<li><strong>Ubicaci\u00f3n: <\/strong>Wacken, norte de Alemania.<\/li>\n\n\n\n<li><strong>Fecha: <\/strong>30 de julio al 2 de agosto.<\/li>\n<\/ul>\n\n\n\n<h3 class=\"wp-block-heading\" id=\"h-uma-tradicao-desde-1990\"><a><\/a><strong>Una tradici\u00f3n desde 1990<\/strong><\/h3>\n\n\n\n<p>La primera edici\u00f3n del Wacken Open Air ocurri\u00f3 en 1990, organizada por amigos y amantes del heavy metal Thomas Jensen y Holger H\u00fcbner, residentes de Wacken, que estaban planeando todo desde 1989.<\/p>\n\n\n\n<p>Con bandas predominantemente alemanas, la primera edici\u00f3n cont\u00f3 con poco m\u00e1s de 800 personas, y ocurri\u00f3 los d\u00edas 24 y 25 de agosto de ese a\u00f1o. Y cada a\u00f1o que pasaba, el festival se convert\u00eda en un \u00e9xito mayor, atrayendo m\u00e1s y m\u00e1s personas y despertando la atenci\u00f3n de bandas famosas de otros pa\u00edses.<\/p>\n\n\n\n<p>En 2003, el evento recibi\u00f3 30.000 visitantes, y en 2008, el p\u00fablico alcanz\u00f3 las 70.000 personas. Adem\u00e1s, desde 2022 el evento dura 3 d\u00edas, o m\u00e1s.<\/p>\n\n\n\n<h2 class=\"wp-block-heading\" id=\"h-lollapalooza-2025-berlim\"><strong>Lollapalooza 2025 (Berl\u00edn)<\/strong><\/h2>\n\n\n\n<p>El Lollapalooza es un \u00e9xito mundial. El evento, que mezcla m\u00fasica, arte y cultura en un solo lugar, se llevar\u00e1 a cabo en Alemania en 2025, siendo uno de los festivales m\u00e1s esperados del a\u00f1o.<\/p>\n\n\n\n<p>Celebrando 10 a\u00f1os de Lollapalooza en Berl\u00edn, el festival ocurrir\u00e1 en julio, en pleno verano, y se llevar\u00e1 a cabo en el Olympiastadion y Olympiapark de Berl\u00edn, dos de los lugares m\u00e1s emblem\u00e1ticos de la capital alemana.<\/p>\n\n\n\n<p>Para quienes no quieren perderse el festival por nada, es importante prestar atenci\u00f3n. Porque, las entradas para el festival ya est\u00e1n disponibles, con opciones como el \u00abEarly Bird Weekend Ticket\u00bb para mayores de 16 a\u00f1os. Sin embargo, los valores var\u00edan seg\u00fan la categor\u00eda y la fecha de compra.<\/p>\n\n\n\n<p>Adem\u00e1s de una programaci\u00f3n musical ecl\u00e9ctica, el evento presenta experiencias interactivas como el Fashionpalooza, Gr\u00fcner Kiez y Lolla Fun Fair. As\u00ed que, los participantes pueden esperar bandas y artistas de estilos variados en Berl\u00edn, en 2025, \u00a1y mucha diversi\u00f3n!<\/p>\n\n\n\n<h4 class=\"wp-block-heading\" id=\"h-lollapalooza\"><a><\/a><strong>Lollapalooza:<\/strong><\/h4>\n\n\n\n<ul class=\"wp-block-list\">\n<li><strong>Ubicaci\u00f3n:<\/strong> Olympiastadion y Olympiapark de Berl\u00edn;<\/li>\n\n\n\n<li><strong>Fecha:<\/strong> 12 y 13 de julio.<\/li>\n<\/ul>\n\n\n\n<h3 class=\"wp-block-heading\" id=\"h-lollapalooza-desde-1991\"><a><\/a>Lollapalooza desde 1991!<\/h3>\n\n\n\n<p>El Lollapalooza comenz\u00f3 en Estados Unidos, en 1991, cuando fue creado por Perry Farrell, vocalista de la banda Jane&#8217;s Addiction.<\/p>\n\n\n\n<p>Inicialmente concebido como una gira de despedida para su banda, el evento r\u00e1pidamente se transform\u00f3 en un festival itinerante, recorriendo diversas ciudades norteamericanas y canadienses, y ayudando a definir la escena musical alternativa de la \u00e9poca.<\/p>\n\n\n\n<p>Pero, la primera edici\u00f3n internacional del evento solo vendr\u00eda en 2011, en Santiago, Chile. Expand\u00e9ndose por diversos pa\u00edses a partir de entonces, el festival lleg\u00f3 a Berl\u00edn en 2012, donde tuvo su primera edici\u00f3n.<\/p>\n\n\n\n<p>La segunda edici\u00f3n solo volver\u00eda a la capital alemana en 2016, y desde entonces, el Lollapalooza se ha consolidado como uno de los eventos m\u00e1s esperados por los berlinenses y fan\u00e1ticos de todo el mundo.<\/p>\n\n\n\n<h2 class=\"wp-block-heading\" id=\"h-curiosidades-sobre-a-cena-musical-na-alemanha\"><a><\/a><strong>Curiosidades sobre la escena musical en Alemania<\/strong><\/h2>\n\n\n\n<p>Despu\u00e9s de revisar la agenda de shows en Alemania en 2025, ya es posible notar que el pa\u00eds tiene una relaci\u00f3n muy cercana con la m\u00fasica. Y esta relaci\u00f3n no viene de ahora.<\/p>\n\n\n\n<p>La verdad es que el pa\u00eds de los hermosos paisajes naturales, gastronom\u00eda \u00fanica y construcciones hist\u00f3ricas, tambi\u00e9n es cuna de grandes nombres de la m\u00fasica, \u00a1desde el cl\u00e1sico hasta el rock and roll!<\/p>\n\n\n\n<h3 class=\"wp-block-heading\" id=\"h-berlim-e-capital-mundial-da-musica-eletronica\"><a><\/a><strong>Berl\u00edn es la capital mundial de la m\u00fasica electr\u00f3nica<\/strong><\/h3>\n\n\n\n<p>Berl\u00edn es reconocida mundialmente como la capital de la m\u00fasica electr\u00f3nica debido a su escena vibrante e innovadora, que se consolid\u00f3 especialmente tras la ca\u00edda del Muro de Berl\u00edn, en 1989.<\/p>\n\n\n\n<p>Y con el creciente \u00e9xito de la m\u00fasica electr\u00f3nica berlinesa, la ciudad se convirti\u00f3 en un punto de encuentro mundial para j\u00f3venes apasionados por el estilo musical. En este escenario, clubes como el Tresor dieron sus contribuciones, proporcionando espacios para presentaciones de artistas del estilo techno en la ciudad.<\/p>\n\n\n\n<p>El escenario de la m\u00fasica electr\u00f3nica en Berl\u00edn es realmente tan incre\u00edble y \u00fanico, que fue reconocido como Patrimonio Cultural Inmaterial de la Humanidad por la UNESCO en 2024, destacando su importancia cultural y social.<\/p>\n\n\n\n<h3 class=\"wp-block-heading\" id=\"h-grandes-nomes-da-musica-classica\"><a><\/a><strong>Grandes nombres de la m\u00fasica cl\u00e1sica<\/strong><\/h3>\n\n\n\n<p>Alemania es reconocida como la cuna de algunos de los mayores compositores de la m\u00fasica cl\u00e1sica, como Johann Sebastian Bach y Ludwig van Beethoven.<\/p>\n\n\n\n<figure class=\"wp-block-image alignleft size-large is-resized\"><img decoding=\"async\" src=\"https:\/\/viagemalemanha.com\/wp-content\/uploads\/2025\/05\/ludwig-van-beethoven-Viagem-Alemanha.jpg\" alt=\"\" class=\"wp-image-5320\" style=\"width:274px;height:auto\" \/><\/figure>\n\n\n\n<p>Bach naci\u00f3 en 1685, y sus composiciones influyeron en el desarrollo mundial de la m\u00fasica en los siglos siguientes. Hasta hoy es considerado como uno de los m\u00e1s grandes compositores de todos los tiempos, un cl\u00e1sico entre los cl\u00e1sicos.<\/p>\n\n\n\n<p>Ya Beethoven, nacido en 1770, es mundialmente conocido por sus famosas sinfon\u00edas, adem\u00e1s de su historia de vida \u00fanica, que inspira a las personas hasta el d\u00eda de hoy. Porque, incluso despu\u00e9s de perder la audici\u00f3n, no desisti\u00f3 de la m\u00fasica y continu\u00f3 expresando emociones profundas a trav\u00e9s de su m\u00fasica.<\/p>\n\n\n\n<p>Vale la pena mencionar que Alemania tambi\u00e9n se destaca en el escenario del rock and roll, ya que es la cuna de varias bandas influyentes, como Scorpions, Helloween y Rammstein.<\/p>\n\n\n\n<h3 class=\"wp-block-heading\" id=\"h-festivais-mundialmente-conhecidos\"><a><\/a><strong>Festivales mundialmente conocidos<\/strong><\/h3>\n\n\n\n<p>Los festivales de m\u00fasica de Alemania son mundialmente conocidos. Eventos como el <a href=\"https:\/\/www.wacken.com\/de\/\" target=\"_blank\" rel=\"noopener\">Wacken Open Air<\/a> y <a href=\"http:\/\/www.rock-am-ring.com\" target=\"_blank\" rel=\"noopener\">Rock am Ring<\/a> son esperados no solo por alemanes, sino por fan\u00e1ticos de todo el mundo.<\/p>\n\n\n\n<p>Adem\u00e1s de los eventos mencionados en este post, Alemania alberga otros festivales incre\u00edbles, como el<a href=\"https:\/\/hurricane.de\/de\/\" target=\"_blank\" rel=\"noopener\"> Hurricane Festival<\/a>, realizado en Schee\u00dfel, y el Southside Festival, en Neuhausen ob Eck, ambos programados para junio de 2025.<\/p>\n\n\n\n<p>Entonces, si eres un apasionado por la m\u00fasica, \u00a1Alemania es un destino que vale la pena conocer!<\/p>\n\n\n\n<h2 class=\"wp-block-heading\" id=\"h-conte-com-nosso-servico-de-apoio-para-curtir-a-cena-musical-alema\"><strong><a href=\"https:\/\/viagemalemanha.com\/es\/nuestros-servicios\/\">Cuenta con nuestro servicio de apoyo para disfrutar de la escena musical alemana<\/a><\/strong><\/h2>\n\n\n\n<p>\u00bfPlaneando asistir a un show o festival en Alemania en 2025? Nuestra agencia ofrece paquetes personalizados para ayudar a realizar tu sue\u00f1o, y aprovechar tu viaje al m\u00e1ximo, sin preocupaciones. Mira lo que incluyen nuestros servicios:<\/p>\n\n\n\n<ul class=\"wp-block-list\">\n<li>Alojamiento y traslado al show;<\/li>\n\n\n\n<li>Viaje personalizado y privado;<\/li>\n\n\n\n<li>Soporte total antes incluso de la llegada;<\/li>\n\n\n\n<li>Gu\u00edas en espa\u00f1ol para ayudarte a aprovechar al m\u00e1ximo tu viaje;<\/li>\n\n\n\n<li>Rutas tur\u00edsticas personalizadas para explorar las ciudades antes o despu\u00e9s de los eventos.<\/li>\n<\/ul>\n\n\n\n<p>\u00a1Alemania es mucho m\u00e1s divertida cuando viajas sin preocupaciones! Y estamos aqu\u00ed precisamente para proporcionar la mejor experiencia posible para tu estad\u00eda.<\/p>\n\n\n\n<p>Entonces, ahora que ya conoces la agenda de shows en Alemania en 2025, \u00a1solo prep\u00e1rate con anticipaci\u00f3n para disfrutar de tu evento preferido! Y lo mejor: \u00a1tambi\u00e9n podr\u00e1s disfrutar de otras atracciones incre\u00edbles en pleno verano europeo!<\/p>\n\n\n\n<p>\u00a1Cont\u00e1ctanos para planear tu experiencia musical perfecta en Alemania en 2025!<\/p>\n","protected":false},"excerpt":{"rendered":"<p>{ \u00ab@context\u00bb: \u00abhttps:\/\/schema.org\u00bb, \u00ab@graph\u00bb: [ { \u00ab@type\u00bb: \u00abEvent\u00bb, \u00abname\u00bb: \u00abRock am Ring 2025\u00bb, \u00abstartDate\u00bb: \u00ab2025-06-06T10:00\u00bb, \u00abendDate\u00bb: \u00ab2025-06-08T22:00\u00bb, \u00abeventAttendanceMode\u00bb: \u00abhttps:\/\/schema.org\/OfflineEventAttendanceMode\u00bb, \u00abeventStatus\u00bb: \u00abhttps:\/\/schema.org\/EventScheduled\u00bb, \u00ablocation\u00bb: { \u00ab@type\u00bb: \u00abPlace\u00bb, \u00abname\u00bb: \u00abN\u00fcrburgring\u00bb, \u00abaddress\u00bb: { \u00ab@type\u00bb: \u00abPostalAddress\u00bb, \u00abstreetAddress\u00bb: \u00abN\u00fcrburgring Boulevard 1\u00bb, \u00abpostalCode\u00bb: \u00ab53520\u00bb, \u00abaddressLocality\u00bb: \u00abN\u00fcrburg\u00bb, \u00abaddressCountry\u00bb: \u00abDE\u00bb }, \u00abgeo\u00bb: { \u00ab@type\u00bb: \u00abGeoCoordinates\u00bb, \u00ablatitude\u00bb: 50.3333, \u00ablongitude\u00bb: 6.9500 } }, \u00abimage\u00bb: \u00abhttps:\/\/viagemalemanha.com\/caminho\/para\/rock-am-ring.jpg\u00bb, \u00abdescription\u00bb: [&hellip;]<\/p>\n","protected":false},"author":2,"featured_media":54471,"comment_status":"open","ping_status":"open","sticky":false,"template":"","format":"standard","meta":{"_acf_changed":false,"tripadvisor_id":"","rating":0,"reviewer_name":"","review_date":"","trip_type":"","helpful_votes":0,"source_url":"","reviewer_gravatar":"","review_type":"","footnotes":""},"categories":[477],"tags":[],"class_list":["post-53949","post","type-post","status-publish","format-standard","has-post-thumbnail","hentry","category-destino-del-mes"],"acf":[],"_links":{"self":[{"href":"https:\/\/viagemalemanha.com\/es\/wp-json\/wp\/v2\/posts\/53949","targetHints":{"allow":["GET"]}}],"collection":[{"href":"https:\/\/viagemalemanha.com\/es\/wp-json\/wp\/v2\/posts"}],"about":[{"href":"https:\/\/viagemalemanha.com\/es\/wp-json\/wp\/v2\/types\/post"}],"author":[{"embeddable":true,"href":"https:\/\/viagemalemanha.com\/es\/wp-json\/wp\/v2\/users\/2"}],"replies":[{"embeddable":true,"href":"https:\/\/viagemalemanha.com\/es\/wp-json\/wp\/v2\/comments?post=53949"}],"version-history":[{"count":2,"href":"https:\/\/viagemalemanha.com\/es\/wp-json\/wp\/v2\/posts\/53949\/revisions"}],"predecessor-version":[{"id":66144,"href":"https:\/\/viagemalemanha.com\/es\/wp-json\/wp\/v2\/posts\/53949\/revisions\/66144"}],"wp:featuredmedia":[{"embeddable":true,"href":"https:\/\/viagemalemanha.com\/es\/wp-json\/wp\/v2\/media\/54471"}],"wp:attachment":[{"href":"https:\/\/viagemalemanha.com\/es\/wp-json\/wp\/v2\/media?parent=53949"}],"wp:term":[{"taxonomy":"category","embeddable":true,"href":"https:\/\/viagemalemanha.com\/es\/wp-json\/wp\/v2\/categories?post=53949"},{"taxonomy":"post_tag","embeddable":true,"href":"https:\/\/viagemalemanha.com\/es\/wp-json\/wp\/v2\/tags?post=53949"}],"curies":[{"name":"wp","href":"https:\/\/api.w.org\/{rel}","templated":true}]}}