{"id":53950,"date":"2024-12-10T17:01:16","date_gmt":"2024-12-10T20:01:16","guid":{"rendered":"https:\/\/viagemalemanha.com\/?p=53950"},"modified":"2026-02-01T02:09:44","modified_gmt":"2026-02-01T05:09:44","slug":"la-catedral-de-colonia-en-alemania","status":"publish","type":"post","link":"https:\/\/viagemalemanha.com\/es\/la-catedral-de-colonia-en-alemania\/","title":{"rendered":"La Catedral de Colonia en Alemania"},"content":{"rendered":"\n<p><em>La Catedral de Colonia (K\u00f6lner Dom), situada a orillas del r\u00edo Rin, es una de las m\u00e1s impresionantes obras maestras de la arquitectura g\u00f3tica en Alemania.<\/em> Con sus imponentes torres gemelas, que alcanzan los 157 metros de altura, domina el horizonte de la ciudad y atrae a millones de visitantes cada a\u00f1o, siendo un hito inconfundible y uno de los monumentos m\u00e1s visitados del pa\u00eds.<\/p>\n\n\n\n<div class=\"wp-block-rank-math-toc-block\" id=\"rank-math-toc\"><h2>\u00cdndice<\/h2><nav><ul><li class=\"\"><a href=\"#h-historia-da-catedral-de-colonia\">Historia de la Catedral de Colonia<\/a><\/li><li class=\"\"><a href=\"#h-a-catedral-de-colonia-e-a-segunda-guerra-mundial\">La Catedral de Colonia y la Segunda Guerra Mundial<\/a><\/li><li class=\"\"><a href=\"#h-por-dentro-da-catedral\">Por dentro de la Catedral<\/a><\/li><li class=\"\"><a href=\"#h-viaje-conosco-para-a-alemanha\">Viaje con nosotros a Alemania<\/a><\/li><\/ul><\/nav><\/div>\n\n\n\n<p class=\"yoast-reading-time__wrapper\"><span class=\"yoast-reading-time__icon\"><\/span><span class=\"yoast-reading-time__descriptive-text\">Tiempo estimado de lectura:  <\/span><span class=\"yoast-reading-time__reading-time\">5<\/span><span class=\"yoast-reading-time__time-unit\"> minutos<\/span><\/p>\n\n\n\n<h2 class=\"wp-block-heading\" id=\"h-historia-da-catedral-de-colonia\"><strong>Historia de la Catedral de Colonia<\/strong><\/h2>\n\n\n\n<p>La construcci\u00f3n de la <a href=\"https:\/\/viagemalemanha.com\/es\/ulm-y-la-catedral-mas-alta-del-mundo-turismo-en-alemania\/\">Catedral<\/a> de Colonia comenz\u00f3 en 1248, liderada por el arzobispo Konrad von Hochstaden. El objetivo era crear un espacio grandioso para albergar las reliquias de los <strong>Tres Reyes Magos<\/strong>, tra\u00eddas a Colonia por el emperador Federico Barbarroja en 1164. Estas reliquias, consideradas sagradas, transformaron la ciudad en un <strong>importante centro de peregrinaci\u00f3n en la <a href=\"https:\/\/viagemalemanha.com\/es\/paseo-por-las-murallas-de-rothenburg-ob-der-tauber-en-alemania\/\">Europa medieval.<\/a><\/strong> <\/p>\n\n\n\n<p>Sin embargo, tras 225 a\u00f1os de trabajo, la construcci\u00f3n fue interrumpida en 1473, dejando la catedral inacabada por m\u00e1s de tres siglos. Durante ese tiempo, la estructura permaneci\u00f3 como un s\u00edmbolo de esperanza, incluso en su forma incompleta. Solo en 1842, con el advenimiento del movimiento rom\u00e1ntico, se reanudaron las obras. Siguiendo los planos originales del per\u00edodo medieval, la catedral fue finalmente concluida en 1880, tras un total de 632 a\u00f1os de construcci\u00f3n.<\/p>\n\n\n\n<h2 class=\"wp-block-heading\" id=\"h-a-catedral-de-colonia-e-a-segunda-guerra-mundial\"><strong>La Catedral de Colonia y la Segunda Guerra Mundial<\/strong><\/h2>\n\n\n\n<p>Durante la <a href=\"https:\/\/viagemalemanha.com\/es\/3-lugares-sobre-la-segunda-guerra-mundial-que-necesitas-conocer\/\">Segunda Guerra Mundial<\/a>, Colonia fue devastada por bombardeos, pero la catedral sufri\u00f3 da\u00f1os relativamente peque\u00f1os y permaneci\u00f3 en pie. Esta resistencia convirti\u00f3 al edificio en un s\u00edmbolo de resiliencia para los habitantes de la ciudad. En 1996, <strong>la Catedral de Colonia fue declarada Patrimonio Mundial de la UNESCO,<\/strong> en reconocimiento a su importancia hist\u00f3rica, cultural y arquitect\u00f3nica. <\/p>\n\n\n\n<blockquote class=\"wp-block-quote is-layout-flow wp-block-quote-is-layout-flow\">\n<p>Conoce cada detalle y la historia de la Catedral de Colonia con gu\u00edas en espa\u00f1ol especializados y un <a href=\"https:\/\/viagemalemanha.com\/como-o-turismo-personalizado-pode-te-ajudar\/\">itinerario personalizado<\/a> para tu gusto y el de tu familia y amigos. Consulta nuestros <a href=\"https:\/\/viagemalemanha.com\/es\/nuestros-servicios\/\">servicios<\/a>, <a href=\"https:\/\/viagemalemanha.com\/es\/quienes-somos\/\">viaja con nosotros<\/a> y descubre lo mejor de Alemania!<\/p>\n<\/blockquote>\n\n\n\n<h2 class=\"wp-block-heading\" id=\"h-por-dentro-da-catedral\"><strong>Por dentro de la Catedral<\/strong><\/h2>\n\n\n\n<figure class=\"wp-block-image alignright size-large is-resized\"><img decoding=\"async\" src=\"https:\/\/viagemalemanha.com\/wp-content\/uploads\/2025\/05\/coloniacatedralcolognecathedral-rotated.jpg\" alt=\"Catedral de Col\u00f4nia en Alemania. Viaje Alemania. Gu\u00eda Brasile\u00f1o en Alemania.\" class=\"wp-image-5218\" style=\"width:332px;height:auto\" \/><figcaption class=\"wp-element-caption\">Sagrado de los Tres Reyes Magos<\/figcaption><\/figure>\n\n\n\n<p>Entre los tesoros de la catedral, destaca el <strong>Sagrado de los Tres Reyes Magos<\/strong>, situado detr\u00e1s del altar mayor, un relicario dorado del siglo XII que alberga las reliquias de los Reyes Magos. <\/p>\n\n\n\n<p>Otro elemento fascinante son las 108 <strong>g\u00e1rgolas<\/strong>, que adornan la fachada de la catedral. A pesar de ser figuras m\u00edsticas y un poco aterradoras, las g\u00e1rgolas funcionan como canaletas de desag\u00fce, evitando que el agua de lluvia baje por la pared. Para aquellos que buscan vistas panor\u00e1micas de la ciudad, <strong>la Torre Sur<\/strong> es una parada obligatoria. Subir los 533 escalones hasta la plataforma de observaci\u00f3n recompensa a los visitantes con una <strong>vista deslumbrante de Colonia y del r\u00edo Rin.<\/strong><\/p>\n\n\n\n<p>Los vitrales de la catedral, que cubren aproximadamente 10.000 metros cuadrados, son otra atracci\u00f3n impresionante. Muchos de ellos datan de la Edad Media y retratan escenas b\u00edblicas y figuras de santos.<\/p>\n\n\n\n<figure class=\"wp-block-gallery has-nested-images columns-default is-cropped wp-block-gallery-1 is-layout-flex wp-block-gallery-is-layout-flex\">\n<figure class=\"wp-block-image size-large\"><img decoding=\"async\" data-id=\"5223\" src=\"https:\/\/viagemalemanha.com\/wp-content\/uploads\/2025\/05\/coloniacatedralcolognecathedral-rotated.jpg-copy-0-768x1024.jpg\" alt=\"\" class=\"wp-image-5223\" \/><figcaption class=\"wp-element-caption\">Vitrales de la Catedral de Colonia<\/figcaption><\/figure>\n\n\n\n<figure class=\"wp-block-image size-large\"><img decoding=\"async\" data-id=\"5221\" src=\"https:\/\/viagemalemanha.com\/wp-content\/uploads\/2025\/05\/coloniacatedralcolognecathedral-rotated.jpg-copy-1-768x1024.jpg\" alt=\"\" class=\"wp-image-5221\" \/><figcaption class=\"wp-element-caption\">Vitrales de la Catedral de Colonia<\/figcaption><\/figure>\n<\/figure>\n\n\n\n<p><\/p>\n\n\n\n<p>La Catedral tambi\u00e9n fue una de las primeras en tener el techo sobre las naves (\u00e1rea m\u00e1s alta y principal\/central de la Catedral) construido con estructura met\u00e1lica. De hecho, sirvi\u00f3 de inspiraci\u00f3n para la materialidad y construcci\u00f3n de la Torre Eiffel, en Par\u00eds.<\/p>\n\n\n\n<figure class=\"wp-block-gallery has-nested-images columns-default is-cropped wp-block-gallery-2 is-layout-flex wp-block-gallery-is-layout-flex\">\n<figure class=\"wp-block-image size-large\"><img decoding=\"async\" data-id=\"5219\" src=\"https:\/\/viagemalemanha.com\/wp-content\/uploads\/2025\/05\/coloniacatedralcolognecathedral-rotated.jpg-copy-3-768x1024.jpg\" alt=\"\" class=\"wp-image-5219\" \/><figcaption class=\"wp-element-caption\">Nave principal y los vitrales de la Catedral de Colonia<\/figcaption><\/figure>\n\n\n\n<figure class=\"wp-block-image size-large\"><img decoding=\"async\" data-id=\"5222\" src=\"https:\/\/viagemalemanha.com\/wp-content\/uploads\/2025\/05\/coloniacatedralcolognecathedral-rotated.jpg-copy-2-768x1024.jpg\" alt=\"Catedral de Col\u00f4nia en Alemania. Viaje Alemania. Gu\u00eda Brasile\u00f1o en Alemania.\" class=\"wp-image-5222\" \/><\/figure>\n<\/figure>\n\n\n\n<p><\/p>\n\n\n\n<p><em>Incluir la Catedral de Colonia en el itinerario es esencial.<\/em> <strong><em>Con Viaje Alemania, puedes explorar este tesoro hist\u00f3rico y otros destinos fascinantes con la comodidad y personalizaci\u00f3n que tu viaje merece.<\/em><\/strong><\/p>\n\n\n\n<h2 class=\"wp-block-heading\" id=\"h-viaje-conosco-para-a-alemanha\">Viaje con nosotros a Alemania<\/h2>\n\n\n\n<p><strong>Con una combinaci\u00f3n \u00fanica de historia, cultura, naturaleza y modernidad, Alemania es el destino ideal para tus pr\u00f3ximas vacaciones.&nbsp;<\/strong>En 2025, perm\u00edtete descubrir todo lo que este incre\u00edble pa\u00eds tiene para ofrecer. Y para garantizar un viaje perfecto, cuenta con Viaje Alemania. Cont\u00e1ctanos para m\u00e1s informaci\u00f3n y viajes personalizados. \u00a1Vamos a planear juntos tu viaje por Alemania!<\/p>\n\n\n\n<p><strong><em>Queremos hacer que tu viaje a Alemania sea \u00fanico y especial. Para ello, nuestros servicios est\u00e1n personalizados para ti!<\/em><\/strong><\/p>\n\n\n\n<ul class=\"wp-block-list\">\n<li>Excursiones guiadas privadas en espa\u00f1ol<\/li>\n\n\n\n<li><a href=\"https:\/\/viagemalemanha.com\/consultoria-de-viagem\/\">Dise\u00f1o y organizaci\u00f3n de itinerarios<\/a><\/li>\n\n\n\n<li>Seguimiento&nbsp;<\/li>\n\n\n\n<li>Paseos en barco<\/li>\n\n\n\n<li>Eventos y experiencias locales<\/li>\n\n\n\n<li><a href=\"https:\/\/viagemalemanha.com\/es\/nuestros-servicios\/\">Transfers<\/a><\/li>\n\n\n\n<li>Paseos en bicicleta<\/li>\n\n\n\n<li>Entradas<\/li>\n<\/ul>\n\n\n\n<blockquote class=\"wp-block-quote is-layout-flow wp-block-quote-is-layout-flow\">\n<p>Cont\u00e1ctanos:<\/p>\n\n\n<\/blockquote>\n","protected":false},"excerpt":{"rendered":"<p>La Catedral de Colonia (K\u00f6lner Dom), situada a orillas del r\u00edo Rin, es una de las m\u00e1s impresionantes obras maestras de la arquitectura g\u00f3tica en Alemania. Con sus imponentes torres gemelas, que alcanzan los 157 metros de altura, domina el horizonte de la ciudad y atrae a millones de visitantes cada a\u00f1o, siendo un hito [&hellip;]<\/p>\n","protected":false},"author":2,"featured_media":54463,"comment_status":"open","ping_status":"open","sticky":false,"template":"","format":"standard","meta":{"_acf_changed":false,"tripadvisor_id":"","rating":0,"reviewer_name":"","review_date":"","trip_type":"","helpful_votes":0,"source_url":"","reviewer_gravatar":"","review_type":"","footnotes":""},"categories":[494,496],"tags":[],"class_list":["post-53950","post","type-post","status-publish","format-standard","has-post-thumbnail","hentry","category-arquitectura","category-descubriendo-alemania"],"acf":[],"_links":{"self":[{"href":"https:\/\/viagemalemanha.com\/es\/wp-json\/wp\/v2\/posts\/53950","targetHints":{"allow":["GET"]}}],"collection":[{"href":"https:\/\/viagemalemanha.com\/es\/wp-json\/wp\/v2\/posts"}],"about":[{"href":"https:\/\/viagemalemanha.com\/es\/wp-json\/wp\/v2\/types\/post"}],"author":[{"embeddable":true,"href":"https:\/\/viagemalemanha.com\/es\/wp-json\/wp\/v2\/users\/2"}],"replies":[{"embeddable":true,"href":"https:\/\/viagemalemanha.com\/es\/wp-json\/wp\/v2\/comments?post=53950"}],"version-history":[{"count":2,"href":"https:\/\/viagemalemanha.com\/es\/wp-json\/wp\/v2\/posts\/53950\/revisions"}],"predecessor-version":[{"id":65357,"href":"https:\/\/viagemalemanha.com\/es\/wp-json\/wp\/v2\/posts\/53950\/revisions\/65357"}],"wp:featuredmedia":[{"embeddable":true,"href":"https:\/\/viagemalemanha.com\/es\/wp-json\/wp\/v2\/media\/54463"}],"wp:attachment":[{"href":"https:\/\/viagemalemanha.com\/es\/wp-json\/wp\/v2\/media?parent=53950"}],"wp:term":[{"taxonomy":"category","embeddable":true,"href":"https:\/\/viagemalemanha.com\/es\/wp-json\/wp\/v2\/categories?post=53950"},{"taxonomy":"post_tag","embeddable":true,"href":"https:\/\/viagemalemanha.com\/es\/wp-json\/wp\/v2\/tags?post=53950"}],"curies":[{"name":"wp","href":"https:\/\/api.w.org\/{rel}","templated":true}]}}