{"id":53952,"date":"2024-11-18T22:08:24","date_gmt":"2024-11-19T01:08:24","guid":{"rendered":"https:\/\/viagemalemanha.com\/?p=53952"},"modified":"2026-02-01T02:49:22","modified_gmt":"2026-02-01T05:49:22","slug":"caracalla-y-las-termas-romanas-en-alemania","status":"publish","type":"post","link":"https:\/\/viagemalemanha.com\/es\/caracalla-y-las-termas-romanas-en-alemania\/","title":{"rendered":"Caracalla y las termas romanas en Alemania"},"content":{"rendered":"\n<p>Con la nueva pel\u00edcula de los <strong>Gladiadores<\/strong>, el nombre del emperador Caracalla ha salido a la luz y, con \u00e9l, podemos abordar las termas creadas por Caracalla en Roma y la presencia de termas en Alemania, como en Baden-Baden.<\/p>\n\n\n\n<p>Pero, primero, <strong>\u00bfqui\u00e9n fue Caracalla?<\/strong> Marco Aurelio Antonino, conocido como Caracalla, fue emperador romano de 211 a 217 d.C. Su figura estuvo marcada por decisiones pol\u00edticas y militares importantes &#8211; como el Edicto de Caracalla que decret\u00f3 que todos los habitantes libres del Imperio Romano ser\u00edan considerados ciudadanos romanos &#8211; y su maldad y tiran\u00eda durante su gobierno. Sin embargo, el emperador romano dej\u00f3 un gran legado con sus termas.<\/p>\n\n\n\n<p>Las m\u00e1s famosas son las <strong>Termas de Caracalla<\/strong>, en Roma, construidas en 216 d.C. Estas termas reflejaban la riqueza romana y eran una de las estructuras m\u00e1s imponentes de la \u00e9poca. Adem\u00e1s, registros hist\u00f3ricos muestran c\u00f3mo el lugar estaba cubierto de m\u00e1rmol y obras de arte. Partes de esta terma fueron colocadas en otras partes de la ciudad como fuentes, a ejemplo de la fuente ubicada en la Piazza Farnese. Estas termas eran m\u00e1s que ba\u00f1os p\u00fablicos; eran verdaderos centros de convivencia y ocio. Adem\u00e1s, inclu\u00edan piscinas climatizadas, saunas, espacios de ejercicios f\u00edsicos, bibliotecas y jardines, todo dise\u00f1ado para ofrecer bienestar a la \u00e9lite romana y al pueblo com\u00fan.<\/p>\n\n\n\n<figure class=\"wp-block-image size-large\"><img decoding=\"async\" src=\"https:\/\/viagemalemanha.com\/wp-content\/uploads\/2025\/05\/caracalla-therms.-termas-de-caracalla.jpg\" alt=\"\" class=\"wp-image-5188\" \/><figcaption class=\"wp-element-caption\">Termas de Caracalla (Imagen de&nbsp;Gianni Crestani&nbsp;de&nbsp;Pixabay)<\/figcaption><\/figure>\n\n\n\n<p>As\u00ed, las termas creadas en Roma por Caracalla sirvieron de inspiraci\u00f3n para la creaci\u00f3n de las <a href=\"https:\/\/viagemalemanha.com\/es\/baden-baden-y-sus-termas\/\">famosas termas de Baden-Baden,<\/a> adem\u00e1s de existir otras termas del per\u00edodo romano esparcidas por Alemania. \u00bfVamos a conocer algunas de ellas?<\/p>\n\n\n\n<h2 class=\"wp-block-heading\" id=\"h-caracalla-spa\"><strong>Caracalla Spa<\/strong><\/h2>\n\n\n\n<p>A pesar de no haber sido creada por Caracalla y tener un aspecto moderno, la terma fue inspirada en la tradici\u00f3n romana, recibiendo su nombre en honor al emperador.<\/p>\n\n\n\n<p><em>Construido en 1985, el Caracalla Spa presenta muchos elementos romanos, columnas y antig\u00fcedades que remiten a la tradici\u00f3n. Este spa ofrece m\u00e1s de 5.000 metros cuadrados de piscinas termales internas y externas, saunas y \u00e1reas de relajaci\u00f3n. Las piscinas son alimentadas por las mismas aguas termales ricas en minerales que los romanos apreciaban.<\/em> &#8211; texto del post sobre <a href=\"https:\/\/viagemalemanha.com\/es\/baden-baden-y-sus-termas\/\">las termas de Baden-Baden<\/a><\/p>\n\n\n\n<blockquote class=\"wp-block-quote is-layout-flow wp-block-quote-is-layout-flow\">\n<p>\u00bfQuieres conocer m\u00e1s de la historia del Imperio Romano, sus emperadores y sus legados? \u00bfAdem\u00e1s de viajar con gu\u00edas especializados y rutas planeadas exclusivamente para ti? <em><strong>\u00a1Cont\u00e1ctanos, haremos realidad tu viaje a Alemania!<\/strong><\/em><\/p>\n<\/blockquote>\n\n\n\n<figure class=\"wp-block-gallery has-nested-images columns-default is-cropped wp-block-gallery-1 is-layout-flex wp-block-gallery-is-layout-flex\">\n<figure class=\"wp-block-image size-full\"><img decoding=\"async\" data-id=\"5180\" src=\"https:\/\/viagemalemanha.com\/wp-content\/uploads\/2025\/05\/image-2-1.png\" alt=\"Termas en Alemania. Gu\u00eda en espa\u00f1ol en Alemania. Caracalla. Alemania. Baden-Baden\" class=\"wp-image-5180\" \/><figcaption class=\"wp-element-caption\">Trinkhalle en el complejo de spa Kurhaus en Baden-Baden<\/figcaption><\/figure>\n\n\n\n<figure class=\"wp-block-image size-full\"><img decoding=\"async\" data-id=\"5181\" src=\"https:\/\/viagemalemanha.com\/wp-content\/uploads\/2025\/05\/image-3-2.png\" alt=\"Termas en Alemania. Gu\u00eda en espa\u00f1ol en Alemania. Caracalla. Alemania. Baden-Baden\" class=\"wp-image-5181\" \/><figcaption class=\"wp-element-caption\">Trinkhalle en el complejo de spa Kurhaus en Baden-Baden<\/figcaption><\/figure>\n<\/figure>\n\n\n\n<p><\/p>\n\n\n\n<h2 class=\"wp-block-heading\"><strong>Termas de Badenweiler<\/strong><\/h2>\n\n\n\n<p>Las ruinas de las termas de Badenweiler, en el estado de Baden-W\u00fcrttemberg, est\u00e1n entre las m\u00e1s antiguas termas romanas de Alemania, datadas del siglo I d.C. De esta manera, fueron construidas sobre fuentes termales naturales que ya eran conocidas por los celtas antes de la llegada de los romanos. Las \u00e1reas de las piscinas, dise\u00f1adas para agua fr\u00eda y caliente, est\u00e1n preservadas. Adem\u00e1s, el sistema de calefacci\u00f3n por hipocausto, una tecnolog\u00eda pionera que anticipa la calefacci\u00f3n por suelo moderno, es un elemento destacado en el lugar. <em>Hoy, las ruinas est\u00e1n protegidas por una estructura de vidrio para su preservaci\u00f3n, permitiendo que los visitantes vean c\u00f3mo era originalmente.<\/em> \u00a1Vale la pena la visita!<\/p>\n\n\n\n<p>La <a href=\"https:\/\/www.staatsbad-badenweiler.de\/en\" target=\"_blank\" rel=\"noopener\">Casa de ba\u00f1os termales Cassiopeia<\/a> de Badenweiler recupera parte de la tradici\u00f3n romana en sus termas que remontan al per\u00edodo romano. Entre las opciones de ba\u00f1o hay el ba\u00f1o romano-irland\u00e9s que retoma parte de la tradici\u00f3n de ba\u00f1os de los romanos.<\/p>\n\n\n\n<h2 class=\"wp-block-heading\" id=\"h-termas-imperiais-kaiserthermen-trier\"><strong>Termas Imperiales (Kaiserthermen) &#8211; Trier<\/strong><\/h2>\n\n\n\n<p>Las Termas Imperiales, ubicadas en Trier, fueron construidas en el siglo IV d.C., durante el reinado de Constantino, el Grande. Planeadas para ser uno de los mayores complejos termales del Imperio Romano, nunca fueron completamente concluidas para su uso como termas, siendo adaptadas posteriormente para otros fines. Sin embargo, durante la Edad Media, las termas fueron utilizadas como fortaleza y parte de un muro defensivo.<\/p>\n\n\n\n<figure class=\"wp-block-image size-large\"><img decoding=\"async\" src=\"https:\/\/viagemalemanha.com\/wp-content\/uploads\/2025\/05\/trier-keiserthermen.jpg\" alt=\"Termas en Alemania. Gu\u00eda en espa\u00f1ol en Alemania. Caracalla. Alemania. Trier\" class=\"wp-image-5179\" \/><figcaption class=\"wp-element-caption\">Kaiserthermen en Trier (Imagen de&nbsp;heberhard&nbsp;de&nbsp;Pixabay)<\/figcaption><\/figure>\n\n\n\n<p>Las ruinas est\u00e1n bien preservadas y son uno de los mayores ejemplos de termas romanas al norte de los Alpes, reconocidas como Patrimonio Mundial de la UNESCO.<\/p>\n\n\n\n<h2 class=\"wp-block-heading\" id=\"h-ruinas-do-banho-romano-de-hufingen\"><strong>Ruinas del Ba\u00f1o Romano de H\u00fcfingen<\/strong><\/h2>\n\n\n\n<p>Son un testimonio notable de la cultura de ba\u00f1os romana y est\u00e1n entre <em>los ejemplos m\u00e1s antiguos de ba\u00f1os en un fuerte al norte de los Alpes.<\/em> Alrededor del 70 d.C., legiones romanas cruzaron los Alpes para construir y proteger la frontera romana, donde erigieron un fuerte que inclu\u00eda un <em>balineum<\/em> \u2013 una casa de ba\u00f1os para los soldados &#8211; que en el futuro sirvi\u00f3 para el pueblo.<\/p>\n\n\n\n<p>Las termas de H\u00fcfingen poseen un \u00e1rea de aproximadamente 570 m\u00b2 y presentan de manera bell\u00edsima el funcionamiento de las termas en el per\u00edodo, ya que su estructura permanece casi intacta &#8211; si imaginamos que existe desde hace casi 2000 a\u00f1os.<\/p>\n\n\n\n<h2 class=\"wp-block-heading\" id=\"h-termas-de-wiesbaden-aquae-mattiacorum\"><strong>Termas de Wiesbaden (Aquae Mattiacorum)<\/strong><\/h2>\n\n\n\n<p>Wiesbaden era conocida como <em>Aquae Mattiacorum<\/em> por los romanos, nombre derivado de la tribu germ\u00e1nica de los mattiacos. Por eso, sus fuentes termales locales atrajeron a los romanos, que construyeron un complejo de ba\u00f1os en el siglo I d.C.<\/p>\n\n\n\n<p>El lugar m\u00e1s conocido es el Kurshaus, que significa Casa de Cura, donde estaban las famosas termas de Wiesbaden. Hoy, este lugar alberga el<strong> Casino de Wiesbaden<\/strong>, uno de los m\u00e1s antiguos de Alemania y m\u00e1s famosos. Esto porque fue donde Fyodor Dostoyevsky perdi\u00f3 todo su dinero y escribi\u00f3 la historia en su libro \u201cEl Jugador\u201d (Der Spieler, The Gambler).<\/p>\n\n\n\n<p>Restos de las termas romanas est\u00e1n enterrados, pero las fuentes termales a\u00fan son utilizadas en spas modernos, como el famoso <strong><em>Kaiser-Friedrich-Therme.<\/em><\/strong><\/p>\n\n\n\n<h2 class=\"wp-block-heading\" id=\"h-viaje-conosco-para-a-alemanha\">Viaja con nosotros a Alemania<\/h2>\n\n\n\n<p><strong>Con una combinaci\u00f3n \u00fanica de historia, cultura, naturaleza y modernidad, Alemania es el destino ideal para tus pr\u00f3ximas vacaciones.&nbsp;<\/strong>En 2025, perm\u00edtete descubrir todo lo que este incre\u00edble pa\u00eds tiene para ofrecer. Y para garantizar un viaje perfecto, cuenta con Viagem Alemanha. Cont\u00e1ctanos para m\u00e1s informaci\u00f3n y viajes personalizados. \u00a1Planifiquemos juntos tu viaje por Alemania!<\/p>\n\n\n\n<p><strong><em>Queremos hacer que tu viaje a Alemania sea \u00fanico y especial. Para ello, nuestros servicios son personalizados para ti!<\/em><\/strong><\/p>\n\n\n\n<ul class=\"wp-block-list\">\n<li>Paseos guiados privados en espa\u00f1ol<\/li>\n\n\n\n<li><a href=\"https:\/\/viagemalemanha.com\/consultoria-de-viagem\/\">Dise\u00f1o y organizaci\u00f3n de itinerarios<\/a><\/li>\n\n\n\n<li>Seguimiento&nbsp;<\/li>\n\n\n\n<li>Paseos en barco<\/li>\n\n\n\n<li>Eventos y experiencias locales<\/li>\n\n\n\n<li><a href=\"https:\/\/viagemalemanha.com\/es\/nuestros-servicios\/\">Transfers<\/a><\/li>\n\n\n\n<li>Paseos en bicicleta<\/li>\n\n\n\n<li>Entradas<\/li>\n<\/ul>\n\n\n\n<blockquote class=\"wp-block-quote is-layout-flow wp-block-quote-is-layout-flow\">\n<p>Cont\u00e1ctanos:<\/p>\n\n\n<\/blockquote>\n","protected":false},"excerpt":{"rendered":"<p>Con la nueva pel\u00edcula de los Gladiadores, el nombre del emperador Caracalla ha salido a la luz y, con \u00e9l, podemos abordar las termas creadas por Caracalla en Roma y la presencia de termas en Alemania, como en Baden-Baden. Pero, primero, \u00bfqui\u00e9n fue Caracalla? Marco Aurelio Antonino, conocido como Caracalla, fue emperador romano de 211 [&hellip;]<\/p>\n","protected":false},"author":2,"featured_media":76729,"comment_status":"open","ping_status":"open","sticky":false,"template":"","format":"standard","meta":{"_acf_changed":false,"tripadvisor_id":"","rating":0,"reviewer_name":"","review_date":"","trip_type":"","helpful_votes":0,"source_url":"","reviewer_gravatar":"","review_type":"","footnotes":""},"categories":[491,496,483,506],"tags":[],"class_list":["post-53952","post","type-post","status-publish","format-standard","has-post-thumbnail","hentry","category-datos-interesantes","category-descubriendo-alemania","category-historia","category-romanos"],"acf":[],"_links":{"self":[{"href":"https:\/\/viagemalemanha.com\/es\/wp-json\/wp\/v2\/posts\/53952","targetHints":{"allow":["GET"]}}],"collection":[{"href":"https:\/\/viagemalemanha.com\/es\/wp-json\/wp\/v2\/posts"}],"about":[{"href":"https:\/\/viagemalemanha.com\/es\/wp-json\/wp\/v2\/types\/post"}],"author":[{"embeddable":true,"href":"https:\/\/viagemalemanha.com\/es\/wp-json\/wp\/v2\/users\/2"}],"replies":[{"embeddable":true,"href":"https:\/\/viagemalemanha.com\/es\/wp-json\/wp\/v2\/comments?post=53952"}],"version-history":[{"count":2,"href":"https:\/\/viagemalemanha.com\/es\/wp-json\/wp\/v2\/posts\/53952\/revisions"}],"predecessor-version":[{"id":65562,"href":"https:\/\/viagemalemanha.com\/es\/wp-json\/wp\/v2\/posts\/53952\/revisions\/65562"}],"wp:featuredmedia":[{"embeddable":true,"href":"https:\/\/viagemalemanha.com\/es\/wp-json\/wp\/v2\/media\/76729"}],"wp:attachment":[{"href":"https:\/\/viagemalemanha.com\/es\/wp-json\/wp\/v2\/media?parent=53952"}],"wp:term":[{"taxonomy":"category","embeddable":true,"href":"https:\/\/viagemalemanha.com\/es\/wp-json\/wp\/v2\/categories?post=53952"},{"taxonomy":"post_tag","embeddable":true,"href":"https:\/\/viagemalemanha.com\/es\/wp-json\/wp\/v2\/tags?post=53952"}],"curies":[{"name":"wp","href":"https:\/\/api.w.org\/{rel}","templated":true}]}}