{"id":53956,"date":"2024-11-07T22:38:50","date_gmt":"2024-11-08T01:38:50","guid":{"rendered":"https:\/\/viagemalemanha.com\/?p=53956"},"modified":"2026-02-04T10:52:25","modified_gmt":"2026-02-04T13:52:25","slug":"turismo-en-los-alpes-de-alemania-alpes-y-sus-encantadoras-ciudades-en-alemania","status":"publish","type":"post","link":"https:\/\/viagemalemanha.com\/es\/turismo-en-los-alpes-de-alemania-alpes-y-sus-encantadoras-ciudades-en-alemania\/","title":{"rendered":"Turismo en los Alpes de Alemania &#8211; Alpes y sus encantadoras ciudades en Alemania"},"content":{"rendered":"\n<p>\u00a1Para quienes piensan que solo existen los Alpes Suizos, est\u00e1n equivocados! La cordillera de los Alpes se extiende por Suiza, Austria, Hungr\u00eda, Italia, Austria, Eslovenia, Liechtenstein, Francia, M\u00f3naco <strong>y por el sur de Alemania.<\/strong> Sin duda, es uno de los lugares m\u00e1s especiales de Alemania. Esto se debe a que la combinaci\u00f3n de la cultura alemana, con las monta\u00f1as alpinas y los lagos que lo rodean crean una vista espectacular.<\/p>\n\n\n\n<figure class=\"wp-block-image alignleft size-large is-resized\"><img decoding=\"async\" src=\"https:\/\/viagemalemanha.com\/wp-content\/uploads\/2025\/05\/Fussen-e-Turismo-nos-Alpes-da-Alemanha-2-scaled.jpg\" alt=\"\" class=\"wp-image-5169\" style=\"width:484px;height:auto\" \/><\/figure>\n\n\n\n<div class=\"wp-block-rank-math-toc-block\"><h2>\u00cdndice <\/h2><nav><ul><li><a href=\"#h-garmisch-partenkirchen\">Garmisch-Partenkirchen<\/a><\/li><li><a href=\"#h-fussen\">F\u00fcssen<\/a><\/li><li><a href=\"#h-berchtesgaden\">Berchtesgaden<\/a><\/li><li><a href=\"#h-oberstdorf\">Oberstdorf<\/a><\/li><li><a href=\"#h-mittenwald\">Mittenwald<\/a><\/li><li><a href=\"#h-viaje-conosco-para-a-alemanha\">Viaje conosco para a Alemanha<\/a><\/li><\/nav><\/ul><\/div>\n\n\n\n<p class=\"yoast-reading-time__wrapper\"><span class=\"yoast-reading-time__icon\"><\/span><span class=\"yoast-reading-time__descriptive-text\">Tiempo estimado de lectura:  <\/span><span class=\"yoast-reading-time__reading-time\">12<\/span><span class=\"yoast-reading-time__time-unit\"> minutos<\/span><\/p>\n\n\n\n<p>\u00a1Tenemos un <a href=\"https:\/\/viagemalemanha.com\/es\/los-alpes\/\">post completo sobre los Alpes<\/a> aqu\u00ed en el blog! Adem\u00e1s, ofrecemos un paseo exclusivo con coches deportivos por las monta\u00f1as alpinas, con todos los detalles realizados por nuestro equipo especialista en viajes en Alemania y la regi\u00f3n, <a href=\"https:\/\/viagemalemanha.com\/es\/turismo-en-los-alpes-con-coches-deportivos-de-lujo\/\">\u00a1cons\u00faltalo aqu\u00ed!<\/a> Ahora, conozcamos las ciudades m\u00e1s especiales para visitar ubicadas en la regi\u00f3n de los Alpes:<\/p>\n\n\n\n<h2 class=\"wp-block-heading\" id=\"h-garmisch-partenkirchen\"><strong>Garmisch-Partenkirchen<\/strong><\/h2>\n\n\n\n<p><a href=\"https:\/\/viagemalemanha.com\/es\/explorando-garmisch-partenkirchen-con-guias-latinos\/\">Garmisch-Partenkirchen<\/a> es un destino imperdible para quienes desean explorar el <em>encanto de los Alpes b\u00e1varos, ya sea en verano o en invierno.<\/em> Esta pintoresca ciudad, rodeada de impresionantes paisajes monta\u00f1osos, ofrece una combinaci\u00f3n perfecta de aventura, historia y cultura b\u00e1vara. Entre las actividades m\u00e1s buscadas est\u00e1 la <strong>subida al <a href=\"https:\/\/viagemalemanha.com\/es\/zugspitze-la-montana-mas-alta-de-alemania\/\">Zugspitze, <\/a>el pico m\u00e1s alto de Alemania.<\/strong> Con una vista que se extiende por cuatro pa\u00edses en d\u00edas claros, es posible llegar a la cima en tren o telef\u00e9rico, garantizando una experiencia inolvidable.<\/p>\n\n\n\n<p>Adem\u00e1s del Zugspitze, <strong><em>Garmisch es famosa por sus senderos.<\/em><\/strong> El <a href=\"https:\/\/viagemalemanha.com\/es\/desfiladero-partnachklamm-en-alemania-garmisch-partenkirchen\/\">Partnachklamm<\/a>, un impresionante desfiladero con cascadas y pasarelas suspendidas, es un paseo emocionante, especialmente en invierno.<\/p>\n\n\n\n<figure class=\"wp-block-gallery has-nested-images columns-default is-cropped wp-block-gallery-1 is-layout-flex wp-block-gallery-is-layout-flex\">\n<figure class=\"wp-block-image size-large\"><img decoding=\"async\" data-id=\"5134\" src=\"https:\/\/viagemalemanha.com\/wp-content\/uploads\/2025\/05\/IMG_4018-2-1.jpg\" alt=\"Garmisch-Partenkirchen en Alemania. Gu\u00eda brasile\u00f1a en Alemania. Alpes.\" class=\"wp-image-5134\" \/><figcaption class=\"wp-element-caption\">Garmisch-Partenkirchen<\/figcaption><\/figure>\n\n\n\n<figure class=\"wp-block-image size-large\"><img decoding=\"async\" data-id=\"5136\" src=\"https:\/\/viagemalemanha.com\/wp-content\/uploads\/2025\/05\/IMG_9503-1.jpg\" alt=\"Garmisch-Partenkirchen en Alemania. Gu\u00eda brasile\u00f1a en Alemania. Alpes.\" class=\"wp-image-5136\" \/><figcaption class=\"wp-element-caption\">Vista de los Alpes desde el Zugspitze<\/figcaption><\/figure>\n<\/figure>\n\n\n\n<p>\u00ab<em>\u00bfImaginas caminar entre enormes rocas y una belleza natural absolutamente asombrosa? El <a href=\"https:\/\/viagemalemanha.com\/es\/desfiladero-partnachklamm-en-alemania-garmisch-partenkirchen\/\">Desfiladero Partnachklamm<\/a>, ubicado cerca de la ciudad de&nbsp;Garmisch-Partenkirchen, en Baviera, es una de las&nbsp;<strong>atracciones naturales m\u00e1s impresionantes de Alemania.&nbsp;<\/strong>Este desfiladero, <strong>esculpido por la fuerza del r\u00edo Partnach <\/strong>a lo largo de miles de a\u00f1os, ofrece a los visitantes una experiencia \u00fanica de belleza natural y geol\u00f3gica.<\/em>\u00bb &#8211; post sobre el Partnachklamm en nuestro blog.<\/p>\n\n\n\n<figure class=\"wp-block-gallery has-nested-images columns-default is-cropped wp-block-gallery-2 is-layout-flex wp-block-gallery-is-layout-flex\">\n<figure class=\"wp-block-image size-large\"><img decoding=\"async\" data-id=\"5137\" src=\"https:\/\/viagemalemanha.com\/wp-content\/uploads\/2025\/05\/garmisch-alemanha-germany-zugspitze.jpg\" alt=\"Garmisch-Partenkirchen en Alemania. Gu\u00eda brasile\u00f1a en Alemania. Alpes. Partnachklamm\" class=\"wp-image-5137\" \/><figcaption class=\"wp-element-caption\">Partnachklamm en Garmisch<\/figcaption><\/figure>\n\n\n\n<figure class=\"wp-block-image size-large\"><img decoding=\"async\" data-id=\"5132\" src=\"https:\/\/viagemalemanha.com\/wp-content\/uploads\/2025\/05\/garmisch-alemanha-zugspitze.jpg\" alt=\"Garmisch-Partenkirchen en Alemania. Gu\u00eda brasile\u00f1a en Alemania. Alpes.\" class=\"wp-image-5132\" \/><figcaption class=\"wp-element-caption\">Partnachklamm en Garmisch<\/figcaption><\/figure>\n<\/figure>\n\n\n\n<p>Para los amantes de los deportes de invierno, Garmisch tambi\u00e9n es conocida por sus pistas de esqu\u00ed, que son escenario de campeonatos internacionales, como el Torneo de Esqu\u00ed de los Cuatro Trampolines. Ya en verano, las monta\u00f1as se convierten en un para\u00edso para caminatas y ciclismo, con senderos para todos los niveles.<\/p>\n\n\n\n<p>Al caminar por el centro hist\u00f3rico, encontrar\u00e1s hermosas <strong>casas con fachadas pintadas y t\u00edpicas construcciones en estilo b\u00e1varo,<\/strong> adem\u00e1s de diversas tiendas, caf\u00e9s y restaurantes acogedores, donde es posible probar platos tradicionales, como el famoso Schnitzel y el Apfelstrudel.<\/p>\n\n\n\n<blockquote class=\"wp-block-quote is-layout-flow wp-block-quote-is-layout-flow\">\n<p>S<em>i deseas una experiencia completa, con un toque de exclusividad, nuestro equipo ofrece paseos personalizados en Garmisch y la regi\u00f3n, con itinerarios adaptados a tu perfil.<\/em><\/p>\n<\/blockquote>\n\n\n\n<h2 class=\"wp-block-heading\" id=\"h-fussen\"><strong>F\u00fcssen<\/strong><\/h2>\n\n\n\n<p>Ubicada en el extremo sur de la <a href=\"https:\/\/viagemalemanha.com\/es\/las-rutas-de-alemania-de-la-ruta-romantica-a-la-de-los-cuentos-de-hadas\/\">Ruta Rom\u00e1ntica,<\/a> F\u00fcssen se encuentra a menos de cinco kil\u00f3metros del famoso <a href=\"https:\/\/viagemalemanha.com\/es\/neuschwanstein-y-hohenschwangau-el-legado-de-los-reyes-de-baviera\/\">Palacio Neuschwanstein<\/a>, una de las atracciones m\u00e1s ic\u00f3nicas de Alemania. La visita al castillo es una experiencia \u00fanica, ofreciendo vistas panor\u00e1micas del lago <a href=\"https:\/\/viagemalemanha.com\/es\/que-hacer-en-alemania-guias-brasilenos-en-alemania\/\">Alpsee y del valle de Hohenschwangau<\/a>, adem\u00e1s de que el propio castillo es bell\u00edsimo y guarda grandes tecnolog\u00edas de su \u00e9poca y el buen gusto del rey Ludwig II.<\/p>\n\n\n\n<p>Adem\u00e1s del <a href=\"https:\/\/viagemalemanha.com\/es\/palacio-neuschwanstein-viaje-alemania-entrevista\/\">Neuschwanstein<\/a>, F\u00fcssen es el hogar del <a href=\"https:\/\/viagemalemanha.com\/es\/neuschwanstein-y-hohenschwangau-el-legado-de-los-reyes-de-baviera\/\">Palacio Hohenschwangau,<\/a> donde el rey Ludwig II pas\u00f3 su infancia. Aunque menos conocido, este castillo ofrece una perspectiva fascinante sobre la vida de la realeza b\u00e1vara y una inmersi\u00f3n en las historias que inspiraron a Ludwig. Los visitantes pueden explorar los jardines y salones decorados, adem\u00e1s de disfrutar de vistas espectaculares de las monta\u00f1as circundantes.<\/p>\n\n\n\n<figure class=\"wp-block-gallery has-nested-images columns-default is-cropped wp-block-gallery-3 is-layout-flex wp-block-gallery-is-layout-flex\">\n<figure class=\"wp-block-image size-large\"><img decoding=\"async\" data-id=\"5143\" src=\"https:\/\/viagemalemanha.com\/wp-content\/uploads\/2025\/05\/fussen-alemanha-germany-alpes-1-scaled.jpg\" alt=\"Fussen en Alemania. Gu\u00eda brasile\u00f1a en Alemania. Alpes. \" class=\"wp-image-5143\" \/><figcaption class=\"wp-element-caption\">Calle en F\u00fcssen<\/figcaption><\/figure>\n\n\n\n<figure class=\"wp-block-image size-large\"><img decoding=\"async\" data-id=\"5138\" src=\"https:\/\/viagemalemanha.com\/wp-content\/uploads\/2025\/05\/IMG_5906-1-rotated.jpg\" alt=\"Fussen en Alemania. Gu\u00eda brasile\u00f1a en Alemania. Alpes. neuschwanstein\" class=\"wp-image-5138\" \/><figcaption class=\"wp-element-caption\">Palacio Neuschwanstein<\/figcaption><\/figure>\n<\/figure>\n\n\n\n<p>Pero F\u00fcssen no es solo castillos \u2013 la ciudad en s\u00ed es una verdadera invitaci\u00f3n a agradables caminatas. Con calles estrechas y construcciones coloridas en estilo medieval, el centro hist\u00f3rico de F\u00fcssen encanta con su encanto y tranquilidad. La iglesia St. Mang, ubicada en la Abad\u00eda de F\u00fcssen que hoy alberga el museo c\u00edvico de la ciudad, es un lugar que merece especial atenci\u00f3n por los frescos que decoran su interior. Otra parada imperdible es el Lechfall, una peque\u00f1a cascada de tres metros de altura ubicada en las afueras de la ciudad, donde el r\u00edo Lech crea un paisaje impresionante con sus aguas cristalinas.<\/p>\n\n\n\n<figure class=\"wp-block-gallery has-nested-images columns-default is-cropped wp-block-gallery-4 is-layout-flex wp-block-gallery-is-layout-flex\">\n<figure class=\"wp-block-image size-large\"><img decoding=\"async\" data-id=\"5140\" src=\"https:\/\/viagemalemanha.com\/wp-content\/uploads\/2025\/05\/fussen-germany-alemanha-alps.jpg\" alt=\"Fussen en Alemania. Gu\u00eda brasile\u00f1a en Alemania. Alpes.\" class=\"wp-image-5140\" \/><figcaption class=\"wp-element-caption\">Monasterio benedictino en F\u00fcssen &#8211; sin nieve<\/figcaption><\/figure>\n\n\n\n<figure class=\"wp-block-image size-large\"><img decoding=\"async\" data-id=\"5142\" src=\"https:\/\/viagemalemanha.com\/wp-content\/uploads\/2025\/05\/fussen-alemanha-germany-alpes.jpg\" alt=\"Fussen en Alemania. Gu\u00eda brasile\u00f1a en Alemania. Alpes.\" class=\"wp-image-5142\" \/><figcaption class=\"wp-element-caption\">Monasterio benedictino en F\u00fcssen &#8211; con nieve<\/figcaption><\/figure>\n<\/figure>\n\n\n\n<p>En verano, es posible caminar por los senderos que rodean los <a href=\"https:\/\/viagemalemanha.com\/es\/lagos-de-alemania-explorando-la-belleza-natural-de-alemania-con-nuestros-paseos-guiados-en-espanol\/\">lagos Alpsee y Forggensee,<\/a> que reflejan las monta\u00f1as circundantes y crean un escenario m\u00e1gico del cual estamos enamorados. Ya en invierno, F\u00fcssen es un punto de partida perfecto para actividades como esqu\u00ed y patinaje sobre hielo, adem\u00e1s de paseos en trineo.<\/p>\n\n\n\n<h2 class=\"wp-block-heading\" id=\"h-berchtesgaden\"><strong>Berchtesgaden<\/strong><\/h2>\n\n\n\n<p>Berchtesgaden, una joya escondida en los Alpes b\u00e1varos y ubicada en la frontera con Austria. El punto de partida para muchos visitantes es el <a href=\"https:\/\/viagemalemanha.com\/es\/lagos-de-alemania-explorando-la-belleza-natural-de-alemania-con-nuestros-paseos-guiados-en-espanol\/\">Lago K\u00f6nigssee<\/a>, famoso por sus aguas cristalinas y rodeado de imponentes monta\u00f1as. El paseo en barco por el lago revela a\u00fan m\u00e1s las bellezas que lo rodean, en el paseo puedes escuchar la reverberaci\u00f3n del sonido de un saxof\u00f3n por cuenta de las monta\u00f1as. El paseo en barco lleva a los viajeros hasta la ic\u00f3nica iglesia de <a href=\"https:\/\/www.berchtesgaden.de\/bartholomae\" target=\"_blank\" rel=\"noopener\">St. Bartholom\u00e4<\/a>, una peque\u00f1a capilla de c\u00fapulas rojas situada en una pen\u00ednsula.&nbsp;<\/p>\n\n\n\n<figure class=\"wp-block-image size-large\"><img decoding=\"async\" src=\"https:\/\/viagemalemanha.com\/wp-content\/uploads\/2025\/05\/IMG_2634.jpg\" alt=\"Berchtesgaden en Alemania. Gu\u00eda brasile\u00f1a en Alemania. Alpes. Lago Konigssee\" class=\"wp-image-5144\" \/><figcaption class=\"wp-element-caption\">Lago K\u00f6nigssee<\/figcaption><\/figure>\n\n\n\n<p>Adem\u00e1s del Lago K\u00f6nigssee, Berchtesgaden es hogar del <strong>Parque Nacional Berchtesgaden,<\/strong> una \u00e1rea de preservaci\u00f3n natural que ofrece senderos para todos los niveles de dificultad. Entre los senderos m\u00e1s famosos est\u00e1 la caminata hasta el Watzmann, la tercera monta\u00f1a m\u00e1s alta de Alemania y un verdadero desaf\u00edo para los aventureros.&nbsp;<\/p>\n\n\n\n<p>Otro punto destacado en Berchtesgaden es el <strong>Kehlsteinhaus,<\/strong> tambi\u00e9n conocido como Nido del \u00c1guila, una construcci\u00f3n situada en lo alto de una monta\u00f1a, que fue originalmente construida como un regalo de cumplea\u00f1os para Adolf Hitler. Hoy, el lugar funciona como un restaurante y ofrece vistas espectaculares de toda la regi\u00f3n, convirti\u00e9ndose en una atracci\u00f3n imperdible tanto por el contexto hist\u00f3rico como por la belleza de los paisajes que lo rodean. La subida hasta el Kehlsteinhaus puede hacerse en autob\u00fas especial y, en los \u00faltimos metros, por un ascensor excavado directamente en la roca \u2013 una experiencia que a\u00f1ade un toque de aventura a la visita.<\/p>\n\n\n\n<figure class=\"wp-block-gallery has-nested-images columns-default is-cropped wp-block-gallery-5 is-layout-flex wp-block-gallery-is-layout-flex\">\n<figure class=\"wp-block-image size-large\"><img decoding=\"async\" data-id=\"5146\" src=\"https:\/\/viagemalemanha.com\/wp-content\/uploads\/2025\/05\/berchtesgaden-Kehlsteinhaus-germany-alemanha.jpg\" alt=\"Berchtesgaden en Alemania. Gu\u00eda brasile\u00f1a en Alemania. Alpes. Kehlsteinhaus - Nido del \u00c1guila\" class=\"wp-image-5146\" \/><figcaption class=\"wp-element-caption\">Kehlsteinhaus &#8211; Nido del \u00c1guila (Imagen de&nbsp;crischi&nbsp;de&nbsp;Pixabay)<\/figcaption><\/figure>\n\n\n\n<figure class=\"wp-block-image size-large\"><img decoding=\"async\" data-id=\"5145\" src=\"https:\/\/viagemalemanha.com\/wp-content\/uploads\/2025\/05\/IMG_2717.jpg\" alt=\"Kehlsteinhaus - Nido del \u00c1guila. Berchtesgaden en Alemania. Gu\u00eda brasile\u00f1a en Alemania. Alpes.\" class=\"wp-image-5145\" \/><figcaption class=\"wp-element-caption\">Vista desde el Kehlsteinhaus &#8211; Nido del \u00c1guila<\/figcaption><\/figure>\n<\/figure>\n\n\n\n<p>En el centro de la ciudad de Berchtesgaden, el visitante encontrar\u00e1 un encantador n\u00facleo hist\u00f3rico con construcciones t\u00edpicas en estilo b\u00e1varo, adem\u00e1s de museos que cuentan la historia local y la vida en las monta\u00f1as.<\/p>\n\n\n\n<h2 class=\"wp-block-heading\" id=\"h-oberstdorf\"><strong>Oberstdorf<\/strong><\/h2>\n\n\n\n<p>Ubicada muy cerca de la frontera con Austria, Oberstdorf es otra de las ciudades alpinas. Uno de los grandes atractivos de la ciudad es la subida al Nebelhorn, una de las monta\u00f1as m\u00e1s altas de la regi\u00f3n, que ofrece una vista panor\u00e1mica espectacular de los Alpes y, en d\u00edas claros, permite avistar hasta 400 picos alrededor. La subida puede hacerse en telef\u00e9rico y, en la cima, adem\u00e1s de las vistas, hay varios senderos para explorar, ideales para caminatas y paseos tranquilos.<\/p>\n\n\n\n<figure class=\"wp-block-gallery has-nested-images columns-default is-cropped wp-block-gallery-6 is-layout-flex wp-block-gallery-is-layout-flex\">\n<figure class=\"wp-block-image size-large\"><img decoding=\"async\" data-id=\"5147\" src=\"https:\/\/viagemalemanha.com\/wp-content\/uploads\/2025\/05\/Oberstdorf-germany-alps-alemanha-2-rotated.jpg\" alt=\"Oberstdorf en Alemania. Gu\u00eda brasile\u00f1a en Alemania. Alpes.\" class=\"wp-image-5147\" \/><\/figure>\n\n\n\n<figure class=\"wp-block-image size-large\"><img decoding=\"async\" data-id=\"5149\" src=\"https:\/\/viagemalemanha.com\/wp-content\/uploads\/2025\/05\/Oberstdorf-germany-alps-alemanha.jpg\" alt=\"Oberstdorf en Alemania. Gu\u00eda brasile\u00f1a en Alemania. Alpes.\" class=\"wp-image-5149\" \/><\/figure>\n\n\n\n<figure class=\"wp-block-image size-large\"><img decoding=\"async\" data-id=\"5148\" src=\"https:\/\/viagemalemanha.com\/wp-content\/uploads\/2025\/05\/Oberstdorf-germany-alemanha-alps.jpg\" alt=\"Oberstdorf en Alemania. Gu\u00eda brasile\u00f1a en Alemania. Alpes.\" class=\"wp-image-5148\" \/><\/figure>\n<\/figure>\n\n\n\n<p>Una de las rutas m\u00e1s populares es la caminata hasta el Lago Freibergsee, un lago alpino rodeado de monta\u00f1as, donde es posible nadar y disfrutar del sol en medio de un escenario deslumbrante. Otra actividad imperdible es la ruta hasta la Breitachklamm, un impresionante desfiladero donde el r\u00edo Breitach corre entre formaciones rocosas, creando cascadas y piscinas naturales.<\/p>\n\n\n\n<h2 class=\"wp-block-heading\" id=\"h-mittenwald\"><strong>Mittenwald<\/strong><\/h2>\n\n\n\n<p>Conocida como la \u00abciudad de los violines\u00bb, Mittenwald tiene una rica tradici\u00f3n en luter\u00eda \u2013 el arte de fabricaci\u00f3n de instrumentos de cuerda. Un excelente punto de partida para explorar este legado es el Museo del Viol\u00edn (Geigenbaumuseum), donde es posible aprender sobre la historia centenaria de la ciudad en la construcci\u00f3n de violines y otros instrumentos.<\/p>\n\n\n\n<figure class=\"wp-block-gallery has-nested-images columns-default is-cropped wp-block-gallery-7 is-layout-flex wp-block-gallery-is-layout-flex\">\n<figure class=\"wp-block-image size-large\"><img decoding=\"async\" data-id=\"5150\" src=\"https:\/\/viagemalemanha.com\/wp-content\/uploads\/2025\/05\/mittenwald-germany-alps-alemanha-2.jpg\" alt=\"Mittenwald en Alemania. Gu\u00eda brasile\u00f1a en Alemania. Alpes.\" class=\"wp-image-5150\" \/><\/figure>\n\n\n\n<figure class=\"wp-block-image size-large\"><img decoding=\"async\" data-id=\"5151\" src=\"https:\/\/viagemalemanha.com\/wp-content\/uploads\/2025\/05\/mittenwald-germany-alps-alemanha-1.jpg\" alt=\"Mittenwald en Alemania. Gu\u00eda brasile\u00f1a en Alemania. Alpes.\" class=\"wp-image-5151\" \/><\/figure>\n<\/figure>\n\n\n\n<p>La ciudad est\u00e1 rodeada por los Alpes de Karwendel, lo que hace que la regi\u00f3n sea perfecta para caminatas y senderos. El telef\u00e9rico Karwendelbahn lleva a los visitantes hasta la cima de las monta\u00f1as. Para los aventureros, tambi\u00e9n hay la posibilidad de seguir la famosa ruta hasta el Lautersee, un lago de aguas cristalinas rodeado de monta\u00f1as, ideal para un picnic o un chapuz\u00f3n durante el verano. Mittenwald, al igual que todas estas ciudades alpinas, tiene su mayor atractivo en invierno.<\/p>\n\n\n\n<p>Paseando por el centro de la ciudad, encontrar\u00e1s calles repletas de fachadas decoradas con pinturas tradicionales llamadas \u201cL\u00fcftlmalerei\u201d, que retratan escenas de la vida alpina y historias b\u00edblicas. Esta tradici\u00f3n de decoraci\u00f3n de fachadas es una de las marcas de Mittenwald y a\u00f1ade a\u00fan m\u00e1s encanto a las construcciones en estilo b\u00e1varo.<\/p>\n\n\n\n<p>La regi\u00f3n es muy rica en historia, incluso con trazos a\u00fan visibles del per\u00edodo romano. En el v\u00eddeo a continuaci\u00f3n, Raphael muestra un poco de una carretera romana que presentamos a los m\u00e1s interesados en la historia de la regi\u00f3n.<\/p>\n\n\n\n<figure class=\"wp-block-embed is-type-video is-provider-youtube wp-block-embed-youtube wp-embed-aspect-16-9 wp-has-aspect-ratio\"><div class=\"wp-block-embed__wrapper\">\n<iframe title=\"Estrada Romana no sul da Alemanha\" width=\"422\" height=\"750\" src=\"https:\/\/www.youtube.com\/embed\/OlmEp0GzvBE?feature=oembed&#038;enablejsapi=1&#038;origin=https:\/\/viagemalemanha.com\" frameborder=\"0\" allow=\"accelerometer; autoplay; clipboard-write; encrypted-media; gyroscope; picture-in-picture; web-share\" referrerpolicy=\"strict-origin-when-cross-origin\" allowfullscreen><\/iframe>\n<\/div><\/figure>\n\n\n\n<h1 class=\"wp-block-heading\" id=\"h-viaje-conosco-para-a-alemanha\">Viaje conosco para a Alemanha<\/h1>\n\n\n\n<p><strong>Con una combinaci\u00f3n \u00fanica de historia, cultura, naturaleza y modernidad, Alemania es el destino ideal para tus pr\u00f3ximas vacaciones.<\/strong> Cont\u00e1ctanos para m\u00e1s informaci\u00f3n y paquetes de viaje personalizados. \u00a1Vamos a planear juntos tu aventura por Alemania!<\/p>\n\n\n\n<p><strong><em>\u00a1Queremos hacer que tu viaje a Alemania sea \u00fanico y especial! Para ello, nuestros servicios est\u00e1n personalizados para ti.<\/em><\/strong><\/p>\n\n\n\n<ul class=\"wp-block-list\">\n<li>Paseos guiados privados en espa\u00f1ol<\/li>\n\n\n\n<li><a href=\"https:\/\/viagemalemanha.com\/consultoria-de-viagem\/\">Dise\u00f1o y organizaci\u00f3n de <\/a><a href=\"https:\/\/viagemalemanha.com\/es\/servicios\/consultoria-de-viajes\/\">it<\/a><a href=\"https:\/\/viagemalemanha.com\/consultoria-de-viagem\/\">inerarios<\/a><\/li>\n\n\n\n<li>Seguimiento&nbsp;<\/li>\n\n\n\n<li>Consultor\u00eda de viaje <\/li>\n\n\n\n<li>Eventos y experiencias locales<\/li>\n\n\n\n<li>Transfers<\/li>\n\n\n\n<li>Paseos en bicicleta<\/li>\n\n\n\n<li>Entradas<\/li>\n<\/ul>\n\n\n\n<blockquote class=\"wp-block-quote is-layout-flow wp-block-quote-is-layout-flow\">\n<p>Cont\u00e1ctanos:<\/p>\n\n\n<\/blockquote>\n\n\n\n<p><\/p>\n","protected":false},"excerpt":{"rendered":"<p>\u00a1Para quienes piensan que solo existen los Alpes Suizos, est\u00e1n equivocados! La cordillera de los Alpes se extiende por Suiza, Austria, Hungr\u00eda, Italia, Austria, Eslovenia, Liechtenstein, Francia, M\u00f3naco y por el sur de Alemania. Sin duda, es uno de los lugares m\u00e1s especiales de Alemania. Esto se debe a que la combinaci\u00f3n de la cultura [&hellip;]<\/p>\n","protected":false},"author":2,"featured_media":54437,"comment_status":"open","ping_status":"open","sticky":false,"template":"","format":"standard","meta":{"_acf_changed":false,"tripadvisor_id":"","rating":0,"reviewer_name":"","review_date":"","trip_type":"","helpful_votes":0,"source_url":"","reviewer_gravatar":"","review_type":"","footnotes":""},"categories":[496,477,505],"tags":[],"class_list":["post-53956","post","type-post","status-publish","format-standard","has-post-thumbnail","hentry","category-descubriendo-alemania","category-destino-del-mes","category-ruta-romantica"],"acf":[],"_links":{"self":[{"href":"https:\/\/viagemalemanha.com\/es\/wp-json\/wp\/v2\/posts\/53956","targetHints":{"allow":["GET"]}}],"collection":[{"href":"https:\/\/viagemalemanha.com\/es\/wp-json\/wp\/v2\/posts"}],"about":[{"href":"https:\/\/viagemalemanha.com\/es\/wp-json\/wp\/v2\/types\/post"}],"author":[{"embeddable":true,"href":"https:\/\/viagemalemanha.com\/es\/wp-json\/wp\/v2\/users\/2"}],"replies":[{"embeddable":true,"href":"https:\/\/viagemalemanha.com\/es\/wp-json\/wp\/v2\/comments?post=53956"}],"version-history":[{"count":4,"href":"https:\/\/viagemalemanha.com\/es\/wp-json\/wp\/v2\/posts\/53956\/revisions"}],"predecessor-version":[{"id":70732,"href":"https:\/\/viagemalemanha.com\/es\/wp-json\/wp\/v2\/posts\/53956\/revisions\/70732"}],"wp:featuredmedia":[{"embeddable":true,"href":"https:\/\/viagemalemanha.com\/es\/wp-json\/wp\/v2\/media\/54437"}],"wp:attachment":[{"href":"https:\/\/viagemalemanha.com\/es\/wp-json\/wp\/v2\/media?parent=53956"}],"wp:term":[{"taxonomy":"category","embeddable":true,"href":"https:\/\/viagemalemanha.com\/es\/wp-json\/wp\/v2\/categories?post=53956"},{"taxonomy":"post_tag","embeddable":true,"href":"https:\/\/viagemalemanha.com\/es\/wp-json\/wp\/v2\/tags?post=53956"}],"curies":[{"name":"wp","href":"https:\/\/api.w.org\/{rel}","templated":true}]}}