{"id":53964,"date":"2024-09-26T10:13:57","date_gmt":"2024-09-26T13:13:57","guid":{"rendered":"https:\/\/viagemalemanha.com\/?p=53964"},"modified":"2026-02-01T02:03:50","modified_gmt":"2026-02-01T05:03:50","slug":"las-dolomitas-en-la-ruta-de-italia-a-alemania","status":"publish","type":"post","link":"https:\/\/viagemalemanha.com\/es\/las-dolomitas-en-la-ruta-de-italia-a-alemania\/","title":{"rendered":"Las Dolomitas en la ruta de Italia a Alemania"},"content":{"rendered":"\n<p>Imagen de arriba por Robert Hrovat&nbsp;de&nbsp;Pixabay<\/p>\n\n\n\n<p>Las Dolomitas son una cadena monta\u00f1osa ubicada en el norte de Italia, abarcando las regiones de V\u00e9neto, Trentino-Alto Adige y Friuli-Venezia Giulia. Forman parte de los Alpes Orientales y son conocidas por sus paisajes deslumbrantes, con picos rocosos y escarpados que se elevan dram\u00e1ticamente sobre los valles. La geolog\u00eda \u00fanica de las Dolomitas, compuesta principalmente de dolomita\u2014la roca calc\u00e1rea que da nombre a la regi\u00f3n\u2014confiere a las monta\u00f1as un color blanquecino caracter\u00edstico, especialmente cuando son iluminadas por el atardecer, creando el famoso efecto conocido como \u00abEnrosadira\u00bb, donde las monta\u00f1as adquieren tonos rosados y anaranjados.<\/p>\n\n\n\n<figure class=\"wp-block-image size-large\"><img decoding=\"async\" src=\"https:\/\/viagemalemanha.com\/wp-content\/uploads\/2025\/05\/dolomites-1195886_1280.jpg\" alt=\"Dolomitas en el camino Italia - Alemania. Viaje Alemania. Gu\u00eda brasile\u00f1a en Alemania. Gu\u00eda tur\u00edstica en Alemania. Gu\u00eda brasile\u00f1a en Italia.\" class=\"wp-image-5033\" \/><figcaption class=\"wp-element-caption\">Efecto \u00abEnrosadira\u00bb (Imagen por&nbsp;Fabio Disconzi&nbsp;de&nbsp;Pixabay)<\/figcaption><\/figure>\n\n\n\n<h3 class=\"wp-block-heading\" id=\"h-historia-e-geologia-das-dolomitas\">Historia y Geolog\u00eda de las Dolomitas<\/h3>\n\n\n\n<p>Las Dolomitas recibieron su nombre del mineralogista franc\u00e9s D\u00e9odat Gratet de Dolomieu, quien primero describi\u00f3 la composici\u00f3n de la roca dolomita a finales del siglo XVIII. Adem\u00e1s de su importancia geol\u00f3gica, las Dolomitas tambi\u00e9n desempe\u00f1aron roles significativos a lo largo de la historia humana. <strong>Durante la Primera Guerra Mundial<\/strong>, fueron escenario de intensos combates entre las fuerzas italianas y austro-h\u00fangaras, entre 1915 y 1917. De esta manera, la guerra se conoci\u00f3 como \u00abGuerra Blanca\u00bb debido a las caracter\u00edsticas blanquecinas de las rocas de la regi\u00f3n. Las monta\u00f1as a\u00fan albergan restos de trincheras, t\u00faneles y fortificaciones que atestiguan la dura realidad de las batallas en alta altitud.<\/p>\n\n\n\n<figure class=\"wp-block-image size-large\"><img decoding=\"async\" src=\"https:\/\/viagemalemanha.com\/wp-content\/uploads\/2025\/05\/dolomitasprimeiraguerramundial.jpg\" alt=\"Dolomitas en el camino Italia - Alemania. Viaje Alemania. Gu\u00eda brasile\u00f1a en Alemania. Gu\u00eda tur\u00edstica en Alemania. Gu\u00eda brasile\u00f1a en Italia.\" class=\"wp-image-5036\" \/><figcaption class=\"wp-element-caption\">Imagen por&nbsp;Andreas Gl\u00f6ckner&nbsp;de&nbsp;Pixabay<\/figcaption><\/figure>\n\n\n\n<h3 class=\"wp-block-heading\" id=\"h-as-dolomitas-e-o-conde-de-monte-cristo\">Las Dolomitas y el Conde de Monte Cristo<\/h3>\n\n\n\n<p>Las Dolomitas tienen una <strong>curiosa conexi\u00f3n con la literatura cl\u00e1sica<\/strong>, particularmente con la novela <strong>\u00abEl Conde de Monte Cristo\u00bb,<\/strong> escrita por Alexandre Dumas. Aunque el libro no se desarrolla expl\u00edcitamente en las Dolomitas, la inspiraci\u00f3n para algunas pasajes fue fuertemente influenciada por los paisajes alpinos de Europa, que Dumas habr\u00eda explorado en sus viajes. De esta manera, el escenario monta\u00f1oso, los escondites secretos y los paisajes dram\u00e1ticos descritos en la novela recuerdan mucho a la geograf\u00eda de las Dolomitas, lo que lleva a muchos a creer que Dumas utiliz\u00f3 las monta\u00f1as como una especie de tel\u00f3n de fondo imaginario para algunas escenas de su libro.<\/p>\n\n\n\n<h3 class=\"wp-block-heading\" id=\"h-dolomitas-na-rota-italia-alemanha\">Dolomitas en la Ruta Italia-Alemania<\/h3>\n\n\n\n<p>Para los viajeros que est\u00e1n en la ruta de Italia hacia Alemania, las Dolomitas ofrecen una parada imperdible, no solo por su belleza natural, sino tambi\u00e9n por la rica mezcla de cultura italiana y tirolesa. As\u00ed, ciudades como Cortina d&#8217;Ampezzo, Bolzano y Merano son algunos de los principales destinos que ofrecen una combinaci\u00f3n de deportes de invierno, senderismo y turismo cultural.<\/p>\n\n\n\n<figure class=\"wp-block-gallery has-nested-images columns-default is-cropped wp-block-gallery-1 is-layout-flex wp-block-gallery-is-layout-flex\">\n<figure class=\"wp-block-image size-large\"><img decoding=\"async\" data-id=\"5037\" src=\"https:\/\/viagemalemanha.com\/wp-content\/uploads\/2025\/05\/cortinadampezzodolomitas.jpg\" alt=\"Dolomitas en el camino Italia - Alemania. Viaje Alemania. Gu\u00eda brasile\u00f1a en Alemania. Gu\u00eda tur\u00edstica en Alemania. Gu\u00eda brasile\u00f1a en Italia.\" class=\"wp-image-5037\" \/><figcaption class=\"wp-element-caption\">Cortina d&#8217;Ampezzo (Imagen por&nbsp;B\u00d9I V\u0102N H\u1ed2NG PH\u00daC de Pixabay)<\/figcaption><\/figure>\n\n\n\n<figure class=\"wp-block-image size-large\"><img decoding=\"async\" data-id=\"5038\" src=\"https:\/\/viagemalemanha.com\/wp-content\/uploads\/2025\/05\/cortina-dampezzo-dolomitas.jpg\" alt=\"Dolomitas en el camino Italia - Alemania. Viaje Alemania. Gu\u00eda brasile\u00f1a en Alemania. Gu\u00eda tur\u00edstica en Alemania. Gu\u00eda brasile\u00f1a en Italia.\" class=\"wp-image-5038\" \/><figcaption class=\"wp-element-caption\">Cortina d&#8217;Ampezzo (Imagen por&nbsp;B\u00d9I V\u0102N H\u1ed2NG PH\u00daC de Pixabay)<\/figcaption><\/figure>\n<\/figure>\n\n\n\n<p>El acceso a las Dolomitas puede hacerse por varias rutas, siendo una de las m\u00e1s esc\u00e9nicas la carretera Grande Strada delle Dolomiti (SS 48), que conecta Bolzano con Cortina d&#8217;Ampezzo. Esta carretera proporciona vistas espectaculares de los picos dolom\u00edticos, pasando por valles y aldeas pintorescas a lo largo del camino. Para quienes viajan desde Alemania, es com\u00fan cruzar el Paso del Brennero, uno de los principales puntos de cruce alpino entre los dos pa\u00edses, que conecta M\u00fanich directamente con Verona, pasando cerca de las Dolomitas.<\/p>\n\n\n\n<h2 class=\"wp-block-heading\" id=\"h-viaje-conosco-para-a-alemanha\">Viaja con nosotros a Alemania<\/h2>\n\n\n\n<p><strong>Con una combinaci\u00f3n \u00fanica de historia, cultura, naturaleza y modernidad, Alemania es el destino ideal para tus pr\u00f3ximas vacaciones.&nbsp;<\/strong>En 2025, perm\u00edtete descubrir todo lo que este incre\u00edble pa\u00eds tiene para ofrecer. Y para garantizar un viaje perfecto, cuenta con Viagem Alemanha. Cont\u00e1ctanos para m\u00e1s informaci\u00f3n y viajes personalizados. \u00a1Vamos a planear juntos tu viaje por Alemania!<\/p>\n\n\n\n<p><strong><em>Queremos hacer que tu viaje a Alemania sea \u00fanico y especial. Para ello, nuestros servicios est\u00e1n personalizados para ti!<\/em><\/strong><\/p>\n\n\n\n<ul class=\"wp-block-list\">\n<li>Excursiones guiadas privadas en espa\u00f1ol<\/li>\n\n\n\n<li><a href=\"https:\/\/viagemalemanha.com\/consultoria-de-viagem\/\">Dise\u00f1o y organizaci\u00f3n de itinerarios<\/a><\/li>\n\n\n\n<li>Seguimiento&nbsp;<\/li>\n\n\n\n<li>Paseos en barco<\/li>\n\n\n\n<li>Eventos y experiencias locales<\/li>\n\n\n\n<li><a href=\"https:\/\/viagemalemanha.com\/es\/nuestros-servicios\/\">Transfers<\/a><\/li>\n\n\n\n<li>Paseos en bicicleta<\/li>\n\n\n\n<li>Entradas<\/li>\n<\/ul>\n\n\n\n<blockquote class=\"wp-block-quote is-layout-flow wp-block-quote-is-layout-flow\">\n<p>Cont\u00e1ctanos:<\/p>\n\n\n<\/blockquote>\n","protected":false},"excerpt":{"rendered":"<p>Imagen de arriba por Robert Hrovat&nbsp;de&nbsp;Pixabay Las Dolomitas son una cadena monta\u00f1osa ubicada en el norte de Italia, abarcando las regiones de V\u00e9neto, Trentino-Alto Adige y Friuli-Venezia Giulia. Forman parte de los Alpes Orientales y son conocidas por sus paisajes deslumbrantes, con picos rocosos y escarpados que se elevan dram\u00e1ticamente sobre los valles. La geolog\u00eda [&hellip;]<\/p>\n","protected":false},"author":2,"featured_media":54426,"comment_status":"open","ping_status":"open","sticky":false,"template":"","format":"standard","meta":{"_acf_changed":false,"tripadvisor_id":"","rating":0,"reviewer_name":"","review_date":"","trip_type":"","helpful_votes":0,"source_url":"","reviewer_gravatar":"","review_type":"","footnotes":""},"categories":[491,477,497,483,510],"tags":[],"class_list":["post-53964","post","type-post","status-publish","format-standard","has-post-thumbnail","hentry","category-datos-interesantes","category-destino-del-mes","category-europa","category-historia","category-naturaleza"],"acf":[],"_links":{"self":[{"href":"https:\/\/viagemalemanha.com\/es\/wp-json\/wp\/v2\/posts\/53964","targetHints":{"allow":["GET"]}}],"collection":[{"href":"https:\/\/viagemalemanha.com\/es\/wp-json\/wp\/v2\/posts"}],"about":[{"href":"https:\/\/viagemalemanha.com\/es\/wp-json\/wp\/v2\/types\/post"}],"author":[{"embeddable":true,"href":"https:\/\/viagemalemanha.com\/es\/wp-json\/wp\/v2\/users\/2"}],"replies":[{"embeddable":true,"href":"https:\/\/viagemalemanha.com\/es\/wp-json\/wp\/v2\/comments?post=53964"}],"version-history":[{"count":2,"href":"https:\/\/viagemalemanha.com\/es\/wp-json\/wp\/v2\/posts\/53964\/revisions"}],"predecessor-version":[{"id":65299,"href":"https:\/\/viagemalemanha.com\/es\/wp-json\/wp\/v2\/posts\/53964\/revisions\/65299"}],"wp:featuredmedia":[{"embeddable":true,"href":"https:\/\/viagemalemanha.com\/es\/wp-json\/wp\/v2\/media\/54426"}],"wp:attachment":[{"href":"https:\/\/viagemalemanha.com\/es\/wp-json\/wp\/v2\/media?parent=53964"}],"wp:term":[{"taxonomy":"category","embeddable":true,"href":"https:\/\/viagemalemanha.com\/es\/wp-json\/wp\/v2\/categories?post=53964"},{"taxonomy":"post_tag","embeddable":true,"href":"https:\/\/viagemalemanha.com\/es\/wp-json\/wp\/v2\/tags?post=53964"}],"curies":[{"name":"wp","href":"https:\/\/api.w.org\/{rel}","templated":true}]}}