{"id":53966,"date":"2024-09-10T22:27:52","date_gmt":"2024-09-11T01:27:52","guid":{"rendered":"https:\/\/viagemalemanha.com\/?p=53966"},"modified":"2026-02-01T01:02:09","modified_gmt":"2026-02-01T04:02:09","slug":"maximilianstrasse-la-avenida-del-lujo-en-munich","status":"publish","type":"post","link":"https:\/\/viagemalemanha.com\/es\/maximilianstrasse-la-avenida-del-lujo-en-munich\/","title":{"rendered":"Maximilianstrasse: La Avenida del Lujo en M\u00fanich"},"content":{"rendered":"\n<p>La Maximilianstrasse es una de las avenidas m\u00e1s elegantes y famosas de <a href=\"https:\/\/viagemalemanha.com\/es\/munique-los-mejores-lugares-para-visitar\/\">M\u00fanich<\/a>, en Alemania. Considerada tambi\u00e9n la avenida m\u00e1s cara de M\u00fanich, es reconocida por sus boutiques de lujo, hoteles de alta gama, teatros y edificios hist\u00f3ricos que reflejan la opulencia y el encanto de la ciudad. Desde su creaci\u00f3n en el siglo XIX, la avenida se ha establecido como un s\u00edmbolo de poder y cultura b\u00e1vara, fusionando historia, arquitectura y modernidad.<\/p>\n\n\n\n<figure class=\"wp-block-gallery has-nested-images columns-default is-cropped wp-block-gallery-1 is-layout-flex wp-block-gallery-is-layout-flex\">\n<figure class=\"wp-block-image size-full\"><img decoding=\"async\" data-id=\"5014\" src=\"https:\/\/viagemalemanha.com\/wp-content\/uploads\/2025\/05\/1024px-Maximilianstrasse-munich-2020-1.jpg\" alt=\"Maximilianstrasse M\u00fanich, Alemania. Gu\u00eda brasile\u00f1a en Alemania. Viaje Alemania\" class=\"wp-image-5014\" \/><figcaption class=\"wp-element-caption\">Kaethe17, CC BY-SA 4.0 <a href=\"https:\/\/creativecommons.org\/licenses\/by-sa\/4.0\" target=\"_blank\" rel=\"noopener\">https:\/\/creativecommons.org\/licenses\/by-sa\/4.0<\/a>, v\u00eda Wikimedia Commons<\/figcaption><\/figure>\n<\/figure>\n\n\n\n<p><\/p>\n\n\n\n<h2 class=\"wp-block-heading\" id=\"h-historia-da-maximilianstrasse\"><strong>Historia de la Maximilianstrasse<\/strong><\/h2>\n\n\n\n<p>La Maximilianstrasse fue dise\u00f1ada a mediados del siglo XIX por el arquitecto Friedrich B\u00fcrklein, bajo las \u00f3rdenes del Rey Maximiliano II de Baviera. La construcci\u00f3n comenz\u00f3 en 1850 y se complet\u00f3 alrededor de 1870, con el objetivo de crear una avenida que representara la grandeza y el prestigio de Baviera. El estilo arquitect\u00f3nico de la calle es conocido como \u00abArquitectura Maximilianista\u00bb, un concepto \u00fanico que combina elementos g\u00f3ticos, renacentistas y cl\u00e1sicos.<\/p>\n\n\n\n<figure class=\"wp-block-gallery has-nested-images columns-default is-cropped wp-block-gallery-2 is-layout-flex wp-block-gallery-is-layout-flex\">\n<figure class=\"wp-block-image size-large\"><img decoding=\"async\" data-id=\"5015\" src=\"https:\/\/viagemalemanha.com\/wp-content\/uploads\/2025\/05\/1024px-Parcheggio-Maximilianstrase_3-8_19-05-20_1077.jpg\" alt=\"Maximilianstrasse M\u00fanich, Alemania. Gu\u00eda brasile\u00f1a en Alemania. Viaje Alemania\" class=\"wp-image-5015\" \/><figcaption class=\"wp-element-caption\">Arcos en la Maximilianstrasse (Chris Light, CC BY-SA 4.0 <a href=\"https:\/\/creativecommons.org\/licenses\/by-sa\/4.0\" target=\"_blank\" rel=\"noopener\">https:\/\/creativecommons.org\/licenses\/by-sa\/4.0<\/a>, v\u00eda Wikimedia Commons)<\/figcaption><\/figure>\n<\/figure>\n\n\n\n<p>A lo largo de la Maximilianstra\u00dfe, se encuentran edificios con fachadas detalladas, arcos y torres que recuerdan castillos medievales, otorgando un aire aristocr\u00e1tico a la avenida.<\/p>\n\n\n\n<blockquote class=\"wp-block-quote is-layout-flow wp-block-quote-is-layout-flow\">\n<p>La Maximilianstrasse va mucho m\u00e1s all\u00e1 de sus tiendas de lujo, es un lugar donde la moda, la cultura y la historia se encuentran. \u00bfTe imaginas tener un itinerario personalizado donde conoces Alemania seg\u00fan tus gustos? \u00a1Viaja con nosotros y descubre lo mejor de Alemania!<\/p>\n\n\n\n<p><\/p>\n\n\n\n<p>Uno de los hitos m\u00e1s ic\u00f3nicos de la Maximilianstrasse es el <strong>Teatro Nacional de M\u00fanich,<\/strong> ubicado al inicio de la avenida. Inaugurado en 1818 y reconstruido tras un incendio en 1823, el teatro es una de las \u00f3peras m\u00e1s renombradas del mundo y frecuentemente alberga producciones de alto nivel, como \u00f3peras y ballets, siendo un pilar de la cultura b\u00e1vara.<\/p>\n<\/blockquote>\n\n\n\n<figure class=\"wp-block-image size-large is-resized\"><img decoding=\"async\" src=\"https:\/\/viagemalemanha.com\/wp-content\/uploads\/2025\/05\/POSTS-VA-5-2.jpg\" alt=\"Maximilianstrasse en M\u00fanich, Alemania. Viaje Alemania. Gu\u00edas brasile\u00f1as en Alemania.\" class=\"wp-image-5012\" style=\"width:645px;height:auto\" \/><\/figure>\n\n\n\n<p><\/p>\n\n\n\n<p>Adem\u00e1s del Teatro Nacional, tambi\u00e9n est\u00e1n el Residenztheater y la \u00d3pera Estatal de Baviera, con sus presentaciones de \u00f3peras. Adem\u00e1s del Museo F\u00fcnf Kontinente (Museo de los Cinco Continentes), que cuenta con exposiciones de todos los continentes, tanto permanentes como especiales.<\/p>\n\n\n\n<h2 class=\"wp-block-heading\" id=\"h-lojas-e-hoteis-de-luxo-em-munique\"><strong>Tiendas y hoteles de lujo en M\u00fanich<\/strong><\/h2>\n\n\n\n<p>La Maximilianstrasse es conocida como un <a href=\"https:\/\/viagemalemanha.com\/es\/munique-los-mejores-lugares-para-visitar\/\">destino de lujo en M\u00fanich<\/a>. La avenida est\u00e1 repleta de boutiques de marcas internacionales de prestigio, como Chanel, Louis Vuitton, Dior, Gucci, entre otras. Convirti\u00e9ndose en un punto de encuentro para fashionistas y amantes de las compras de alto est\u00e1ndar.<\/p>\n\n\n\n<p>Entre los establecimientos notables de la Maximilianstra\u00dfe, destaca el Hotel Vier Jahreszeiten Kempinski, inaugurado en 1858. Este hotel ic\u00f3nico ha hospedado celebridades, miembros de la realeza y figuras importantes a lo largo de los a\u00f1os. Conocido por su fachada grandiosa y servicio excepcional, el hotel representa la c\u00faspide del lujo y la hospitalidad b\u00e1vara.<\/p>\n\n\n\n<p><strong><em>Tu itinerario puede ser preparado especialmente para ti, incluyendo paseos por tiendas de lujo en Alemania, hoteles especiales y otras experiencias \u00fanicas. \u00a1Viaja con nosotros!<\/em><\/strong><\/p>\n\n\n\n<figure class=\"wp-block-image size-large\"><img decoding=\"async\" src=\"https:\/\/viagemalemanha.com\/wp-content\/uploads\/2025\/05\/Palacio-Maximilianeum.jpg\" alt=\"Maximilianstrasse en M\u00fanich, Alemania. Viaje Alemania. Gu\u00edas brasile\u00f1as en Alemania.\" class=\"wp-image-5013\" \/><\/figure>\n\n\n\n<p><\/p>\n\n\n\n<h2 class=\"wp-block-heading\" id=\"h-maximilianneum\"><strong>Maximilianeum<\/strong><\/h2>\n\n\n\n<p>El <a href=\"https:\/\/www.bayern.landtag.de\/en\/maximilianeum\/maximilianeum\/\" target=\"_blank\" rel=\"noopener\">Maximilianeum<\/a> es uno de los edificios m\u00e1s emblem\u00e1ticos de M\u00fanich, situado al final de la famosa Maximilianstra\u00dfe. Originalmente concebido para ser un instituto de educaci\u00f3n para j\u00f3venes talentosos, hoy alberga el Parlamento del Estado de Baviera (Landtag).<\/p>\n\n\n\n<h3 class=\"wp-block-heading\">Historia y Arquitectura del Maximilianeum<\/h3>\n\n\n\n<p>El Rey Maximiliano II de Baviera fue quien encarg\u00f3 el Maximilianeum. Dise\u00f1ado por el arquitecto Friedrich B\u00fcrklein, el mismo que dise\u00f1\u00f3 la Maximilianstra\u00dfe, su construcci\u00f3n comenz\u00f3 en 1857 y se complet\u00f3 en 1874. La arquitectura del Maximilianeum es un ejemplo perfecto del estilo \u00abArquitectura Maximilianista\u00bb, una fusi\u00f3n \u00fanica de elementos g\u00f3ticos y renacentistas que busca reflejar el esplendor de la monarqu\u00eda b\u00e1vara. La fachada del edificio est\u00e1 adornada con esculturas y relieves que ilustran escenas de la historia b\u00e1vara y europea.<\/p>\n\n\n\n<p>La Maximilianstrasse va mucho m\u00e1s all\u00e1 de sus tiendas de lujo, es un lugar donde la moda, la cultura y la historia se encuentran.<\/p>\n\n\n\n<h2 class=\"wp-block-heading\" id=\"h-viaje-conosco-para-a-alemanha\">Viaja con nosotros a Alemania<\/h2>\n\n\n\n<p><strong>Con una combinaci\u00f3n \u00fanica de historia, cultura, naturaleza y modernidad, Alemania es el destino ideal para tus pr\u00f3ximas vacaciones.&nbsp;<\/strong>En 2025, perm\u00edtete descubrir todo lo que este incre\u00edble pa\u00eds tiene para ofrecer. Y para garantizar un viaje perfecto, cuenta con Viagem Alemanha. Cont\u00e1ctanos para m\u00e1s informaci\u00f3n y viajes personalizados. \u00a1Planifiquemos juntos tu viaje por Alemania!<\/p>\n\n\n\n<p><strong><em>Queremos hacer que tu viaje a Alemania sea \u00fanico y especial. Para ello, nuestros servicios son personalizados para ti.<\/em><\/strong><\/p>\n\n\n\n<ul class=\"wp-block-list\">\n<li>Excursiones guiadas privadas en espa\u00f1ol<\/li>\n\n\n\n<li><a href=\"https:\/\/viagemalemanha.com\/consultoria-de-viagem\/\">Dise\u00f1o y organizaci\u00f3n de itinerarios<\/a><\/li>\n\n\n\n<li>Seguimiento&nbsp;<\/li>\n\n\n\n<li>Paseos en barco<\/li>\n\n\n\n<li>Eventos y experiencias locales<\/li>\n\n\n\n<li><a href=\"https:\/\/viagemalemanha.com\/es\/nuestros-servicios\/\">Transfers<\/a><\/li>\n\n\n\n<li>Paseos en bicicleta<\/li>\n\n\n\n<li>Entradas<\/li>\n<\/ul>\n\n\n\n<blockquote class=\"wp-block-quote is-layout-flow wp-block-quote-is-layout-flow\">\n<p>Cont\u00e1ctanos:<\/p>\n\n\n<\/blockquote>\n","protected":false},"excerpt":{"rendered":"<p>La Maximilianstrasse es una de las avenidas m\u00e1s elegantes y famosas de M\u00fanich, en Alemania. Considerada tambi\u00e9n la avenida m\u00e1s cara de M\u00fanich, es reconocida por sus boutiques de lujo, hoteles de alta gama, teatros y edificios hist\u00f3ricos que reflejan la opulencia y el encanto de la ciudad. Desde su creaci\u00f3n en el siglo XIX, [&hellip;]<\/p>\n","protected":false},"author":2,"featured_media":0,"comment_status":"open","ping_status":"open","sticky":false,"template":"","format":"standard","meta":{"_acf_changed":false,"tripadvisor_id":"","rating":0,"reviewer_name":"","review_date":"","trip_type":"","helpful_votes":0,"source_url":"","reviewer_gravatar":"","review_type":"","footnotes":""},"categories":[493,496,477,480],"tags":[],"class_list":["post-53966","post","type-post","status-publish","format-standard","hentry","category-baviera","category-descubriendo-alemania","category-destino-del-mes","category-munich"],"acf":[],"_links":{"self":[{"href":"https:\/\/viagemalemanha.com\/es\/wp-json\/wp\/v2\/posts\/53966","targetHints":{"allow":["GET"]}}],"collection":[{"href":"https:\/\/viagemalemanha.com\/es\/wp-json\/wp\/v2\/posts"}],"about":[{"href":"https:\/\/viagemalemanha.com\/es\/wp-json\/wp\/v2\/types\/post"}],"author":[{"embeddable":true,"href":"https:\/\/viagemalemanha.com\/es\/wp-json\/wp\/v2\/users\/2"}],"replies":[{"embeddable":true,"href":"https:\/\/viagemalemanha.com\/es\/wp-json\/wp\/v2\/comments?post=53966"}],"version-history":[{"count":2,"href":"https:\/\/viagemalemanha.com\/es\/wp-json\/wp\/v2\/posts\/53966\/revisions"}],"predecessor-version":[{"id":64986,"href":"https:\/\/viagemalemanha.com\/es\/wp-json\/wp\/v2\/posts\/53966\/revisions\/64986"}],"wp:attachment":[{"href":"https:\/\/viagemalemanha.com\/es\/wp-json\/wp\/v2\/media?parent=53966"}],"wp:term":[{"taxonomy":"category","embeddable":true,"href":"https:\/\/viagemalemanha.com\/es\/wp-json\/wp\/v2\/categories?post=53966"},{"taxonomy":"post_tag","embeddable":true,"href":"https:\/\/viagemalemanha.com\/es\/wp-json\/wp\/v2\/tags?post=53966"}],"curies":[{"name":"wp","href":"https:\/\/api.w.org\/{rel}","templated":true}]}}