{"id":53984,"date":"2024-07-09T22:18:51","date_gmt":"2024-07-10T01:18:51","guid":{"rendered":"https:\/\/viagemalemanha.com\/?p=53984"},"modified":"2026-02-01T02:31:04","modified_gmt":"2026-02-01T05:31:04","slug":"explorando-garmisch-partenkirchen-con-guias-latinos","status":"publish","type":"post","link":"https:\/\/viagemalemanha.com\/es\/explorando-garmisch-partenkirchen-con-guias-latinos\/","title":{"rendered":"Explorando Garmisch-Partenkirchen con gu\u00edas en espa\u00f1ol"},"content":{"rendered":"\n<p>Garmisch-Partenkirchen es una encantadora ciudad b\u00e1vara situada al sur de Alemania. La ciudad tiene los Alpes a su alrededor como paisaje y hermosas casitas llenas de frescos. Garmisch es una ciudad memorable, que vale mucho la pena incluir en tu itinerario!<\/p>\n\n\n\n<div class=\"wp-block-rank-math-toc-block\"><h2>Tabla de contenidos<\/h2><nav><ul><li><a href=\"#h-historia-de-garmisch-partenkirchen\">Historia de Garmisch-Partenkirchen<\/a><\/li><li><a href=\"#h-o-que-fazer-em-garmisch-partenkirchen\">Qu\u00e9 Hacer en Garmisch-Partenkirchen<\/a><ul><li><a href=\"#h-zugspitze-o-ponto-mais-alto-da-alemanha\">Zugspitze &#8211; El Punto M\u00e1s Alto de Alemania<\/a><\/li><li><a href=\"#h-desfiladeiro-partnachklamm\">Desfiladero Partnachklamm<\/a><\/li><li><a href=\"#h-centro-historico-de-garmisch-partenkirchen\">Centro Hist\u00f3rico de Garmisch-Partenkirchen<\/a><\/li><li><a href=\"#h-estacao-de-esqui-garmisch-classic\">Estaci\u00f3n de Esqu\u00ed Garmisch-Classic<\/a><\/li><\/ul><\/li><li><a href=\"#h-o-que-comer-em-garmisch-partenkirchen\">Qu\u00e9 Comer en Garmisch-Partenkirchen<\/a><\/li><li><a href=\"#h-viaje-conosco-para-a-alemanha\">Viaja con nosotros a Alemania<\/a><\/li><\/nav><\/ul><\/div>\n\n\n\n<p class=\"yoast-reading-time__wrapper\"><span class=\"yoast-reading-time__icon\"><\/span><span class=\"yoast-reading-time__descriptive-text\">Tiempo estimado de lectura:  <\/span><span class=\"yoast-reading-time__reading-time\">7<\/span><span class=\"yoast-reading-time__time-unit\"> minutos<\/span><\/p>\n\n\n\n<h2 class=\"wp-block-heading\" id=\"h-historia-de-garmisch-partenkirchen\">Historia de Garmisch-Partenkirchen<\/h2>\n\n\n\n<p>Garmisch-Partenkirchen tiene una historia rica que se remonta a los tiempos romanos. Originalmente, Garmisch y Partenkirchen eran dos ciudades distintas hasta que se unieron en 1935 para albergar los Juegos Ol\u00edmpicos de Invierno de 1936. Partenkirchen, la parte m\u00e1s antigua, tiene ra\u00edces que se remontan al siglo XV, con sus calles pintorescas y arquitectura tradicional b\u00e1vara.<\/p>\n\n\n\n<p>Garmisch-Partenkirchen fue la sede de los <strong>primeros Juegos Ol\u00edmpicos de Invierno realizados bajo el r\u00e9gimen nazi,<\/strong> dejando una marca significativa en la historia del deporte.<\/p>\n\n\n\n<p>El Estadio Ol\u00edmpico de Garmisch-Partenkirchen fue uno de los principales lugares durante los <strong>Juegos Ol\u00edmpicos de Invierno de 1936<\/strong>, organizados por la Alemania nazi. Este evento deportivo tuvo una importancia pol\u00edtica significativa, siendo utilizado por el r\u00e9gimen de Adolf Hitler para promover la ideolog\u00eda nazi y exhibir una imagen de una Alemania fuerte y unificada. Los Juegos Ol\u00edmpicos de Invierno de 1936 se llevaron a cabo del 6 al 16 de febrero en Garmisch-Partenkirchen, una ciudad alpina en Baviera.<\/p>\n\n\n\n<p>El <strong>Estadio Ol\u00edmpico de Garmisch-Partenkirchen<\/strong> fue uno de los principales lugares durante los Juegos Ol\u00edmpicos de Invierno de 1936, organizados por la Alemania nazi.<\/p>\n\n\n\n<figure class=\"wp-block-gallery has-nested-images columns-default is-cropped wp-block-gallery-1 is-layout-flex wp-block-gallery-is-layout-flex\">\n<figure class=\"wp-block-image size-large\"><img decoding=\"async\" data-id=\"4808\" src=\"https:\/\/viagemalemanha.com\/wp-content\/uploads\/2025\/05\/IMG-20220107-WA0019.jpg\" alt=\"Estadio Ol\u00edmpico nazi. Garmisch-Partenkirchen en Alemania. Gu\u00edas en espa\u00f1ol en Alemania. Turismo en Alemania.\" class=\"wp-image-4808\" \/><figcaption class=\"wp-element-caption\">Entrada del Estadio Ol\u00edmpico de Garmisch-Partenkirchen<\/figcaption><\/figure>\n\n\n\n<figure class=\"wp-block-image size-large\"><img decoding=\"async\" data-id=\"4806\" src=\"https:\/\/viagemalemanha.com\/wp-content\/uploads\/2025\/05\/IMG-20220107-WA0016.jpg\" alt=\"Estadio Ol\u00edmpico nazi. Garmisch-Partenkirchen en Alemania. Gu\u00edas en espa\u00f1ol en Alemania. Turismo en Alemania.\" class=\"wp-image-4806\" \/><\/figure>\n\n\n\n<figure class=\"wp-block-image size-large\"><img decoding=\"async\" data-id=\"4807\" src=\"https:\/\/viagemalemanha.com\/wp-content\/uploads\/2025\/05\/IMG-20220107-WA0011.jpg\" alt=\"Estadio Ol\u00edmpico nazi. Garmisch-Partenkirchen en Alemania. Gu\u00edas en espa\u00f1ol en Alemania. Turismo en Alemania.\" class=\"wp-image-4807\" \/><\/figure>\n<\/figure>\n\n\n\n<p><\/p>\n\n\n\n<h2 class=\"wp-block-heading\" id=\"h-o-que-fazer-em-garmisch-partenkirchen\">Qu\u00e9 Hacer en Garmisch-Partenkirchen<\/h2>\n\n\n\n<h3 class=\"wp-block-heading\" id=\"h-zugspitze-o-ponto-mais-alto-da-alemanha\"><strong>Zugspitze &#8211; El Punto M\u00e1s Alto de Alemania<\/strong><\/h3>\n\n\n\n<p>La <a href=\"https:\/\/viagemalemanha.com\/es\/zugspitze-la-montana-mas-alta-de-alemania\/\">Zugspitze<\/a>, con 2.962 metros, es la monta\u00f1a m\u00e1s alta de Alemania y ofrece vistas panor\u00e1micas incre\u00edbles. Puedes llegar a la cima a trav\u00e9s de un telef\u00e9rico o de un tren de cremallera. En la cima, disfruta de las vistas de cuatro pa\u00edses diferentes y practica deportes de nieve en invierno.<\/p>\n\n\n\n<figure class=\"wp-block-gallery has-nested-images columns-default is-cropped wp-block-gallery-2 is-layout-flex wp-block-gallery-is-layout-flex\">\n<figure class=\"wp-block-image size-large\"><img decoding=\"async\" data-id=\"4473\" src=\"https:\/\/viagemalemanha.com\/wp-content\/uploads\/2025\/05\/zugspitze-1-scaled.jpg\" alt=\"Vista de los Alpes desde el Zugspitze. Gu\u00eda en espa\u00f1ol en Alemania. Turismo en Alemania. Viaja por Alemania, Suiza e Italia con gu\u00edas en espa\u00f1ol\" class=\"wp-image-4473\" \/><figcaption class=\"wp-element-caption\">Vista de los Alpes desde el Zugspitze<\/figcaption><\/figure>\n\n\n\n<figure class=\"wp-block-image size-large\"><img decoding=\"async\" data-id=\"4472\" src=\"https:\/\/viagemalemanha.com\/wp-content\/uploads\/2025\/05\/zugspitze-scaled.jpg\" alt=\"telef\u00e9rico para subir al Zugspitze. Gu\u00eda en espa\u00f1ol en Alemania. Turismo en Alemania. Viaja por Alemania, Suiza e Italia con gu\u00edas en espa\u00f1ol\" class=\"wp-image-4472\" \/><figcaption class=\"wp-element-caption\">Telef\u00e9rico para el Zugspitze<\/figcaption><\/figure>\n\n\n\n<figure class=\"wp-block-image size-large\"><img decoding=\"async\" data-id=\"4471\" src=\"https:\/\/viagemalemanha.com\/wp-content\/uploads\/2025\/05\/teleferico-zugspitze-scaled.jpg\" alt=\"Estaci\u00f3n del telef\u00e9rico para subir al Zugspitze. Gu\u00eda en espa\u00f1ol en Alemania. Turismo en Alemania. Viaja por Alemania, Suiza e Italia con gu\u00edas en espa\u00f1ol\" class=\"wp-image-4471\" \/><figcaption class=\"wp-element-caption\">Estaci\u00f3n del telef\u00e9rico para subir al Zugspitze<\/figcaption><\/figure>\n<\/figure>\n\n\n\n<p><\/p>\n\n\n\n<h3 class=\"wp-block-heading\" id=\"h-desfiladeiro-partnachklamm\"><strong>Desfiladero Partnachklamm<\/strong><\/h3>\n\n\n\n<p>Con sus altas paredes rocosas, un r\u00edo turbulento y la hermosa entrada de luz en el lugar, el <a href=\"https:\/\/viagemalemanha.com\/es\/desfiladero-partnachklamm-en-alemania-garmisch-partenkirchen\/\">Partnachklamm<\/a> es un espect\u00e1culo natural imperdible en Alemania. La caminata por el desfiladero es especialmente m\u00e1gica en invierno, cuando el hielo y la nieve transforman el paisaje &#8211; \u00a1no es que no lo sea en verano! Descubre m\u00e1s sobre el desfiladero <a href=\"https:\/\/viagemalemanha.com\/es\/desfiladero-partnachklamm-en-alemania-garmisch-partenkirchen\/\">aqu\u00ed!<\/a><\/p>\n\n\n\n<figure class=\"wp-block-gallery has-nested-images columns-default is-cropped wp-block-gallery-3 is-layout-flex wp-block-gallery-is-layout-flex\">\n<figure class=\"wp-block-image size-large\"><img decoding=\"async\" data-id=\"4802\" src=\"https:\/\/viagemalemanha.com\/wp-content\/uploads\/2025\/05\/IMG_9752-scaled.jpg\" alt=\"Desfiladero Partnachklamm en Alemania. Gu\u00edas en espa\u00f1ol en Alemania. Turismo en Alemania.\" class=\"wp-image-4802\" \/><figcaption class=\"wp-element-caption\">Desfiladero Partnachklamm<\/figcaption><\/figure>\n\n\n\n<figure class=\"wp-block-image size-large\"><img decoding=\"async\" data-id=\"4773\" src=\"https:\/\/viagemalemanha.com\/wp-content\/uploads\/2025\/05\/IMG_9803-scaled.jpg\" alt=\"Desfiladero Partnachklamm en Alemania. Gu\u00edas en espa\u00f1ol en Alemania. Turismo en Alemania.\" class=\"wp-image-4773\" \/><figcaption class=\"wp-element-caption\">Desfiladero Partnachklamm en Alemania<\/figcaption><\/figure>\n<\/figure>\n\n\n\n<p><\/p>\n\n\n\n<h3 class=\"wp-block-heading\" id=\"h-centro-historico-de-garmisch-partenkirchen\"><strong>Centro Hist\u00f3rico de <strong>Garmisch-Partenkirchen<\/strong><\/strong><\/h3>\n\n\n\n<p>Pasea por las estrechas y pintorescas calles de Partenkirchen, donde la arquitectura tradicional b\u00e1vara y las casas pintadas a mano cuentan la historia de la ciudad. Adem\u00e1s, visita la Ludwigstra\u00dfe, la calle principal, y explora tiendas locales, acogedores caf\u00e9s y restaurantes tradicionales.<\/p>\n\n\n\n<figure class=\"wp-block-image size-large is-resized\"><img decoding=\"async\" src=\"https:\/\/viagemalemanha.com\/wp-content\/uploads\/2025\/05\/IMG_4018-1-scaled.jpg\" alt=\"Garmisch-Partenkirchen en Alemania. Gu\u00edas en espa\u00f1ol en Alemania. Turismo en Alemania.\" class=\"wp-image-4804\" style=\"width:726px;height:auto\" \/><\/figure>\n\n\n\n<figure class=\"wp-block-image size-large is-resized\"><img decoding=\"async\" src=\"https:\/\/viagemalemanha.com\/wp-content\/uploads\/2025\/05\/IMG-20220107-WA0007.jpg\" alt=\"Garmisch-Partenkirchen en Alemania. Gu\u00edas en espa\u00f1ol en Alemania. Turismo en Alemania.\" class=\"wp-image-4805\" style=\"width:409px;height:auto\" \/><\/figure>\n\n\n\n<p><\/p>\n\n\n\n<h3 class=\"wp-block-heading\" id=\"h-estacao-de-esqui-garmisch-classic\"><strong>Estaci\u00f3n de Esqu\u00ed Garmisch-Classic<\/strong><\/h3>\n\n\n\n<p>Esta estaci\u00f3n de esqu\u00ed ofrece pistas para todos los niveles de esquiadores y snowboarders, adem\u00e1s de vistas deslumbrantes de las monta\u00f1as circundantes. En invierno, disfruta de esqu\u00ed y snowboard; en verano, explora senderos para caminatas y ciclismo.<\/p>\n\n\n\n<p><strong>Muchas otras estaciones de esqu\u00ed est\u00e1n disponibles en la regi\u00f3n.<\/strong> Una de ellas es la <strong><a href=\"https:\/\/zugspitze.com\/en\/holiday-world\/active-summer\/cablecars-summer\/Eckbauerbahn%20Garmisch-Partenkirchen\" target=\"_blank\" rel=\"noopener\">Eckbauerbahn<\/a><\/strong>, ubicada cerca del Estadio Ol\u00edmpico de Garmisch mencionado anteriormente. En esta estaci\u00f3n, es posible esquiar y hacer el famoso paseo en trineo, que se alquila en el lugar.<\/p>\n\n\n\n<figure class=\"wp-block-gallery has-nested-images columns-default is-cropped wp-block-gallery-4 is-layout-flex wp-block-gallery-is-layout-flex\">\n<figure class=\"wp-block-image size-large\"><img decoding=\"async\" data-id=\"4812\" src=\"https:\/\/viagemalemanha.com\/wp-content\/uploads\/2025\/05\/20220108_150009-1-scaled.jpg\" alt=\"Garmisch-Partenkirchen en Alemania. Gu\u00edas en espa\u00f1ol en Alemania. Turismo en Alemania.\" class=\"wp-image-4812\" \/><\/figure>\n\n\n\n<figure class=\"wp-block-image size-large\"><img decoding=\"async\" data-id=\"4813\" src=\"https:\/\/viagemalemanha.com\/wp-content\/uploads\/2025\/05\/20220108_150014-scaled.jpg\" alt=\"Garmisch-Partenkirchen en Alemania. Gu\u00edas en espa\u00f1ol en Alemania. Turismo en Alemania.\" class=\"wp-image-4813\" \/><\/figure>\n<\/figure>\n\n\n\n<figure class=\"wp-block-video\"><video controls muted src=\"https:\/\/viagemalemanha.com\/wp-content\/uploads\/2024\/07\/IMG_4655.mov\" playsinline><\/video><\/figure>\n\n\n\n<h2 class=\"wp-block-heading\" id=\"h-\"><\/h2>\n\n\n\n<h2 class=\"wp-block-heading\" id=\"h-o-que-comer-em-garmisch-partenkirchen\">Qu\u00e9 Comer en Garmisch-Partenkirchen<\/h2>\n\n\n\n<p>Prueba delicias b\u00e1varas como el pretzel fresco, schnitzel y la tradicional Wei\u00dfwurst (salchicha blanca). No dejes de probar tambi\u00e9n la t\u00edpica rodilla de cerdo. Garmisch est\u00e1 repleta de restaurantes b\u00e1varos t\u00edpicos, con una decoraci\u00f3n especial en su interior.<\/p>\n\n\n\n<h1 class=\"wp-block-heading\" id=\"h-viaje-conosco-para-a-alemanha\">Viaja con nosotros a Alemania<\/h1>\n\n\n\n<p><strong>Con una combinaci\u00f3n \u00fanica de historia, cultura, naturaleza y modernidad, Alemania es el destino ideal para tus pr\u00f3ximas vacaciones.&nbsp;<\/strong>En 2025, perm\u00edtete descubrir todo lo que este incre\u00edble pa\u00eds tiene para ofrecer. Y para garantizar un viaje perfecto, cuenta con Viagem Alemanha. Cont\u00e1ctanos para m\u00e1s informaci\u00f3n y paquetes de viaje personalizados. \u00a1Vamos a planear juntos tu aventura por Alemania!<\/p>\n\n\n\n<p><strong><em>Queremos hacer que tu viaje a Alemania sea \u00fanico y especial. Para ello, nuestros servicios est\u00e1n personalizados para ti!<\/em><\/strong><\/p>\n\n\n\n<ul class=\"wp-block-list\">\n<li>Excursiones guiadas privadas en espa\u00f1ol<\/li>\n\n\n\n<li><a href=\"https:\/\/viagemalemanha.com\/consultoria-de-viagem\/\">Dise\u00f1o y organizaci\u00f3n de itinerarios<\/a><\/li>\n\n\n\n<li>Seguimiento&nbsp;<\/li>\n\n\n\n<li>Paseos en barco<\/li>\n\n\n\n<li>Eventos y experiencias locales<\/li>\n\n\n\n<li>Transfers<\/li>\n\n\n\n<li>Paseos en bicicleta<\/li>\n\n\n\n<li>Entradas<\/li>\n<\/ul>\n\n\n\n<blockquote class=\"wp-block-quote is-layout-flow wp-block-quote-is-layout-flow\">\n<p>Cont\u00e1ctanos:<\/p>\n<\/blockquote>\n\n\n","protected":false},"excerpt":{"rendered":"<p>Garmisch-Partenkirchen es una encantadora ciudad b\u00e1vara situada al sur de Alemania. La ciudad tiene los Alpes a su alrededor como paisaje y hermosas casitas llenas de frescos. Garmisch es una ciudad memorable, que vale mucho la pena incluir en tu itinerario! Historia de Garmisch-Partenkirchen Garmisch-Partenkirchen tiene una historia rica que se remonta a los tiempos [&hellip;]<\/p>\n","protected":false},"author":2,"featured_media":54362,"comment_status":"open","ping_status":"open","sticky":false,"template":"","format":"standard","meta":{"_acf_changed":false,"tripadvisor_id":"","rating":0,"reviewer_name":"","review_date":"","trip_type":"","helpful_votes":0,"source_url":"","reviewer_gravatar":"","review_type":"","footnotes":""},"categories":[493,491,496,477],"tags":[],"class_list":["post-53984","post","type-post","status-publish","format-standard","has-post-thumbnail","hentry","category-baviera","category-datos-interesantes","category-descubriendo-alemania","category-destino-del-mes"],"acf":[],"_links":{"self":[{"href":"https:\/\/viagemalemanha.com\/es\/wp-json\/wp\/v2\/posts\/53984","targetHints":{"allow":["GET"]}}],"collection":[{"href":"https:\/\/viagemalemanha.com\/es\/wp-json\/wp\/v2\/posts"}],"about":[{"href":"https:\/\/viagemalemanha.com\/es\/wp-json\/wp\/v2\/types\/post"}],"author":[{"embeddable":true,"href":"https:\/\/viagemalemanha.com\/es\/wp-json\/wp\/v2\/users\/2"}],"replies":[{"embeddable":true,"href":"https:\/\/viagemalemanha.com\/es\/wp-json\/wp\/v2\/comments?post=53984"}],"version-history":[{"count":2,"href":"https:\/\/viagemalemanha.com\/es\/wp-json\/wp\/v2\/posts\/53984\/revisions"}],"predecessor-version":[{"id":65416,"href":"https:\/\/viagemalemanha.com\/es\/wp-json\/wp\/v2\/posts\/53984\/revisions\/65416"}],"wp:featuredmedia":[{"embeddable":true,"href":"https:\/\/viagemalemanha.com\/es\/wp-json\/wp\/v2\/media\/54362"}],"wp:attachment":[{"href":"https:\/\/viagemalemanha.com\/es\/wp-json\/wp\/v2\/media?parent=53984"}],"wp:term":[{"taxonomy":"category","embeddable":true,"href":"https:\/\/viagemalemanha.com\/es\/wp-json\/wp\/v2\/categories?post=53984"},{"taxonomy":"post_tag","embeddable":true,"href":"https:\/\/viagemalemanha.com\/es\/wp-json\/wp\/v2\/tags?post=53984"}],"curies":[{"name":"wp","href":"https:\/\/api.w.org\/{rel}","templated":true}]}}