{"id":54028,"date":"2024-03-11T18:34:36","date_gmt":"2024-03-11T21:34:36","guid":{"rendered":"https:\/\/viagemalemanha.com\/?p=54028"},"modified":"2026-01-25T14:16:23","modified_gmt":"2026-01-25T17:16:23","slug":"salzburg-un-viaje-por-la-ciudad-de-la-musica-y-la-historia","status":"publish","type":"post","link":"https:\/\/viagemalemanha.com\/es\/salzburg-un-viaje-por-la-ciudad-de-la-musica-y-la-historia\/","title":{"rendered":"Salzburg: Un Viaje por la Ciudad de la M\u00fasica y la Historia"},"content":{"rendered":"\n<p>La ciudad austriaca de Salzburg est\u00e1 llena de historia y cultura, y es conocida por ser la cuarta ciudad m\u00e1s grande de <a href=\"https:\/\/viagemalemanha.com\/es\/de-alemania-a-italia-conociendo-austria\/\">Austria<\/a>. Salzburg fue fundada como una sede episcopal en 696 y se convirti\u00f3 en una sede arquiepiscopal en 798. La ciudad gan\u00f3 fama por sus minas de sal &#8211; as\u00ed como el nombre ya indica \u201ccastillo de sal\u201d &#8211; comercio y miner\u00eda de oro, adem\u00e1s de albergar una de las mayores fortalezas medievales de Europa, la Fortaleza de Hohensalzburg. Adem\u00e1s, en el siglo XVII, se convirti\u00f3 en un centro de la Contrarreforma, siendo adornada con numerosas iglesias barrocas.<\/p>\n\n\n\n<figure class=\"wp-block-image size-large is-resized\"><img decoding=\"async\" src=\"https:\/\/viagemalemanha.com\/wp-content\/uploads\/2025\/05\/salzburg-7416190_1280-2.jpg\" alt=\"Gu\u00eda en espa\u00f1ol en Austria. Salzburg en Austria.\" class=\"wp-image-4196\" style=\"width:840px;height:auto\" \/><figcaption class=\"wp-element-caption\">Imagen por&nbsp;Leonhard Niederwimmer&nbsp;de&nbsp;Pixabay<\/figcaption><\/figure>\n\n\n\n<figure class=\"wp-block-image size-large\"><img decoding=\"async\" src=\"https:\/\/viagemalemanha.com\/wp-content\/uploads\/2025\/05\/IMG_6561-1-scaled.jpg\" alt=\"\" class=\"wp-image-4228\" \/><\/figure>\n\n\n<div class=\"indice\">\n<h3>\u00a0<\/h3>\n<h3>\u00cdndice<\/h3>\n<ul>\n<li style=\"list-style-type: none\">\n<ul>\n<li><a href=\"#principais-atracoes-turisticas\">Principales Atracciones Tur\u00edsticas<\/a>\n<ul>\n<li><a href=\"#fortaleza-de-hohensalzburg\">Fortaleza de Hohensalzburg<\/a><\/li>\n<li><a href=\"#palacio-e-jardins-de-mirabell\">Palacio y Jardines de Mirabell<\/a><\/li>\n<li><a href=\"#catedral-de-salzburgo\">Catedral de Salzburgo<\/a><\/li>\n<li><a href=\"#getreidegasse\">Getreidegasse<\/a><\/li>\n<li><a href=\"#a-casa-de-mozart\">La Casa de Mozart<\/a><\/li>\n<li><a href=\"#praca-mozart\">Plaza Mozart<\/a><\/li>\n<li><a href=\"#ponte-makartsteg\">Puente Makartsteg<\/a><\/li>\n<li><a href=\"#residenzplatz\">Residenzplatz<\/a><\/li>\n<li><a href=\"#cafe-sacher\">Caf\u00e9 Sacher<\/a><\/li>\n<\/ul>\n<\/li>\n<\/ul>\n<\/li>\n<\/ul>\n<p><!-- Otras subsecciones si es necesario --><\/p>\n<ul>\n<li style=\"list-style-type: none\">\n<ul>\n<li><a href=\"#experiencias-em-salzburgo\">Experiencias en Salzburgo<\/a><\/li>\n<li><a href=\"#festival-de-salzburgo\">El Festival de Salzburgo<\/a><\/li>\n<\/ul>\n<\/li>\n<\/ul>\n<p><!-- Otras secciones principales si es necesario --><\/p>\n<\/div>\n\n\n<p>Ubicada cerca de Alemania, Salzburg es una ciudad que vale la pena conocer durante su viaje a Alemania. <strong>Al viajar con Viagem Alemanha, no solo conocer\u00e1s Alemania, sino tambi\u00e9n otros pa\u00edses, y siempre con la ayuda de un especialista.<\/strong><\/p>\n\n\n<p>\u00a0<\/p>\n<h1 id=\"h-principais-atracoes-turisticas\" class=\"wp-block-heading\"><strong>Principales Atracciones Tur\u00edsticas<\/strong><\/h1>\n\n<h2 id=\"h-fortaleza-de-hohensalzburg-festung-hozensalzburg\" class=\"wp-block-heading\"><strong>Fortaleza de Hohensalzburg (Festung Hozensalzburg)<\/strong><\/h2>\n\n\n<p>Ubicada en la cima de la monta\u00f1a Festungsberg, la fortaleza de Hohensalzburg domina el horizonte de la ciudad con sus torres y murallas medievales.<\/p>\n\n\n\n<p>Justo al llegar a la fortaleza se encuentra el Museo de Marionetas, cuya colecci\u00f3n posee objetos originales utilizados en \u00f3peras como \u201cLa Novicia Rebelde\u201d y \u201cLa Flauta M\u00e1gica\u201d de Mozart. Adem\u00e1s, hay un museo de objetos b\u00e9licos, as\u00ed como de objetos de tortura utilizados en la \u00e9poca.<\/p>\n\n\n\n<figure class=\"wp-block-image size-large is-style-default\"><img decoding=\"async\" src=\"https:\/\/viagemalemanha.com\/wp-content\/uploads\/2025\/05\/hohensalzburg-fortress-117321_1280-1.jpg\" alt=\"Gu\u00eda en espa\u00f1ol en Austria. Fortaleza de Hohensalzburg en Salzburg\" class=\"wp-image-4197\" \/><figcaption class=\"wp-element-caption\">Imagen por&nbsp;Hans&nbsp;de&nbsp;Pixabay<\/figcaption><\/figure>\n\n\n\n<h2 class=\"wp-block-heading\" id=\"h-palacio-e-jardins-de-mirabell\"><strong>Palacio y Jardines de Mirabell<\/strong><\/h2>\n\n\n\n<p>El <a href=\"https:\/\/www.salzburg.info\/es\/lugares-de-interes\/top10\/palacio-y-jardines-de-mirabell\" target=\"_blank\" rel=\"noopener\">Palacio de Mirabell<\/a> es un monumento hist\u00f3rico reconocido por la UNESCO, parte del Centro Hist\u00f3rico de la ciudad. Construido en 1606, por orden del pr\u00edncipe-arzobispo Wolf Dietrich Raitenau, inicialmente se llamaba Castillo de Altenau, destinado a ser un refugio de placer para el arzobispo y su amante, Salom\u00e9 Alt.<\/p>\n\n\n\n<p>Los Jardines de Mirabell, que rodean el <a href=\"https:\/\/viagemalemanha.com\/es\/palacios-de-alemania-lujo-y-belleza\/\">palacio<\/a>, son famosos no solo por su belleza, sino tambi\u00e9n por ser uno de los escenarios principales de la ic\u00f3nica pel\u00edcula \u00abThe Sound of Music\u00bb (La Novicia Rebelde). La Fuente de Pegaso, por ejemplo, fue el escenario de una de las escenas m\u00e1s memorables de la pel\u00edcula, en la que Mar\u00eda y los ni\u00f1os bailaban y cantaban la canci\u00f3n \u00abDo-Re-Mi\u201d, adem\u00e1s de muchas otras escenas.<\/p>\n\n\n\n<figure class=\"wp-block-gallery has-nested-images columns-default is-cropped wp-block-gallery-1 is-layout-flex wp-block-gallery-is-layout-flex\">\n<figure class=\"wp-block-image size-large\"><img decoding=\"async\" data-id=\"4199\" src=\"https:\/\/viagemalemanha.com\/wp-content\/uploads\/2025\/05\/IMG_6523-scaled.jpg\" alt=\"Gu\u00eda en espa\u00f1ol en Austria. Palacio y Jard\u00edn Mirabell en Salzburg\" class=\"wp-image-4199\" \/><figcaption class=\"wp-element-caption\">Nuestros viajeros en el Jard\u00edn Mirabell<\/figcaption><\/figure>\n\n\n\n<figure class=\"wp-block-image size-large\"><img decoding=\"async\" data-id=\"4213\" src=\"https:\/\/viagemalemanha.com\/wp-content\/uploads\/2025\/05\/IMG_6513-scaled.jpg\" alt=\"Gu\u00eda en espa\u00f1ol en Austria. Pegaso en el Jard\u00edn Mirabell.\" class=\"wp-image-4213\" \/><figcaption class=\"wp-element-caption\">Fuente de Pegaso en el Jard\u00edn Mirabell<\/figcaption><\/figure>\n\n\n\n<figure class=\"wp-block-image size-large\"><img decoding=\"async\" data-id=\"4214\" src=\"https:\/\/viagemalemanha.com\/wp-content\/uploads\/2025\/05\/IMG_6774-scaled.jpg\" alt=\"Gu\u00eda en espa\u00f1ol en Austria. Jard\u00edn Mirabell en Salzburg\" class=\"wp-image-4214\" \/><\/figure>\n\n\n\n<figure class=\"wp-block-image size-large\"><img decoding=\"async\" data-id=\"4216\" src=\"https:\/\/viagemalemanha.com\/wp-content\/uploads\/2024\/03\/IMG_6777-1-1024x768.jpg\" alt=\"Gu\u00eda en espa\u00f1ol en Austria. Jard\u00edn Mirabell en Salzburg, palacio Mirabell\" class=\"wp-image-4216\" \/><\/figure>\n<\/figure>\n\n\n\n<p><\/p>\n\n\n\n<h2 class=\"wp-block-heading\" id=\"h-catedral-de-salzburg\"><strong>Catedral de Salzburg<\/strong><\/h2>\n\n\n\n<p>La Catedral de Salzburgo es una magn\u00edfica obra maestra de la arquitectura barroca del siglo XVII, dedicada a San Ruperto y San Virgilio. Esta iglesia hist\u00f3rica tiene una fundaci\u00f3n que se remonta al siglo VIII, cuando San Ruperto estableci\u00f3 la iglesia sobre los restos de una ciudad romana.<\/p>\n\n\n\n<p>A lo largo de su historia, la Catedral de Salzburgo ha sido alcanzada por incendios en varias ocasiones y reconstruida completamente tres veces. La Catedral es famosa no solo por su impresionante arquitectura, sino tambi\u00e9n por su conexi\u00f3n con Mozart. Mozart fue bautizado all\u00ed y, posteriormente, toc\u00f3 algunas de sus obras m\u00e1s conocidas en la iglesia. La catedral es parte integral del centro hist\u00f3rico de Salzburgo, reconocido como Patrimonio Mundial de la UNESCO en 1997\u200b.<\/p>\n\n\n\n<figure class=\"wp-block-gallery has-nested-images columns-default is-cropped wp-block-gallery-2 is-layout-flex wp-block-gallery-is-layout-flex\">\n<figure class=\"wp-block-image size-large\"><img decoding=\"async\" data-id=\"4223\" src=\"https:\/\/viagemalemanha.com\/wp-content\/uploads\/2025\/05\/IMG_6658-scaled.jpg\" alt=\"Gu\u00eda en espa\u00f1ol en Austria. Catedral de Salzburg \" class=\"wp-image-4223\" \/><\/figure>\n\n\n\n<figure class=\"wp-block-image size-large\"><img decoding=\"async\" data-id=\"4226\" src=\"https:\/\/viagemalemanha.com\/wp-content\/uploads\/2025\/05\/IMG_6734-scaled.jpg\" alt=\"Gu\u00eda en espa\u00f1ol en Austria. Catedral de Salzburg \" class=\"wp-image-4226\" \/><\/figure>\n<\/figure>\n\n\n\n<figure class=\"wp-block-image size-large\"><img decoding=\"async\" src=\"https:\/\/viagemalemanha.com\/wp-content\/uploads\/2025\/05\/salzburg-cathedral-369306_1280-1.jpg\" alt=\"Gu\u00eda en espa\u00f1ol en Austria. Catedral de Salzburg \" class=\"wp-image-4203\" \/><figcaption class=\"wp-element-caption\">Imagen por&nbsp;Hans&nbsp;de&nbsp;Pixabay<\/figcaption><\/figure>\n\n\n\n<h3 class=\"wp-block-heading\">Getreidegasse<\/h3>\n\n\n\n<p>La calle comercial Getreidegasse (\u201ccalle del cereal\/grano\u201d) se encuentra en la Ciudad Vieja de Salzburg. En esta misma calle, est\u00e1 la antigua casa de Mozart y diversas tiendecitas, todas identificadas con placas de hierro, aportando un aire \u00fanico a esta calle.<\/p>\n\n\n\n<figure class=\"wp-block-gallery has-nested-images columns-default is-cropped wp-block-gallery-3 is-layout-flex wp-block-gallery-is-layout-flex\">\n<figure class=\"wp-block-image size-large\"><img decoding=\"async\" data-id=\"4208\" src=\"https:\/\/viagemalemanha.com\/wp-content\/uploads\/2025\/05\/IMG_6577-scaled.jpg\" alt=\"calle comercial Getreidegasse en Salzburg Austria. Gu\u00eda en espa\u00f1ol en Alemania y Austria\" class=\"wp-image-4208\" \/><\/figure>\n\n\n\n<figure class=\"wp-block-image size-large\"><img decoding=\"async\" data-id=\"4211\" src=\"https:\/\/viagemalemanha.com\/wp-content\/uploads\/2025\/05\/IMG_6579-scaled.jpg\" alt=\"calle comercial Getreidegasse en Salzburg Austria. Gu\u00eda en espa\u00f1ol en Alemania e Austria\" class=\"wp-image-4211\" \/><\/figure>\n\n\n\n<figure class=\"wp-block-image size-large\"><img decoding=\"async\" data-id=\"4217\" src=\"https:\/\/viagemalemanha.com\/wp-content\/uploads\/2025\/05\/IMG_6591-scaled.jpg\" alt=\"calle comercial Getreidegasse en Salzburg Austria. Gu\u00eda en espa\u00f1ol en Alemania e Austria\" class=\"wp-image-4217\" \/><figcaption class=\"wp-element-caption\">Tienda de Pascua en Getreidegasse<\/figcaption><\/figure>\n<\/figure>\n\n\n\n<p><\/p>\n\n\n<p>\u00a0<\/p>\n<h2 id=\"h-a-casa-de-mozart\" class=\"wp-block-heading\"><strong>La Casa de Mozart<\/strong><\/h2>\n\n\n<p>El lugar donde el famoso compositor naci\u00f3 y creci\u00f3 hasta los 17 a\u00f1os, la visita al lugar ofrece una visi\u00f3n \u00edntima de su vida y obra.<\/p>\n\n\n\n<figure class=\"wp-block-image size-large is-resized\"><img decoding=\"async\" src=\"https:\/\/viagemalemanha.com\/wp-content\/uploads\/2025\/05\/20190610_110240-scaled.jpg\" alt=\"casa de mozart en Salzburg en Austria. Gu\u00eda en espa\u00f1ol en Austria y Alemania\" class=\"wp-image-4210\" style=\"width:569px;height:auto\" \/><\/figure>\n\n\n\n<p><\/p>\n\n\n<p>\u00a0<\/p>\n<h2 id=\"h-praca-mozart-mozartplatz\" class=\"wp-block-heading\"><strong>Plaza Mozart (Mozartplatz)<\/strong><\/h2>\n\n\n<p>La <strong>Plaza Mozart<\/strong> est\u00e1 ubicada en el centro hist\u00f3rico de Salzburgo y es un tributo al m\u00e1s famoso hijo de la ciudad. En el centro de la plaza destaca el Monumento a Mozart, una estatua de bronce creada por Ludwig Schwanthaler y fundida en 1842. Por eso, la inauguraci\u00f3n cont\u00f3 con la presencia de los hijos de Mozart, y uno de sus principales patrocinadores fue Ludwig I de Baviera, quien don\u00f3 el pedestal de m\u00e1rmol. El lugar fue elegido porque Constanze Mozart, esposa de Mozart, hab\u00eda residido en la casa n\u00famero 8, situada en la plaza.<\/p>\n\n\n\n<figure class=\"wp-block-image size-large is-resized\"><img decoding=\"async\" src=\"https:\/\/viagemalemanha.com\/wp-content\/uploads\/2025\/05\/mozart-83803_1280.jpg\" alt=\"Gu\u00eda en espa\u00f1ol en Austria y Alemania. Estatua de Mozart\" class=\"wp-image-4212\" style=\"width:502px;height:auto\" \/><figcaption class=\"wp-element-caption\">Imagen por&nbsp; PublicDomainPictures&nbsp;de&nbsp;Pixabay<\/figcaption><\/figure>\n\n\n<h2 id=\"h-ponte-makartsteg\" class=\"wp-block-heading\"><strong>Puente Makartsteg<\/strong><\/h2>\n\n\n<p>El <strong>Puente Makartsteg<\/strong> es un puente peatonal que cruza el r\u00edo Salzach, conectando la Ciudad Nueva con la Ciudad Antigua de Salzburgo. As\u00ed, conocido popularmente como <strong>Puente de los Candados<\/strong>, se ha convertido en un lugar emblem\u00e1tico para parejas enamoradas que fijan candados en la estructura del puente como s\u00edmbolo de amor eterno y lanzan las llaves al r\u00edo. El puente ofrece una vista panor\u00e1mica espectacular de ambos lados de la ciudad y de los Alpes al fondo.<\/p>\n\n\n\n<figure class=\"wp-block-image size-large is-resized\"><img decoding=\"async\" src=\"https:\/\/viagemalemanha.com\/wp-content\/uploads\/2025\/05\/salzburg-116718_1280.jpg\" alt=\"Gu\u00eda en espa\u00f1ol en Austria y Alemania. Puente Makartsteg.\" class=\"wp-image-4218\" style=\"width:591px;height:auto\" \/><figcaption class=\"wp-element-caption\">Imagen de&nbsp;Hans&nbsp;de&nbsp;Pixabay<\/figcaption><\/figure>\n\n\n<h2 id=\"h-residenzplatz\" class=\"wp-block-heading\"><strong>Residenzplatz<\/strong><\/h2>\n\n\n<p>La <strong>Residenzplatz<\/strong> es una de las plazas m\u00e1s significativas de Salzburg y est\u00e1 rodeada por importantes edificios, incluyendo la antigua residencia de los pr\u00edncipes-arzobispos de Salzburgo, de ah\u00ed el nombre \u00abPlaza de la Residencia\u00bb. En el centro de la plaza, se encuentra el <strong>Residenzbrunnen, el mayor fuente barroca de Europa Central<\/strong>, una obra impresionante de Tommaso di Garone. Construido entre 1656 y 1661, la fuente est\u00e1 hecha de caliza y est\u00e1 coronada por una estatua de Trit\u00f3n.<\/p>\n\n\n\n<figure class=\"wp-block-gallery has-nested-images columns-default is-cropped wp-block-gallery-4 is-layout-flex wp-block-gallery-is-layout-flex\">\n<figure class=\"wp-block-image size-large\"><img decoding=\"async\" data-id=\"4209\" src=\"https:\/\/viagemalemanha.com\/wp-content\/uploads\/2025\/05\/IMG_6682-scaled.jpg\" alt=\"Gu\u00eda en espa\u00f1ol en Austria y Alemania. Residenzplatz en Austria\" class=\"wp-image-4209\" \/><\/figure>\n\n\n\n<figure class=\"wp-block-image size-large\"><img decoding=\"async\" data-id=\"4221\" src=\"https:\/\/viagemalemanha.com\/wp-content\/uploads\/2025\/05\/IMG_6688-scaled.jpg\" alt=\"Gu\u00eda en espa\u00f1ol en Austria y Alemania. Residenzplatz en Austria, Salzburg\" class=\"wp-image-4221\" \/><\/figure>\n<\/figure>\n\n\n<h2 id=\"h-cafe-sacher\" class=\"wp-block-heading\"><strong>Caf\u00e9 Sacher<\/strong><\/h2>\n\n\n<p>Caf\u00e9 Sacher es una cl\u00e1sica cafeter\u00eda de Salzburg. En el lugar podr\u00e1s experimentar el caf\u00e9 austriaco y su cultura, as\u00ed como la deliciosa Torta Sacher. La torta fue creada en 1832, por Franz Sacher, para el pr\u00edncipe Metternich de Austria y desde entonces esta sabrosa torta, con su receta original, es apreciada en el Caf\u00e9 Sacher.<\/p>\n\n\n\n<figure class=\"wp-block-image size-large is-resized\"><img decoding=\"async\" src=\"https:\/\/viagemalemanha.com\/wp-content\/uploads\/2025\/05\/sachertorte-1280575_1280.jpg\" alt=\"Gu\u00eda en espa\u00f1ol en Austria y Alemania. Caf\u00e9 Sacher, Torta Sacher. Salzburg\" class=\"wp-image-4250\" style=\"width:603px;height:auto\" \/><figcaption class=\"wp-element-caption\">Imagen por Stefanie Laubscher de Pixabay<\/figcaption><\/figure>\n\n\n<h1 id=\"h-outras-experiencias-em-salzburg\" class=\"wp-block-heading\"><strong>Otras Experiencias en Salzburg<\/strong><\/h1>\n\n\n<p>Un punto de partida encantador puede ser el <strong>Paseo en Barco por el R\u00edo Salzach<\/strong>, donde tendr\u00e1s la oportunidad de contemplar la ciudad desde una perspectiva \u00fanica. Navegando cerca del centro hist\u00f3rico, podr\u00e1s admirar hitos emblem\u00e1ticos como la abad\u00eda de Nonnberg y la majestuosa fortaleza de Hohensalzburg. Este paseo de 40 minutos es una manera relajante e informativa de apreciar las vistas panor\u00e1micas de Salzburgo, rodeadas por densos bosques y las impresionantes monta\u00f1as alpinas\u200b<a href=\"https:\/\/www.civitatis.com\/pt\/salzburgo\/passeio-barco-salzburgo\/\" target=\"_blank\" rel=\"noreferrer noopener\"><\/a>\u200b.<\/p>\n\n\n\n<p>La cultura de Salzburgo est\u00e1 fuertemente influenciada por Mozart, \u00a1incluyendo los dulces! Las <strong>Mozartkugeln<\/strong> son bombones de pistacho, mazap\u00e1n y nougat, envueltos en un papel con el rostro de Mozart. Paul F\u00fcrst cre\u00f3 el bomb\u00f3n 100 a\u00f1os despu\u00e9s de la muerte del compositor.<\/p>\n\n\n\n<p>El <strong>St. Peter Stiftskulinarium<\/strong>, por su parte, no es solo un restaurante, sino un viaje a trav\u00e9s de la historia culinaria de Europa Central. Aparentemente el m\u00e1s antiguo de la regi\u00f3n, ofrece una experiencia gastron\u00f3mica que combina sabores tradicionales con una atm\u00f3sfera rica en historia, perfecta para aquellos que quieren cenar en un lugar lleno de car\u00e1cter y tradici\u00f3n\u200b<a href=\"https:\/\/www.voupraalemanha.com.br\/o-que-fazer-em-salzburgo\/\" target=\"_blank\" rel=\"noreferrer noopener\"><\/a>\u200b.<\/p>\n\n\n\n<p>Por \u00faltimo, una experiencia que combina tanto el deleite culinario como la apreciaci\u00f3n cultural es la <strong>Cena-Concierto de Mozart<\/strong>. Realizados en lugares hist\u00f3ricos como el Sal\u00f3n de M\u00e1rmol del Palacio Mirabell, donde el propio Mozart ya se present\u00f3, estos conciertos ofrecen una experiencia inmersiva de la m\u00fasica cl\u00e1sica acompa\u00f1ada de una comida exquisita, evocando la rica tradici\u00f3n musical de Salzburgo\u200b<a href=\"https:\/\/www.voupraalemanha.com.br\/o-que-fazer-em-salzburgo\/\" target=\"_blank\" rel=\"noreferrer noopener\"><\/a>\u200b.<\/p>\n\n\n<h2 id=\"h-o-festival-de-salzburg\" class=\"wp-block-heading\"><strong>El Festival de Salzburg<\/strong><\/h2>\n\n\n<p>El Festival de Salzburgo, creado en 1920, brilla en el calendario cultural de Salzburg. Este prestigioso evento, que se extiende por cinco semanas, comenzando a finales de julio, es un homenaje a la rica herencia musical de la ciudad, celebrando particularmente las obras de Wolfgang Amadeus Mozart. El destacado anual del festival es la presentaci\u00f3n de la obra \u00abJedermann\u00bb (Everyman) de Hugo von Hofmannsthal. El inicio del Festival de Salzburgo fue impulsado por el deseo de revivir y promover las artes musicales y dram\u00e1ticas de la ciudad, con un fuerte \u00e9nfasis en las \u00f3peras de Mozart, reflejando el orgullo de Salzburgo por su prodigio musical.<\/p>\n\n\n\n<p>Inicialmente concebido por la Fundaci\u00f3n Internacional Mozarteum, el festival enfrent\u00f3 interrupciones. Sin embargo, fue restablecido despu\u00e9s de la Primera Guerra Mundial por un grupo de visionarios, incluyendo a Hugo von Hofmannsthal y Max Reinhardt. Su visi\u00f3n era crear un festival que no solo celebrara la m\u00fasica y el teatro, sino que tambi\u00e9n promoviera los principios de los Habsburgo de tolerancia y diversidad cultural.<\/p>\n\n\n\n<figure class=\"wp-block-image size-large\"><img decoding=\"async\" src=\"https:\/\/viagemalemanha.com\/wp-content\/uploads\/2025\/05\/salzburg-7175556_1280.jpg\" alt=\"Gu\u00eda en espa\u00f1ol en Austria y Alemania. Salzburg, Austria\" class=\"wp-image-4251\" \/><figcaption class=\"wp-element-caption\">\u00a1No dejes de visitar esta maravillosa ciudad con nosotros! (Imagen por Christel de Pixabay)<\/figcaption><\/figure>\n\n\n\n<p>Si est\u00e1s planeando un viaje a Austria, o incluso a Alemania, y deseas conocer Salzburg, <strong>\u00a1cont\u00e1ctanos!<\/strong> <strong>Viagem Alemanha ofrece servicios y asesor\u00eda para planificar tu viaje de forma segura y personalizada, aprovechando al m\u00e1ximo tu experiencia.<\/strong> \u00a1No dejes de visitar este lugar \u00fanico y disfrutar de todas sus atracciones!<\/p>\n\n\n\n\n\n<figure class=\"wp-block-image\"><img decoding=\"async\" src=\"https:\/\/viagemalemanha.com\/wp-content\/uploads\/2025\/04\/chamada-info-site.png\" alt=\"\" \/><\/figure>\n\n\n\n<figure class=\"wp-block-image\"><img decoding=\"async\" src=\"https:\/\/viagemalemanha.com\/wp-content\/uploads\/2025\/04\/Logo-DBV-2017.jpg\" alt=\"\" \/><\/figure>\n","protected":false},"excerpt":{"rendered":"<p>La ciudad austriaca de Salzburg est\u00e1 llena de historia y cultura, y es conocida por ser la cuarta ciudad m\u00e1s grande de Austria. Salzburg fue fundada como una sede episcopal en 696 y se convirti\u00f3 en una sede arquiepiscopal en 798. La ciudad gan\u00f3 fama por sus minas de sal &#8211; as\u00ed como el nombre [&hellip;]<\/p>\n","protected":false},"author":2,"featured_media":54261,"comment_status":"open","ping_status":"open","sticky":false,"template":"","format":"standard","meta":{"_acf_changed":false,"tripadvisor_id":"","rating":0,"reviewer_name":"","review_date":"","trip_type":"","helpful_votes":0,"source_url":"","reviewer_gravatar":"","review_type":"","footnotes":""},"categories":[491,496,477,499],"tags":[],"class_list":["post-54028","post","type-post","status-publish","format-standard","has-post-thumbnail","hentry","category-datos-interesantes","category-descubriendo-alemania","category-destino-del-mes","category-experiencia"],"acf":[],"_links":{"self":[{"href":"https:\/\/viagemalemanha.com\/es\/wp-json\/wp\/v2\/posts\/54028","targetHints":{"allow":["GET"]}}],"collection":[{"href":"https:\/\/viagemalemanha.com\/es\/wp-json\/wp\/v2\/posts"}],"about":[{"href":"https:\/\/viagemalemanha.com\/es\/wp-json\/wp\/v2\/types\/post"}],"author":[{"embeddable":true,"href":"https:\/\/viagemalemanha.com\/es\/wp-json\/wp\/v2\/users\/2"}],"replies":[{"embeddable":true,"href":"https:\/\/viagemalemanha.com\/es\/wp-json\/wp\/v2\/comments?post=54028"}],"version-history":[{"count":5,"href":"https:\/\/viagemalemanha.com\/es\/wp-json\/wp\/v2\/posts\/54028\/revisions"}],"predecessor-version":[{"id":57452,"href":"https:\/\/viagemalemanha.com\/es\/wp-json\/wp\/v2\/posts\/54028\/revisions\/57452"}],"wp:featuredmedia":[{"embeddable":true,"href":"https:\/\/viagemalemanha.com\/es\/wp-json\/wp\/v2\/media\/54261"}],"wp:attachment":[{"href":"https:\/\/viagemalemanha.com\/es\/wp-json\/wp\/v2\/media?parent=54028"}],"wp:term":[{"taxonomy":"category","embeddable":true,"href":"https:\/\/viagemalemanha.com\/es\/wp-json\/wp\/v2\/categories?post=54028"},{"taxonomy":"post_tag","embeddable":true,"href":"https:\/\/viagemalemanha.com\/es\/wp-json\/wp\/v2\/tags?post=54028"}],"curies":[{"name":"wp","href":"https:\/\/api.w.org\/{rel}","templated":true}]}}