{"id":54036,"date":"2021-12-29T13:51:14","date_gmt":"2021-12-29T16:51:14","guid":{"rendered":"https:\/\/viagemalemanha.com\/?p=54036"},"modified":"2026-02-05T10:40:38","modified_gmt":"2026-02-05T13:40:38","slug":"walhalla-un-templo-griego-en-alemania","status":"publish","type":"post","link":"https:\/\/viagemalemanha.com\/es\/walhalla-un-templo-griego-en-alemania\/","title":{"rendered":"Walhalla, un templo griego en Alemania."},"content":{"rendered":"\n<figure class=\"wp-block-image size-large\"><img decoding=\"async\" src=\"https:\/\/viagemalemanha.com\/wp-content\/uploads\/2025\/05\/walhalla-viagem-alemanha-passeios-guiados-privativos-em-portugues.jpg\" alt=\"\" class=\"wp-image-3547\" \/><\/figure>\n\n\n\n<p><a href=\"https:\/\/www.walhalla.info\/\" target=\"_blank\" rel=\"noopener\">Walhalla<\/a>, tambi\u00e9n llamado \u00abParten\u00f3n alem\u00e1n\u00bb, est\u00e1 ubicado en una posici\u00f3n majestuosa sobre el Danubio, cerca de Regensburg. Este edificio neocl\u00e1sico en forma de templo representa uno de los monumentos alemanes m\u00e1s importantes y bellos del siglo XIX.<\/p>\n\n\n\n<p>Quiz\u00e1s ya hayas escuchado este nombre, porque Walhalla ser\u00eda el \u201cpara\u00edso\u201d seg\u00fan la mitolog\u00eda n\u00f3rdica, donde ser\u00eda el destino de quienes murieron de forma heroica. All\u00ed, los guerreros m\u00e1s nobles y valientes, que murieron en el campo de batalla, elegidos por Odin (el dios en el m\u00e1s alto escal\u00f3n de esta mitolog\u00eda) disfrutar\u00edan de la vida eterna.<\/p>\n\n\n\n<figure class=\"wp-block-image size-large\"><img decoding=\"async\" src=\"https:\/\/viagemalemanha.com\/wp-content\/uploads\/2025\/05\/walhalla-viagem-alemanha-passeios-guiados-privativos-em-portugues-2.jpg\" alt=\"\" class=\"wp-image-3548\" \/><\/figure>\n\n\n\n<p>Inspirado en este concepto, el edificio fue construido a pedido del <a href=\"https:\/\/viagemalemanha.com\/es\/museo-de-los-reyes-de-baviera\/\">Rey Ludwig I de Baviera<\/a>, con el deseo personal de eternizar un lugar de memoria para hombres y mujeres germ\u00e1nicos de m\u00e9ritos extraordinarios, como inspiraci\u00f3n y punto de referencia para la futura naci\u00f3n. El historiador Johannes von M\u00fcller fue el responsable de la selecci\u00f3n inicial de las personalidades a ser homenajeadas.<\/p>\n\n\n\n<p>El Walhalla comenz\u00f3 a ser construido en 1830, bajo la visi\u00f3n del arquitecto preferido de Ludwig I, Leo von Klenze (1784-1864), uno de los arquitectos neocl\u00e1sicos m\u00e1s importantes del siglo XIX. El dise\u00f1o de Klenze se inspir\u00f3 principalmente en el famoso Parten\u00f3n de la Acr\u00f3polis de Atenas, datado del 5 a.C. Originalmente, el objetivo de Ludwig I era albergar los bustos de personas a ser homenajeadas en el futuro, para inspirar y traer orgullo al pueblo germ\u00e1nico.<\/p>\n\n\n\n<p>Inicialmente se seleccionaron 96 bustos, dispuestos a lo largo de las paredes internas del edificio, homenajeando a escritores, cl\u00e9rigos, cient\u00edficos, guerreros y otros hombres y mujeres, elegidos por Ludwig I y sus consejeros. Entre los bustos originales, podemos destacar el de Lutero, Beethoven y Mozart.<\/p>\n\n\n\n<p>Sin embargo, desde 1962, nuevos bustos han sido a\u00f1adidos en intervalos de cinco a siete a\u00f1os, y hoy encontramos 130 bustos y 65 placas (las placas fueron hechas para personas cuyos retratos o descripciones no estaban disponibles para modelar las esculturas). Albert Einstein fue uno de los personajes de esta nueva leva de homenajeados, as\u00ed como Wilhelm Conrad Roentgen, responsable del descubrimiento de los rayos X. La elecci\u00f3n de las personalidades a ser homenajeadas qued\u00f3 a cargo del Consejo de Ministros de Baviera, asesorado por la Academia de Ciencias de Baviera. Desde 2016, el Walhalla es administrado por la Administraci\u00f3n del Palacio de Baviera.<\/p>\n\n\n\n<figure class=\"wp-block-image size-large\"><img decoding=\"async\" src=\"https:\/\/viagemalemanha.com\/wp-content\/uploads\/2025\/05\/walhalla-viagem-alemanha-passeios-guiados-privativos-em-portugues-3.jpg\" alt=\"\" class=\"wp-image-3549\" \/><\/figure>\n\n\n\n<h2 class=\"wp-block-heading\" id=\"h-\"><\/h2>\n\n\n\n<p>Abril \u2013 Octubre 9h \u2013 18h (\u00faltima entrada a las 17:45h)<br>Noviembre \u2013 Marzo 10h \u2013 12h y 13h \u2013 16h (\u00faltima entrada: 11:45h y 15:45h)<br>Cerrado 1 de enero, Martes de Carnaval, 24, 25 y 31 de diciembre.<\/p>\n\n\n\n\n\n<figure class=\"wp-block-image size-large\"><img decoding=\"async\" src=\"https:\/\/viagemalemanha.com\/wp-content\/uploads\/2025\/04\/chamada-info-site.png\" alt=\"\" class=\"wp-image-1965\" \/><\/figure>\n\n\n\n<figure class=\"wp-block-image size-large\"><img decoding=\"async\" src=\"https:\/\/viagemalemanha.com\/wp-content\/uploads\/2025\/04\/Logo-DBV-2017.jpg\" alt=\"\" class=\"wp-image-2480\" \/><\/figure>\n","protected":false},"excerpt":{"rendered":"<p>Walhalla, tambi\u00e9n llamado \u00abParten\u00f3n alem\u00e1n\u00bb, est\u00e1 ubicado en una posici\u00f3n majestuosa sobre el Danubio, cerca de Regensburg. Este edificio neocl\u00e1sico en forma de templo representa uno de los monumentos alemanes m\u00e1s importantes y bellos del siglo XIX. Quiz\u00e1s ya hayas escuchado este nombre, porque Walhalla ser\u00eda el \u201cpara\u00edso\u201d seg\u00fan la mitolog\u00eda n\u00f3rdica, donde ser\u00eda el [&hellip;]<\/p>\n","protected":false},"author":1,"featured_media":72018,"comment_status":"open","ping_status":"open","sticky":false,"template":"","format":"standard","meta":{"_acf_changed":false,"tripadvisor_id":"","rating":0,"reviewer_name":"","review_date":"","trip_type":"","helpful_votes":0,"source_url":"","reviewer_gravatar":"","review_type":"","footnotes":""},"categories":[477],"tags":[],"class_list":["post-54036","post","type-post","status-publish","format-standard","has-post-thumbnail","hentry","category-destino-del-mes"],"acf":[],"_links":{"self":[{"href":"https:\/\/viagemalemanha.com\/es\/wp-json\/wp\/v2\/posts\/54036","targetHints":{"allow":["GET"]}}],"collection":[{"href":"https:\/\/viagemalemanha.com\/es\/wp-json\/wp\/v2\/posts"}],"about":[{"href":"https:\/\/viagemalemanha.com\/es\/wp-json\/wp\/v2\/types\/post"}],"author":[{"embeddable":true,"href":"https:\/\/viagemalemanha.com\/es\/wp-json\/wp\/v2\/users\/1"}],"replies":[{"embeddable":true,"href":"https:\/\/viagemalemanha.com\/es\/wp-json\/wp\/v2\/comments?post=54036"}],"version-history":[{"count":5,"href":"https:\/\/viagemalemanha.com\/es\/wp-json\/wp\/v2\/posts\/54036\/revisions"}],"predecessor-version":[{"id":72019,"href":"https:\/\/viagemalemanha.com\/es\/wp-json\/wp\/v2\/posts\/54036\/revisions\/72019"}],"wp:featuredmedia":[{"embeddable":true,"href":"https:\/\/viagemalemanha.com\/es\/wp-json\/wp\/v2\/media\/72018"}],"wp:attachment":[{"href":"https:\/\/viagemalemanha.com\/es\/wp-json\/wp\/v2\/media?parent=54036"}],"wp:term":[{"taxonomy":"category","embeddable":true,"href":"https:\/\/viagemalemanha.com\/es\/wp-json\/wp\/v2\/categories?post=54036"},{"taxonomy":"post_tag","embeddable":true,"href":"https:\/\/viagemalemanha.com\/es\/wp-json\/wp\/v2\/tags?post=54036"}],"curies":[{"name":"wp","href":"https:\/\/api.w.org\/{rel}","templated":true}]}}