{"id":61639,"date":"2021-09-09T11:22:35","date_gmt":"2021-09-09T14:22:35","guid":{"rendered":"https:\/\/viagemalemanha.com\/?p=61639"},"modified":"2026-02-01T14:44:02","modified_gmt":"2026-02-01T17:44:02","slug":"aracy-guimaraes-el-angel-de-hamburgo","status":"publish","type":"post","link":"https:\/\/viagemalemanha.com\/es\/aracy-guimaraes-el-angel-de-hamburgo\/","title":{"rendered":"Aracy Guimar\u00e3es, el \u00e1ngel de Hamburgo."},"content":{"rendered":"\n<p>Muchos no la conocen, su historia de vida pas\u00f3 desapercibida en una \u00e9poca de horrores, y hoy podemos contar y homenajear a esta latina que desafi\u00f3 el implacable r\u00e9gimen del Partido Nacional-Socialista de los Trabajadores Alemanes, bajo el mando de Adolf Hitler.<\/p>\n\n\n\n<p>Aracy estaba entonces casada con Jo\u00e3o Guimar\u00e3es Rosa, donde trabajaban en el \u00e1rea diplom\u00e1tica, sirviendo a Am\u00e9rica latina en Hamburgo, Alemania. Durante su estancia en Alemania, donde trabaj\u00f3 en el consulado latino, ayud\u00f3 a muchos jud\u00edos a escapar del r\u00e9gimen nazi, incluso financieramente, proporcionando dinero para la compra de pasajes fuera de Alemania.<\/p>\n\n\n\n<p>Aracy desafi\u00f3 el terrible r\u00e9gimen, poniendo en riesgo su propia vida en pro de ayudar al pr\u00f3jimo, en un tiempo en que eso ser\u00eda algo impensable para la mayor\u00eda, y por cuenta de esta valent\u00eda y generosidad fue la \u00fanica latina en recibir el t\u00edtulo \u00abJusta Entre las Naciones\u00bb.<\/p>\n\n\n\n<p>Para saber m\u00e1s sobre esta latina que nos llena de orgullo, visita nuestro <a href=\"https:\/\/www.viagemhamburgo.com\/aracy-guimaraes-rosa-o-anjo-de-hamburgo\/\" target=\"_blank\" rel=\"noopener\">post<\/a> en <a href=\"http:\/\/www.viagemhamburgo.com\" target=\"_blank\" rel=\"noopener\">Viagem Hamburgo<\/a>.<\/p>\n\n\n\n<p>Ante tan bella historia, Rede Globo decidi\u00f3 producir una serie sobre nuestro \u00ab\u00c1ngel de Hamburgo\u00bb, donde fuimos buscados para ayudar al director Jayme Monjardim en la b\u00fasqueda de documentos, lugares y materiales necesarios relacionados con la vida de Aracy y sus haza\u00f1as heroicas en Hamburgo.<\/p>\n\n\n\n<figure class=\"wp-block-image size-large\"><img decoding=\"async\" src=\"https:\/\/viagemalemanha.com\/wp-content\/uploads\/2025\/05\/anjo-de-hamburgo-aracy-guimaraes-jayme-monjardim-viagem-alemanha-passeios-guiados-privativos-em-portugues-1024x768-1.jpg\" alt=\"\" class=\"wp-image-2997\" \/><figcaption class=\"wp-element-caption\">Almuerzo de los fundadores de Viagem Alemania con Jayme Monjardim.<\/figcaption><\/figure>\n\n\n\n<figure class=\"wp-block-image size-large\"><img decoding=\"async\" src=\"https:\/\/viagemalemanha.com\/wp-content\/uploads\/2025\/05\/anjo-de-hamburgo-aracy-guimaraes-jayme-monjardim-viagem-alemanha-passeios-guiados-privativos-em-portugues-2-1024x768-1.jpg\" alt=\"\" class=\"wp-image-2998\" \/><figcaption class=\"wp-element-caption\">Jayme Monjardim fotografiando uno de los canales de Hamburgo.<\/figcaption><\/figure>\n\n\n\n<figure class=\"wp-block-image size-large\"><img decoding=\"async\" src=\"https:\/\/viagemalemanha.com\/wp-content\/uploads\/2025\/05\/ARACY-ANJO-DE-HAMBURGO-VIAGEM-ALEMANHA-PASSEIOS-GUIADOS-PRIVATIVOS-EM-PORTUGUES-1024x887-1.jpg\" alt=\"\" class=\"wp-image-2999\" \/><figcaption class=\"wp-element-caption\">Jayme Monjardim en la escuela de formaci\u00f3n de la \u00e9lite del Tercer Reich.<\/figcaption><\/figure>\n\n\n\n<p>Para paseos guiados, traslados, experiencias, con toda flexibilidad, de forma privada y espa\u00f1ol, cont\u00e1ctanos, tendremos el mayor placer en preparar un incre\u00edble viaje para ti. \ud83d\ude42<\/p>\n\n\n\n<figure class=\"wp-block-image size-large\"><img decoding=\"async\" src=\"https:\/\/viagemalemanha.com\/wp-content\/uploads\/2025\/04\/chamada-info-site.png\" alt=\"\" class=\"wp-image-1965\" \/><\/figure>\n","protected":false},"excerpt":{"rendered":"<p>Muchos no la conocen, su historia de vida pas\u00f3 desapercibida en una \u00e9poca de horrores, y hoy podemos contar y homenajear a esta latina que desafi\u00f3 el implacable r\u00e9gimen del Partido Nacional-Socialista de los Trabajadores Alemanes, bajo el mando de Adolf Hitler. Aracy estaba entonces casada con Jo\u00e3o Guimar\u00e3es Rosa, donde trabajaban en el \u00e1rea [&hellip;]<\/p>\n","protected":false},"author":1,"featured_media":62185,"comment_status":"open","ping_status":"open","sticky":false,"template":"","format":"standard","meta":{"_acf_changed":false,"tripadvisor_id":"","rating":0,"reviewer_name":"","review_date":"","trip_type":"","helpful_votes":0,"source_url":"","reviewer_gravatar":"","review_type":"","footnotes":""},"categories":[491,486,483],"tags":[],"class_list":["post-61639","post","type-post","status-publish","format-standard","has-post-thumbnail","hentry","category-datos-interesantes","category-hamburgo","category-historia"],"acf":[],"_links":{"self":[{"href":"https:\/\/viagemalemanha.com\/es\/wp-json\/wp\/v2\/posts\/61639","targetHints":{"allow":["GET"]}}],"collection":[{"href":"https:\/\/viagemalemanha.com\/es\/wp-json\/wp\/v2\/posts"}],"about":[{"href":"https:\/\/viagemalemanha.com\/es\/wp-json\/wp\/v2\/types\/post"}],"author":[{"embeddable":true,"href":"https:\/\/viagemalemanha.com\/es\/wp-json\/wp\/v2\/users\/1"}],"replies":[{"embeddable":true,"href":"https:\/\/viagemalemanha.com\/es\/wp-json\/wp\/v2\/comments?post=61639"}],"version-history":[{"count":2,"href":"https:\/\/viagemalemanha.com\/es\/wp-json\/wp\/v2\/posts\/61639\/revisions"}],"predecessor-version":[{"id":66608,"href":"https:\/\/viagemalemanha.com\/es\/wp-json\/wp\/v2\/posts\/61639\/revisions\/66608"}],"wp:featuredmedia":[{"embeddable":true,"href":"https:\/\/viagemalemanha.com\/es\/wp-json\/wp\/v2\/media\/62185"}],"wp:attachment":[{"href":"https:\/\/viagemalemanha.com\/es\/wp-json\/wp\/v2\/media?parent=61639"}],"wp:term":[{"taxonomy":"category","embeddable":true,"href":"https:\/\/viagemalemanha.com\/es\/wp-json\/wp\/v2\/categories?post=61639"},{"taxonomy":"post_tag","embeddable":true,"href":"https:\/\/viagemalemanha.com\/es\/wp-json\/wp\/v2\/tags?post=61639"}],"curies":[{"name":"wp","href":"https:\/\/api.w.org\/{rel}","templated":true}]}}