{"id":61641,"date":"2021-07-01T13:03:26","date_gmt":"2021-07-01T16:03:26","guid":{"rendered":"https:\/\/viagemalemanha.com\/?p=61641"},"modified":"2026-02-01T15:26:13","modified_gmt":"2026-02-01T18:26:13","slug":"mittenwald","status":"publish","type":"post","link":"https:\/\/viagemalemanha.com\/es\/mittenwald\/","title":{"rendered":"Mittenwald"},"content":{"rendered":"\n<p>\u00a1A\u00fan m\u00e1s bellas que los Alpes de la regi\u00f3n de Baviera son las ciudades anidadas entre ellos, como es el caso de Mittenwald!<\/p>\n\n\n\n<blockquote class=\"wp-block-quote is-layout-flow wp-block-quote-is-layout-flow\"><p><strong>\u00abMittenwald, un libro de im\u00e1genes vivo\u00bb<\/strong><\/p><cite><strong>Goethe<\/strong><\/cite><\/blockquote>\n\n\n\n<figure class=\"wp-block-image size-large\"><img decoding=\"async\" src=\"https:\/\/viagemalemanha.com\/wp-content\/uploads\/2025\/05\/mittenwald-viagem-alemanha-bavaria-passeios-privativos-em-portugues-1024x727-1.png\" alt=\"\" class=\"wp-image-3469\" \/><\/figure>\n\n\n\n<p>Ciertamente no hay mejor lugar para conocer las antiguas tradiciones locales de Baviera, combinando con un paseo en un clima acogedor de interior que en estas bellas ciudadcitas de la regi\u00f3n.<\/p>\n\n\n\n<p>Mittenwald se encuentra en una regi\u00f3n muy cercana a la frontera con Austria, donde es posible conocer Innsbruck, por ejemplo, en un paseo en coche. Para los viajeros que est\u00e9n en M\u00fanich, tambi\u00e9n es posible conocer Mittenwald en una excursi\u00f3n de un d\u00eda.<\/p>\n\n\n\n<figure class=\"wp-block-image size-large\"><img decoding=\"async\" src=\"https:\/\/viagemalemanha.com\/wp-content\/uploads\/2025\/05\/mittenwald-viagem-alemanha-passeios-guiados-privativos-em-portugues-3-1024x727-1.png\" alt=\"\" class=\"wp-image-3472\" \/><\/figure>\n\n\n\n<p>Sin embargo, para aquellos que desean disfrutar a\u00fan m\u00e1s de la atm\u00f3sfera \u00fanica de la ciudad, se recomienda hospedarse en uno de sus hoteles locales, con sus hermosos edificios que son una atracci\u00f3n por s\u00ed mismos con sus fachadas, algunas con frescos conocidos como <em>L\u00fcftlmalerei<\/em>, o tambi\u00e9n con jardineras en sus ventanas.<\/p>\n\n\n\n<figure class=\"wp-block-image size-large\"><img decoding=\"async\" src=\"https:\/\/viagemalemanha.com\/wp-content\/uploads\/2025\/05\/mittenwald-viagem-alemanha-passeios-guiados-privativos-portugues-4-1024x727-1.png\" alt=\"\" class=\"wp-image-3470\" \/><\/figure>\n\n\n\n<p>Mittenwald pas\u00f3 a formar parte del &nbsp;Pr\u00edncipe-Obispado de Freising en el siglo XIV, siendo un importante punto de entrada de mercanc\u00edas por el sur de Alemania. Sin embargo, fue en el siglo XVII cuando comenz\u00f3 la fabricaci\u00f3n de instrumentos de cuerda, especialmente violines, en la ciudad, lo que garantiz\u00f3 notoriedad para Mittenwald en este segmento. Esta tradici\u00f3n fue iniciada por la familia Klotz, que ense\u00f1\u00f3 el oficio a otras familias de la antigua aldea, y sus descendientes siguen hasta hoy manteniendo este legado.<\/p>\n\n\n\n<p>Para aquellos que desean conocer a\u00fan m\u00e1s la historia de estos instrumentos en Mittenwald, hay la posibilidad de visitar el Geigenbau Museum, fundado en 1930.<\/p>\n\n\n\n<figure class=\"wp-block-image size-large\"><img decoding=\"async\" src=\"https:\/\/viagemalemanha.com\/wp-content\/uploads\/2025\/05\/mittenwald-viagem-alemanha-viagens-personalizadas.png\" alt=\"\" class=\"wp-image-3473\" \/><figcaption>Geigenbau Museum.<\/figcaption><\/figure>\n\n\n\n<p>El \u00e1rea m\u00e1s visitada es el centro hist\u00f3rico, donde un paseo admirando las bellas fachadas pintadas de los edificios, con los Alpes al fondo, es imperdible. La&nbsp;Iglesia de San Pedro y San Pablo es uno de los puntos m\u00e1s bonitos, destac\u00e1ndose en el horizonte de la ciudad.<\/p>\n\n\n\n<figure class=\"wp-block-image size-large\"><img decoding=\"async\" src=\"https:\/\/viagemalemanha.com\/wp-content\/uploads\/2025\/05\/mittenwald-viagem-alemanha-passeios-privativos-portugues-1024x727-1.png\" alt=\"\" class=\"wp-image-3471\" \/><\/figure>\n\n\n\n<p>Al visitar M\u00fanich, no dejes de hacer un paseo en Mittenwald y en las otras encantadoras ciudadcitas de los Alpes de Baviera. Para viajes personalizados privados, con paseos, traslados y experiencias a medida, \u00a1habla con nosotros!<\/p>\n\n\n\n<figure class=\"wp-block-image size-large\"><img decoding=\"async\" src=\"https:\/\/viagemalemanha.com\/wp-content\/uploads\/2025\/04\/chamada-info-site.png\" alt=\"\" class=\"wp-image-1965\" \/><\/figure>\n","protected":false},"excerpt":{"rendered":"<p>\u00a1A\u00fan m\u00e1s bellas que los Alpes de la regi\u00f3n de Baviera son las ciudades anidadas entre ellos, como es el caso de Mittenwald! \u00abMittenwald, un libro de im\u00e1genes vivo\u00bb Goethe Ciertamente no hay mejor lugar para conocer las antiguas tradiciones locales de Baviera, combinando con un paseo en un clima acogedor de interior que en [&hellip;]<\/p>\n","protected":false},"author":1,"featured_media":62176,"comment_status":"open","ping_status":"open","sticky":false,"template":"","format":"standard","meta":{"_acf_changed":false,"tripadvisor_id":"","rating":0,"reviewer_name":"","review_date":"","trip_type":"","helpful_votes":0,"source_url":"","reviewer_gravatar":"","review_type":"","footnotes":""},"categories":[477],"tags":[],"class_list":["post-61641","post","type-post","status-publish","format-standard","has-post-thumbnail","hentry","category-destino-del-mes"],"acf":[],"_links":{"self":[{"href":"https:\/\/viagemalemanha.com\/es\/wp-json\/wp\/v2\/posts\/61641","targetHints":{"allow":["GET"]}}],"collection":[{"href":"https:\/\/viagemalemanha.com\/es\/wp-json\/wp\/v2\/posts"}],"about":[{"href":"https:\/\/viagemalemanha.com\/es\/wp-json\/wp\/v2\/types\/post"}],"author":[{"embeddable":true,"href":"https:\/\/viagemalemanha.com\/es\/wp-json\/wp\/v2\/users\/1"}],"replies":[{"embeddable":true,"href":"https:\/\/viagemalemanha.com\/es\/wp-json\/wp\/v2\/comments?post=61641"}],"version-history":[{"count":1,"href":"https:\/\/viagemalemanha.com\/es\/wp-json\/wp\/v2\/posts\/61641\/revisions"}],"predecessor-version":[{"id":62180,"href":"https:\/\/viagemalemanha.com\/es\/wp-json\/wp\/v2\/posts\/61641\/revisions\/62180"}],"wp:featuredmedia":[{"embeddable":true,"href":"https:\/\/viagemalemanha.com\/es\/wp-json\/wp\/v2\/media\/62176"}],"wp:attachment":[{"href":"https:\/\/viagemalemanha.com\/es\/wp-json\/wp\/v2\/media?parent=61641"}],"wp:term":[{"taxonomy":"category","embeddable":true,"href":"https:\/\/viagemalemanha.com\/es\/wp-json\/wp\/v2\/categories?post=61641"},{"taxonomy":"post_tag","embeddable":true,"href":"https:\/\/viagemalemanha.com\/es\/wp-json\/wp\/v2\/tags?post=61641"}],"curies":[{"name":"wp","href":"https:\/\/api.w.org\/{rel}","templated":true}]}}