{"id":61642,"date":"2021-08-19T17:31:54","date_gmt":"2021-08-19T20:31:54","guid":{"rendered":"https:\/\/viagemalemanha.com\/?p=61642"},"modified":"2026-02-01T16:58:43","modified_gmt":"2026-02-01T19:58:43","slug":"weimar-y-el-clasicismo-aleman","status":"publish","type":"post","link":"https:\/\/viagemalemanha.com\/es\/weimar-y-el-clasicismo-aleman\/","title":{"rendered":"Weimar y el Clasicismo alem\u00e1n"},"content":{"rendered":"\n<p>Weimar, una ciudad que influy\u00f3 para que Alemania fuera conocida como \u201cpa\u00eds de poetas y pensadores\u201d, lleva consigo mucha historia y sin duda te encantar\u00e1!<\/p>\n\n\n\n<p><em>\u00abTodo lo que hace famosa a la ciudad tiene que ver con poetas, fil\u00f3sofos y estadistas\u00bb- <\/em>dijo Angela Jahn, portavoz de la Fundaci\u00f3n Cultural Weimar. <\/p>\n\n\n\n<figure class=\"wp-block-image size-large\"><img decoding=\"async\" src=\"https:\/\/viagemalemanha.com\/wp-content\/uploads\/2025\/05\/weimar-carl-august-viagem-alemanha-passeios-guiados-privativos-em-portugues-1024x765-1.png\" alt=\"\" class=\"wp-image-2930\" \/><figcaption>Estatua del Gran Duque Carlos Augusto, Weimar.<\/figcaption><\/figure>\n\n\n\n<h4 class=\"wp-block-heading\">El esplendor cultural alem\u00e1n<\/h4>\n\n\n\n<p>Weimar fue el suelo f\u00e9rtil donde mentes geniales dejaron florecer sus grandes obras. Importantes nombres pasaron por aqu\u00ed, entre ellos Friedrich Schiller, Johann Sebastian Bach, Franz Liszt, Carl Maria von Weber y Friedrich Nietzsche. La riqueza cultural de Weimar es grandiosa, y no es de extra\u00f1ar que esta peque\u00f1a ciudad, con alrededor de 62 mil habitantes, reciba 4 millones de visitantes.<\/p>\n\n\n\n<p>El per\u00edodo de apogeo de las producciones de sus principales escritores Goethe, Schiller, Wieland y Herder, fue denominado el Clasicismo de Weimar, per\u00edodo en el que all\u00ed se localizaba la capital intelectual de Europa.<\/p>\n\n\n\n<figure class=\"wp-block-image size-large\"><img decoding=\"async\" src=\"https:\/\/viagemalemanha.com\/wp-content\/uploads\/2025\/05\/weimar-Goethe-Schiller-viagem-alemanha-passeios-guiados-privativos-em-portugues-1024x683-1.jpg\" alt=\"\" class=\"wp-image-2925\" \/><figcaption>Estatuas de Goethe y Schiller frente al Teatro Nacional, Weimar.<\/figcaption><\/figure>\n\n\n\n<h4 class=\"wp-block-heading\">Goethe <\/h4>\n\n\n\n<p>Esta frase fue dicha por Goethe, sin duda la figura central de Weimar. Entre todos los visitantes que la ciudad recibe, alrededor de un tercio se asegura de conocer el Museo Nacional Goethe, que entre varias casas, la Casa Goethe, donde Goethe vivi\u00f3 y trabaj\u00f3, destaca especialmente, en especial la mesa en la que el gran escritor trabajaba.<\/p>\n\n\n\n<blockquote class=\"wp-block-quote is-style-large is-layout-flow wp-block-quote-is-layout-flow\"><p><em>&nbsp;\u00ab\u00bfD\u00f3nde m\u00e1s puedes encontrar tantas cosas buenas en un solo lugar?\u00bb<\/em><\/p><cite><strong>Johann Wolfgang von Goethe<\/strong><\/cite><\/blockquote>\n\n\n\n<h4 class=\"wp-block-heading\"><strong>Rep\u00fablica de Weimar<\/strong><\/h4>\n\n\n\n<p>La rep\u00fablica fue creada con la intenci\u00f3n de hacer que el pa\u00eds intentara recuperarse de los da\u00f1os de su derrota en la 1\u00b0 Guerra Mundial. La asamblea constituida de esta rep\u00fablica fue en Weimar, de ah\u00ed el nombre Rep\u00fablica de Weimar, que ser\u00eda el entonces nuevo sistema de gobierno, muy diferente del antiguo Imperio alem\u00e1n, y que estuvo vigente en Alemania entre los a\u00f1os 1919 y 1933. <\/p>\n\n\n\n<p>Por haber sido muy fr\u00e1gil, el gobierno dio gran apertura para el inicio del nazismo en el pa\u00eds, especialmente a partir de la crisis de 1929, frente al desespero de la poblaci\u00f3n. En esa situaci\u00f3n, el mariscal Hindenburg fue reelegido presidente, con Hitler en segundo lugar, quien pronto asumi\u00f3 el cargo de canciller, en 1933. En medio de la crisis, la fuerza del Partido Nazi, liderado por Adolf Hitler, llev\u00f3 a una mayor aceptaci\u00f3n de los jud\u00edos como culpables de los problemas econ\u00f3micos. La muerte del presidente Hindenburg, en 1934, convirti\u00f3 a Hitler en el \u00fanico jefe del Estado, el F\u00fchrer, iniciando el Tercer Reich. <\/p>\n\n\n\n<h4 class=\"wp-block-heading\">El Palacio de Weimar<\/h4>\n\n\n\n<p>En el lugar donde hoy se encuentra el palacio, en el siglo X ya hab\u00eda un castillo medieval. El edificio que vemos hoy es fruto de una serie de incendios y reformas. Fue entonces que en 1789 el duque Carl August inici\u00f3 una gran reforma, orquestada por Goethe. El interior en estilo Cl\u00e1sico proviene de esta reforma, cuyos destacados son la escalera de Gentz y el sal\u00f3n de baile con arquitectura neocl\u00e1sica.<\/p>\n\n\n\n<p>De las salas, las que merecen gran destaque son las que rinden homenaje a Christoph Martin Wieland, Johann Gottfried Herder, Friedrich Schiller y Johann Wolfgang Goethe. El edificio tambi\u00e9n alberga el Museo del Palacio desde 1923, que cuenta con una vasta y hermosa colecci\u00f3n de artes, no solo alemanas.<\/p>\n\n\n\n<figure class=\"wp-block-image size-large\"><img decoding=\"async\" src=\"https:\/\/viagemalemanha.com\/wp-content\/uploads\/2025\/05\/weimar-palacio-viagem-alemanha-passeios-guiados-privativos-em-portugues-1024x576-1.jpg\" alt=\"\" class=\"wp-image-2927\" \/><figcaption>Palacio de Weimar.<\/figcaption><\/figure>\n\n\n\n<h4 class=\"wp-block-heading\"><strong>Festival de la cebolla<\/strong><\/h4>\n\n\n\n<p>Un hecho curioso sobre Weimar es su mercado de cebolla, un festival que ocurre todos los a\u00f1os a principios de octubre. El festival atrae a m\u00e1s de 350.000 visitantes en sus ediciones, donde se elige a la \u201creina de la cebolla\u201d. Goethe, tambi\u00e9n est\u00e1 presente en este punto de la ciudad de Weimar, ya que adoraba este vegetal, profundiz\u00f3 en los conocimientos de las propiedades medicinales de la cebolla y a\u00fan la utilizaba como elemento decorativo. Curioso, \u00bfno?<\/p>\n\n\n\n<figure class=\"wp-block-image size-large\"><img decoding=\"async\" src=\"https:\/\/viagemalemanha.com\/wp-content\/uploads\/2025\/05\/Weimar-festival-da-cebola-viagem-alemanha-passeios-guiados-privativos-em-portugues-768x1024-1.jpg\" alt=\"\" class=\"wp-image-2928\" \/><figcaption>Festival de la Cebolla, Weimar.<\/figcaption><\/figure>\n\n\n\n<h4 class=\"wp-block-heading\"><strong>Biblioteca Duquesa Ana Amalia<\/strong><\/h4>\n\n\n\n<p>Con una arquitectura impresionante, la Biblioteca Duquesa Ana Amalia fue fundada en 1691, y hasta hoy es una de las m\u00e1s famosas de Alemania! El lugar preserva registros literarios del siglo IX al XXI y tambi\u00e9n es un centro de investigaci\u00f3n sobre la historia cultural y literaria europea, en especial de los a\u00f1os 1800. La biblioteca cuenta con m\u00e1s de un mill\u00f3n de libros y un bell\u00edsimo sal\u00f3n rococ\u00f3. Vale mucho la pena la visita, sin embargo, el n\u00famero m\u00e1ximo de visitantes por d\u00eda es de 290 personas, por lo que es importante reservar con anticipaci\u00f3n.&nbsp;<\/p>\n\n\n\n<figure class=\"wp-block-image size-large\"><img decoding=\"async\" src=\"https:\/\/viagemalemanha.com\/wp-content\/uploads\/2025\/05\/weiamr-ann-amalia-viagem-alemanha-passeios-guiados-privativos-em-portugues-1024x576-1.jpg\" alt=\"\" class=\"wp-image-2926\" \/><figcaption>Biblioteca Duquesa Ana Amalia, Weimar.<\/figcaption><\/figure>\n\n\n\n<h4 class=\"wp-block-heading\"><strong>Uno de los mayores campos de concentraci\u00f3n<\/strong><\/h4>\n\n\n\n<p>Desafortunadamente, no solo de momentos felices vivi\u00f3 la ciudad. En la regi\u00f3n se construy\u00f3 Buchenwald, uno de los mayores campos de concentraci\u00f3n de la Segunda Guerra Mundial, donde alrededor de 65.000 hombres, mujeres y ni\u00f1os murieron. Hoy todo est\u00e1 abierto al p\u00fablico, en el lugar tambi\u00e9n hay testimonios sobre los acontecimientos en audios. <\/p>\n\n\n\n<figure class=\"wp-block-image size-large\"><img decoding=\"async\" src=\"https:\/\/viagemalemanha.com\/wp-content\/uploads\/2025\/05\/weimar-camp-_buchenwald_viagem-alemanha-passeios-guiados-privativos-em-portugues-1024x678-1.png\" alt=\"\" class=\"wp-image-2929\" \/><figcaption>Memorial del Campo de Concentraci\u00f3n Buchenwald, Weimar.<\/figcaption><\/figure>\n\n\n\n<p>Ofrecemos paseos guiados privados en todas estas atracciones, adem\u00e1s de elaborar todo el itinerario personalizado. Tendremos el mayor placer en organizar tu viaje. \ud83d\ude42<\/p>\n\n\n\n<figure class=\"wp-block-image size-large\"><img decoding=\"async\" src=\"https:\/\/viagemalemanha.com\/wp-content\/uploads\/2025\/04\/chamada-info-site.png\" alt=\"\" class=\"wp-image-1965\" \/><\/figure>\n\n\n\n<p><\/p>\n","protected":false},"excerpt":{"rendered":"<p>Weimar, una ciudad que influy\u00f3 para que Alemania fuera conocida como \u201cpa\u00eds de poetas y pensadores\u201d, lleva consigo mucha historia y sin duda te encantar\u00e1! \u00abTodo lo que hace famosa a la ciudad tiene que ver con poetas, fil\u00f3sofos y estadistas\u00bb- dijo Angela Jahn, portavoz de la Fundaci\u00f3n Cultural Weimar. El esplendor cultural alem\u00e1n Weimar [&hellip;]<\/p>\n","protected":false},"author":1,"featured_media":62169,"comment_status":"open","ping_status":"open","sticky":false,"template":"","format":"standard","meta":{"_acf_changed":false,"tripadvisor_id":"","rating":0,"reviewer_name":"","review_date":"","trip_type":"","helpful_votes":0,"source_url":"","reviewer_gravatar":"","review_type":"","footnotes":""},"categories":[491,496,477,497,483,485],"tags":[],"class_list":["post-61642","post","type-post","status-publish","format-standard","has-post-thumbnail","hentry","category-datos-interesantes","category-descubriendo-alemania","category-destino-del-mes","category-europa","category-historia","category-germanicos"],"acf":[],"_links":{"self":[{"href":"https:\/\/viagemalemanha.com\/es\/wp-json\/wp\/v2\/posts\/61642","targetHints":{"allow":["GET"]}}],"collection":[{"href":"https:\/\/viagemalemanha.com\/es\/wp-json\/wp\/v2\/posts"}],"about":[{"href":"https:\/\/viagemalemanha.com\/es\/wp-json\/wp\/v2\/types\/post"}],"author":[{"embeddable":true,"href":"https:\/\/viagemalemanha.com\/es\/wp-json\/wp\/v2\/users\/1"}],"replies":[{"embeddable":true,"href":"https:\/\/viagemalemanha.com\/es\/wp-json\/wp\/v2\/comments?post=61642"}],"version-history":[{"count":1,"href":"https:\/\/viagemalemanha.com\/es\/wp-json\/wp\/v2\/posts\/61642\/revisions"}],"predecessor-version":[{"id":62175,"href":"https:\/\/viagemalemanha.com\/es\/wp-json\/wp\/v2\/posts\/61642\/revisions\/62175"}],"wp:featuredmedia":[{"embeddable":true,"href":"https:\/\/viagemalemanha.com\/es\/wp-json\/wp\/v2\/media\/62169"}],"wp:attachment":[{"href":"https:\/\/viagemalemanha.com\/es\/wp-json\/wp\/v2\/media?parent=61642"}],"wp:term":[{"taxonomy":"category","embeddable":true,"href":"https:\/\/viagemalemanha.com\/es\/wp-json\/wp\/v2\/categories?post=61642"},{"taxonomy":"post_tag","embeddable":true,"href":"https:\/\/viagemalemanha.com\/es\/wp-json\/wp\/v2\/tags?post=61642"}],"curies":[{"name":"wp","href":"https:\/\/api.w.org\/{rel}","templated":true}]}}