{"id":61644,"date":"2021-04-22T12:27:28","date_gmt":"2021-04-22T15:27:28","guid":{"rendered":"https:\/\/viagemalemanha.com\/?p=61644"},"modified":"2026-02-01T16:32:08","modified_gmt":"2026-02-01T19:32:08","slug":"ulm-y-la-catedral-mas-alta-del-mundo-turismo-en-alemania","status":"publish","type":"post","link":"https:\/\/viagemalemanha.com\/es\/ulm-y-la-catedral-mas-alta-del-mundo-turismo-en-alemania\/","title":{"rendered":"Ulm y la catedral m\u00e1s alta del mundo &#8211; Turismo en Alemania"},"content":{"rendered":"\n<p>Situada en el estado de Baden-W\u00fcrttemberg, la ciudad de Ulm es una de las principales de la regi\u00f3n, siendo ba\u00f1ada por el r\u00edo Danubio, y fue una ciudad imperial libre.<\/p>\n\n\n\n<figure class=\"wp-block-image size-large\"><img decoding=\"async\" src=\"https:\/\/viagemalemanha.com\/wp-content\/uploads\/2025\/05\/Ulm-viagem-Alemanha-passeios-guiados-privativos-em-portugues-1024x683-1.jpg\" alt=\"R\u00edo Danubio, Catedral de Ulm, Gu\u00eda en espa\u00f1ol en Alemania\" class=\"wp-image-3393\" \/><figcaption class=\"wp-element-caption\">R\u00edo Danubio.<\/figcaption><\/figure>\n\n\n\n<h2 class=\"wp-block-heading\" id=\"h-catedral-de-ulm-a-mais-alta-do-mundo\">Catedral de Ulm &#8211; la m\u00e1s alta del mundo<\/h2>\n\n\n\n<p>La catedral es su principal punto tur\u00edstico, destac\u00e1ndose sobre el paisaje de la ciudad. Su construcci\u00f3n se inici\u00f3 en 1377 y su conclusi\u00f3n se realiz\u00f3 solo en 1890, cuando se convirti\u00f3 en el edificio m\u00e1s alto del mundo, manteniendo el t\u00edtulo durante 11 a\u00f1os. Hoy la catedral de Ulm es considerada a\u00fan la m\u00e1s alta del mundo, manteniendo su majestuosidad en la ciudad.<\/p>\n\n\n\n<figure class=\"wp-block-image size-large\"><img decoding=\"async\" src=\"https:\/\/viagemalemanha.com\/wp-content\/uploads\/2025\/05\/ulm-catedral-viagem-Alemanha-passeios-guiados-privativos-em-portugues-707x1024-1.jpg\" alt=\"Catedral de Ulm, Gu\u00eda en espa\u00f1ol en Alemania\" class=\"wp-image-3392\" \/><figcaption class=\"wp-element-caption\">Catedral de Ulm.<\/figcaption><\/figure>\n\n\n\n<p>Sin embargo, <strong>Ulm reserva mucho m\u00e1s que su hermosa catedral para sus visitantes.<\/strong> Fundada alrededor del siglo IX, la ciudad de Ulm era un gran punto de encuentro entre rutas comerciales, lo que le trajo mucha prosperidad y la visita de personas influyentes, incluidos emperadores. Tuvo su apogeo en la Baja Edad Media y fue severamente afectada por bombardeos durante la Segunda Guerra.<\/p>\n\n\n\n<blockquote class=\"wp-block-quote is-layout-flow wp-block-quote-is-layout-flow\">\n<p>Realiza un turismo en Alemania en la Catedral de Ulm y en los puntos emblem\u00e1ticos de Ulm con un itinerario personalizado y gu\u00edas especializados. \u00a1Descubre lo mejor de Alemania con nosotros! (<a href=\"https:\/\/viagemalemanha.com\/es\/quienes-somos\/\">Haz clic aqu\u00ed<\/a> para descubrir <a href=\"https:\/\/viagemalemanha.com\/es\/quienes-somos\/\">qui\u00e9nes somos<\/a> y por qu\u00e9 nuestra empresa es la <a href=\"https:\/\/viagemalemanha.com\/es\/consultoria-de-viaje-para-alemania\/\">mejor elecci\u00f3n<\/a> para realizar tu viaje a Alemania)<\/p>\n<\/blockquote>\n\n\n\n<h2 class=\"wp-block-heading\" id=\"h-fischerviertel-e-schiefes-haus\">Fischerviertel y Schiefes Haus <\/h2>\n\n\n\n<p>Afortunadamente, la ciudad preserva muchas obras de su pasado, como el <em>Fischerviertel<\/em>, el barrio medieval de los pescadores y curtidores (artesanos del curtido), que surgi\u00f3 en el siglo XV durante la expansi\u00f3n del comercio por el r\u00edo Danubio. Al pasear por las calles de este barrio hist\u00f3rico, el visitante realiza un incre\u00edble viaje al pasado.<\/p>\n\n\n\n<figure class=\"wp-block-image size-large\"><img decoding=\"async\" src=\"https:\/\/viagemalemanha.com\/wp-content\/uploads\/2025\/05\/ulm-Fischerviertel_viagem-alemanha-passeios-guiados-privativos-em-portugues.jpg\" alt=\"\" class=\"wp-image-3400\" \/><figcaption class=\"wp-element-caption\">Fischerviertel, Ulm.<\/figcaption><\/figure>\n\n\n\n<p>Otra herencia del siglo XV que podemos visitar hasta hoy es el Schiefes Haus. La posada que con m\u00e1s de 600 a\u00f1os, tiene una impresionante inclinaci\u00f3n hacia adelante. Dando la impresi\u00f3n de que podr\u00eda sucumbir en cualquier momento. A\u00fan as\u00ed, la hist\u00f3rica posada permanece en pie, sirviendo desde comandantes de barcos en su apogeo, hasta hotel en la actualidad.<\/p>\n\n\n\n<figure class=\"wp-block-image size-large is-resized\"><img decoding=\"async\" src=\"https:\/\/viagemalemanha.com\/wp-content\/uploads\/2025\/05\/ulm_Schiefes_Haus_viagem-alemanha-passeios-guiados-em-portugues-scaled.jpg\" alt=\"\" class=\"wp-image-3395\" style=\"width:580px;height:886px\" \/><figcaption class=\"wp-element-caption\">Schiefes Haus, Ulm. Fuente:<a href=\"http:\/\/[[File:Hotel Schiefes Haus, Ulm (2017).jpg|Hotel Schiefes Haus, Ulm (2017)]]\"> Wikip\u00e9di<\/a>a. Autor: ubahnverleih<\/figcaption><\/figure>\n\n\n\n<h2 class=\"wp-block-heading\" id=\"h-outras-belezas-de-ulm\">Otras bellezas de Ulm<\/h2>\n\n\n\n<p>La Abad\u00eda de Wiblingen tambi\u00e9n es una de las obras maestras de Ulm, siendo fundada en el siglo XI. Esta antigua abad\u00eda benedictina, hoy es uno de los departamentos de la Universidad de Ulm. La belleza de este edificio no est\u00e1 solo en su exterior, sino que destaca en sus alas internas posteriormente reformadas en estilo rococ\u00f3, con columnas de m\u00e1rmol, frescos y trabajos en yeso.<\/p>\n\n\n\n<figure class=\"wp-block-image size-large\"><img decoding=\"async\" src=\"https:\/\/viagemalemanha.com\/wp-content\/uploads\/2025\/05\/ulm-Abadia-de-Wiblingen-viagem-alemanha-passeios-guiados-portugues.png\" alt=\"\" class=\"wp-image-3396\" \/><figcaption class=\"wp-element-caption\">Biblioteca de la Abad\u00eda de Wiblingen, Ulm. Fuente: <a href=\"https:\/\/www.flickr.com\/photos\/148086979@N02\/31991961063\" target=\"_blank\" rel=\"noopener\">Flickr<\/a>. Autor: Michael Vogt<\/figcaption><\/figure>\n\n\n\n<p>Uno de los puntos m\u00e1s visitados por los viajeros en Ulm es el Altes Rathaus, la alcald\u00eda construida en el siglo XIV. Posee magn\u00edficos paneles pintados en su fachada, que retratan hechos pasados importantes de la historia de la ciudad.<\/p>\n\n\n\n<figure class=\"wp-block-image aligncenter size-large\"><img decoding=\"async\" src=\"https:\/\/viagemalemanha.com\/wp-content\/uploads\/2025\/05\/ulm-Rathaus-passeios-guiados-privativos-em-portugues-viagem-alemanha.png\" alt=\"\" class=\"wp-image-3397\" \/><figcaption class=\"wp-element-caption\">Altes Rathaus, Ulm.<\/figcaption><\/figure>\n\n\n\n<p>El contraste entre pasado y presente se observa f\u00e1cilmente en Ulm, con hermosos edificios modernos, como la Sinagoga con sus magn\u00edficas ventanas en forma de Estrella de David y la biblioteca de la ciudad.<\/p>\n\n\n\n<figure class=\"wp-block-image aligncenter size-large\"><img decoding=\"async\" src=\"https:\/\/viagemalemanha.com\/wp-content\/uploads\/2025\/05\/ulm-synagogue-viagem-alemanha-passeios-guiados-portugues-privativos.png\" alt=\"\" class=\"wp-image-3398\" \/><figcaption class=\"wp-element-caption\">Sinagoga de Ulm.<\/figcaption><\/figure>\n\n\n\n<blockquote class=\"wp-block-quote is-layout-flow wp-block-quote-is-layout-flow\">\n<p>No dejes de visitar esta hermosa ciudad en Baden-W\u00fcrttemberg, y si deseas un turismo en Alemania con paseo guiado en espa\u00f1ol, con gu\u00edas profesionales, privados y altamente calificados, en toda Alemania, \u00a1cont\u00e1ctanos!<\/p>\n<cite>cont\u00e1ctanos:<\/cite><\/blockquote>\n\n\n\n\n\n<figure class=\"wp-block-image size-large\"><img decoding=\"async\" src=\"https:\/\/viagemalemanha.com\/wp-content\/uploads\/2025\/04\/chamada-info-site.png\" alt=\"\" class=\"wp-image-1965\" \/><\/figure>\n\n\n\n<figure class=\"wp-block-image size-large\"><img decoding=\"async\" src=\"https:\/\/viagemalemanha.com\/wp-content\/uploads\/2025\/04\/Logo-DBV-2017.jpg\" alt=\"\" class=\"wp-image-2480\" \/><\/figure>\n","protected":false},"excerpt":{"rendered":"<p>Situada en el estado de Baden-W\u00fcrttemberg, la ciudad de Ulm es una de las principales de la regi\u00f3n, siendo ba\u00f1ada por el r\u00edo Danubio, y fue una ciudad imperial libre. Catedral de Ulm &#8211; la m\u00e1s alta del mundo La catedral es su principal punto tur\u00edstico, destac\u00e1ndose sobre el paisaje de la ciudad. Su construcci\u00f3n [&hellip;]<\/p>\n","protected":false},"author":1,"featured_media":62158,"comment_status":"open","ping_status":"open","sticky":false,"template":"","format":"standard","meta":{"_acf_changed":false,"tripadvisor_id":"","rating":0,"reviewer_name":"","review_date":"","trip_type":"","helpful_votes":0,"source_url":"","reviewer_gravatar":"","review_type":"","footnotes":""},"categories":[494,495,496,477,483,504],"tags":[],"class_list":["post-61644","post","type-post","status-publish","format-standard","has-post-thumbnail","hentry","category-arquitectura","category-badenwurttemberg","category-descubriendo-alemania","category-destino-del-mes","category-historia","category-itinerarios"],"acf":[],"_links":{"self":[{"href":"https:\/\/viagemalemanha.com\/es\/wp-json\/wp\/v2\/posts\/61644","targetHints":{"allow":["GET"]}}],"collection":[{"href":"https:\/\/viagemalemanha.com\/es\/wp-json\/wp\/v2\/posts"}],"about":[{"href":"https:\/\/viagemalemanha.com\/es\/wp-json\/wp\/v2\/types\/post"}],"author":[{"embeddable":true,"href":"https:\/\/viagemalemanha.com\/es\/wp-json\/wp\/v2\/users\/1"}],"replies":[{"embeddable":true,"href":"https:\/\/viagemalemanha.com\/es\/wp-json\/wp\/v2\/comments?post=61644"}],"version-history":[{"count":2,"href":"https:\/\/viagemalemanha.com\/es\/wp-json\/wp\/v2\/posts\/61644\/revisions"}],"predecessor-version":[{"id":66964,"href":"https:\/\/viagemalemanha.com\/es\/wp-json\/wp\/v2\/posts\/61644\/revisions\/66964"}],"wp:featuredmedia":[{"embeddable":true,"href":"https:\/\/viagemalemanha.com\/es\/wp-json\/wp\/v2\/media\/62158"}],"wp:attachment":[{"href":"https:\/\/viagemalemanha.com\/es\/wp-json\/wp\/v2\/media?parent=61644"}],"wp:term":[{"taxonomy":"category","embeddable":true,"href":"https:\/\/viagemalemanha.com\/es\/wp-json\/wp\/v2\/categories?post=61644"},{"taxonomy":"post_tag","embeddable":true,"href":"https:\/\/viagemalemanha.com\/es\/wp-json\/wp\/v2\/tags?post=61644"}],"curies":[{"name":"wp","href":"https:\/\/api.w.org\/{rel}","templated":true}]}}