{"id":61649,"date":"2021-01-25T16:15:29","date_gmt":"2021-01-25T19:15:29","guid":{"rendered":"https:\/\/viagemalemanha.com\/?p=61649"},"modified":"2026-02-01T14:48:43","modified_gmt":"2026-02-01T17:48:43","slug":"las-5-mejores-atracciones-en-nuremberg","status":"publish","type":"post","link":"https:\/\/viagemalemanha.com\/es\/las-5-mejores-atracciones-en-nuremberg\/","title":{"rendered":"Las 5 mejores atracciones en Nuremberg"},"content":{"rendered":"\n<p>La segunda ciudad m\u00e1s grande de Baviera atrae a muchos viajeros, no solo por su belleza, r\u00edos y su hermoso centro hist\u00f3rico. Es un punto interesante para quienes llegan por Frankfurt y desean conocer otras importantes ciudades como Bamberg y Rothenburg ob der Tauber, adem\u00e1s de ofrecer algunas atracciones muy especiales.<\/p>\n\n\n\n<p>Seleccionamos cinco lugares en Nuremberg para el viajero que desea visitar esta encantadora ciudad, con mucha historia y curiosidades.<\/p>\n\n\n\n<figure class=\"wp-block-image size-large\"><img decoding=\"async\" src=\"https:\/\/viagemalemanha.com\/wp-content\/uploads\/2025\/05\/Nuremberg-viagem-alemanha-passeios-guiados-privativos-em-portugues-1024x445-1.jpg\" alt=\"\" class=\"wp-image-2964\" \/><figcaption class=\"wp-element-caption\">Nuremberg.<\/figcaption><\/figure>\n\n\n\n<h2 class=\"wp-block-heading\">Reichsparteitag<\/h2>\n\n\n\n<p>Para los viajeros que tienen inter\u00e9s en la Segunda Guerra, esta es una de las atracciones dentro de este tema en Nuremberg. La visita al lugar permite al viajero tener una idea del poder que el Partido Nacional-Socialista de los Trabajadores Alemanes, representado por la figura de Adolf Hitler, pose\u00eda. En este lugar se realizaban los m\u00edtines del partido.<\/p>\n\n\n\n<p>Actualmente, dentro de este lugar encontramos el Centro de Documentaci\u00f3n (Dokumentationszentrum o Dokuzentrum), con una exposici\u00f3n permanente, de car\u00e1cter especialmente educativo, que intenta esclarecer las causas que llevaron al partido nazi al poder y sus terribles consecuencias, adem\u00e1s de otras exposiciones.<\/p>\n\n\n\n<figure class=\"wp-block-image size-large\"><img decoding=\"async\" src=\"https:\/\/viagemalemanha.com\/wp-content\/uploads\/2025\/05\/Nuremberg_Kongresshalle-viagem-alemanha-passeios-guiados-privativos-em-portugues-1024x647-1.jpeg\" alt=\"\" class=\"wp-image-2967\" \/><figcaption class=\"wp-element-caption\">Kongresshalle, lugar donde se realizaban los m\u00edtines nazis, Nuremberg.<\/figcaption><\/figure>\n\n\n\n<h2 class=\"wp-block-heading\">Memorium N\u00fcrnberger Prozesse<\/h2>\n\n\n\n<p>Fue en este lugar, la <em>\u00abCourtroom 600\u00bb<\/em>, el escenario de una de las escenas m\u00e1s importantes de la historia mundial del siglo XX, el juicio del alto mando del Partido Nacional-Socialista de los Trabajadores Alemanes. El museo sigue una l\u00ednea del tiempo, donde aborda las barbaridades patrocinadas por el r\u00e9gimen nazi, la ca\u00edda de este y, por \u00faltimo, detalles sobre el juicio de cada uno de los l\u00edderes del partido y el impacto de este evento trascendental en todo el mundo.<\/p>\n\n\n\n<p>En el primer piso del edificio, y al final de la exposici\u00f3n, es posible visitar la \u00abSala de tribunal 600\u00bb, donde tuvo lugar este juicio, realizado por el Tribunal Militar Internacional. La sala de tribunal se encuentra preservada y activa hasta hoy.<\/p>\n\n\n\n<figure class=\"wp-block-image size-large\"><img decoding=\"async\" src=\"https:\/\/viagemalemanha.com\/wp-content\/uploads\/2025\/05\/nuremberg-tribunal-600-viagem-alemanha-passeios-guiados-privativos-em-portugues-1024x576-1.jpeg\" alt=\"\" class=\"wp-image-2965\" \/><figcaption class=\"wp-element-caption\">Courtroom 600, donde los l\u00edderes del partido nazi fueron juzgados, Nuremberg.<\/figcaption><\/figure>\n\n\n\n<h2 class=\"wp-block-heading\">Mercado de Navidad (N\u00fcrnberger Kinderweihnacht)<\/h2>\n\n\n\n<p>En la Hauptmarkt, la plaza frente a la Frauenkirche, se realiza el N\u00fcrnberger Kinderweihnacht, el mercadillo de Navidad de Nuremberg. Este es el mercado de Navidad m\u00e1s tradicional de Alemania, con su primer registro escrito en 1628. Comienza a finales de noviembre y termina el 24 de diciembre.<\/p>\n\n\n\n<p>El viajero que est\u00e9 en la ciudad durante este per\u00edodo podr\u00e1 conocer este evento \u00fanico, con su variedad de objetos artesanales, regalos, comidas y bebidas t\u00edpicas, adem\u00e1s del emocionante mon\u00f3logo de apertura en el primer d\u00eda del evento.<\/p>\n\n\n\n<figure class=\"wp-block-image size-large\"><img decoding=\"async\" src=\"https:\/\/viagemalemanha.com\/wp-content\/uploads\/2025\/04\/mercado-de-natal-viagem-alemanha-passeios-guiados-privativos-em-portugues-1024x683-1.jpg\" alt=\"\" class=\"wp-image-2969\" \/><figcaption class=\"wp-element-caption\">Una de las barracas del mercado de Navidad, Nuremberg<\/figcaption><\/figure>\n\n\n\n<h2 class=\"wp-block-heading\">Frauenkirche<\/h2>\n\n\n\n<p>La Iglesia de Nuestra Se\u00f1ora en Nuremberg, tuvo su construcci\u00f3n concluida en 1362. Debido al gran bombardeo sufrido en Nuremberg durante la Segunda Guerra, fue destruida en gran parte, siendo reconstruida en 1953.<\/p>\n\n\n\n<p>En su espectacular fachada g\u00f3tica, tenemos el <em>M\u00e4nnleinlaufen<\/em>, el reloj mec\u00e1nico que representa al Sacro Emperador Romano, Carlos IV, sentado, rodeado de m\u00fasicos, con los pr\u00edncipes electores bailando a su alrededor, celebrando el decreto imperial titulado Bula de Oro, de 1356.<\/p>\n\n\n\n<p>Adem\u00e1s de la riqueza de detalles de las esculturas de la fachada, el interior de la iglesia no se queda atr\u00e1s, su interior alberga una colecci\u00f3n de numerosas obras de arte de la Edad Media.<\/p>\n\n\n\n<figure class=\"wp-block-image size-large\"><img decoding=\"async\" src=\"https:\/\/viagemalemanha.com\/wp-content\/uploads\/2025\/05\/frauenkirche-nuremberg-viagem-alemanha-passeios-guiados-privativos-em-portugues-768x1024-1.jpg\" alt=\"\" class=\"wp-image-2968\" \/><figcaption class=\"wp-element-caption\">Iglesia de Nuestra Se\u00f1ora (Frauenkirche), Nuremberg.<\/figcaption><\/figure>\n\n\n\n<h2 class=\"wp-block-heading\">Kaiserburg<\/h2>\n\n\n\n<p>El castillo imperial de Nuremberg tiene su origen a principios del siglo XII, y es uno de los s\u00edmbolos del poder del Sacro Imperio Romano-Germ\u00e1nico, permaneciendo hasta hoy coronando Nuremberg desde lo alto de la ciudad. El complejo medieval ha atravesado siglos, ha hospedado a diversos reyes e imperadores, y hoy est\u00e1 abierto para visitas, con exposiciones permanentes.<\/p>\n\n\n\n<p>Despu\u00e9s de que la ciudad de Nuremberg fue fuertemente bombardeada durante la Segunda Guerra, el castillo sufri\u00f3 grandes da\u00f1os, sin embargo, tan pronto como la guerra ces\u00f3, se inici\u00f3 la reconstrucci\u00f3n del castillo, a trav\u00e9s de un proyecto de Rudolf Esterer, que buscaba la \u00abpreservaci\u00f3n creativa del monumento\u00bb.<\/p>\n\n\n\n<figure class=\"wp-block-image size-large\"><img decoding=\"async\" src=\"https:\/\/viagemalemanha.com\/wp-content\/uploads\/2025\/05\/nuremberg-castelo-Kaiserburg-viagem-alemanha-passeios-guiados-privativos-em-portugues-1024x313-1.jpg\" alt=\"\" class=\"wp-image-2966\" \/><figcaption class=\"wp-element-caption\">Kaiserburg, Nuremberg.<br><\/figcaption><\/figure>\n\n\n\n<p>EXTRA: Para el viajero que est\u00e9 en Nuremberg, \u00a1una visita al palacio de Faber-Castell, en la ciudad de Stein, es una excelente opci\u00f3n de paseo! Para saber m\u00e1s sobre la historia del palacio, la empresa y la familia Faber-Castell, consulta <a href=\"https:\/\/viagemalemanha.com\/es\/el-increible-mundo-de-faber-castell-viaje-alemania-entrevista\/\">aqu\u00ed<\/a> nuestra entrevista y visita exclusiva a este maravilloso lugar!<\/p>\n\n\n\n<p>Realizamos paseos guiados privados en espa\u00f1ol en todos los puntos citados, adem\u00e1s de ofrecer nuestros servicios en toda Alemania, Austria y Suiza.<\/p>\n\n\n\n<figure class=\"wp-block-image size-large\"><img decoding=\"async\" src=\"https:\/\/viagemalemanha.com\/wp-content\/uploads\/2025\/04\/chamada-info-site.png\" alt=\"\" class=\"wp-image-1965\" \/><\/figure>\n","protected":false},"excerpt":{"rendered":"<p>La segunda ciudad m\u00e1s grande de Baviera atrae a muchos viajeros, no solo por su belleza, r\u00edos y su hermoso centro hist\u00f3rico. Es un punto interesante para quienes llegan por Frankfurt y desean conocer otras importantes ciudades como Bamberg y Rothenburg ob der Tauber, adem\u00e1s de ofrecer algunas atracciones muy especiales. Seleccionamos cinco lugares en [&hellip;]<\/p>\n","protected":false},"author":1,"featured_media":62133,"comment_status":"open","ping_status":"open","sticky":false,"template":"","format":"standard","meta":{"_acf_changed":false,"tripadvisor_id":"","rating":0,"reviewer_name":"","review_date":"","trip_type":"","helpful_votes":0,"source_url":"","reviewer_gravatar":"","review_type":"","footnotes":""},"categories":[494,493,490,491,496,504],"tags":[],"class_list":["post-61649","post","type-post","status-publish","format-standard","has-post-thumbnail","hentry","category-arquitectura","category-baviera","category-castillos","category-datos-interesantes","category-descubriendo-alemania","category-itinerarios"],"acf":[],"_links":{"self":[{"href":"https:\/\/viagemalemanha.com\/es\/wp-json\/wp\/v2\/posts\/61649","targetHints":{"allow":["GET"]}}],"collection":[{"href":"https:\/\/viagemalemanha.com\/es\/wp-json\/wp\/v2\/posts"}],"about":[{"href":"https:\/\/viagemalemanha.com\/es\/wp-json\/wp\/v2\/types\/post"}],"author":[{"embeddable":true,"href":"https:\/\/viagemalemanha.com\/es\/wp-json\/wp\/v2\/users\/1"}],"replies":[{"embeddable":true,"href":"https:\/\/viagemalemanha.com\/es\/wp-json\/wp\/v2\/comments?post=61649"}],"version-history":[{"count":2,"href":"https:\/\/viagemalemanha.com\/es\/wp-json\/wp\/v2\/posts\/61649\/revisions"}],"predecessor-version":[{"id":66616,"href":"https:\/\/viagemalemanha.com\/es\/wp-json\/wp\/v2\/posts\/61649\/revisions\/66616"}],"wp:featuredmedia":[{"embeddable":true,"href":"https:\/\/viagemalemanha.com\/es\/wp-json\/wp\/v2\/media\/62133"}],"wp:attachment":[{"href":"https:\/\/viagemalemanha.com\/es\/wp-json\/wp\/v2\/media?parent=61649"}],"wp:term":[{"taxonomy":"category","embeddable":true,"href":"https:\/\/viagemalemanha.com\/es\/wp-json\/wp\/v2\/categories?post=61649"},{"taxonomy":"post_tag","embeddable":true,"href":"https:\/\/viagemalemanha.com\/es\/wp-json\/wp\/v2\/tags?post=61649"}],"curies":[{"name":"wp","href":"https:\/\/api.w.org\/{rel}","templated":true}]}}