{"id":61656,"date":"2020-12-01T10:15:40","date_gmt":"2020-12-01T13:15:40","guid":{"rendered":"https:\/\/viagemalemanha.com\/?p=61656"},"modified":"2026-02-01T14:36:32","modified_gmt":"2026-02-01T17:36:32","slug":"la-tradicion-de-las-decoraciones-navidenas-en-alemania","status":"publish","type":"post","link":"https:\/\/viagemalemanha.com\/es\/la-tradicion-de-las-decoraciones-navidenas-en-alemania\/","title":{"rendered":"La tradici\u00f3n de las decoraciones navide\u00f1as en Alemania"},"content":{"rendered":"\n<figure class=\"wp-block-image size-large\"><img decoding=\"async\" src=\"https:\/\/viagemalemanha.com\/wp-content\/uploads\/2025\/05\/viagem-alemanha-passeio-guiados-privativos-em-portugues-Natal-decoracao-1024x682-1.jpg\" alt=\"\" class=\"wp-image-3245\" \/><\/figure>\n\n\n\n<p>Que la Navidad es una \u00e9poca esperada con ansiedad por muchos y que su atm\u00f3sfera es m\u00e1gica, es innegable. Sin embargo, poco se difunde sobre el origen de tales tradiciones, y Alemania est\u00e1 presente en este tema.<\/p>\n\n\n\n<p>El 24 de diciembre celebramos la vida del ni\u00f1o Jes\u00fas, el d\u00eda de su nacimiento, y para prepararse para esta fecha tan especial, las decoraciones caracter\u00edsticas son el inicio.<\/p>\n\n\n\n<h4 class=\"wp-block-heading\">\u00bfQui\u00e9n ide\u00f3 el primer bel\u00e9n?<\/h4>\n\n\n\n<p>El bel\u00e9n es uno de estos s\u00edmbolos navide\u00f1os, ya que representa la escena del nacimiento del ni\u00f1o Jes\u00fas, motivo principal de la celebraci\u00f3n de este d\u00eda. Esta tradici\u00f3n surgi\u00f3 en 1223, a trav\u00e9s de San Francisco de As\u00eds, cuando pidi\u00f3 autorizaci\u00f3n al Papa para poder representar esta celebraci\u00f3n de una manera muy viva y realista. Tras ser autorizado, San Francisco mont\u00f3 un bel\u00e9n de paja, con una imagen del ni\u00f1o Jes\u00fas, de la Virgen Mar\u00eda y de San Jos\u00e9, y a\u00f1adi\u00f3 un buey y un asno, as\u00ed como varios otros animales de verdad, y entonces se celebr\u00f3 la misa de Navidad.<\/p>\n\n\n\n<p>En la ciudad de Oberammergau, cada a\u00f1o se representa la Pasi\u00f3n de Cristo, <a href=\"https:\/\/viagemalemanha.com\/es\/pasion-de-cristo-en-oberammergau-passionsspiele\/\">Passionsspiele<\/a>, y all\u00ed hay un fuerte compromiso de la comunidad con la perpetuaci\u00f3n de estas tradiciones. Oberammergau tambi\u00e9n es conocida por sus magn\u00edficos belenes esculpidos en madera, piezas \u00fanicas e incre\u00edbles que se encuentran en algunas tiendas locales, que son una excelente opci\u00f3n para un regalo y un souvenir muy original y especial.<\/p>\n\n\n\n<figure class=\"wp-block-image size-large\"><img decoding=\"async\" src=\"https:\/\/viagemalemanha.com\/wp-content\/uploads\/2025\/05\/viagem-alemanha-passeios-guiados-em-portugues-presepio.jpeg\" alt=\"\" class=\"wp-image-3246\" \/><figcaption class=\"wp-element-caption\">El Bel\u00e9n de Oberammergau alegrando nuestro hogar<\/figcaption><\/figure>\n\n\n\n<h4 class=\"wp-block-heading\">\u00bfCu\u00e1ndo surgieron los \u00e1rboles de Navidad?<\/h4>\n\n\n\n<p>En el siglo VIII, Alemania a\u00fan estaba en gran parte dominada por el paganismo de los pueblos germ\u00e1nicos y celtas, cuando el Papa Gregorio III envi\u00f3 a San Bonifacio para difundir el Cristianismo en esa regi\u00f3n.<\/p>\n\n\n\n<p>En 723, hab\u00eda un gran roble, cerca de Fritzlar, dedicado al dios pagano Thor, adorado por el pueblo y los sacerdotes celtas (druidas). San Bonifacio, con la intenci\u00f3n de demostrarles que aquel era solo un \u00e1rbol, como cualquier otro, lo derrib\u00f3, y todo lo que estaba en la ruta de la ca\u00edda del roble fue destruido, con la excepci\u00f3n de un peque\u00f1o pino. San Bonifacio vio en este episodio un milagro, ya que ocurri\u00f3 en el Tiempo de Adviento (en este post m\u00e1s adelante hablaremos sobre el Adviento).<\/p>\n\n\n\n<p><br>San Bonifacio, entonces, predicando sobre la Navidad, tras ocurrido el milagro, declar\u00f3: \u201cDe ahora en adelante, llamaremos a este \u00e1rbol el \u00c1rbol del Ni\u00f1o Jes\u00fas\u201d. Y a partir de ah\u00ed, la tradici\u00f3n se perpetu\u00f3, teniendo los pinos adornados como uno de los grandes s\u00edmbolos navide\u00f1os en todo el mundo.<\/p>\n\n\n\n<figure class=\"wp-block-image size-large\"><img decoding=\"async\" src=\"https:\/\/viagemalemanha.com\/wp-content\/uploads\/2025\/05\/viagem-alemamha-passeios-guiados-privativos-em-portugues-mercado-de-natal-enfeites.jpeg\" alt=\"\" class=\"wp-image-3243\" \/><figcaption class=\"wp-element-caption\">Mercado de Navidad en Dortmund, con el tradicional gran \u00e1rbol de Navidad decorado.<\/figcaption><\/figure>\n\n\n\n<h4 class=\"wp-block-heading\">La mejor tienda de Navidad: K\u00e4the Wohlfahrt<\/h4>\n\n\n\n<p>Cuando se trata de decoraci\u00f3n navide\u00f1a en Alemania, la tienda K\u00e4the Wohlfahrt&nbsp;es un \u00edcono. Fundada en 1964 por la pareja Wilhelm y K\u00e4the Wohlfahrt, la tienda se ha convertido en un referente en adornos y decoraci\u00f3n de Navidad de gran calidad y belleza. En su tienda, la magia de la Navidad se renueva cada d\u00eda durante todo el a\u00f1o.<\/p>\n\n\n\n<p>Puede encontrar la tienda en varias ciudades de Alemania: Bamberg, N\u00faremberg, Berl\u00edn, Oberammergau, Rudesheim, Heidelberg y Miltenberg. Sin embargo, <a href=\"https:\/\/viagemalemanha.com\/es\/guia-completa-de-rothenburg-ob-der-tauber-en-la-ruta-romantica\/\">Rothenburg ob der Tauber<\/a> es la favorita de la cadena, siendo all\u00ed el lugar de su primera tienda, donde se encuentra la incre\u00edble Villa Navide\u00f1a y el Museo de la Navidad.<\/p>\n\n\n\n<p>La tienda tambi\u00e9n tiene franquicias en otros pa\u00edses de Europa y Estados Unidos de Am\u00e9rica.<\/p>\n\n\n\n<figure class=\"wp-block-image size-large\"><img decoding=\"async\" src=\"https:\/\/viagemalemanha.com\/wp-content\/uploads\/2025\/05\/VIAGEM-ALEMANHA-PASSEIOS-GUIADOS-PRIVATIVOS-EM-PORTUGUES-NATAL-weihnachtsdorf.jpg\" alt=\"\" class=\"wp-image-3242\" \/><figcaption class=\"wp-element-caption\">La Villa de Navidad dentro de la tienda K\u00e4the Wohlfahrt, en Rothenburg ob der Tauber.<br><\/figcaption><\/figure>\n\n\n\n<h4 class=\"wp-block-heading\">Calendario de Adviento<\/h4>\n\n\n\n<p>El Tiempo de Adviento son las cuatro semanas que preceden a la Navidad, siendo simbolizado este per\u00edodo por la alegr\u00eda, preparaci\u00f3n y expectativa de los fieles para el nacimiento de Cristo. El primer domingo de Adviento es el d\u00eda en que se inician los preparativos para la Navidad, incluyendo la decoraci\u00f3n navide\u00f1a.<\/p>\n\n\n\n<p>Sin embargo, los alemanes encontraron una forma creativa y encantadora de realizar esta maravillosa cuenta regresiva: el calendario de adviento. Quiz\u00e1s ya hayas visto ese calendario navide\u00f1o donde cada d\u00eda se abre una \u00abventanita\u00bb, revelando una peque\u00f1a sorpresa, como s\u00edmbolos de la Navidad, galletas, chocolates, o incluso frases b\u00edblicas.<\/p>\n\n\n\n<p>El origen de los calendarios de Adviento remonta al siglo XIX, cuando familias religiosas hac\u00edan peque\u00f1os trazos en las puertas y paredes en la cuenta de los d\u00edas para la Navidad. Seg\u00fan lo que sabemos, fue solo en 1851 que se hizo el primer calendario de Adviento esculpido a mano, en madera.<\/p>\n\n\n\n<p>A pesar de que hay m\u00e1s de una corriente, la m\u00e1s aceptada es que Gerhard Lang, en 1908, fue quien imprimi\u00f3 el primer calendario de Adviento, donde luego lo perfeccion\u00f3 con los primeros calendarios con las puertecitas a ser abiertas cada d\u00eda. Desafortunadamente, con la llegada de la Segunda Guerra, Lang tuvo que detener su producci\u00f3n.<\/p>\n\n\n\n<p>Sin embargo, tras la guerra, este \u00e9xito de la tradici\u00f3n alemana volvi\u00f3, y Richard Sellmer fue el responsable de imprimir el primer ejemplar posguerra, en 1946. Este calendario fue un hito, y se llamaba \u00ab<em>La Peque\u00f1a Ciudad<\/em>\u00ab, que a\u00fan hoy est\u00e1 disponible para compra en Sellmer Verlag, marca referencia en este segmento.<\/p>\n\n\n\n<figure class=\"wp-block-image size-large\"><img decoding=\"async\" src=\"https:\/\/viagemalemanha.com\/wp-content\/uploads\/2025\/05\/viagem-alemanha-passeios-guiados-privativos-em-portugues-Little-town-advento-1024x312-1.png\" alt=\"\" class=\"wp-image-3250\" \/><figcaption class=\"wp-element-caption\">Parte del calendario de Adviento \u00abLa Peque\u00f1a Ciudad\u00bb (\u00abLittle town\u00bb), vendido en <a href=\"https:\/\/sellmer-verlag.de\/epages\/40b88de2-271b-4a8a-b41c-eb8cb8d82544.sf\/en_US\/?ObjectPath=\/Shops\/40b88de2-271b-4a8a-b41c-eb8cb8d82544\/Products\/100\" target=\"_blank\" rel=\"noopener\"> Sellmer Verlag.<\/a><\/figcaption><\/figure>\n\n\n\n<p>Otra forma de marcar la llegada de este per\u00edodo tan esperado es con la corona de Adviento. Decorada seg\u00fan el gusto de quien la est\u00e9 montando, es importante la presencia de cuatro velas, donde cada domingo se encender\u00e1 una, pudiendo ser acompa\u00f1ada de la lectura de un pasaje de la Biblia. Algunas personas a\u00f1aden una quinta vela blanca, en el centro, llamada <em>Vela de Cristo<\/em>, encendida en la v\u00edspera de Navidad.<\/p>\n\n\n\n<figure class=\"wp-block-image size-large\"><img decoding=\"async\" src=\"https:\/\/viagemalemanha.com\/wp-content\/uploads\/2025\/05\/viagem-alemanha-passeios-guiados-privativos-em-portugues-guirlanda-do-advento-1024x683-1.jpg\" alt=\"\" class=\"wp-image-3251\" \/><figcaption class=\"wp-element-caption\">Corona de Adviento.<\/figcaption><\/figure>\n\n\n\n<p>Para paseos guiados privados en toda Alemania, Austria, Suiza e Italia, \u00a1habla con nosotros! Todos nuestros paseos son personalizados, donde el gu\u00eda tendr\u00e1 la flexibilidad para conducir a los viajeros en los puntos de acuerdo con su gusto y deseo.<\/p>\n\n\n\n<h2 class=\"wp-block-heading\" id=\"h-10-motivos-para-visitar-a-alemanha-no-inverno\"><a href=\"https:\/\/viagemalemanha.com\/es\/10-razones-para-visitar-alemania-en-invierno\/\" target=\"_blank\" rel=\"noreferrer noopener\">10 motivos para visitar Alemania en invierno<\/a><\/h2>\n\n\n\n<h2 class=\"wp-block-heading\">Nuestros Servicios de <a href=\"https:\/\/viagemalemanha.com\/es\/nuestros-servicios\/\">Turismo en espa\u00f1ol en Alemania<\/a>:<\/h2>\n\n\n\n<ul class=\"wp-block-list\">\n<li>Viajes Privativas y Personalizadas<\/li>\n\n\n\n<li>Consultor\u00eda de Viajes<\/li>\n\n\n\n<li>Paseos Guiados<\/li>\n\n\n\n<li>Transfers y Receptivos<\/li>\n\n\n\n<li>Experiencias de Viajes<\/li>\n\n\n\n<li>Alojamiento Personalizado con el servicio Habitat<\/li>\n<\/ul>\n\n\n\n<figure class=\"wp-block-image size-large\"><img decoding=\"async\" src=\"https:\/\/viagemalemanha.com\/wp-content\/uploads\/2025\/04\/chamada-info-site.png\" alt=\"\" class=\"wp-image-1965\" \/><\/figure>\n\n\n\n<figure class=\"wp-block-image size-large\"><img decoding=\"async\" src=\"https:\/\/viagemalemanha.com\/wp-content\/uploads\/2025\/04\/Logo-DBV-2017.jpg\" alt=\"\" class=\"wp-image-2480\" \/><\/figure>\n\n\n\n<figure class=\"wp-block-image size-large\"><img decoding=\"async\" src=\"https:\/\/viagemalemanha.com\/wp-content\/uploads\/2025\/05\/viagem-suica-guias-oficiais-brasileiros-portugues-privativos-passeios-1024x235-1.png\" alt=\"\" class=\"wp-image-3244\" \/><\/figure>\n","protected":false},"excerpt":{"rendered":"<p>Que la Navidad es una \u00e9poca esperada con ansiedad por muchos y que su atm\u00f3sfera es m\u00e1gica, es innegable. Sin embargo, poco se difunde sobre el origen de tales tradiciones, y Alemania est\u00e1 presente en este tema. El 24 de diciembre celebramos la vida del ni\u00f1o Jes\u00fas, el d\u00eda de su nacimiento, y para prepararse [&hellip;]<\/p>\n","protected":false},"author":1,"featured_media":0,"comment_status":"open","ping_status":"open","sticky":false,"template":"","format":"standard","meta":{"_acf_changed":false,"tripadvisor_id":"","rating":0,"reviewer_name":"","review_date":"","trip_type":"","helpful_votes":0,"source_url":"","reviewer_gravatar":"","review_type":"","footnotes":""},"categories":[495,493,492,491,496,477,488,487,486,480,511,500],"tags":[],"class_list":["post-61656","post","type-post","status-publish","format-standard","hentry","category-badenwurttemberg","category-baviera","category-berlim","category-datos-interesantes","category-descubriendo-alemania","category-destino-del-mes","category-frankfurt","category-gastronomia","category-hamburgo","category-munich","category-museos","category-tradiciones"],"acf":[],"_links":{"self":[{"href":"https:\/\/viagemalemanha.com\/es\/wp-json\/wp\/v2\/posts\/61656","targetHints":{"allow":["GET"]}}],"collection":[{"href":"https:\/\/viagemalemanha.com\/es\/wp-json\/wp\/v2\/posts"}],"about":[{"href":"https:\/\/viagemalemanha.com\/es\/wp-json\/wp\/v2\/types\/post"}],"author":[{"embeddable":true,"href":"https:\/\/viagemalemanha.com\/es\/wp-json\/wp\/v2\/users\/1"}],"replies":[{"embeddable":true,"href":"https:\/\/viagemalemanha.com\/es\/wp-json\/wp\/v2\/comments?post=61656"}],"version-history":[{"count":2,"href":"https:\/\/viagemalemanha.com\/es\/wp-json\/wp\/v2\/posts\/61656\/revisions"}],"predecessor-version":[{"id":66586,"href":"https:\/\/viagemalemanha.com\/es\/wp-json\/wp\/v2\/posts\/61656\/revisions\/66586"}],"wp:attachment":[{"href":"https:\/\/viagemalemanha.com\/es\/wp-json\/wp\/v2\/media?parent=61656"}],"wp:term":[{"taxonomy":"category","embeddable":true,"href":"https:\/\/viagemalemanha.com\/es\/wp-json\/wp\/v2\/categories?post=61656"},{"taxonomy":"post_tag","embeddable":true,"href":"https:\/\/viagemalemanha.com\/es\/wp-json\/wp\/v2\/tags?post=61656"}],"curies":[{"name":"wp","href":"https:\/\/api.w.org\/{rel}","templated":true}]}}