{"id":61658,"date":"2020-11-23T13:40:53","date_gmt":"2020-11-23T16:40:53","guid":{"rendered":"https:\/\/viagemalemanha.com\/?p=61658"},"modified":"2026-01-29T23:54:11","modified_gmt":"2026-01-30T02:54:11","slug":"walhalla-un-templo-griego-en-alemania-2","status":"publish","type":"post","link":"https:\/\/viagemalemanha.com\/es\/walhalla-un-templo-griego-en-alemania-2\/","title":{"rendered":"Walhalla, un templo griego en Alemania"},"content":{"rendered":"\n<figure class=\"wp-block-image size-large\"><img decoding=\"async\" src=\"https:\/\/viagemalemanha.com\/wp-content\/uploads\/2025\/05\/VIAGEM-ALEMANHA-PASSEIOS-GUIADOS-PRIVATIVOS-EM-PORTUGUES-PERSONALIZADOS-WALHALLA-2-1024x683-1.jpg\" alt=\"\" class=\"wp-image-3161\" \/><\/figure>\n\n\n\n<p><strong>Walhalla<\/strong>&nbsp;, el Parten\u00f3n alem\u00e1n, est\u00e1 ubicado en una posici\u00f3n majestuosa sobre el Danubio, cerca de Regensburg.&nbsp;Este edificio neocl\u00e1sico en forma de templo&nbsp; representa uno de los monumentos alemanes m\u00e1s importantes y hermosos del&nbsp;siglo XIX.&nbsp;&nbsp;<\/p>\n\n\n\n<p>Quiz\u00e1s ya hayas escuchado este nombre, porque Walhalla ser\u00eda el \u201cpara\u00edso\u201d seg\u00fan la mitolog\u00eda n\u00f3rdica, donde ser\u00eda el destino de los muertos heroicos. All\u00ed, disfrutaban de la vida eterna los guerreros m\u00e1s nobles y valientes, que mor\u00edan en el campo de batalla, elegidos por Odin (el dios en el m\u00e1s alto grado de la jerarqu\u00eda de esta mitolog\u00eda).<\/p>\n\n\n\n<figure class=\"wp-block-image size-large\"><img decoding=\"async\" src=\"https:\/\/viagemalemanha.com\/wp-content\/uploads\/2025\/05\/VIAGEM-ALEMANHA-PASSEIOS-GUIADOS-PRIVATIVOS-EM-PORTUGUES-PERSONALIZADOS-WALHALLA-1024x578-1.jpg\" alt=\"\" class=\"wp-image-3162\" \/><\/figure>\n\n\n\n<p>Inspirado en este concepto, el edificio fue construido a pedido del rey&nbsp;Ludwig I de Baviera, con el deseo personal de eternizar un lugar de recuerdo a los hombres y mujeres germ\u00e1nicos de m\u00e9ritos extraordinarios, como inspiraci\u00f3n y punto de referencia para la futura naci\u00f3n.&nbsp;El responsable por la selecci\u00f3n inicial de las personalidades a ser honradas fue el historiador Johannes von M\u00fcller.<\/p>\n\n\n\n<p>El Walhalla comenz\u00f3 a ser construido en 1830, bajo la visi\u00f3n del arquitecto favorito de Ludwig I, Leo von Klenze (1784-1864), uno de los arquitectos neocl\u00e1sicos m\u00e1s importantes del siglo XIX. El dise\u00f1o de Klenze fue inspirado principalmente por el famoso Parten\u00f3n en la acr\u00f3polis de Atenas, datado del 5&nbsp;aC.&nbsp;Originalmente, el objetivo de Ludwig I era albergar el &#8216;Sal\u00f3n de la Expectativa&#8217;, que albergar\u00eda los bustos de personas a ser honradas en el futuro, donde inspirar\u00edan, trayendo orgullo al pueblo germ\u00e1nico.<\/p>\n\n\n\n<p>Originalmente fueron seleccionados 96 bustos, dispuestos a lo largo de las paredes en el interior del edificio,&nbsp; homenajeando escritores, cl\u00e9rigos, cient\u00edficos, guerreros y otros hombres y mujeres, elegidos por&nbsp;Ludwig I&nbsp;y sus consejeros. Entre los bustos originales, podemos destacar el de Lutero, Beethoven y Mozart.&nbsp;<\/p>\n\n\n\n<p>Sin embargo, desde 1962, nuevos bustos han sido a\u00f1adidos en intervalos de cinco a siete a\u00f1os, y hoy encontramos 130 bustos y 65 placas (las placas&nbsp;fueron hechas para personas de las cuales no hab\u00eda retratos o descripciones disponibles para modelar las esculturas) adornando el interior. Albert Einstein fue uno de esta nueva leva de homenajeados, as\u00ed como Wilhelm&nbsp;Conrad&nbsp;Roentgen, responsable del descubrimiento de los rayos X. La elecci\u00f3n de las personalidades a ser homenajeadas qued\u00f3 a cargo del Consejo de Ministros de Baviera, asesorado por la Academia de Ciencias de Baviera.&nbsp;Desde 2016, el Walhalla es administrado por la Administraci\u00f3n del Palacio de Baviera.<\/p>\n\n\n\n<figure class=\"wp-block-image size-large\"><img decoding=\"async\" src=\"https:\/\/viagemalemanha.com\/wp-content\/uploads\/2025\/05\/VIAGEM-ALEMANHA-PASSEIOS-GUIADOS-PRIVATIVOS-EM-PORTUGUES-PERSONALIZADOS-WALHALLA-3-1024x581-1.jpg\" alt=\"\" class=\"wp-image-3163\" \/><\/figure>\n\n\n\n<p>Sobre los bustos, hay el friso pintado por el artista Martin von Wagner, que representa la historia idealizada del pueblo germ\u00e1nico desde los primeros inmigrantes hasta la Cristianizaci\u00f3n a principios de la Edad Media.<\/p>\n\n\n\n<figure class=\"wp-block-image size-large\"><img decoding=\"async\" src=\"https:\/\/viagemalemanha.com\/wp-content\/uploads\/2025\/04\/chamada-info-site.png\" alt=\"\" class=\"wp-image-1965\" \/><\/figure>\n","protected":false},"excerpt":{"rendered":"<p>Walhalla&nbsp;, el Parten\u00f3n alem\u00e1n, est\u00e1 ubicado en una posici\u00f3n majestuosa sobre el Danubio, cerca de Regensburg.&nbsp;Este edificio neocl\u00e1sico en forma de templo&nbsp; representa uno de los monumentos alemanes m\u00e1s importantes y hermosos del&nbsp;siglo XIX.&nbsp;&nbsp; Quiz\u00e1s ya hayas escuchado este nombre, porque Walhalla ser\u00eda el \u201cpara\u00edso\u201d seg\u00fan la mitolog\u00eda n\u00f3rdica, donde ser\u00eda el destino de los [&hellip;]<\/p>\n","protected":false},"author":1,"featured_media":62101,"comment_status":"open","ping_status":"open","sticky":false,"template":"","format":"standard","meta":{"_acf_changed":false,"tripadvisor_id":"","rating":0,"reviewer_name":"","review_date":"","trip_type":"","helpful_votes":0,"source_url":"","reviewer_gravatar":"","review_type":"","footnotes":""},"categories":[493,490,477,497,483,485,500],"tags":[],"class_list":["post-61658","post","type-post","status-publish","format-standard","has-post-thumbnail","hentry","category-baviera","category-castillos","category-destino-del-mes","category-europa","category-historia","category-germanicos","category-tradiciones"],"acf":[],"_links":{"self":[{"href":"https:\/\/viagemalemanha.com\/es\/wp-json\/wp\/v2\/posts\/61658","targetHints":{"allow":["GET"]}}],"collection":[{"href":"https:\/\/viagemalemanha.com\/es\/wp-json\/wp\/v2\/posts"}],"about":[{"href":"https:\/\/viagemalemanha.com\/es\/wp-json\/wp\/v2\/types\/post"}],"author":[{"embeddable":true,"href":"https:\/\/viagemalemanha.com\/es\/wp-json\/wp\/v2\/users\/1"}],"replies":[{"embeddable":true,"href":"https:\/\/viagemalemanha.com\/es\/wp-json\/wp\/v2\/comments?post=61658"}],"version-history":[{"count":1,"href":"https:\/\/viagemalemanha.com\/es\/wp-json\/wp\/v2\/posts\/61658\/revisions"}],"predecessor-version":[{"id":62104,"href":"https:\/\/viagemalemanha.com\/es\/wp-json\/wp\/v2\/posts\/61658\/revisions\/62104"}],"wp:featuredmedia":[{"embeddable":true,"href":"https:\/\/viagemalemanha.com\/es\/wp-json\/wp\/v2\/media\/62101"}],"wp:attachment":[{"href":"https:\/\/viagemalemanha.com\/es\/wp-json\/wp\/v2\/media?parent=61658"}],"wp:term":[{"taxonomy":"category","embeddable":true,"href":"https:\/\/viagemalemanha.com\/es\/wp-json\/wp\/v2\/categories?post=61658"},{"taxonomy":"post_tag","embeddable":true,"href":"https:\/\/viagemalemanha.com\/es\/wp-json\/wp\/v2\/tags?post=61658"}],"curies":[{"name":"wp","href":"https:\/\/api.w.org\/{rel}","templated":true}]}}