{"id":61659,"date":"2020-11-12T13:49:48","date_gmt":"2020-11-12T16:49:48","guid":{"rendered":"https:\/\/viagemalemanha.com\/?p=61659"},"modified":"2026-02-01T14:57:30","modified_gmt":"2026-02-01T17:57:30","slug":"bolo-selva-negra-pastel-perfecto","status":"publish","type":"post","link":"https:\/\/viagemalemanha.com\/es\/bolo-selva-negra-pastel-perfecto\/","title":{"rendered":"Bolo Selva Negra pastel perfecto"},"content":{"rendered":"\n<p>La marca de la <a href=\"https:\/\/viagemalemanha.com\/es\/la-encantadora-selva-negra\/\">Selva Negra<\/a>, el pastel que sorprende el paladar con cada rebanada, no puedes irte de Alemania sin probar el Schwarzw\u00e4lder Kirschtorte, nombre original del pastel <a href=\"https:\/\/viagemalemanha.com\/floresta-negra-2\/\" target=\"_blank\" rel=\"noreferrer noopener\">selva negra<\/a>.<\/p>\n\n\n\n<figure class=\"wp-block-image size-large\"><img decoding=\"async\" src=\"https:\/\/viagemalemanha.com\/wp-content\/uploads\/2025\/05\/bolo-floresta-negra-viagem-alemanha-passeios-guiados-privativos-em-portugues-768x1024-1.jpg\" alt=\"\" class=\"wp-image-2945\" \/><figcaption class=\"wp-element-caption\">Pastel original Selva Negra.<\/figcaption><\/figure>\n\n\n\n<p>El pastel fue creado en la regi\u00f3n de <a href=\"https:\/\/viagemalemanha.com\/es\/ulm-y-la-catedral-mas-alta-del-mundo-turismo-en-alemania\/\">Baden-W\u00fcrttemberg<\/a>. La incre\u00edble receta consiste en varias capas de bizcocho blanco y de chocolate, con Kirschwasser (un tipo de aguardiente de cereza), cerezas frescas de la regi\u00f3n y crema. El pastel est\u00e1 cubierto por virutas de chocolate y mucho chantilly.<\/p>\n\n\n\n<p>Existen varias historias que describen c\u00f3mo y por qui\u00e9n fue creado el pastel. La m\u00e1s aceptada por los alemanes es la que dice que Josef Keller lo hizo en 1915, cuando trabajaba en una cafeter\u00eda en el distrito de Bonn. M\u00e1s tarde, se mud\u00f3 a Radolfzell, abri\u00f3 su propia cafeter\u00eda y ense\u00f1\u00f3 la receta a su aprendiz, quien guard\u00f3 la receta y hoy est\u00e1 en una pasteler\u00eda en Triberg, en la <a href=\"https:\/\/viagemalemanha.com\/es\/la-encantadora-selva-negra\/\">Selva Negra<\/a>.<\/p>\n\n\n\n<p>Muchas personas creen que el pastel fue inspirado en las costumbres y bosques de la regi\u00f3n. Algo muy po\u00e9tico, donde las cerezas representan el famoso sombrero Bollenhut, las virutas de chocolate se refieren a la oscuridad del bosque. Y otros creen que fue inspirado en la vestimenta de las mujeres de la regi\u00f3n en esa \u00e9poca, es decir, el sombrero Bollenhut est\u00e1 representado por las cerezas, el chantilly se refiere al vestido blanco y el chocolate al cuerpo del vestido.<\/p>\n\n\n\n<figure class=\"wp-block-image size-large\"><img decoding=\"async\" src=\"https:\/\/viagemalemanha.com\/wp-content\/uploads\/2025\/05\/traje-floresta-negra-viagem-alemanha-passeios-guiados-privativos-em-portugues-762x1024-1.png\" alt=\"\" class=\"wp-image-2947\" \/><figcaption class=\"wp-element-caption\">Foto de 1898, una se\u00f1ora en Gutach, Selva Negra, con los trajes t\u00edpicos locales, que supuestamente inspiraron el pastel Selva Negra. Fuente: <a href=\"https:\/\/upload.wikimedia.org\/wikipedia\/commons\/d\/d1\/Schwarzwaelderin_in_Tracht_um_1900.jpg\" target=\"_blank\" rel=\"noopener\">Wikipedia<\/a>. Autor: Desconocido.<\/figcaption><\/figure>\n\n\n\n<p>En todas las primaveras se lleva a cabo el <em>Festival del Pastel Selva Negra<\/em>, en Todtnauberg, donde hay una competencia entre pasteleros profesionales y amateurs para hacer el mejor <em>Schwarzw\u00e4lder Kirschtorte.<\/em> Adem\u00e1s, es un evento cultural, con m\u00fasica y clases sobre c\u00f3mo preparar la receta de la estrella de la fiesta!<\/p>\n\n\n\n<p>Quiz\u00e1s ya hayas probado la versi\u00f3n latina del pastel, sin embargo, la receta que solemos probar en la am\u00e9rica latina no tiene el mismo sabor, siendo mucho m\u00e1s dulce. Adem\u00e1s del hecho de que en Alemania hay muchos cerezos, lo que garantiza la frescura y el sabor \u00fanico de estas frutitas rojizas, la versi\u00f3n original tiene menos az\u00facar y la t\u00edpica bebida destilada de cereza. Y claro, la experiencia de saborear el pastel selva negra en la Selva Negra es una experiencia \u00fanica!<\/p>\n\n\n\n<ul class=\"wp-block-list\">\n<li><strong>Tour Gastron\u00f3mico:<\/strong> Ofrecemos tours gastron\u00f3micos que presentan platos t\u00edpicos, incluyendo la experiencia de degustar el aut\u00e9ntico pastel Selva Negra.<\/li>\n\n\n\n<li><strong>Visita a la Pasteler\u00eda en Triberg:<\/strong> Llevamos a los visitantes a la pasteler\u00eda que guarda la receta original del pastel Selva Negra, creada por Josef Keller.<\/li>\n\n\n\n<li><strong><a href=\"https:\/\/www.todtnauberg.de\/aktivitaeten\/kultur\/schwarzwaelder-kirschtortenfestival\" target=\"_blank\" rel=\"noreferrer noopener\">Participaci\u00f3n en el Festival del Pastel Selva Negra<\/a>:<\/strong> Organizamos la participaci\u00f3n de los viajeros en el Festival del Pastel Selva Negra en Todtnauberg, donde pueden presenciar la competencia entre pasteleros y aprender a preparar la receta.<\/li>\n\n\n\n<li><strong>Visita a Cerezos Locales:<\/strong> Organizamos paseos por plantaciones de cerezas en la regi\u00f3n, permitiendo a los visitantes apreciar el origen de las cerezas usadas en el pastel.<\/li>\n\n\n\n<li><strong>Exploraci\u00f3n de la Cultura Local:<\/strong> A trav\u00e9s del sabor del pastel Selva Negra, ofrecemos una conexi\u00f3n m\u00e1s profunda con la cultura local, explicando las inspiraciones para el pastel, desde los trajes t\u00edpicos hasta los bosques oscuros.<\/li>\n\n\n\n<li><a href=\"https:\/\/viagemalemanha.com\/guia-brasileiro-na-alemanha-viagem-alemanha\/\" target=\"_blank\" rel=\"noreferrer noopener\"><strong>Tour Guiado por la Selva Negra:<\/strong> <\/a> Ofrecemos una experiencia inmersiva de tour guiado por la Selva Negra, destacando la historia, cultura y belleza natural de esta incre\u00edble regi\u00f3n.<\/li>\n<\/ul>\n\n\n\n<figure class=\"wp-block-image size-large\"><img decoding=\"async\" src=\"https:\/\/viagemalemanha.com\/wp-content\/uploads\/2025\/04\/chamada-info-site.png\" alt=\"\" class=\"wp-image-1965\" \/><\/figure>\n\n\n\n<figure class=\"wp-block-image size-large\"><img decoding=\"async\" src=\"https:\/\/viagemalemanha.com\/wp-content\/uploads\/2025\/04\/Logo-DBV-2017.jpg\" alt=\"\" class=\"wp-image-2480\" \/><\/figure>\n","protected":false},"excerpt":{"rendered":"<p>La marca de la Selva Negra, el pastel que sorprende el paladar con cada rebanada, no puedes irte de Alemania sin probar el Schwarzw\u00e4lder Kirschtorte, nombre original del pastel selva negra. El pastel fue creado en la regi\u00f3n de Baden-W\u00fcrttemberg. La incre\u00edble receta consiste en varias capas de bizcocho blanco y de chocolate, con Kirschwasser [&hellip;]<\/p>\n","protected":false},"author":1,"featured_media":62098,"comment_status":"open","ping_status":"open","sticky":false,"template":"","format":"standard","meta":{"_acf_changed":false,"tripadvisor_id":"","rating":0,"reviewer_name":"","review_date":"","trip_type":"","helpful_votes":0,"source_url":"","reviewer_gravatar":"","review_type":"","footnotes":""},"categories":[495,491,496,477,487,500],"tags":[],"class_list":["post-61659","post","type-post","status-publish","format-standard","has-post-thumbnail","hentry","category-badenwurttemberg","category-datos-interesantes","category-descubriendo-alemania","category-destino-del-mes","category-gastronomia","category-tradiciones"],"acf":[],"_links":{"self":[{"href":"https:\/\/viagemalemanha.com\/es\/wp-json\/wp\/v2\/posts\/61659","targetHints":{"allow":["GET"]}}],"collection":[{"href":"https:\/\/viagemalemanha.com\/es\/wp-json\/wp\/v2\/posts"}],"about":[{"href":"https:\/\/viagemalemanha.com\/es\/wp-json\/wp\/v2\/types\/post"}],"author":[{"embeddable":true,"href":"https:\/\/viagemalemanha.com\/es\/wp-json\/wp\/v2\/users\/1"}],"replies":[{"embeddable":true,"href":"https:\/\/viagemalemanha.com\/es\/wp-json\/wp\/v2\/comments?post=61659"}],"version-history":[{"count":2,"href":"https:\/\/viagemalemanha.com\/es\/wp-json\/wp\/v2\/posts\/61659\/revisions"}],"predecessor-version":[{"id":66646,"href":"https:\/\/viagemalemanha.com\/es\/wp-json\/wp\/v2\/posts\/61659\/revisions\/66646"}],"wp:featuredmedia":[{"embeddable":true,"href":"https:\/\/viagemalemanha.com\/es\/wp-json\/wp\/v2\/media\/62098"}],"wp:attachment":[{"href":"https:\/\/viagemalemanha.com\/es\/wp-json\/wp\/v2\/media?parent=61659"}],"wp:term":[{"taxonomy":"category","embeddable":true,"href":"https:\/\/viagemalemanha.com\/es\/wp-json\/wp\/v2\/categories?post=61659"},{"taxonomy":"post_tag","embeddable":true,"href":"https:\/\/viagemalemanha.com\/es\/wp-json\/wp\/v2\/tags?post=61659"}],"curies":[{"name":"wp","href":"https:\/\/api.w.org\/{rel}","templated":true}]}}