{"id":61663,"date":"2020-10-26T17:44:18","date_gmt":"2020-10-26T20:44:18","guid":{"rendered":"https:\/\/viagemalemanha.com\/?p=61663"},"modified":"2026-02-01T16:33:53","modified_gmt":"2026-02-01T19:33:53","slug":"varusschlacht-la-batalla-del-bosque-de-teutoburgo","status":"publish","type":"post","link":"https:\/\/viagemalemanha.com\/es\/varusschlacht-la-batalla-del-bosque-de-teutoburgo\/","title":{"rendered":"Varusschlacht: la batalla del bosque de Teutoburgo"},"content":{"rendered":"\n<figure class=\"wp-block-image size-large\"><img decoding=\"async\" src=\"https:\/\/viagemalemanha.com\/wp-content\/uploads\/2025\/04\/Maske_Museum_Kalkriese_1.jpg\" alt=\"\" class=\"wp-image-3031\" \/><figcaption class=\"wp-element-caption\">M\u00e1scara revestida de plata encontrada en 1990 que perteneci\u00f3 a alg\u00fan soldado de la caballer\u00eda del Ej\u00e9rcito Romano, en la regi\u00f3n donde ocurri\u00f3 la batalla.<\/figcaption><\/figure>\n\n\n\n<p>El Imperio Romano fue protagonista de grandes acontecimientos en el pasado, dignos de guiones de blockbusters, y la Batalla de Teutoburgo es uno de estos ejemplos. Traiciones, venganza, tropas diezmadas son elementos encontrados en una de las mayores derrotas sufridas por el Ej\u00e9rcito Romano y marc\u00f3 el fin de cualquier esperanza de expansi\u00f3n del Imperio Romano m\u00e1s all\u00e1 del r\u00edo Rin.<\/p>\n\n\n\n<p>Si en los grandes episodios ocurridos en el pasado hay diferentes teor\u00edas y relatos, en este caso es diferente, todos los historiadores afirman la indudable derrota total romana en esta batalla, una masacre al entonces poderoso Imperio Romano, y en especial a uno de sus comandantes, Publius Quinctilius Varus, conocido por ser implacable y cruel.<\/p>\n\n\n\n<p>Si de un lado estaba el temido Ej\u00e9rcito Romano, del otro estaban los guerreros germ\u00e1nicos, insatisfechos con Varus, que con su mano de hierro oprim\u00eda a la poblaci\u00f3n con altos impuestos empuj\u00e1ndolos hacia el hambre. Sabemos que estos factores nunca terminan bien, y una revuelta era cuesti\u00f3n de tiempo.<\/p>\n\n\n\n<p>Sin embargo, para entender lo que llev\u00f3 a este escenario, necesitamos retroceder a\u00fan m\u00e1s en el tiempo. Alrededor de los a\u00f1os 11 a 9 a.C., tras una victoria de Roma, comandada por Druso I sobre los guerreros germ\u00e1nicos. Segimerus, jefe de una de las m\u00e1s nobles casas de las tribus germ\u00e1nicas que hab\u00edan sido conquistadas, envi\u00f3 a sus hijos Arminius y Flavus a Roma. Este era un costumbre para los derrotados, llamado <em>Tributo<\/em>, en otras palabras, eran rehenes de Roma para garantizar el buen comportamiento y sumisi\u00f3n de su tribu germ\u00e1nica.<\/p>\n\n\n\n<p>En Roma, Arminius y Flavus recibieron educaci\u00f3n militar, donde Arminius, joven, fue convocado por el Ej\u00e9rcito Romano y all\u00ed desarroll\u00f3 su carrera militar, donde pas\u00f3 a tener ciudadan\u00eda romana y lleg\u00f3 a conquistar una clase elevada, la <em>equites<\/em>, similar a un caballero.<\/p>\n\n\n\n<p>Paralelamente, ya en 7 d.C., el emperador Augusto ve\u00eda que era necesario \u00abromanizar\u00bb el territorio germ\u00e1nico que hab\u00eda conquistado a\u00f1os antes, y deleg\u00f3 la tarea al severo Publius Quinctilius Varus, junto con las legiones de infanter\u00eda XVII, XVIII y XIX. Arminius tambi\u00e9n fue designado para ayudar a Varus en esta tarea, y tal vez por prepotencia o ingenuidad, no not\u00f3 que el amargor de rencor a\u00fan amargaba la boca de Varus, que vio a Roma invadir sus tierras y alejarlo del contacto con su pueblo.<\/p>\n\n\n\n<p>El joven pr\u00edncipe de los Queruscos, que ahora estar\u00eda como militar del Ej\u00e9rcito de Roma en una posici\u00f3n destacada, utiliz\u00f3 toda su influencia y conocimiento adquirido en Roma para idear y poner en pr\u00e1ctica su plan que devastar\u00eda las pretensiones romanas.<\/p>\n\n\n\n<p>Fue cuando en 9 d.C. Arminius vio la oportunidad que aguardaba, cuando Varus y sus tres legiones marchar\u00edan hacia su base permanente para el invierno. Arminius plane\u00f3 un ataque de tribus germ\u00e1nicas en bases romanas en un lugar cercano. Cuando la noticia lleg\u00f3 a Varus, y Arminius, ya conociendo su comportamiento implacable, le dijo a Varus que ser\u00eda f\u00e1cil resolver esta cuesti\u00f3n, y que con un ataque r\u00e1pido las tribus ser\u00edan vencidas.<\/p>\n\n\n\n<p>Varus decidi\u00f3 inmediatamente seguir el consejo de Arminius, sin imaginar que estaba marchando hacia la muerte y llevando consigo el futuro del Imperio Romano.<\/p>\n\n\n\n<p>Mientras marchaban entre el bosque, serpenteando por un terreno hostil, lodoso y desconocido, las tribus germ\u00e1nicas destrozaron las legiones XVII, XVIII y XIX del Imperio Romano. Al enfrentarse a la inminente destrucci\u00f3n, algunos generales huyeron, otros se quitaron la vida para evitar una muerte lenta y dolorosa a manos de los guerreros germ\u00e1nicos, y Varus fue uno de ellos, arroj\u00e1ndose sobre su propia espada.<\/p>\n\n\n\n<figure class=\"wp-block-image size-large\"><img decoding=\"async\" src=\"https:\/\/viagemalemanha.com\/wp-content\/uploads\/2025\/05\/viagem-alemanha-passeios-guiados-privativos-em-portugues-Teutoburg-731x1024-1.png\" alt=\"\" class=\"wp-image-3038\" \/><figcaption class=\"wp-element-caption\"><em>Varusschlacht<\/em>, cuadro pintado por Otto Albert Koch, en 1909, retratando la batalla de Teutoburgo. Fuente: <a href=\"https:\/\/upload.wikimedia.org\/wikipedia\/commons\/9\/90\/Otto_Albert_Koch_Varusschlacht_1909.jpg\" target=\"_blank\" rel=\"noopener\">Wikipedia<\/a><\/figcaption><\/figure>\n\n\n\n<blockquote class=\"wp-block-quote is-layout-flow wp-block-quote-is-layout-flow\">\n<p><em>Quinctilius Varus, devu\u00e9lveme mis legiones<\/em>!<\/p>\n<\/blockquote>\n\n\n\n<p>Estas fueron las palabras del emperador Augusto, golpeando su cabeza contra la pared (\u00a1literalmente!), al enterarse de la catastr\u00f3fica derrota.<\/p>\n\n\n\n<p>La derrota fue tan aterradora para los romanos, que la creencia en supersticiones y la verg\u00fcenza causada por ella hicieron que las legiones XVII, XVIII y XIX nunca m\u00e1s existieran en la orden de batalla del Ej\u00e9rcito Romano.<\/p>\n\n\n\n<p>Los historiadores afirman que la derrota en la batalla de Teutoburgo fue importante no solo para contener, sino para poner fin al avance del Imperio Romano en el norte de Europa.<\/p>\n\n\n\n<h3 class=\"wp-block-heading\">Vestigios perdidos por siglos<\/h3>\n\n\n\n<p>Durante siglos se especul\u00f3 sobre el lugar exacto de la batalla. A pesar de los relatos documentados, no se sab\u00eda exactamente d\u00f3nde hab\u00edan ocurrido los hechos. En el siglo XVII, se acu\u00f1\u00f3 el t\u00e9rmino \u00abbosque de Teutoburgo\u00bb y comenz\u00f3 la b\u00fasqueda que solo se confirmar\u00eda en 1987, cuando Tony Clunn, un militar brit\u00e1nico estacionado en Osnabr\u00fcck, experimentado en el uso de detectores de metales, encontr\u00f3 balas de plomo y monedas romanas en la regi\u00f3n de Kalkriese. As\u00ed, se iniciaron las excavaciones y investigaciones arqueol\u00f3gicas, y cada vez m\u00e1s vestigios de la batalla de Teutoburgo fueron encontrados.<\/p>\n\n\n\n<p>Hoy es posible visitar el museo de Varusschlacht, el cual est\u00e1 muy bien presentado a los visitantes. Las excavaciones y b\u00fasquedas en el lugar contin\u00faan hasta el d\u00eda de hoy y a\u00fan somos sorprendidos con nuevos descubrimientos.<\/p>\n\n\n\n<p>El episodio fue tan significativo para las tribus germ\u00e1nicas, que hasta hoy se recuerda, teniendo el museo Varusschlacht, en Osnabr\u00fccker Land, como su s\u00edmbolo. El museo utiliza la tecnolog\u00eda aliada a descubrimientos arqueol\u00f3gicos sobre la batalla, trayendo modelos, ilustraciones y textos, todo interactivo pudiendo ser acompa\u00f1ado a trav\u00e9s de audiogu\u00eda en alem\u00e1n e ingl\u00e9s. Ciertamente, el punto culminante del museo es en la cima de la torre, donde los visitantes pueden admirar una vista panor\u00e1mica del lugar de la antigua batalla.<\/p>\n\n\n\n<figure class=\"wp-block-image size-large\"><img decoding=\"async\" src=\"https:\/\/viagemalemanha.com\/wp-content\/uploads\/2025\/05\/viagem-alemanha-passeios-guiados-privativos-em-portugues-museu-varusschlacht-Teutoburg-1024x677-1.png\" alt=\"\" class=\"wp-image-3037\" \/><figcaption class=\"wp-element-caption\">Museo Varusschlacht. Fuente: <a href=\"https:\/\/upload.wikimedia.org\/wikipedia\/commons\/6\/6b\/Museum_und_Park_Kalkriese%2C_Germany_%289699787315%29.jpg\" target=\"_blank\" rel=\"noopener\">Wikipedia<\/a>. Autor: Carole Raddato<\/figcaption><\/figure>\n\n\n\n<h3 class=\"wp-block-heading\">ITINERARIO HIST\u00d3RICO<\/h3>\n\n\n\n<p>\u00bfC\u00f3mo fue la relaci\u00f3n entre romanos y germ\u00e1nicos? \u00bfQu\u00e9 vestigios de la presencia romana en Alemania podemos ver hasta hoy? Con nuestro <strong>itinerario hist\u00f3rico <em>\u00ab<a href=\"https:\/\/viagemalemanha.com\/romanos-e-germanicos\/\" target=\"_blank\" rel=\"noreferrer noopener\">ROMANOS Y GERM\u00c1NICOS<\/a>\u00ab<\/em><\/strong>, los llevamos a una inmersi\u00f3n en la historia de Alemania, en los lugares donde todo ocurri\u00f3.<\/p>\n\n\n\n<p>Para visitar esta y otras atracciones en Alemania en paseos guiados privados y en espa\u00f1ol, \u00a1cont\u00e1ctenos!<\/p>\n\n\n\n<figure class=\"wp-block-image size-large\"><img decoding=\"async\" src=\"https:\/\/viagemalemanha.com\/wp-content\/uploads\/2025\/04\/chamada-info-site.png\" alt=\"\" class=\"wp-image-1965\" \/><\/figure>\n\n\n\n<p><\/p>\n","protected":false},"excerpt":{"rendered":"<p>El Imperio Romano fue protagonista de grandes acontecimientos en el pasado, dignos de guiones de blockbusters, y la Batalla de Teutoburgo es uno de estos ejemplos. Traiciones, venganza, tropas diezmadas son elementos encontrados en una de las mayores derrotas sufridas por el Ej\u00e9rcito Romano y marc\u00f3 el fin de cualquier esperanza de expansi\u00f3n del Imperio [&hellip;]<\/p>\n","protected":false},"author":1,"featured_media":62083,"comment_status":"open","ping_status":"open","sticky":false,"template":"","format":"standard","meta":{"_acf_changed":false,"tripadvisor_id":"","rating":0,"reviewer_name":"","review_date":"","trip_type":"","helpful_votes":0,"source_url":"","reviewer_gravatar":"","review_type":"","footnotes":""},"categories":[483,511,485,506],"tags":[],"class_list":["post-61663","post","type-post","status-publish","format-standard","has-post-thumbnail","hentry","category-historia","category-museos","category-germanicos","category-romanos"],"acf":[],"_links":{"self":[{"href":"https:\/\/viagemalemanha.com\/es\/wp-json\/wp\/v2\/posts\/61663","targetHints":{"allow":["GET"]}}],"collection":[{"href":"https:\/\/viagemalemanha.com\/es\/wp-json\/wp\/v2\/posts"}],"about":[{"href":"https:\/\/viagemalemanha.com\/es\/wp-json\/wp\/v2\/types\/post"}],"author":[{"embeddable":true,"href":"https:\/\/viagemalemanha.com\/es\/wp-json\/wp\/v2\/users\/1"}],"replies":[{"embeddable":true,"href":"https:\/\/viagemalemanha.com\/es\/wp-json\/wp\/v2\/comments?post=61663"}],"version-history":[{"count":2,"href":"https:\/\/viagemalemanha.com\/es\/wp-json\/wp\/v2\/posts\/61663\/revisions"}],"predecessor-version":[{"id":66973,"href":"https:\/\/viagemalemanha.com\/es\/wp-json\/wp\/v2\/posts\/61663\/revisions\/66973"}],"wp:featuredmedia":[{"embeddable":true,"href":"https:\/\/viagemalemanha.com\/es\/wp-json\/wp\/v2\/media\/62083"}],"wp:attachment":[{"href":"https:\/\/viagemalemanha.com\/es\/wp-json\/wp\/v2\/media?parent=61663"}],"wp:term":[{"taxonomy":"category","embeddable":true,"href":"https:\/\/viagemalemanha.com\/es\/wp-json\/wp\/v2\/categories?post=61663"},{"taxonomy":"post_tag","embeddable":true,"href":"https:\/\/viagemalemanha.com\/es\/wp-json\/wp\/v2\/tags?post=61663"}],"curies":[{"name":"wp","href":"https:\/\/api.w.org\/{rel}","templated":true}]}}