{"id":61775,"date":"2025-04-09T14:16:08","date_gmt":"2025-04-09T17:16:08","guid":{"rendered":"https:\/\/viagemalemanha.com\/?p=61775"},"modified":"2026-02-01T15:13:23","modified_gmt":"2026-02-01T18:13:23","slug":"festivales-y-eventos-culturales-en-la-selva-negra-tradicion-colores-y-sabores-a-lo-largo-del-ano","status":"publish","type":"post","link":"https:\/\/viagemalemanha.com\/es\/festivales-y-eventos-culturales-en-la-selva-negra-tradicion-colores-y-sabores-a-lo-largo-del-ano\/","title":{"rendered":"Festivales y Eventos Culturales en la Selva Negra: Tradici\u00f3n, Colores y Sabores a lo Largo del A\u00f1o"},"content":{"rendered":"\n{\n  \u00ab@context\u00bb: \u00abhttps:\/\/schema.org\u00bb,\n  \u00ab@graph\u00bb: [\n    {\n      \u00ab@type\u00bb: \u00abPlace\u00bb,\n      \u00ab@id\u00bb: \u00abhttps:\/\/pt.wikipedia.org\/wiki\/Floresta_Negra\u00bb,\n      \u00abname\u00bb: \u00abSelva Negra\u00bb,\n      \u00abdescription\u00bb: \u00abRegi\u00f3n monta\u00f1osa y densamente forestada en el suroeste de Alemania, conocida por sus paisajes pintorescos y tradiciones culturales.\u00bb,\n      \u00abaddress\u00bb: {\n        \u00abaddressCountry\u00bb: \u00abDE\u00bb,\n        \u00abaddressRegion\u00bb: \u00abBaden-W\u00fcrttemberg\u00bb\n      },\n      \u00abgeo\u00bb: {\n        \u00ablatitude\u00bb: 48.0000,\n        \u00ablongitude\u00bb: 8.0000\n      }\n    },\n    {\n      \u00ab@type\u00bb: \u00abPlace\u00bb,\n      \u00ab@id\u00bb: \u00abhttps:\/\/pt.wikipedia.org\/wiki\/Sankt_M%C3%A4rgen\u00bb,\n      \u00abname\u00bb: \u00abSankt M\u00e4rgen\u00bb,\n      \u00abdescription\u00bb: \u00abPeque\u00f1a ciudad en la Selva Negra, conocida por su monasterio hist\u00f3rico y paisajes naturales.\u00bb,\n      \u00abaddress\u00bb: {\n        \u00abaddressLocality\u00bb: \u00abSankt M\u00e4rgen\u00bb,\n        \u00abaddressCountry\u00bb: \u00abDE\u00bb\n      },\n      \u00abgeo\u00bb: {\n        \u00ablatitude\u00bb: 48.0083,\n        \u00ablongitude\u00bb: 8.0936\n      }\n    },\n    {\n      \u00ab@type\u00bb: \u00abPlace\u00bb,\n      \u00ab@id\u00bb: \u00abhttps:\/\/pt.wikipedia.org\/wiki\/Gengenbach\u00bb,\n      \u00abname\u00bb: \u00abGengenbach\u00bb,\n      \u00abdescription\u00bb: \u00abEncantadora ciudad en la Selva Negra, famosa por su centro hist\u00f3rico bien conservado y festivales culturales.\u00bb,\n      \u00abaddress\u00bb: {\n        \u00abaddressLocality\u00bb: \u00abGengenbach\u00bb,\n        \u00abaddressCountry\u00bb: \u00abDE\u00bb\n      },\n      \u00abgeo\u00bb: {\n        \u00ablatitude\u00bb: 48.4033,\n        \u00ablongitude\u00bb: 8.0172\n      }\n    },\n    {\n      \u00ab@type\u00bb: \u00abPlace\u00bb,\n      \u00ab@id\u00bb: \u00abhttps:\/\/pt.wikipedia.org\/wiki\/Breisach_am_Rhein\u00bb,\n      \u00abname\u00bb: \u00abBreisach am Rhein\u00bb,\n      \u00abdescription\u00bb: \u00abCiudad hist\u00f3rica a orillas del r\u00edo Rin, conocida por su catedral y vi\u00f1edos.\u00bb,\n      \u00abaddress\u00bb: {\n        \u00abaddressLocality\u00bb: \u00abBreisach am Rhein\u00bb,\n        \u00abaddressCountry\u00bb: \u00abDE\u00bb\n      },\n      \u00abgeo\u00bb: {\n        \u00ablatitude\u00bb: 48.0333,\n        \u00ablongitude\u00bb: 7.5833\n      }\n    },\n    {\n      \u00ab@type\u00bb: \u00abPlace\u00bb,\n      \u00ab@id\u00bb: \u00abhttps:\/\/pt.wikipedia.org\/wiki\/Triberg_im_Schwarzwald\u00bb,\n      \u00abname\u00bb: \u00abTriberg\u00bb,\n      \u00abdescription\u00bb: \u00abCiudad famosa por albergar las cascadas m\u00e1s altas de Alemania y por su tradici\u00f3n en relojes cuc\u00fa.\u00bb,\n      \u00abaddress\u00bb: {\n        \u00abaddressLocality\u00bb: \u00abTriberg\u00bb,\n        \u00abaddressCountry\u00bb: \u00abDE\u00bb\n      },\n      \u00abgeo\u00bb: {\n        \u00ablatitude\u00bb: 48.1278,\n        \u00ablongitude\u00bb: 8.2311\n      }\n    },\n    {\n      \u00ab@type\u00bb: \u00abPlace\u00bb,\n      \u00ab@id\u00bb: \u00abhttps:\/\/pt.wikipedia.org\/wiki\/Gutach\u00bb,\n      \u00abname\u00bb: \u00abGutach\u00bb,\n      \u00abdescription\u00bb: \u00abLocalidad conocida por el museo al aire libre Vogtsbauernhof, que exhibe la arquitectura y cultura de la Selva Negra.\u00bb,\n      \u00abaddress\u00bb: {\n        \u00abaddressLocality\u00bb: \u00abGutach\u00bb,\n        \u00abaddressCountry\u00bb: \u00abDE\u00bb\n      },\n      \u00abgeo\u00bb: {\n        \u00ablatitude\u00bb: 48.2833,\n        \u00ablongitude\u00bb: 8.2167\n      }\n    },\n    {\n      \u00ab@type\u00bb: \u00abPlace\u00bb,\n      \u00ab@id\u00bb: \u00abhttps:\/\/en.wikipedia.org\/wiki\/Kirnbach_(Wolfach)\u00bb,\n      \u00abname\u00bb: \u00abKirnbach\u00bb,\n      \u00abdescription\u00bb: \u00abPueblo pintoresco en la regi\u00f3n de Wolfach, conocido por sus paisajes rurales y tradiciones locales.\u00bb,\n      \u00abaddress\u00bb: {\n        \u00abaddressLocality\u00bb: \u00abKirnbach\u00bb,\n        \u00abaddressCountry\u00bb: \u00abDE\u00bb\n      },\n      \u00abgeo\u00bb: {\n        \u00ablatitude\u00bb: 48.2833,\n        \u00ablongitude\u00bb: 8.2333\n      }\n    },\n    {\n      \u00ab@type\u00bb: \u00abPlace\u00bb,\n      \u00ab@id\u00bb: \u00abhttps:\/\/en.wikipedia.org\/wiki\/Reichenbach_(Hornberg)\u00bb,\n      \u00abname\u00bb: \u00abHornberg-Reichenbach\u00bb,\n      \u00abdescription\u00bb: \u00ab\u00c1rea en Hornberg conocida por sus paisajes naturales y senderos para caminatas.\u00bb,\n      \u00abaddress\u00bb: {\n        \u00abaddressLocality\u00bb: \u00abHornberg-Reichenbach\u00bb,\n        \u00abaddressCountry\u00bb: \u00abDE\u00bb\n      },\n      \u00abgeo\u00bb: {\n        \u00ablatitude\u00bb: 48.2167,\n        \u00ablongitude\u00bb: 8.2333\n      }\n    },\n    {\n      \u00ab@type\u00bb: \u00abPlace\u00bb,\n      \u00ab@id\u00bb: \u00abhttps:\/\/en.wikipedia.org\/wiki\/Haslach_im_Kinzigtal\u00bb,\n      \u00abname\u00bb: \u00abHaslach im Kinzigtal\u00bb,\n      \u00abdescription\u00bb: \u00abCiudad hist\u00f3rica con centro medieval preservado, ubicada en el valle del r\u00edo Kinzig.\u00bb,\n      \u00abaddress\u00bb: {\n        \u00abaddressLocality\u00bb: \u00abHaslach im Kinzigtal\u00bb,\n        \u00abaddressCountry\u00bb: \u00abDE\u00bb\n      },\n      \u00abgeo\u00bb: {\n        \u00ablatitude\u00bb: 48.2778,\n        \u00ablongitude\u00bb: 8.0869\n      }\n    },\n    {\n      \u00ab@type\u00bb: \u00abPlace\u00bb,\n      \u00ab@id\u00bb: \u00abhttps:\/\/en.wikipedia.org\/wiki\/Ravenna_Gorge\u00bb,\n      \u00abname\u00bb: \u00abRavennaschlucht\u00bb,\n      \u00abdescription\u00bb: \u00abDesfiladero pintoresco en la Selva Negra, famoso por su puente ferroviario y mercado de Navidad.\u00bb,\n      \u00abaddress\u00bb: {\n        \u00abaddressLocality\u00bb: \u00abBreitnau\u00bb,\n        \u00abaddressCountry\u00bb: \u00abDE\u00bb\n      },\n      \u00abgeo\u00bb: {\n        \u00ablatitude\u00bb: 47.9197,\n        \u00ablongitude\u00bb: 8.0850\n      }\n    },\n    {\n      \u00ab@type\u00bb: \u00abPlace\u00bb,\n      \u00ab@id\u00bb: \u00abhttps:\/\/pt.wikipedia.org\/wiki\/Bad_Liebenzell\u00bb,\n      \u00abname\u00bb: \u00abBad Liebenzell\u00bb,\n      \u00abdescription\u00bb: \u00abCiudad termal conocida por sus fuentes minerales y el castillo de Liebenzell.\u00bb,\n      \u00abaddress\u00bb: {\n        \u00abaddressLocality\u00bb: \u00abBad Liebenzell\u00bb,\n        \u00abaddressCountry\u00bb: \u00abDE\u00bb\n      },\n      \u00abgeo\u00bb: {\n        \u00ablatitude\u00bb: 48.7744,\n        \u00ablongitude\u00bb: 8.7261\n      }\n    },\n    {\n      \u00ab@type\u00bb: \u00abPlace\u00bb,\n      \u00ab@id\u00bb: \u00abhttps:\/\/en.wikipedia.org\/wiki\/Zell_am_Harmersbach\u00bb,\n      \u00abname\u00bb: \u00abZell am Harmersbach\u00bb,\n      \u00abdescription\u00bb: \u00abPeque\u00f1a ciudad en la Selva Negra, conocida por su cer\u00e1mica tradicional y arquitectura de entramado.\u00bb,\n      \u00abaddress\u00bb: {\n        \u00abaddressLocality\u00bb: \u00abZell am Harmersbach\u00bb,\n        \u00abaddressCountry\u00bb: \u00abDE\u00bb\n      },{\n      \u00ab@type\u00bb: \u00abEvent\u00bb,\n      \u00abname\u00bb: \u00abRossfest\u00bb,\n      \u00abdescription\u00bb: \u00abFestival tradicional celebrado en St. M\u00e4rgen en honor al caballo de la Selva Negra (Schwarzw\u00e4lder Kaltblut), con desfiles y celebraciones culturales.\u00bb,\n      \u00ablocation\u00bb: {\n        \u00ab@type\u00bb: \u00abPlace\u00bb,\n        \u00abname\u00bb: \u00abSt. M\u00e4rgen\u00bb,\n        \u00abaddress\u00bb: {\n          \u00abaddressLocality\u00bb: \u00abSt. M\u00e4rgen\u00bb,\n          \u00abaddressCountry\u00bb: \u00abDE\u00bb\n        }\n      },\n      \u00abstartDate\u00bb: \u00ab2025-09-12\u00bb,\n      \u00abendDate\u00bb: \u00ab2025-09-14\u00bb\n    },\n    {\n      \u00ab@type\u00bb: \u00abEvent\u00bb,\n      \u00abname\u00bb: \u00abFastnacht (Carnaval Su\u00e1bio-Alem\u00e1nico)\u00bb,\n      \u00abdescription\u00bb: \u00abCelebraci\u00f3n tradicional con desfiles, m\u00e1scaras de madera y rituales folcl\u00f3ricos, realizada entre enero y marzo en el suroeste de Alemania.\u00bb,\n      \u00abstartDate\u00bb: \u00ab2025-01-06\u00bb,\n      \u00abendDate\u00bb: \u00ab2025-03-04\u00bb,\n      \u00ablocation\u00bb: {\n        \u00ab@type\u00bb: \u00abPlace\u00bb,\n        \u00abname\u00bb: \u00abBaden-W\u00fcrttemberg\u00bb,\n        \u00abaddress\u00bb: {\n          \u00abaddressRegion\u00bb: \u00abBaden-W\u00fcrttemberg\u00bb,\n          \u00abaddressCountry\u00bb: \u00abDE\u00bb\n        }\n      }\n    },\n    {\n      \u00ab@type\u00bb: \u00abEvent\u00bb,\n      \u00abname\u00bb: \u00abMercado de Navidad de Ravennaschlucht\u00bb,\n      \u00abdescription\u00bb: \u00abEncantador mercado de Navidad realizado bajo el viaducto ferroviario de H\u00f6llental, con puestos de artesan\u00eda, comidas t\u00edpicas y decoraci\u00f3n iluminada.\u00bb,\n      \u00abstartDate\u00bb: \u00ab2025-11-28\u00bb,\n      \u00abendDate\u00bb: \u00ab2025-12-21\u00bb,\n      \u00ablocation\u00bb: {\n        \u00ab@type\u00bb: \u00abPlace\u00bb,\n        \u00abname\u00bb: \u00abRavennaschlucht\u00bb,\n        \u00abaddress\u00bb: {\n          \u00abaddressLocality\u00bb: \u00abBreitnau\u00bb,\n          \u00abaddressCountry\u00bb: \u00abDE\u00bb\n        }\n      }\n    },\n    {\n      \u00ab@type\u00bb: \u00abEvent\u00bb,\n      \u00abname\u00bb: \u00abFestival del Pastel de la Selva Negra\u00bb,\n      \u00abdescription\u00bb: \u00abFestival bienal en Todtnauberg donde pasteleros compiten con variaciones del tradicional pastel Selva Negra.\u00bb,\n      \u00abstartDate\u00bb: \u00ab2025-06-21\u00bb,\n      \u00abendDate\u00bb: \u00ab2025-06-22\u00bb,\n      \u00ablocation\u00bb: {\n        \u00ab@type\u00bb: \u00abPlace\u00bb,\n        \u00abname\u00bb: \u00abTodtnauberg\u00bb,\n        \u00abaddress\u00bb: {\n          \u00abaddressLocality\u00bb: \u00abTodtnauberg\u00bb,\n          \u00abaddressCountry\u00bb: \u00abDE\u00bb\n        }\n      }\n    },\n    {\n      \u00ab@type\u00bb: \u00abEvent\u00bb,\n      \u00abname\u00bb: \u00abLichterfest Bad Liebenzell\u00bb,\n      \u00abdescription\u00bb: \u00abFiesta de las luces celebrada en el Kurpark de Bad Liebenzell, con linternas, luces decorativas y m\u00fasica al aire libre.\u00bb,\n      \u00abstartDate\u00bb: \u00ab2025-06-07\u00bb,\n      \u00abendDate\u00bb: \u00ab2025-06-07\u00bb,\n      \u00ablocation\u00bb: {\n        \u00ab@type\u00bb: \u00abPlace\u00bb,\n        \u00abname\u00bb: \u00abBad Liebenzell Kurpark\u00bb,\n        \u00abaddress\u00bb: {\n          \u00abaddressLocality\u00bb: \u00abBad Liebenzell\u00bb,\n          \u00abaddressCountry\u00bb: \u00abDE\u00bb\n        }\n      }\n    },\n    {\n      \u00ab@type\u00bb: \u00abOrganization\u00bb,\n      \u00abname\u00bb: \u00abDeutscher Trachtenverband\u00bb,\n      \u00aburl\u00bb: \u00abhttps:\/\/www.deutscher-trachtenverband.de\u00bb,\n      \u00abdescription\u00bb: \u00abFederaci\u00f3n alemana dedicada a la preservaci\u00f3n y promoci\u00f3n de los trajes t\u00edpicos y tradiciones culturales regionales.\u00bb\n    },\n    {\n      \u00ab@type\u00bb: \u00abOrganization\u00bb,\n      \u00abname\u00bb: \u00abTrachtengau Schwarzwald e.V.\u00bb,\n      \u00abdescription\u00bb: \u00abAsociaci\u00f3n regional de la Selva Negra que organiza eventos tradicionales y preserva los trajes t\u00edpicos locales.\u00bb,\n      \u00aburl\u00bb: \u00abhttps:\/\/www.trachtenverband.de\u00bb\n    }\n  ]\n}\n{\n  \u00ab@context\u00bb: \u00abhttps:\/\/schema.org\u00bb,\n  \u00ab@type\u00bb: \u00abFAQPage\u00bb,\n  \u00abmainEntity\u00bb: [\n    {\n      \u00ab@type\u00bb: \u00abQuestion\u00bb,\n      \u00abname\u00bb: \u00ab\u00bfCu\u00e1les son los principales festivales de la Selva Negra a lo largo del a\u00f1o?\u00bb,\n      \u00abacceptedAnswer\u00bb: {\n        \u00ab@type\u00bb: \u00abAnswer\u00bb,\n        \u00abtext\u00bb: \u00abLa Selva Negra alberga una variedad de festivales como el Fastnacht (carnaval tradicional), Rossfest, festivales de vino, mercados de Navidad, y el Festival del Pastel de la Selva Negra. Las celebraciones ocurren en diferentes \u00e9pocas del a\u00f1o, reflejando las tradiciones locales.\u00bb\n      }\n    },\n    {\n      \u00ab@type\u00bb: \u00abQuestion\u00bb,\n      \u00abname\u00bb: \u00ab\u00bfCu\u00e1ndo ocurre el Rossfest en St. M\u00e4rgen?\u00bb,\n      \u00abacceptedAnswer\u00bb: {\n        \u00ab@type\u00bb: \u00abAnswer\u00bb,\n        \u00abtext\u00bb: \u00abEl Rossfest se celebra cada tres a\u00f1os, generalmente el segundo fin de semana de septiembre. Es un festival dedicado al caballo Schwarzw\u00e4lder Kaltblut e incluye desfiles, atracciones culturales y eventos para toda la familia.\u00bb\n      }\n    },\n    {\n      \u00ab@type\u00bb: \u00abQuestion\u00bb,\n      \u00abname\u00bb: \u00ab\u00bfD\u00f3nde se celebran los mercados de Navidad en la Selva Negra?\u00bb,\n      \u00abacceptedAnswer\u00bb: {\n        \u00ab@type\u00bb: \u00abAnswer\u00bb,\n        \u00abtext\u00bb: \u00abLos mercados m\u00e1s conocidos est\u00e1n en Gengenbach y Ravennaschlucht. Este \u00faltimo es especialmente famoso por celebrarse bajo un viaducto ferroviario, con iluminaci\u00f3n especial y artesan\u00eda t\u00edpica.\u00bb\n      }\n    },\n    {\n      \u00ab@type\u00bb: \u00abQuestion\u00bb,\n      \u00abname\u00bb: \u00ab\u00bfQu\u00e9 es el Fastnacht y d\u00f3nde puedo vivir esta fiesta?\u00bb,\n      \u00abacceptedAnswer\u00bb: {\n        \u00ab@type\u00bb: \u00abAnswer\u00bb,\n        \u00abtext\u00bb: \u00abFastnacht es el carnaval su\u00e1bio-alem\u00e1nico, celebrado principalmente en ciudades del suroeste de Alemania. Involucra desfiles con m\u00e1scaras de madera, trajes folcl\u00f3ricos y rituales tradicionales, principalmente entre enero y marzo.\u00bb\n      }\n    },\n    {\n      \u00ab@type\u00bb: \u00abQuestion\u00bb,\n      \u00abname\u00bb: \u00ab\u00bfHay eventos culturales en la Selva Negra durante todo el a\u00f1o?\u00bb,\n      \u00abacceptedAnswer\u00bb: {\n        \u00ab@type\u00bb: \u00abAnswer\u00bb,\n        \u00abtext\u00bb: \u00abS\u00ed. La regi\u00f3n ofrece fiestas estacionales como cosechas en oto\u00f1o, mercados de Pascua en primavera, festivales folcl\u00f3ricos en verano y mercados de Navidad en invierno.\u00bb\n      }\n    },\n    {\n      \u00ab@type\u00bb: \u00abQuestion\u00bb,\n      \u00abname\u00bb: \u00ab\u00bfEl Festival del Pastel de la Selva Negra est\u00e1 abierto al p\u00fablico?\u00bb,\n      \u00abacceptedAnswer\u00bb: {\n        \u00ab@type\u00bb: \u00abAnswer\u00bb,\n        \u00abtext\u00bb: \u00abS\u00ed, el evento se realiza cada dos a\u00f1os en Todtnauberg, reuniendo pasteleros y visitantes interesados en saborear y competir con el famoso pastel regional.\u00bb\n      }\n    },\n    {\n      \u00ab@type\u00bb: \u00abQuestion\u00bb,\n      \u00abname\u00bb: \u00ab\u00bfQu\u00e9 festivales son ideales para quienes viajan con ni\u00f1os?\u00bb,\n      \u00abacceptedAnswer\u00bb: {\n        \u00ab@type\u00bb: \u00abAnswer\u00bb,\n        \u00abtext\u00bb: \u00abEventos como el Rossfest, los mercados de Navidad y festivales medievales en el Castillo de Hohenzollern ofrecen programaciones orientadas a familias, con actividades para ni\u00f1os y un ambiente seguro.\u00bb\n      }\n    }\n  ]\n}\n\n\n\n<p>La Selva Negra, ubicada en el suroeste de Alemania, es una regi\u00f3n que encanta no solo por sus paisajes deslumbrantes, sino tambi\u00e9n por su tradici\u00f3n cultural. A lo largo del a\u00f1o, aldeas y ciudades de esta \u00e1rea cobran vida con una variedad de festivales y eventos que reflejan tradiciones centenarias, colores vibrantes y sabores \u00fanicos.<\/p>\n\n\n\n<p>En nuestro blog, ya tenemos una serie de art\u00edculos que abordan la Selva Negra. En el \u00faltimo de ellos, hablamos sobre las <a href=\"https:\/\/viagemalemanha.com\/es\/actividades-de-invierno-en-la-selva-negra-en-alemania\/\">actividades de invierno de la Selva Negra<\/a>. Pero, tambi\u00e9n tenemos una <a href=\"https:\/\/viagemalemanha.com\/es\/la-encantadora-selva-negra\/\">gu\u00eda completa sobre la Selva Negra<\/a>, y un texto sobre la <a href=\"https:\/\/viagemalemanha.com\/es\/ruta-de-los-relojes-de-cuco-en-la-selva-negra-tradicion-y-turismo-en-alemania\/\">Ruta de los Relojes Cucos<\/a>, una de las principales tradiciones de la regi\u00f3n.<\/p>\n\n\n\n<p>Entonces, puedes acceder a estos art\u00edculos para aprender a\u00fan m\u00e1s sobre todo lo que la Selva Negra tiene para ofrecer. Y en el art\u00edculo de hoy, vamos a hablar en detalle sobre los festivales y eventos culturales en la Selva Negra que no puedes dejar de comprobar en tu viaje!<\/p>\n\n\n\n<h2 class=\"wp-block-heading\" id=\"h-calendario-de-eventos-en-la-selva-negra\"><strong>Calendario de Eventos en la Selva Negra<\/strong><\/h2>\n\n\n\n<p>La Selva Negra tiene un calendario de <strong>festivales y eventos culturales<\/strong> que ocurren a\u00f1o tras a\u00f1o, en diferentes \u00e9pocas. Estos <strong>festivales y eventos culturales en la Selva Negra<\/strong> abarcan desde celebraciones familiares hasta fiestas tradicionales, haciendo que cada visita sea \u00fanica. Por eso mismo, <em>es importante planificar tu viaje conforme a este calendario,<\/em> que conocer\u00e1s mejor a lo largo de todo este art\u00edculo. Despu\u00e9s de todo, si quieres experimentar alg\u00fan evento en espec\u00edfico, es necesario ir en el momento adecuado.<\/p>\n\n\n\n<p>Y las opciones de eventos en la Selva Negra son de lo m\u00e1s variadas, incluyendo:<\/p>\n\n\n\n<ul class=\"wp-block-list\">\n<li>Eventos para familias y ni\u00f1os;<\/li>\n\n\n\n<li>Festivales y teatros;<\/li>\n\n\n\n<li>Fiestas y encuentros;<\/li>\n\n\n\n<li>Exposiciones de arte;<\/li>\n\n\n\n<li>Conciertos;<\/li>\n\n\n\n<li>Eventos culinarios;<\/li>\n\n\n\n<li>Caminatas guiadas;<\/li>\n\n\n\n<li>Deportes de aventura.<\/li>\n<\/ul>\n\n\n\n<p>Incluir uno de estos eventos en tu itinerario enriquece tu experiencia en Alemania, ya que proporciona una conexi\u00f3n aut\u00e9ntica con la cultura y los habitantes locales. Por ejemplo, participar en el Fastnacht (carnaval alem\u00e1n) permite vivir de cerca las tradiciones carnavalescas \u00fanicas de la regi\u00f3n, mientras que una visita a un <a href=\"https:\/\/viagemalemanha.com\/es\/mercado-de-navidad-de-ravennaschlucht-en-la-selva-negra\/\">mercado de Navidad<\/a> ofrece una atm\u00f3sfera encantadora y festiva a finales de a\u00f1o.<\/p>\n\n\n\n<h2 class=\"wp-block-heading\" id=\"h-festivales-en-la-selva-negra-por-estacion-del-ano\"><strong>Festivales en la Selva Negra por estaci\u00f3n del a\u00f1o<\/strong><\/h2>\n\n\n\n<p>Cada estaci\u00f3n del a\u00f1o ofrece celebraciones \u00fanicas que reflejan las tradiciones y el esp\u00edritu de la regi\u00f3n. En primavera, el Fastnacht se destaca por las m\u00e1scaras talladas en madera y rituales antiguos. Durante el verano, eventos folcl\u00f3ricos como el Schwarzw\u00e4lder Trachtenumzug en Triberg celebran los trajes t\u00edpicos, danzas tradicionales y comidas t\u00edpicas.<\/p>\n\n\n\n<p>Ya el oto\u00f1o se caracteriza principalmente por fiestas de cosecha y festivales de vino, como el Festival de la Ruta del Vino de Baden y la celebraci\u00f3n de la cosecha de uvas en Breisach. Mientras que el invierno trae los encantadores mercados de Navidad, como el de Ravennaschlucht, situado bajo el viaducto ferroviario H\u00f6llental, ofreciendo una atm\u00f3sfera m\u00e1gica con m\u00e1s de 40 puestos vendiendo artesan\u00eda y delicias locales.<\/p>\n\n\n\n<p>Vale la pena mencionar que los meses con mayor concentraci\u00f3n de fiestas son: junio, julio, agosto, septiembre y diciembre. Por lo tanto, la mayor\u00eda de los eventos ocurrir\u00e1n en verano, especialmente los conciertos al aire libre, organizados en este per\u00edodo para aprovechar el clima c\u00e1lido y los d\u00edas m\u00e1s largos.&nbsp;<\/p>\n\n\n\n<p>Despu\u00e9s del verano, diciembre es el mes con m\u00e1s eventos y fiestas, ya que esta es la \u00e9poca de Navidad y A\u00f1o Nuevo. Pero, vale recordar que Europa en este momento est\u00e1 entrando en los meses de invierno, as\u00ed que debes prepararte para el fr\u00edo y la nieve, que cubren la Selva Negra en esta \u00e9poca del a\u00f1o.<\/p>\n\n\n\n<h2 class=\"wp-block-heading\" id=\"h-festivales-folcloricos-la-tradicion-en-fiesta\"><strong>Festivales Folcl\u00f3ricos: La Tradici\u00f3n en Fiesta<\/strong><\/h2>\n\n\n\n<p>Los festivales folcl\u00f3ricos alemanes son muy importantes para diferentes comunidades, especialmente en la Selva Negra, donde los <strong>festivales y eventos culturales en la Selva Negra<\/strong> representan la esencia de la cultura local, con trajes t\u00edpicos, danzas y gastronom\u00eda tradicional. Tanto en la Selva Negra, como en otros lugares del pa\u00eds. En esos momentos, los alemanes recuerdan mucho de su tradici\u00f3n y celebran su cultura, usando ropa t\u00edpica que puede variar seg\u00fan la regi\u00f3n, celebrando con m\u00fasica, danza y gastronom\u00eda local.<\/p>\n\n\n\n<h3 class=\"wp-block-heading\" id=\"h-heimat-und-trachtenfeste-fiestas-de-trajes-tradicionales\"><strong>Heimat- und Trachtenfeste (Fiestas de trajes tradicionales)<\/strong><\/h3>\n\n\n\n<p>Las Heimat- und Trachtenfeste son festivales tradicionales realizados en Alemania que celebran la cultura local y los trajes t\u00edpicos regionales, conocidos como \u00abTracht\u201d.&nbsp;<\/p>\n\n\n\n<p>El Deutsches Trachtenfest, por ejemplo, es uno de los mayores festivales de este tipo en el pa\u00eds, organizado por el Deutscher Trachtenverband en colaboraci\u00f3n con asociaciones locales y ciudades anfitrionas.<\/p>\n\n\n\n<p>Ya el Schwarzw\u00e4lder Trachtenumzug en Triberg que mencionamos m\u00e1s arriba es un ejemplo de Heimat- und Trachtenfeste que ocurre en la Selva Negra. Todos los a\u00f1os, diversos clubes se re\u00fanen para desfilar con trajes t\u00edpicos de la regi\u00f3n, siendo el desfile el principal atractivo de la fiesta, que tambi\u00e9n cuenta con un mercado de pulgas, carrusel infantil y otras atracciones.<\/p>\n\n\n\n<p>En 2025, la informaci\u00f3n m\u00e1s precisa sobre varios de estos festivales a\u00fan est\u00e1 por ser divulgada, pero tradicionalmente ocurren en toda Alemania, en lugares como M\u00fanich, \u00d6hringen, Altenburg, Marburgo, Wendlingen, Gr\u00f6mitz, entre otras ciudades.<\/p>\n\n\n\n<p>Para participar en estos festivales, los interesados pueden consultar el calendario de eventos disponible por el Deutscher Trachtenverband, que lista las fechas y lugares de las pr\u00f3ximas celebraciones. Para informaci\u00f3n espec\u00edfica sobre festivales en la Selva Negra, se recomienda seguir las fechas divulgadas por la Trachtengau Schwarzwald e.V., una asociaci\u00f3n que promueve y preserva las tradiciones de trajes t\u00edpicos en la regi\u00f3n.<\/p>\n\n\n\n<p><strong>Importante:<\/strong> algunos de estos festivales, como el Heimat- und Trachtenfest des Amtes Burg (Fiesta de la Patria y de los Trajes Tradicionales del Distrito de Burg), tienen reglas para los participantes, incluyendo sobre el n\u00famero m\u00e1ximo de personas en el evento. Y puedes ser multado si incumples alguna regla. As\u00ed que, inf\u00f3rmate con anticipaci\u00f3n sobre las reglas del festival al que pretendes asistir.<\/p>\n\n\n\n<h3 class=\"wp-block-heading\" id=\"h-rossfest-en-st-margen\"><strong>Rossfest en St. M\u00e4rgen<\/strong><\/h3>\n\n\n\n<p>El <a href=\"https:\/\/www.rossfest.de\/\" target=\"_blank\" rel=\"noreferrer noopener\">Rossfest<\/a>, o \u00abD\u00eda del Caballo de la Selva Negra\u00bb, es un festival tradicional celebrado cada tres a\u00f1os el segundo domingo de septiembre, en St. M\u00e4rgen. Es uno de los m\u00e1s emblem\u00e1ticos <strong>eventos culturales tradicionales de la Selva Negra<\/strong>, realizado en homenaje a los caballos Schwarzw\u00e4lder Kaltblut, que son admirados por su fuerza y belleza.<\/p>\n\n\n\n<p>El Rossfest se celebra desde 1949 y se realiz\u00f3 anualmente hasta 1953. Pero, el festival continu\u00f3 creciendo en n\u00famero de participantes y de caballos. La \u00faltima edici\u00f3n del festival se realiz\u00f3 en 2022, en los campos deportivos y en el Schwarzwald-\/Wei\u00dftannenhalle, de viernes a domingo, el segundo fin de semana de septiembre, como se realiza tradicionalmente.<\/p>\n\n\n\n<h3 class=\"wp-block-heading\" id=\"h-fastnacht-carnaval-suabio-alemanico\"><strong>Fastnacht &#8211; Carnaval Su\u00e1bio-Alem\u00e1nico<\/strong><\/h3>\n\n\n\n<p>\u200bEl Fastnacht, tambi\u00e9n conocido como Carnaval Su\u00e1bio-Alem\u00e1nico, es una de las celebraciones culturales m\u00e1s expresivas del suroeste de Alemania y de la propia <strong>regi\u00f3n de la Selva Negra<\/strong>, especialmente en las regiones de Baden-W\u00fcrttemberg, Maguncia y Hesse. Durante la fiesta, ocurren desfiles y reuniones donde personajes enmascarados, como bufones, brujas danzantes y otras figuras folcl\u00f3ricas, animan las calles y establecimientos locales, interactuando de forma l\u00fadica con el p\u00fablico.<\/p>\n\n\n\n<p>En el Fastnacht se utilizan m\u00e1scaras talladas en madera que representan figuras tradicionales durante los desfiles. Una costumbre que remonta a pr\u00e1cticas medievales destinadas a alejar a los malos esp\u00edritus y demonios del invierno.&nbsp;<\/p>\n\n\n\n<p>Las celebraciones del Fastnacht ocurren entre enero y marzo, y van hasta los d\u00edas finales que preceden la Cuaresma, terminando en el mi\u00e9rcoles de ceniza. Por lo tanto, el evento tambi\u00e9n representa una oportunidad para festejar antes del per\u00edodo de ayuno de la cuaresma.<\/p>\n\n\n\n<h3 class=\"wp-block-heading\" id=\"h-burgfest-en-hohenzollern\"><strong>Burgfest en Hohenzollern<\/strong><\/h3>\n\n\n\n<p>Durante todo el a\u00f1o, el Castillo de Hohenzollern, que se encuentra a aproximadamente 50 km de Stuttgart y muy cerca de la Selva Negra, realiza diferentes eventos. Hay opciones de teatro al aire libre, sesiones de cine en el patio del castillo, d\u00edas de experiencia en el castillo, desfile de cabras, d\u00eda de la mujer en Hohenzollern, y muchos otros eventos que puedes incluir en tu itinerario cuando visites la Selva Negra en Alemania.<\/p>\n\n\n\n<figure class=\"wp-block-image size-large\"><img decoding=\"async\" src=\"https:\/\/viagemalemanha.com\/wp-content\/uploads\/2025\/05\/swabian-alb-2721017_1280-1.jpg\" alt=\"\" class=\"wp-image-5904\" \/><figcaption class=\"wp-element-caption\">Castillo Hohenzollern (Imagen: Th G &#8211; Pixabay)<\/figcaption><\/figure>\n\n\n\n<p>El lugar tambi\u00e9n realiza diversos festivales medievales, donde es posible ver m\u00e1s de cerca la cultura de la regi\u00f3n, con gastronom\u00eda t\u00edpica, trajes antiguos, m\u00fasica, comprar productos a la venta en los mercados y otros aspectos destacados. Son eventos ideales para familias, donde es posible divertirse viajando con ni\u00f1os.<\/p>\n\n\n\n<h2 class=\"wp-block-heading\" id=\"h-mercados-sazonales-y-celebraciones-religiosas\"><strong>Mercados Sazonales y Celebraciones Religiosas<\/strong><\/h2>\n\n\n\n<p>En la Selva Negra, la Pascua se celebra con tradiciones encantadoras que unen a la comunidad y dan vida a la regi\u00f3n. Una de las pr\u00e1cticas m\u00e1s comunes es la hoguera de Pascua, encendida el s\u00e1bado anterior al feriado, simbolizando luz y esperanza. Adem\u00e1s, muchas aldeas decoran sus fuentes con huevos de colores y flores, creando un escenario colorido que representa la llegada de la primavera.<\/p>\n\n\n\n<p>Otra atracci\u00f3n especial son los mercados de Pascua, donde los visitantes pueden encontrar productos regionales, artesan\u00eda y gastronom\u00eda local. Uno de los mercados de Pascua m\u00e1s tradicionales ocurre en la ciudad de Gengenbach, donde es posible encontrar adornos y decoraciones de Pascua, adem\u00e1s de productos regionales, art\u00edculos artesanales y art\u00edculos exclusivos.<\/p>\n\n\n\n<h3 class=\"wp-block-heading\" id=\"h-mercados-de-navidad-weihnachtsmarkte\"><strong>Mercados de Navidad (Weihnachtsm\u00e4rkte)<\/strong><\/h3>\n\n\n\n<p>En el per\u00edodo navide\u00f1o, los Weihnachtsm\u00e4rkte (Mercados de Navidad) transforman las ciudades de la Selva Negra en escenarios m\u00e1gicos, reafirmando su papel como centros de ricas <strong>manifestaciones culturales estacionales<\/strong>. Gengenbach, por ejemplo, es conocida por su mercado de Navidad que ofrece artesan\u00eda regional y delicias locales en puestos decorados, creando una atm\u00f3sfera festiva y acogedora.<\/p>\n\n\n\n<p>Otro mercado muy conocido es el mercado de Navidad en Ravennaschlucht, situado en un desfiladero bajo un viaducto ferroviario de 40 metros de altura. Un espacio que ofrece una experiencia \u00fanica, combinando la belleza natural de la regi\u00f3n con la iluminaci\u00f3n festiva y la arquitectura t\u00edpica.<\/p>\n\n\n\n<p>Pero, estos son solo dos ejemplos, ya que hay muchos mercados navide\u00f1os por toda la Selva Negra. Y, en todos ellos, los visitantes pueden disfrutar de un ambiente navide\u00f1o decorado e iluminado, probar comidas regionales y beber vino caliente. Tambi\u00e9n se realizan presentaciones culturales.<\/p>\n\n\n\n<figure class=\"wp-block-image size-large\"><img decoding=\"async\" src=\"https:\/\/viagemalemanha.com\/wp-content\/uploads\/2025\/05\/dresden-5893715_1280.jpg\" alt=\"\" class=\"wp-image-5905\" \/><figcaption class=\"wp-element-caption\">Mercado de Navidad en Dresde, Alemania (Imagen: Tonda Tran &#8211; Pixabay)<\/figcaption><\/figure>\n\n\n\n<h2 class=\"wp-block-heading\" id=\"h-rotas-de-vinho-y-pastel-selva-negra\"><strong>Rutas de vino y pastel Selva Negra<\/strong><\/h2>\n\n\n\n<p>La Selva Negra tambi\u00e9n es famosa por sus <a href=\"https:\/\/viagemalemanha.com\/es\/la-gastronomia-de-la-selva-negra-una-experiencia-con-guia-latino-en-alemania\/\">platos t\u00edpicos<\/a> y por la calidad de sus vinos. As\u00ed que, por supuesto, no faltan festivales gastron\u00f3micos y oportunidades para disfrutar de buenos vinos en la regi\u00f3n.<\/p>\n\n\n\n<p>La Fiesta del Vino de Ortenau, por ejemplo, es una celebraci\u00f3n tradicional en la regi\u00f3n vin\u00edcola de Ortenau, situada entre el Rin y la Selva Negra, en el estado de Baden-W\u00fcrttemberg, Alemania. Este evento ocurre todos los a\u00f1os, ofreciendo a los visitantes la oportunidad de degustar una variedad de vinos producidos en las laderas de la regi\u00f3n, especialmente los renombrados vinos blancos hechos a partir de la uva Riesling.<\/p>\n\n\n\n<p>En estas ocasiones, es posible degustar vinos de la regi\u00f3n, mientras se aprecia el paisaje del vi\u00f1edo, con vistas deslumbrantes. Ciudades como Gengenbach, ubicada en Ortenau, realizan su tradicional fiesta del vino y de la ciudad el tercer fin de semana de septiembre, atrayendo a entusiastas del vino y turistas en busca de una experiencia aut\u00e9ntica.<\/p>\n\n\n\n<h3 class=\"wp-block-heading\" id=\"h-rotas-de-vinho-na-selva-negra\"><strong>Rutas de vino en la Selva Negra<\/strong><\/h3>\n\n\n\n<p>La Selva Negra tambi\u00e9n cuenta con rutas de vino, donde los visitantes pueden disfrutar de paisajes \u00fanicos, recorriendo vi\u00f1edos y probando los vinos producidos a lo largo de la ruta. Inaugurada en 1954, la ruta de Baden, por ejemplo, se extiende por aproximadamente 400 km, atravesando nueve subregiones vin\u00edcolas, desde el Lago de Constanza hasta Tauberfranken.&nbsp;<\/p>\n\n\n\n<p>A lo largo del recorrido, es posible degustar vinos renombrados, como el Sp\u00e4tburgunder (Pinot Noir) y el Riesling, en bodegas que combinan tradici\u00f3n e innovaci\u00f3n, y conocer diversos encantadores pueblos.&nbsp;<\/p>\n\n\n\n<p>Otra ruta muy buscada es la Ruta del Vino de Ortenau, que se extiende a lo largo del r\u00edo Rin, ofreciendo vistas panor\u00e1micas de los vi\u00f1edos y oportunidades para degustaciones de vinos locales.<\/p>\n\n\n\n<h3 class=\"wp-block-heading\" id=\"h-festival-pastel-de-la-selva-negra\"><strong>Festival pastel de la Selva Negra<\/strong><\/h3>\n\n\n\n<p>El festival Pastel de la Selva Negra se realiza cada dos a\u00f1os en Todtnauberg. En la ocasi\u00f3n, pasteleros profesionales y aficionados compiten presentando sus versiones del <a href=\"https:\/\/viagemalemanha.com\/es\/bolo-selva-negra-pastel-perfecto\/\">famoso pastel Selva Negra<\/a>, que combina capas de chocolate, nata, cerezas y kirsch (un destilado de cereza).&nbsp;<\/p>\n\n\n\n<figure class=\"wp-block-image size-large\"><img decoding=\"async\" src=\"https:\/\/viagemalemanha.com\/wp-content\/uploads\/2025\/05\/cake-1227842_1280.jpg\" alt=\"\" class=\"wp-image-5810\" \/><\/figure>\n\n\n\n<p>Los mejores ganan premios, mientras que el mejor de todos es elegido rey del Pastel de la Selva Negra. Al final, los pasteles se venden.<\/p>\n\n\n\n<h2 class=\"wp-block-heading\" id=\"h-experiencias-culturales-autenticas\"><strong>Experiencias Culturales Aut\u00e9nticas<\/strong><\/h2>\n\n\n\n<p>Al visitar la Selva Negra, podr\u00e1s ver muchas presentaciones culturales aut\u00e9nticas, con danzas y m\u00fasicas t\u00edpicas. Por ejemplo, las danzas tradicionales, ejecutadas por grupos vistiendo trajes t\u00edpicos como el ic\u00f3nico Bollenhut, un sombrero adornado con pompones rojos o negros, que indica el estado civil de las mujeres, a\u00f1aden un encanto especial a las festividades.<\/p>\n\n\n\n<p>Adem\u00e1s, hay realmente una buena variedad de trajes t\u00edpicos en la Selva Negra, demostrando la diversidad de expresiones culturales presentes en esa regi\u00f3n. Algunos trajes tienen pompones coloridos, como los mencionados arriba, otros llevan altos sombreros de paja, tambi\u00e9n hay adornos con flores y frutas, y otros tipos de accesorios en la cabeza.&nbsp;<\/p>\n\n\n\n<p>Tradicionalmente, las mujeres usan vestidos con delantales y los hombres trajes compuestos normalmente por pantalones, camisas y chalecos. Tambi\u00e9n hay una variedad de estampados y colores, predominando combinaciones en blanco y negro, y rojo y blanco. Pero, no es una regla, depende de la ciudad, del pueblo y de la regi\u00f3n.<\/p>\n\n\n\n<p>Por lo tanto, esta variedad de trajes y presentaciones culturales puede confundir a los visitantes, que pueden acabar en una fiesta \u201cturistificada\u201d, es decir, un evento hecho para turistas, y no en una leg\u00edtima fiesta tradicional de la Selva Negra, hecha por la comunidad para la comunidad.<\/p>\n\n\n\n<p>Para distinguir entre una experiencia cultural genuina y una fiesta hecha solo para turistas, es importante:<\/p>\n\n\n\n<ul class=\"wp-block-list\">\n<li>Buscar saber <strong>qui\u00e9n organiz\u00f3 el evento<\/strong>, fiestas tradicionales normalmente son organizadas por la comunidad. Por ejemplo, por clubes de trajes t\u00edpicos y otras asociaciones culturales locales de la Selva Negra;<\/li>\n\n\n\n<li><strong>Verifica la regularidad del evento<\/strong>: los eventos en la Selva Negra ocurren todos los a\u00f1os, algunos con intervalos de 2 o 3 a\u00f1os, pero existen desde hace mucho tiempo, siendo ejecutados siguiendo las mismas tradiciones en cada versi\u00f3n.<\/li>\n\n\n\n<li><strong>Verifica la presencia de trajes t\u00edpicos y la realizaci\u00f3n de rituales hist\u00f3ricos<\/strong>, pues son indicativos de una celebraci\u00f3n arraigada en la tradici\u00f3n.<\/li>\n\n\n\n<li><strong>Evita eventos muy comercializados,<\/strong> y si es necesario, pide informaci\u00f3n a la comunidad local o a tu gu\u00eda tur\u00edstico.<\/li>\n<\/ul>\n\n\n\n<h3 class=\"wp-block-heading\" id=\"h-chapeu-bollenhut-uno-de-los-accesorios-tradicionales-mas-conocidos\"><strong>Sombrero Bollenhut: uno de los accesorios tradicionales m\u00e1s conocidos<\/strong><\/h3>\n\n\n\n<p>El Bollenhut es un sombrero tradicional de la Selva Negra, caracterizado por sus pompones de lana, como mencionamos m\u00e1s arriba. Este accesorio forma parte del traje t\u00edpico femenino en tres pueblos protestantes: Gutach, Kirnbach y Hornberg-Reichenbach.&nbsp;<\/p>\n\n\n\n<p>Se trata de un sombrero de paja de ala ancha que presenta 14 pompones dispuestos en forma de cruz. Tradicionalmente, las mujeres solteras usan pompones rojos, mientras que las casadas utilizan pompones negros.<\/p>\n\n\n\n<figure class=\"wp-block-image size-full\"><img decoding=\"async\" src=\"https:\/\/viagemalemanha.com\/wp-content\/uploads\/2025\/05\/image-24.png\" alt=\"\" class=\"wp-image-5756\" \/><\/figure>\n\n\n\n<p>Es muy com\u00fan ver este sombrero en desfiles de trajes t\u00edpicos en la Selva Negra, en otros eventos donde se utilizan trajes t\u00edpicos. Para los visitantes que deseen aprender m\u00e1s sobre este sombrero y otros trajes locales, el Museo de Trajes de la Selva Negra en Haslach im Kinzigtal ofrece exposiciones detalladas.<\/p>\n\n\n\n<h2 class=\"wp-block-heading\" id=\"h-festivales-alternativos-y-poco-conocidos-de-la-selva-negra\"><strong>Festivales alternativos y poco conocidos de la Selva Negra<\/strong><\/h2>\n\n\n\n<p>Los festivales y eventos que has visto hasta aqu\u00ed son los m\u00e1s conocidos de la Selva Negra. Sin embargo, la regi\u00f3n tiene mucho m\u00e1s que ofrecer, y algunos eventos menos conocidos pueden ser una excelente elecci\u00f3n para incluir en tu itinerario de viaje. Despu\u00e9s de todo, \u00a1tambi\u00e9n son eventos encantadores!<\/p>\n\n\n\n<h3 class=\"wp-block-heading\" id=\"h-zeller-keramikfest-y-la-tradicion-de-la-ceramica\"><strong>Zeller Keramikfest y la tradici\u00f3n de la cer\u00e1mica<\/strong><\/h3>\n\n\n\n<p>\u200bLa Zeller Keramik Manufaktur es una tradicional f\u00e1brica de cer\u00e1mica, ubicada en la ciudad de Zell am Harmersbach, desde 1794. Por lo tanto, el lugar tiene una tradici\u00f3n de m\u00e1s de 200 a\u00f1os en la producci\u00f3n de cer\u00e1mica artesanal, siendo famosa en la regi\u00f3n por algunas piezas \u00fanicas que produce.<\/p>\n\n\n\n<p>Por ejemplo, el ic\u00f3nico patr\u00f3n \u00abHahn und Henne\u00bb (Gallo y Gallina) impreso en tazas, creado en 1898 por el maestro pintor Karl Sch\u00f6ner, se ha convertido en un s\u00edmbolo distintivo de la manufactura y de la ciudad. Y todos los a\u00f1os, la ciudad celebra su herencia cer\u00e1mica a trav\u00e9s del T\u00f6pfer- und Kunsthandwerkermarkt (Mercado de Cer\u00e1mica y Artesan\u00eda), realizado en noviembre.<\/p>\n\n\n\n<p>En el evento, ceramistas y artesanos locales pueden inscribirse para participar vendiendo sus piezas en stands propios, pero hay un cierto rigor en esta selecci\u00f3n, ya que como informan los organizadores, el mercado es conocido por el alto est\u00e1ndar de calidad de sus piezas.<\/p>\n\n\n\n<h3 class=\"wp-block-heading\" id=\"h-schluchseelauf-y-eventos-deportivos\"><strong>Schluchseelauf y eventos deportivos<\/strong><\/h3>\n\n\n\n<p>El Schluchseelauf es una tradicional carrera realizada anualmente alrededor del Lago Schluchsee, en la Selva Negra. Contando con d\u00e9cadas de existencia, la primera edici\u00f3n de este evento se realiz\u00f3 en 1984, y desde entonces, el evento atrae corredores de todas partes, con su recorrido desafiante de aproximadamente 18,3 km que circunda el lago.<\/p>\n\n\n\n<p>Realizada anualmente en el mes de mayo, el Schluchseelauf tiene un recorrido que alterna entre altitudes de 920 metros, en la regi\u00f3n de Eisenbreche, y 1,000 metros, cerca de Kohlh\u00fctte, proporcionando a los participantes vistas panor\u00e1micas del paisaje local. Y para quienes est\u00e9n interesados, eventos complementarios como caminatas de 11 km y pruebas de Nordic Walking tambi\u00e9n se realizan ese d\u00eda.<\/p>\n\n\n\n<h3 class=\"wp-block-heading\" id=\"h-lichterfeste-fiestas-de-la-luz\"><strong>Lichterfeste \u2013 Fiestas de la Luz<\/strong><\/h3>\n\n\n\n<p>Las fiestas de las luces son eventos nocturnos, que cuentan con arreglos especiales de iluminaci\u00f3n y otras atracciones, como m\u00fasica al aire libre. Pueden ocurrir en invierno o en verano, dependiendo del lugar. Estos eventos transforman parques y espacios p\u00fablicos en escenarios encantadores, donde miles de luces y linternas crean atm\u00f3sferas m\u00e1gicas para residentes y visitantes.<\/p>\n\n\n\n<p>Uno de los ejemplos m\u00e1s conocidos es el Lichterfest en Bad Liebenzell, realizado en el Kurpark de la ciudad. Durante el evento, el parque se adorna con innumerables luces, ofreciendo un ambiente festivo que atrae tanto a locales como a turistas.&nbsp;<\/p>\n\n\n\n<p>Pero, estos eventos luminosos no se restringen a la Selva Negra. Por ejemplo, otro festival de luces muy conocido en Alemania ocurre en Berl\u00edn desde 2025, iluminando monumentos hist\u00f3ricos de la ciudad con proyecciones art\u00edsticas e instalaciones luminosas.<\/p>\n\n\n\n<h2 class=\"wp-block-heading\" id=\"h-conoce-la-selva-negra-con-nuestros-guias-especializados\"><strong>Conoce la Selva Negra con nuestros gu\u00edas especializados<\/strong><\/h2>\n\n\n\n<p>Hacer un viaje a la Selva Negra es una experiencia enriquecedora, especialmente cuando se participa en los <strong>festivales y eventos culturales en la Selva Negra<\/strong>, repletos de colores, sonidos y sabores que proporcionan una inmersi\u00f3n \u00fanica en la cultura alemana. Cada festival, mercado, evento deportivo o festivo, ofrece una experiencia cultural \u00fanica, y proporciona recuerdos incre\u00edbles.<\/p>\n\n\n\n<p>Si deseas una experiencia personalizada y libre de preocupaciones en la Selva Negra, estamos listos para planificar el paseo de tus sue\u00f1os, con un itinerario \u00fanico para que experimentes tus eventos preferidos en la Selva Negra sin preocupaciones. Ofrecemos&nbsp;<strong>servicios personalizados<\/strong>&nbsp;que atienden a tus necesidades espec\u00edficas, garantizando un viaje repleto de descubrimientos, comodidad y seguridad.<\/p>\n\n\n\n<p><strong>Nuestros Servicios Incluyen:<\/strong><\/p>\n\n\n\n<ul class=\"wp-block-list\">\n<li><strong><a href=\"https:\/\/viagemalemanha.com\/como-o-turismo-personalizado-pode-te-ajudar\/\">Viajes Personalizados y Privados:<\/a><\/strong>&nbsp;Nos ocupamos de todos los detalles de tu viaje, desde la llegada hasta la partida, proporcionando paseos guiados, experiencias \u00fanicas y alojamientos seleccionados, todo adaptado a tus intereses y preferencias.<\/li>\n\n\n\n<li><strong>Gu\u00edas en espa\u00f1ol en Alemania:<\/strong>\u00a0<a href=\"https:\/\/viagemalemanha.com\/es\/quienes-somos\/\">Nuestro equipo<\/a>\u00a0est\u00e1 compuesto por gu\u00edas experimentados y fluidos en espa\u00f1ol, garantizando una comunicaci\u00f3n clara y una comprensi\u00f3n profunda de las atracciones visitadas.<\/li>\n\n\n\n<li><a href=\"https:\/\/viagemalemanha.com\/es\/nuestros-servicios\/\"><strong>Consultor\u00eda de Viaje:<\/strong>&nbsp;<\/a>Ofrecemos consultor\u00eda especializada para ayudar en la planificaci\u00f3n y organizaci\u00f3n de tu viaje, creando itinerarios a medida que satisfacen tus expectativas y deseos.<\/li>\n<\/ul>\n\n\n\n<p>Nuestro objetivo es proporcionar un viaje sin preocupaciones, donde cada momento sea un descubrimiento encantador, siempre con seguridad y atenci\u00f3n a los detalles. Queremos transformar tus sue\u00f1os en realidad, personalizando tu viaje y considerando cualquier necesidad especial que puedas tener.<\/p>\n\n\n\n<blockquote class=\"wp-block-quote is-layout-flow wp-block-quote-is-layout-flow\">\n<p>Cont\u00e1ctanos:<\/p>\n<\/blockquote>\n\n\n","protected":false},"excerpt":{"rendered":"<p>{ \u00ab@context\u00bb: \u00abhttps:\/\/schema.org\u00bb, \u00ab@graph\u00bb: [ { \u00ab@type\u00bb: \u00abPlace\u00bb, \u00ab@id\u00bb: \u00abhttps:\/\/pt.wikipedia.org\/wiki\/Floresta_Negra\u00bb, \u00abname\u00bb: \u00abSelva Negra\u00bb, \u00abdescription\u00bb: \u00abRegi\u00f3n monta\u00f1osa y densamente forestada en el suroeste de Alemania, conocida por sus paisajes pintorescos y tradiciones culturales.\u00bb, \u00abaddress\u00bb: { \u00abaddressCountry\u00bb: \u00abDE\u00bb, \u00abaddressRegion\u00bb: \u00abBaden-W\u00fcrttemberg\u00bb }, \u00abgeo\u00bb: { \u00ablatitude\u00bb: 48.0000, \u00ablongitude\u00bb: 8.0000 } }, { \u00ab@type\u00bb: \u00abPlace\u00bb, \u00ab@id\u00bb: \u00abhttps:\/\/pt.wikipedia.org\/wiki\/Sankt_M%C3%A4rgen\u00bb, \u00abname\u00bb: \u00abSankt M\u00e4rgen\u00bb, [&hellip;]<\/p>\n","protected":false},"author":2,"featured_media":62064,"comment_status":"open","ping_status":"open","sticky":false,"template":"","format":"standard","meta":{"_acf_changed":false,"tripadvisor_id":"","rating":0,"reviewer_name":"","review_date":"","trip_type":"","helpful_votes":0,"source_url":"","reviewer_gravatar":"","review_type":"","footnotes":""},"categories":[491,499,487,500],"tags":[],"class_list":["post-61775","post","type-post","status-publish","format-standard","has-post-thumbnail","hentry","category-datos-interesantes","category-experiencia","category-gastronomia","category-tradiciones"],"acf":[],"_links":{"self":[{"href":"https:\/\/viagemalemanha.com\/es\/wp-json\/wp\/v2\/posts\/61775","targetHints":{"allow":["GET"]}}],"collection":[{"href":"https:\/\/viagemalemanha.com\/es\/wp-json\/wp\/v2\/posts"}],"about":[{"href":"https:\/\/viagemalemanha.com\/es\/wp-json\/wp\/v2\/types\/post"}],"author":[{"embeddable":true,"href":"https:\/\/viagemalemanha.com\/es\/wp-json\/wp\/v2\/users\/2"}],"replies":[{"embeddable":true,"href":"https:\/\/viagemalemanha.com\/es\/wp-json\/wp\/v2\/comments?post=61775"}],"version-history":[{"count":2,"href":"https:\/\/viagemalemanha.com\/es\/wp-json\/wp\/v2\/posts\/61775\/revisions"}],"predecessor-version":[{"id":66701,"href":"https:\/\/viagemalemanha.com\/es\/wp-json\/wp\/v2\/posts\/61775\/revisions\/66701"}],"wp:featuredmedia":[{"embeddable":true,"href":"https:\/\/viagemalemanha.com\/es\/wp-json\/wp\/v2\/media\/62064"}],"wp:attachment":[{"href":"https:\/\/viagemalemanha.com\/es\/wp-json\/wp\/v2\/media?parent=61775"}],"wp:term":[{"taxonomy":"category","embeddable":true,"href":"https:\/\/viagemalemanha.com\/es\/wp-json\/wp\/v2\/categories?post=61775"},{"taxonomy":"post_tag","embeddable":true,"href":"https:\/\/viagemalemanha.com\/es\/wp-json\/wp\/v2\/tags?post=61775"}],"curies":[{"name":"wp","href":"https:\/\/api.w.org\/{rel}","templated":true}]}}