{"id":61935,"date":"2020-07-13T14:51:36","date_gmt":"2020-07-13T17:51:36","guid":{"rendered":"https:\/\/viagemalemanha.com\/?p=61935"},"modified":"2026-02-01T14:58:30","modified_gmt":"2026-02-01T17:58:30","slug":"castillo-de-heidelberg-tour-guiado-por-el-castillo-de-heidelberg","status":"publish","type":"post","link":"https:\/\/viagemalemanha.com\/es\/castillo-de-heidelberg-tour-guiado-por-el-castillo-de-heidelberg\/","title":{"rendered":"Castillo de Heidelberg &#8211; Tour guiado por el castillo de Heidelberg"},"content":{"rendered":"\n<p>En la cima de la ciudad, el castillo de <a href=\"https:\/\/viagemalemanha.com\/es\/guia-completa-de-heidelberg-explora-heidelberg-con-guias-brasilenos\/\">Heidelberg <\/a><strong>es un s\u00edmbolo del Romanticismo alem\u00e1n<\/strong> con sus famosas ruinas, que cuentan la <strong>historia de guerras y un matrimonio que marc\u00f3 la Historia de Europa.<\/strong><\/p>\n\n\n\n<p>Para el viajero que se hospeda en <a href=\"https:\/\/viagemalemanha.com\/es\/guia-completa-de-frankfurt-am-main-en-alemania\/\">Fr\u00e1ncfort<\/a>, visitar esta hermosa ciudad valdr\u00e1 la pena. El viaje dura alrededor de 1 hora, pudiendo utilizar coche o tren.<\/p>\n\n\n\n<p><a href=\"https:\/\/viagemalemanha.com\/es\/guia-completa-de-heidelberg-explora-heidelberg-con-guias-brasilenos\/\">\u00bfQuieres saber m\u00e1s sobre Heidelberg, su historia y atracciones? Consulta nuestra publicaci\u00f3n completa sobre la ciudad de Heidelberg<\/a><\/p>\n\n\n\n<div class=\"wp-block-rank-math-toc-block\" id=\"rank-math-toc\"><h2>Tabla de contenidos<\/h2><nav><ul><li class=\"\"><a href=\"#h-castelo-de-heidelberg-ou-palacio-de-heidelberg-os-dois\">Castillo de Heidelberg o palacio de Heidelberg ?? \u00a1\u00a1Los dos!!<\/a><\/li><li class=\"\"><a href=\"#h-como-o-castelo-de-heidelberg-se-tornou-uma-ruina\">C\u00f3mo el Castillo de Heidelberg se convirti\u00f3 en una ruina<\/a><\/li><li class=\"\"><a href=\"#h-uma-breve-historia-do-castelo-de-heidelberg\">Una Breve historia del castillo de Heidelberg<\/a><\/li><li class=\"\"><a href=\"#h-nbsp-o-maior-barril-de-vinho-do-mundo-esta-no-castelo-de-heidelberg\">\u00a0\u00a1El Mayor barril de vino del mundo est\u00e1 en el castillo de Heidelberg!<\/a><\/li><li class=\"\"><a href=\"#h-museu-alemao-de-farmacia-deutsche-nbsp-apotheken-museum\">Museo Alem\u00e1n de Farmacia ( Deutsche\u00a0Apotheken-Museum)\n<\/a><\/li><li class=\"\"><a href=\"#h-hortus-palatinus-ou-jardim-palatino-passeio-pelos-jardins-do-castelo-de-heidelberg\">Hortus Palatinus, o Jard\u00edn Palatino &#8211; Paseo por los jardines del Castillo de Heidelberg<\/a><ul><li class=\"\"><a href=\"#h-uma-historia-de-amor-e-guerra-no-castelo-de-heidelberg\">La Creaci\u00f3n del Hortus Palatinus en el Jard\u00edn del Castillo<\/a><\/li><li class=\"\"><a href=\"#incompleto-pero-inolvidable\">\u00a1Incompleto, pero Inolvidable!<\/a><\/li><li class=\"\"><a href=\"#deterioro-restauracion-y-discusiones-de-reconstruccion\">Deterioro, Restauraci\u00f3n y Discusiones de Reconstrucci\u00f3n<\/a><\/li><\/ul><\/li><li class=\"\"><a href=\"#el-castillo-de-heidelberg-durante-la-guerra-de-los-30-anos\">El Castillo de Heidelberg Durante la Guerra de los 30 A\u00f1os<\/a><\/li><li class=\"\"><a href=\"#h-uma-historia-de-amor-e-guerra-no-castelo-de-heidelberg\">Una historia de amor y guerra en el Castillo de Heidelberg<\/a><ul><li class=\"\"><a href=\"#celebracion-y-union\">Celebraci\u00f3n y Uni\u00f3n:<\/a><\/li><li class=\"\"><a href=\"#vida-conyugal-en-heidelberg\">Vida Conyugal en Heidelberg:<\/a><\/li><\/ul><\/li><li class=\"\"><a href=\"#el-regalo-de-aniversario-digno-de-ser-visto-en-nuestros-recorridos-guiados-por-heidelberg\">El Regalo de Aniversario digno de ser visto en nuestros recorridos guiados por Heidelberg.<\/a><\/li><li class=\"\"><a href=\"#recorridos-guiados-por-heidelberg-y-toda-alemania-explora-mas-historias-con-nosotros-en\">Recorridos Guiados por Heidelberg y toda Alemania &#8211; Explora M\u00e1s Historias con Nosotros en:<\/a><\/li><\/ul><\/nav><\/div>\n\n\n\n<figure class=\"wp-block-image size-large\"><img decoding=\"async\" src=\"https:\/\/viagemalemanha.com\/wp-content\/uploads\/2025\/05\/heidelberg-castelo-2-iagem-alemanha-passeios-guiados-privativos-em-portugues-1024x683-1.jpg\" alt=\"\" class=\"wp-image-2894\" \/><figcaption class=\"wp-element-caption\">Castillo de Heidelberg<\/figcaption><\/figure>\n\n\n\n<h2 class=\"wp-block-heading\" id=\"h-castelo-de-heidelberg-ou-palacio-de-heidelberg-os-dois\">Castillo de Heidelberg o palacio de Heidelberg ?? \u00a1\u00a1Los dos!!<\/h2>\n\n\n\n<p>El castillo de Heidelberg es hoy llamado palacio, sin embargo, en su origen, era de hecho un castillo fortificado. Tras el matrimonio de Federico V, pr\u00edncipe-elector del Palatinado, con Elizabeth Stuart de Inglaterra, en 1613, el castillo se transforma en un palacio para recibir a su amada y toda la comitiva venida de Londres con todo el lujo al que ella estaba acostumbrada.<\/p>\n\n\n\n<h2 class=\"wp-block-heading\" id=\"h-como-o-castelo-de-heidelberg-se-tornou-uma-ruina\">C\u00f3mo el Castillo de Heidelberg se convirti\u00f3 en una ruina<\/h2>\n\n\n\n<p>El castillo de <a href=\"https:\/\/viagemalemanha.com\/es\/guia-completa-de-heidelberg-explora-heidelberg-con-guias-brasilenos\/\">Heidelberg <\/a>pas\u00f3 por diversos estragos: <strong>fue destruido en la Guerra de los Treinta A\u00f1os<\/strong> y posteriormente, <strong>los franceses invadieron la ciudad, a finales del siglo XVII<\/strong>, &nbsp;destruy\u00e9ndolo nuevamente durante la Guerra de la Gran Alianza o <strong>Guerra de los Nueve A\u00f1os<\/strong>. Sin embargo, no fue \u201csolo\u201d eso lo que destruy\u00f3 parcialmente la construcci\u00f3n. <strong>En 1537 y 1764, rayos alcanzaron el castillo, causando un incendio, que lo llev\u00f3 a las ruinas en el segundo episodio.<\/strong><\/p>\n\n\n\n<figure class=\"wp-block-image size-large\"><img decoding=\"async\" src=\"https:\/\/viagemalemanha.com\/wp-content\/uploads\/2025\/05\/heidelberg-castelo-palacio-iagem-alemanha-passeios-guiados-privativos-em-portugues-1-1024x582-1.jpg\" alt=\"\" class=\"wp-image-2893\" \/><figcaption class=\"wp-element-caption\">Parte del castillo de Heidelberg.<\/figcaption><\/figure>\n\n\n\n<h2 class=\"wp-block-heading\" id=\"h-uma-breve-historia-do-castelo-de-heidelberg\">Una Breve historia del castillo de Heidelberg<\/h2>\n\n\n\n<p>Sus primeras construcciones datan por alrededor del a\u00f1o 1300 y el castillo era usado como residencia de la mayor\u00eda de los pr\u00edncipes electores. El castillo de Heidelberg est\u00e1 compuesto de varios edificios, cada uno de un per\u00edodo, alrededor de un patio interno. Desde la terraza se puede tener una vista de la ciudad de Heidelberg hasta el horizonte, del r\u00edo Neckar y del puente Karl-Theodor, uno de los s\u00edmbolos de la ciudad.<\/p>\n\n\n\n<p>El Friedrichsbau por ejemplo es uno de los edificios prominentes dentro del complejo del castillo. Restaurado entre 1897 y 1900 por Carl Sch\u00e4fer, el Friedrichsbau, a pesar de que sus interiores fueron devastados por un incendio, nunca estuvo en ruinas y permanece como un testimonio de la brillante arquitectura de una era pasada.<\/p>\n\n\n\n<figure class=\"wp-block-image size-large\"><img decoding=\"async\" src=\"https:\/\/viagemalemanha.com\/wp-content\/uploads\/2025\/05\/Ottheinrichsbaus-scaled.jpg\" alt=\"\" class=\"wp-image-3968\" \/><\/figure>\n\n\n\n<p>Adyacente al castillo est\u00e1 el renombrado Hortus Palatinus, o el Jard\u00edn del Palatinado (Ve m\u00e1s sobre \u00e9l abajo). Este jard\u00edn, alguna vez considerado la \u00abOctava Maravilla del Mundo\u00bb, nunca fue completamente realizado debido al estallido de la Guerra de los Treinta A\u00f1os. Dise\u00f1ado por Salomon de Caus, el jard\u00edn deb\u00eda ser una obra maestra del dise\u00f1o de paisaje renacentista. Discusiones y debates sobre su reconstrucci\u00f3n han surgido a lo largo de los a\u00f1os.<\/p>\n\n\n\n<figure class=\"wp-block-image size-large\"><img decoding=\"async\" src=\"https:\/\/viagemalemanha.com\/wp-content\/uploads\/2025\/05\/Castelo-de-Heidelberg-na-Alemanha-scaled.jpg\" alt=\"Visitas guiadas por el Castillo de Heidelberg contando la historia de las Ruinas\" class=\"wp-image-3970\" \/><\/figure>\n\n\n\n<p>Con la <strong>visita guiada privada en el castillo de Heidelberg<\/strong>, conocer\u00e1s la parte interna de los edificios restaurados en el siglo XIX y ver\u00e1s c\u00f3mo era la vida y la historia de Heidelberg en otros tiempos. En la parte externa del castillo, se encuentra el jard\u00edn del palacio, el \u201cHortus Palatinus\u201d, que ya&nbsp;fue considerado por algunos la octava maravilla del mundo del pasado antes de ser destruido por los franceses.<br><\/p>\n\n\n\n<h2 class=\"wp-block-heading\" id=\"h-nbsp-o-maior-barril-de-vinho-do-mundo-esta-no-castelo-de-heidelberg\">&nbsp;\u00a1El Mayor barril de vino del mundo est\u00e1 en el castillo de Heidelberg!<\/h2>\n\n\n\n<figure class=\"wp-block-image size-large\"><img decoding=\"async\" src=\"https:\/\/viagemalemanha.com\/wp-content\/uploads\/2025\/05\/heidelberg-barril-viagem-alemanha-passeios-guiados-privativos-em-portugues-1024x683-1.jpg\" alt=\"\" class=\"wp-image-2891\" \/><figcaption class=\"wp-element-caption\">El gran barril del castillo de Heidelberg<\/figcaption><\/figure>\n\n\n\n<p>El \u201cHeidelberg Tun\u201d tiene &nbsp;n\u00fameros impresionantes! 7 metros de altura, 8,5 metros de ancho y capacidad de 220.000 litros de vino. Y a\u00fan hay una gran curiosidad inusual, la escalera que da acceso a la parte superior del barril ten\u00eda la finalidad de dar acceso a una pista de baile que hab\u00eda en la cima de este gigante!<\/p>\n\n\n\n<p>Muchos se preguntan por qu\u00e9 un barril tan grande, \u00bfser\u00edan los moradores del castillo tan voraces consumidores del vino de esta regi\u00f3n? Ciertamente el consumo de vino era grande, pero no tanto que justificara un barril tan grande, en realidad, eran utilizados para almacenar el diezmo de vinos pagados por los productores de la regi\u00f3n del Palatinado.<\/p>\n\n\n\n<p>Pero no siempre el gran barril, que podemos visitar actualmente, estuvo all\u00ed. En 1591 se construy\u00f3 el original, de menor dimensi\u00f3n, con capacidad de \u201csolo\u201d 130.000 litros. Desafortunadamente, al igual que gran parte del castillo, tambi\u00e9n fue destruido en la Guerra de los 30 A\u00f1os. En 1664 se erigi\u00f3 otro gran barril, esta vez con mayor capacidad, pudiendo contener hasta 200.000 litros.&nbsp; Sin embargo, despu\u00e9s de cerca de 100 a\u00f1os fue finalmente construido el actual barril, por el pr\u00edncipe elector Carl Theodor, que est\u00e1 disponible para visita durante el recorrido guiado en el castillo.<\/p>\n\n\n\n<h2 class=\"wp-block-heading\" id=\"h-museu-alemao-de-farmacia-deutsche-nbsp-apotheken-museum\"><em>Museo Alem\u00e1n de Farmacia ( Deutsche&nbsp;Apotheken-Museum)<\/em><br><\/h2>\n\n\n\n<figure class=\"wp-block-image size-large\"><img decoding=\"async\" src=\"https:\/\/viagemalemanha.com\/wp-content\/uploads\/2025\/05\/Tour-castelo-de-Heidelberg-Museu-da-Farmacia-2-scaled.jpg\" alt=\"\" class=\"wp-image-5246\" \/><figcaption class=\"wp-element-caption\">Museo de Farmacia en el palacio de Heidelberg.<\/figcaption><\/figure>\n\n\n\n<p>Durante la visita a este museo, los viajeros encontrar\u00e1n diversos temas exhibidos y ambientes interesantes, como la farmacia barroca de la antigua abad\u00eda benedictina al inicio del recorrido y la \u201cFarmacia infantil\u201d, que posee, entre otras exposiciones, la \u201cEstaci\u00f3n de la Fragancia\u201d, un \u00e1rea totalmente interactiva para los ni\u00f1os.<\/p>\n\n\n\n<figure class=\"wp-block-image size-large\"><img decoding=\"async\" src=\"https:\/\/viagemalemanha.com\/wp-content\/uploads\/2025\/05\/Museu-dentro-do-castelo-e-Heidelberg.jpg\" alt=\"Foto mostrando parte del Museo de Farmacia en el palacio de Heidelberg en Alemania\" class=\"wp-image-5540\" \/><figcaption class=\"wp-element-caption\">Museo de Farmacia en el castillo de Heidelberg foto de <a href=\"https:\/\/unsplash.com\/pt-br\/@iamromankraft?utm_content=creditCopyText&amp;utm_medium=referral&amp;utm_source=unsplash\" target=\"_blank\" rel=\"noopener\">Roman Kraft<\/a> <\/figcaption><\/figure>\n\n\n\n<p>Con nuestro recorrido guiado a Heidelberg, los viajeros conocer\u00e1n todos estos&nbsp; lugares y vivir\u00e1n todas las encantadoras experiencias que les esperan. Adem\u00e1s de descubrir m\u00e1s curiosidades y misterios de este lugar fant\u00e1stico. Con nuestras visitas guiadas privadas, el viajero es llevado a los bastidores del palacio, no abiertos al gran p\u00fablico.<\/p>\n\n\n\n<figure class=\"wp-block-gallery has-nested-images columns-default is-cropped wp-block-gallery-1 is-layout-flex wp-block-gallery-is-layout-flex\">\n<figure class=\"wp-block-image size-large is-style-rounded\"><img decoding=\"async\" data-id=\"5243\" src=\"https:\/\/viagemalemanha.com\/wp-content\/uploads\/2025\/05\/IMG_1488-2-scaled.jpg\" alt=\"\" class=\"wp-image-5243\" \/><\/figure>\n\n\n\n<figure class=\"wp-block-image size-large is-style-rounded\"><img decoding=\"async\" data-id=\"5244\" src=\"https:\/\/viagemalemanha.com\/wp-content\/uploads\/2025\/05\/IMG_8313-2-scaled.jpg\" alt=\"\" class=\"wp-image-5244\" \/><\/figure>\n\n\n\n<figure class=\"wp-block-image size-large is-style-rounded\"><img decoding=\"async\" data-id=\"5245\" src=\"https:\/\/viagemalemanha.com\/wp-content\/uploads\/2025\/05\/IMG_1525-2-scaled.jpg\" alt=\"\" class=\"wp-image-5245\" \/><\/figure>\n<\/figure>\n\n\n\n<h2 class=\"wp-block-heading\" id=\"h-hortus-palatinus-ou-jardim-palatino-passeio-pelos-jardins-do-castelo-de-heidelberg\">Hortus Palatinus, o Jard\u00edn Palatino &#8211; Paseo por los jardines del Castillo de Heidelberg<\/h2>\n\n\n\n<p>El Hortus Palatinus, o Jard\u00edn Palatino, fue <strong>uno de los jardines renacentistas m\u00e1s significativos de Alemania<\/strong>, construido a partir de 1616 y <strong>desafortunadamente nunca completado<\/strong>. Este jard\u00edn, ubicado en el Castillo de Heidelberg, fue considerado uno de los jardines m\u00e1s famosos de Europa en su tiempo, siendo incluso <strong>llamado \u00aboctava maravilla del mundo\u00bb<\/strong> por sus contempor\u00e1neos.<\/p>\n\n\n\n<figure class=\"wp-block-image size-large\"><img decoding=\"async\" src=\"https:\/\/viagemalemanha.com\/wp-content\/uploads\/2025\/05\/Passeio-guiado-pelo-castelo-de-Heidelberg-na-Alemanha.jpg\" alt=\"Foto mostrando el interior del castillo de Heidelberg durante un paseo guiado por nuestros gu\u00edas\" class=\"wp-image-5543\" \/><\/figure>\n\n\n\n<h3 class=\"wp-block-heading\"><em>La Creaci\u00f3n del Hortus Palatinus en el Jard\u00edn del Castillo<\/em><\/h3>\n\n\n\n<p>El Hortus Palatinus fue una creaci\u00f3n de Salomon de Caus, un renombrado arquitecto e ingeniero, a pedido de <strong>Federico V para su esposa, Elizabeth Stuart,<\/strong> a principios del <strong>siglo XVII.<\/strong> Este jard\u00edn, que<strong> desafortunadamente nunca fue completamente finalizado,<\/strong> deb\u00eda ser un santuario de belleza, reflexi\u00f3n y tranquilidad, un <strong>regalo de amor de Federico para Elizabeth.<\/strong><\/p>\n\n\n\n<p>El dise\u00f1o del jard\u00edn inclu\u00eda terrazas distintas, cada una con su propia identidad y prop\u00f3sito. La belleza del jard\u00edn era realzada <strong>por grutas, fuentes y esculturas, <\/strong>y cada elemento fue meticulosamente planeado para crear un ambiente de serenidad y contemplaci\u00f3n. La Redoute, una construcci\u00f3n en forma de torre, permit\u00eda una visi\u00f3n panor\u00e1mica del entorno, proporcionando una experiencia visual \u00fanica.<\/p>\n\n\n\n<h3 class=\"wp-block-heading\" id=\"incompleto-pero-inolvidable\">\u00a1Incompleto, pero Inolvidable!<\/h3>\n\n\n\n<p>A pesar de que el Hortus Palatinus nunca fue concluido debido a las turbulencias de la \u00e9poca y a los conflictos subsecuentes, lo que fue construido dej\u00f3 una impresi\u00f3n duradera. <strong>El jard\u00edn, incluso inacabado, era un testimonio del esplendor y de la innovaci\u00f3n art\u00edstica del per\u00edodo renacentista.<\/strong><\/p>\n\n\n\n<figure class=\"wp-block-image size-large\"><img decoding=\"async\" src=\"https:\/\/viagemalemanha.com\/wp-content\/uploads\/2025\/05\/Heidelberg-Castelo-scaled.jpg\" alt=\"\" class=\"wp-image-4176\" \/><\/figure>\n\n\n\n<h3 class=\"wp-block-heading\" id=\"deterioro-restauracion-y-discusiones-de-reconstruccion\">Deterioro, Restauraci\u00f3n y Discusiones de Reconstrucci\u00f3n<\/h3>\n\n\n\n<p>El jard\u00edn sufri\u00f3 da\u00f1os significativos a lo largo de los a\u00f1os, y muchas de sus estructuras originales se perdieron. Sin embargo, en el siglo XX, se realizaron esfuerzos para restaurar y preservar lo que quedaba del Hortus Palatinus. Tambi\u00e9n hubo discusiones y intentos de reconstrucci\u00f3n del jard\u00edn, buscando revivir la visi\u00f3n original de Salomon de Caus y Federico V, pero estas discusiones son complejas e involucran diversas consideraciones, incluyendo la integridad hist\u00f3rica y la viabilidad pr\u00e1ctica.<\/p>\n\n\n\n<figure class=\"wp-block-image size-large\"><img decoding=\"async\" src=\"https:\/\/viagemalemanha.com\/wp-content\/uploads\/2025\/05\/Ruinas-do-Castelo-de-Castelo-de-Heidelberg-na-Alemanha-scaled.jpg\" alt=\"Visitas guiadas por el Castillo de Heidelberg en Alemania contando m\u00e1s sobre las ruinas y la historia del castillo\" class=\"wp-image-3969\" \/><\/figure>\n\n\n\n<h2 class=\"wp-block-heading\" id=\"el-castillo-de-heidelberg-durante-la-guerra-de-los-30-anos\">El Castillo de Heidelberg Durante la Guerra de los 30 A\u00f1os<\/h2>\n\n\n\n<p>El Castillo de Heidelberg, un s\u00edmbolo del Romanticismo alem\u00e1n, no fue perdonado de las devastaciones de la Guerra de los 30 A\u00f1os, que se extendi\u00f3 de 1618 a 1648.<\/p>\n\n\n\n<p>En el coraz\u00f3n de esta narrativa est\u00e1<strong> Federico V, el Elector Palatino<\/strong>, m\u00e1s conocido como el<strong> \u00abRey del Invierno\u00bb.<\/strong> Su ascenso al trono de Bohemia fue un desaf\u00edo directo al poder del Emperador<strong> Habsburgo, Fernando II, <\/strong>y encendi\u00f3 las llamas del conflicto. Federico V no es solo una figura central debido a su breve reinado y su papel en el inicio de la guerra, sino tambi\u00e9n por su romance con <strong>Elizabeth Stuart<\/strong>, hija del rey James I de Inglaterra. El matrimonio de Federico y Elizabeth fue una uni\u00f3n de amor y devoci\u00f3n mutua, un rayo de luz en tiempos de adversidad, produciendo muchos descendientes que se entrelazaron con la realeza y nobleza europea.<\/p>\n\n\n\n<p>En 1620, el Palatinado vio la guerra acercarse cuando las fuerzas cat\u00f3licas invadieron la regi\u00f3n.<\/p>\n\n\n\n<figure class=\"wp-block-image alignleft size-large is-resized\"><img decoding=\"async\" src=\"https:\/\/viagemalemanha.com\/wp-content\/uploads\/2025\/05\/image.png\" alt=\"\" class=\"wp-image-3959\" style=\"width:198px;height:250px\" \/><\/figure>\n\n\n\n<p>En 1622, el castillo enfrent\u00f3 un cerco liderado por el General Tilly, principal comandante de las fuerzas de la Liga Cat\u00f3lica. A pesar de sus robustas fortificaciones, el castillo sucumbi\u00f3 a los ataques, siendo capturado, marcando un momento crucial en la guerra. Sus estructuras, una vez majestuosas, fueron reducidas a ruinas.<\/p>\n\n\n\n<p>Tras el cerco, el General Tilly orden\u00f3 el saqueo del castillo. Artefactos preciosos, obras de arte y documentos hist\u00f3ricos fueron llevados. La biblioteca del Palatinado, ubicada dentro del castillo, tampoco fue perdonada, y su extensa colecci\u00f3n de manuscritos y libros fue llevada, muchos de los cuales fueron transportados al Vaticano, donde permanecen hasta hoy a salvo.<\/p>\n\n\n\n<p>La destrucci\u00f3n y el saqueo del Castillo de Heidelberg tuvieron un impacto profundo en la regi\u00f3n <strong>y la otrora pr\u00f3spera ciudad de Heidelberg enfrent\u00f3 un per\u00edodo de declive y dificultad. <\/strong>El castillo, un s\u00edmbolo de poder y prestigio, simbolizaba la devastaci\u00f3n tra\u00edda por la guerra.<\/p>\n\n\n\n<p>Personajes como el General Tilly y Federico V, el Elector Palatino durante los a\u00f1os iniciales de la guerra, cuya aceptaci\u00f3n de la corona bohemia fue un catalizador para el conflicto, desempe\u00f1aron papeles cruciales durante este per\u00edodo tumultuoso. Federico V vio al Palatinado enfrentar inmensa destrucci\u00f3n y pas\u00f3 gran parte de su vida en el exilio.<\/p>\n\n\n\n<figure class=\"wp-block-gallery has-nested-images columns-default is-cropped wp-block-gallery-2 is-layout-flex wp-block-gallery-is-layout-flex\">\n<figure class=\"wp-block-image size-large is-style-rounded\"><img decoding=\"async\" data-id=\"5247\" src=\"https:\/\/viagemalemanha.com\/wp-content\/uploads\/2025\/05\/Passeio-guiado-Heildelberg-Alemanha-com-guias-oficiais.jpg\" alt=\"\" class=\"wp-image-5247\" \/><figcaption class=\"wp-element-caption\">Visita a lugares exclusivos en el castillo<\/figcaption><\/figure>\n\n\n\n<figure class=\"wp-block-image size-large is-style-rounded\"><img decoding=\"async\" data-id=\"5249\" src=\"https:\/\/viagemalemanha.com\/wp-content\/uploads\/2025\/05\/Passeio-guiados-privativos-em-Heidelberg-e-por-toda-a-Alemanha.jpg\" alt=\"\" class=\"wp-image-5249\" \/><figcaption class=\"wp-element-caption\">Recorrido guiado por el castillo<\/figcaption><\/figure>\n\n\n\n<figure class=\"wp-block-image size-large is-style-rounded\"><img decoding=\"async\" data-id=\"4131\" src=\"https:\/\/viagemalemanha.com\/wp-content\/uploads\/2025\/05\/Castelo-de-Heidelberg-na-Alemanha-2.jpg\" alt=\"\" class=\"wp-image-4131\" \/><figcaption class=\"wp-element-caption\">Interior del Castillo de Heidelberg<\/figcaption><\/figure>\n<\/figure>\n\n\n\n<h2 class=\"wp-block-heading\" id=\"h-uma-historia-de-amor-e-guerra-no-castelo-de-heidelberg\">Una historia de amor y guerra en el Castillo de Heidelberg<\/h2>\n\n\n\n<p>Aqu\u00ed contaremos una interesante y curiosa historia, una de muchas <strong>que son contadas por nuestros gu\u00edas en los recorridos guiados por el castillo de Heidelberg.<\/strong><\/p>\n\n\n\n<p>En el imponente escenario del Castillo de Heidelberg, una interesante y poderosa historia de amor ocurri\u00f3 con graves impactos en toda Europa. Una alianza y amor fue sellado entre Federico V, el Pr\u00edncipe-Elector del Palatinado (Se\u00f1or del castillo de Heidelberg), y Elizabeth Stuart, la encantadora hija del rey James I de Inglaterra.<\/p>\n\n\n\n<p>Este matrimonio, orquestado en 1613, fue una poderosa uni\u00f3n entre fuerzas protestantes, contra la ascendencia cat\u00f3lica-habsburga en Europa. Sin embargo, pronto se convirti\u00f3 en m\u00e1s que eso ya que los novios se enamoraron profundamente, algo no necesariamente normal en matrimonios arreglados dentro de la nobleza europea.<\/p>\n\n\n\n<h3 class=\"wp-block-heading\" id=\"celebracion-y-union\">Celebraci\u00f3n y Uni\u00f3n:<\/h3>\n\n\n\n<p>El matrimonio fue una celebraci\u00f3n grandiosa, marcada por festividades en Londres y Heidelberg, llenas de m\u00fasica, torneos y bailes de m\u00e1scaras. Esta uni\u00f3n din\u00e1stica, inicialmente concebida por razones pol\u00edticas, fue un hito de la alianza protestante, siendo calurosamente celebrada por aquellos que ansiaban un contrapeso al poder cat\u00f3lico de los Habsburgo.<\/p>\n\n\n\n<h3 class=\"wp-block-heading\" id=\"vida-conyugal-en-heidelberg\">Vida Conyugal en Heidelberg:<\/h3>\n\n\n\n<p>Elizabeth, la animada princesa Stuart, y Federico, el melanc\u00f3lico Elector del Palatinado, encontraron en el otro un refugio. El Castillo de Heidelberg se convirti\u00f3 en el escenario de su coexistencia armoniosa, un lugar donde su amor y compromiso florecieron en medio de las responsabilidades y desaf\u00edos pol\u00edticos.<\/p>\n\n\n\n<h2 class=\"wp-block-heading\" id=\"el-regalo-de-aniversario-digno-de-ser-visto-en-nuestros-recorridos-guiados-por-heidelberg\">El Regalo de Aniversario digno de ser visto en nuestros recorridos guiados por Heidelberg.<\/h2>\n\n\n\n<p>En 1615, Federico V obsequi\u00f3 a Elizabeth con la Puerta Elizabeth, una maravilla arquitect\u00f3nica construida en una sola noche, (seg\u00fan la leyenda). Este regalo no fue solo un testimonio de amor, sino tambi\u00e9n una adici\u00f3n significativa al Castillo de Heidelberg, que vio la inclusi\u00f3n del Ala Inglesa y del nuevo jard\u00edn, el Hortus Palatinus, ambos dise\u00f1ados por el mismo arquitecto que vino a Heidelberg junto con Elizabeth.<\/p>\n\n\n\n<figure class=\"wp-block-image alignleft size-full is-resized\"><img decoding=\"async\" src=\"https:\/\/viagemalemanha.com\/wp-content\/uploads\/2025\/05\/Portao-de-Heidelberg-em-nossos-tours-pela-cidade-1.jpg\" alt=\"\" class=\"wp-image-5250\" style=\"width:342px;height:auto\" \/><\/figure>\n\n\n\n<p>Todo estaba preparado para una historia de muchos d\u00edas felices dignas de cualquier castillo y historia de Disney. Sin embargo, el destino ten\u00eda otros planes, y las sombras de la guerra comenzaron a formarse en el horizonte. Federico en 1619 cometi\u00f3 el error de aceptar la corona de Bohemia (hoy Rep\u00fablica Checa) ya que mucho este pueblo buscaba un nuevo rey protestante (lean sobre la defenestraci\u00f3n de Praga, un interesante acontecimiento). Esta fue una grave y imperdonable desaf\u00edo al Emperador del Sacro Imperio Fernando II, encendiendo la mecha del conflicto inminente. Esta decisi\u00f3n se convertir\u00eda en el detonante de la guerra de los 30 a\u00f1os, la m\u00e1s sangrienta guerra que toda Europa hab\u00eda visto hasta ese momento.<\/p>\n\n\n\n<p>El viaje de Federico como Rey de Bohemia fue abruptamente interrumpido por la derrota en la Batalla de la Monta\u00f1a Blanca en 1620. El exilio se convirti\u00f3 en la amarga realidad para Federico y Elizabeth, con el Castillo de Heidelberg, el hogar que tanto amaban, siendo tomado por la guerra y en gran parte destruido.<\/p>\n\n\n\n<p>A pesar de las pruebas y de la separaci\u00f3n de su castillo, el compromiso de Federico y Elizabeth con sus ideales y uno con el otro permaneci\u00f3 firme. Federico, hasta su \u00faltimo suspiro el 29 de noviembre de 1632 en el exilio, mantuvo la esperanza de un d\u00eda regresar a su hogar y tierras hereditarias.<\/p>\n\n\n\n<h2 class=\"wp-block-heading\" id=\"recorridos-guiados-por-heidelberg-y-toda-alemania-explora-mas-historias-con-nosotros-en\">Recorridos Guiados por Heidelberg y toda Alemania &#8211; Explora M\u00e1s Historias con Nosotros en:<\/h2>\n\n\n\n<p>Te invitamos a unirte a nosotros para descubrir esta y muchas otras historias fascinantes <strong>en nuestros recorridos guiados por Heidelberg<\/strong>, por su ic\u00f3nico castillo y por toda Alemania.<\/p>\n\n\n\n<blockquote class=\"wp-block-quote is-layout-flow wp-block-quote-is-layout-flow\">\n<p> \u00a1No pierdas la oportunidad de explorar el pasado y descubrir las historias que moldearon el presente!<\/p>\n<\/blockquote>\n\n\n<style id=\"wpforms-css-vars-1038-block-4cf97c53-9035-47d3-9c47-d7b1c0b5b90d\">\n\t\t\t\t#wpforms-1038.wpforms-block-4cf97c53-9035-47d3-9c47-d7b1c0b5b90d {\n\t\t\t\t--wpforms-field-size-input-height: 43px;\n--wpforms-field-size-input-spacing: 15px;\n--wpforms-field-size-font-size: 16px;\n--wpforms-field-size-line-height: 19px;\n--wpforms-field-size-padding-h: 14px;\n--wpforms-field-size-checkbox-size: 16px;\n--wpforms-field-size-sublabel-spacing: 5px;\n--wpforms-field-size-icon-size: 1;\n--wpforms-label-size-font-size: 16px;\n--wpforms-label-size-line-height: 19px;\n--wpforms-label-size-sublabel-font-size: 14px;\n--wpforms-label-size-sublabel-line-height: 17px;\n--wpforms-button-size-font-size: 17px;\n--wpforms-button-size-height: 41px;\n--wpforms-button-size-padding-h: 15px;\n--wpforms-button-size-margin-top: 10px;\n--wpforms-container-shadow-size-box-shadow: none;\n\t\t\t}\n\t\t\t<\/style>\n\n\n<figure class=\"wp-block-image size-large\"><img decoding=\"async\" src=\"https:\/\/viagemalemanha.com\/wp-content\/uploads\/2025\/04\/chamada-info-site.png\" alt=\"\" class=\"wp-image-1965\" \/><\/figure>\n\n\n\n<figure class=\"wp-block-image size-large\"><img decoding=\"async\" src=\"https:\/\/viagemalemanha.com\/wp-content\/uploads\/2025\/04\/Logo-DBV-2017.jpg\" alt=\"\" class=\"wp-image-2480\" \/><\/figure>\n","protected":false},"excerpt":{"rendered":"<p>En la cima de la ciudad, el castillo de Heidelberg es un s\u00edmbolo del Romanticismo alem\u00e1n con sus famosas ruinas, que cuentan la historia de guerras y un matrimonio que marc\u00f3 la Historia de Europa. Para el viajero que se hospeda en Fr\u00e1ncfort, visitar esta hermosa ciudad valdr\u00e1 la pena. El viaje dura alrededor de [&hellip;]<\/p>\n","protected":false},"author":1,"featured_media":62031,"comment_status":"open","ping_status":"open","sticky":false,"template":"","format":"standard","meta":{"_acf_changed":false,"tripadvisor_id":"","rating":0,"reviewer_name":"","review_date":"","trip_type":"","helpful_votes":0,"source_url":"","reviewer_gravatar":"","review_type":"","footnotes":""},"categories":[491,477,488,483],"tags":[],"class_list":["post-61935","post","type-post","status-publish","format-standard","has-post-thumbnail","hentry","category-datos-interesantes","category-destino-del-mes","category-frankfurt","category-historia"],"acf":[],"_links":{"self":[{"href":"https:\/\/viagemalemanha.com\/es\/wp-json\/wp\/v2\/posts\/61935","targetHints":{"allow":["GET"]}}],"collection":[{"href":"https:\/\/viagemalemanha.com\/es\/wp-json\/wp\/v2\/posts"}],"about":[{"href":"https:\/\/viagemalemanha.com\/es\/wp-json\/wp\/v2\/types\/post"}],"author":[{"embeddable":true,"href":"https:\/\/viagemalemanha.com\/es\/wp-json\/wp\/v2\/users\/1"}],"replies":[{"embeddable":true,"href":"https:\/\/viagemalemanha.com\/es\/wp-json\/wp\/v2\/comments?post=61935"}],"version-history":[{"count":2,"href":"https:\/\/viagemalemanha.com\/es\/wp-json\/wp\/v2\/posts\/61935\/revisions"}],"predecessor-version":[{"id":66674,"href":"https:\/\/viagemalemanha.com\/es\/wp-json\/wp\/v2\/posts\/61935\/revisions\/66674"}],"wp:featuredmedia":[{"embeddable":true,"href":"https:\/\/viagemalemanha.com\/es\/wp-json\/wp\/v2\/media\/62031"}],"wp:attachment":[{"href":"https:\/\/viagemalemanha.com\/es\/wp-json\/wp\/v2\/media?parent=61935"}],"wp:term":[{"taxonomy":"category","embeddable":true,"href":"https:\/\/viagemalemanha.com\/es\/wp-json\/wp\/v2\/categories?post=61935"},{"taxonomy":"post_tag","embeddable":true,"href":"https:\/\/viagemalemanha.com\/es\/wp-json\/wp\/v2\/tags?post=61935"}],"curies":[{"name":"wp","href":"https:\/\/api.w.org\/{rel}","templated":true}]}}