{"id":61936,"date":"2024-05-29T18:54:51","date_gmt":"2024-05-29T21:54:51","guid":{"rendered":"https:\/\/viagemalemanha.com\/?p=61936"},"modified":"2026-02-01T15:45:10","modified_gmt":"2026-02-01T18:45:10","slug":"que-hacer-en-alemania-guias-brasilenos-en-alemania","status":"publish","type":"post","link":"https:\/\/viagemalemanha.com\/es\/que-hacer-en-alemania-guias-brasilenos-en-alemania\/","title":{"rendered":"\u00bfQu\u00e9 hacer en Alemania &#8211; Gu\u00edas en espa\u00f1ol en Alemania?"},"content":{"rendered":"\n<p>Viajar por Alemania siempre es una experiencia rica en historia, cultura y bellezas naturales. \u00a1Alemania es mucho m\u00e1s de lo que imaginas! Hoy te presentaremos algunos <strong>destacados de este pa\u00eds<\/strong> para que los incluyas en tu viaje a Alemania. <em><strong>Nosotros (<a href=\"https:\/\/viagemalemanha.com\/es\/quienes-somos\/\">qui\u00e9nes somos<\/a>) amamos este pa\u00eds y estamos orgullosos de <a href=\"https:\/\/viagemalemanha.com\/es\/consultoria-de-viaje-para-alemania\/\">crear itinerarios de historia y belleza<\/a> por \u00e9l y realizar el <a href=\"https:\/\/viagemalemanha.com\/como-o-turismo-personalizado-pode-te-ajudar\/\">mejor turismo en Alemania<\/a> con nuestros <a href=\"https:\/\/viagemalemanha.com\/es\/nuestros-servicios\/\">gu\u00edas en espa\u00f1ol especializados.<\/a><\/strong><\/em><\/p>\n\n\n\n<div class=\"wp-block-rank-math-toc-block\" id=\"rank-math-toc\"><h2>\u00cdndice<\/h2><nav><ul><li class=\"\"><a href=\"#h-conheca-palacios-e-castelos-deslumbrantes-na-alemanha\">Conoce palacios y castillos deslumbrantes en Alemania<\/a><ul><li class=\"\"><a href=\"#h-castelo-de-eltz\">Castillo de Eltz<\/a><\/li><li class=\"\"><a href=\"#h-palacio-neuschwanstein\">Palacio Neuschwanstein<\/a><\/li><li class=\"\"><a href=\"#h-castelo-de-nuremberg\">Castillo de Nuremberg<\/a><\/li><li class=\"\"><a href=\"#h-palacio-de-schwerin\">Palacio de Schwerin<\/a><\/li><\/ul><\/li><li class=\"\"><a href=\"#h-uma-viagem-inesquecivel-pelos-alpes-bavaros\">Un Viaje Inolvidable por los Alpes B\u00e1varos<\/a><ul><li class=\"\"><a href=\"#h-caminhe-pelos-lagos-mais-belos-da-alemanha\">Actividades en los Alpes B\u00e1varos<\/a><\/li><\/ul><\/li><li class=\"\"><a href=\"#h-lago-de-constanca-bodensee\">Camina por los lagos m\u00e1s bellos de Alemania<\/a><ul><li class=\"\"><a href=\"#h-passeie-pela-floresta-negra\">Lago de Constanza (Bodensee)<\/a><\/li><li class=\"\"><a href=\"#h-a-catedral-mais-alta-do-mundo-catedral-de-ulm\">Lago de K\u00f6nigssee<\/a><\/li><li class=\"\"><a href=\"#h-conheca-o-vale-do-rio-reno\">Lago de Chiemsee<\/a><\/li><\/ul><\/li><li class=\"\"><a href=\"#h-reviva-a-historia-alema\">Pasea por la Selva Negra<\/a><\/li><li class=\"\"><a href=\"#h-faca-um-roteiro-especial-pela-alemanha-conosco-turismo-na-alemanha\">La catedral m\u00e1s alta del mundo &#8211; Catedral de Ulm<\/a><\/li><li class=\"\"><a href=\"#h-conheca-o-vale-do-rio-reno\">Conoce el Valle del r\u00edo Rin<\/a><\/li><li class=\"\"><a href=\"#h-reviva-a-historia-alema\">Revive la historia alemana <\/a><ul><li class=\"\"><a href=\"#la-edad-media-y-el-sacro-imperio-romano-germanico\">La Edad Media y el Sacro Imperio Romano Germ\u00e1nico<\/a><\/li><li class=\"\"><a href=\"#la-reforma-protestante\">La Reforma Protestante<\/a><\/li><li class=\"\"><a href=\"#el-iluminismo-y-la-era-de-los-estados-nacion\">El Iluminismo y la Era de los Estados-Naci\u00f3n<\/a><\/li><li class=\"\"><a href=\"#las-guerras-mundiales\">Las Guerras Mundiales<\/a><\/li><li class=\"\"><a href=\"#la-guerra-fria-y-la-division-de-alemania\">La Guerra Fr\u00eda y la Divisi\u00f3n de Alemania<\/a><\/li><li class=\"\"><a href=\"#la-alemania-moderna\">La Alemania Moderna<\/a><\/li><\/ul><\/li><li class=\"\"><a href=\"#h-faca-um-roteiro-especial-pela-alemanha-conosco-turismo-na-alemanha\">Haz un itinerario especial por Alemania con nosotros &#8211; turismo en Alemania<\/a><\/li><\/ul><\/nav><\/div>\n\n\n\n<p class=\"yoast-reading-time__wrapper\"><span class=\"yoast-reading-time__icon\"><\/span><span class=\"yoast-reading-time__descriptive-text\">Tiempo estimado de lectura:  <\/span><span class=\"yoast-reading-time__reading-time\">16<\/span><span class=\"yoast-reading-time__time-unit\"> minutos<\/span><\/p>\n\n\n\n<h2 class=\"wp-block-heading\" id=\"h-conheca-palacios-e-castelos-deslumbrantes-na-alemanha\"><strong>Conoce palacios y castillos deslumbrantes en Alemania<\/strong><\/h2>\n\n\n\n<p>Si hay algo que no falta en Alemania y que deja sin aliento a cualquier viajero es la cantidad de <a href=\"https:\/\/viagemalemanha.com\/es\/castillos-de-alemania-imponencia-e-historia\/\">castillos magn\u00edficos<\/a> que hay en el pa\u00eds. Son m\u00e1s de 20.000 castillos repartidos por Alemania, \u00a1dondequiera que vayas, te acompa\u00f1ar\u00e1n durante el <a href=\"https:\/\/viagemalemanha.com\/es\/consultoria-de-viaje-para-alemania\/\">turismo en Alemania<\/a>! Algunos de los m\u00e1s especiales son:<\/p>\n\n\n\n<h3 class=\"wp-block-heading\" id=\"h-castelo-de-eltz\">Castillo de Eltz<\/h3>\n\n\n\n<figure class=\"wp-block-gallery has-nested-images columns-default is-cropped wp-block-gallery-1 is-layout-flex wp-block-gallery-is-layout-flex\">\n<figure class=\"wp-block-image size-large\"><img decoding=\"async\" data-id=\"4467\" src=\"https:\/\/viagemalemanha.com\/wp-content\/uploads\/2025\/05\/Eltz-burg-2.png\" alt=\"\" class=\"wp-image-4467\" \/><figcaption class=\"wp-element-caption\">Burg Eltz en Alemania<\/figcaption><\/figure>\n\n\n\n<figure class=\"wp-block-image size-large\"><img decoding=\"async\" data-id=\"4468\" src=\"https:\/\/viagemalemanha.com\/wp-content\/uploads\/2025\/05\/Eltz-burg.png\" alt=\"Castillo de Eltz. Burg Eltz en Alemania. Gu\u00eda en espa\u00f1ol en Alemania. Turismo en Alemania\" class=\"wp-image-4468\" \/><figcaption class=\"wp-element-caption\">Gu\u00eda en espa\u00f1ol en Alemania<\/figcaption><\/figure>\n<\/figure>\n\n\n\n<p><\/p>\n\n\n\n<p>Fechado en el a\u00f1o 850 y situado en las colinas sobre el <a href=\"https:\/\/viagemalemanha.com\/es\/el-valle-del-rio-mosela\/\">r\u00edo Mosela<\/a>, \u00a1el castillo se ha mantenido intacto desde su construcci\u00f3n hasta hoy! A\u00fan pertenece a la misma familia (Familia Eltz) desde el siglo XII, 33 generaciones atr\u00e1s. El castillo fue construido en la cima de una roca de 70 metros de altura, ubicado en una importante ruta comercial romana entre tierras ricas y sus mercados, y tambi\u00e9n posee un bosque que lleva su nombre a su alrededor.<\/p>\n\n\n\n<h3 class=\"wp-block-heading\" id=\"h-palacio-neuschwanstein\">Palacio Neuschwanstein<\/h3>\n\n\n\n<figure class=\"wp-block-image size-large\"><img decoding=\"async\" src=\"https:\/\/viagemalemanha.com\/wp-content\/uploads\/2025\/05\/architecture-3213803_1280-1.jpg\" alt=\"Neuschwanstein en Alemania. Gu\u00eda en espa\u00f1ol en Alemania. Turismo en Alemania\" class=\"wp-image-4447\" \/><figcaption class=\"wp-element-caption\">Imagen de Karlheinz Melzer de Pixabay.<\/figcaption><\/figure>\n\n\n\n<p><a href=\"https:\/\/viagemalemanha.com\/es\/palacio-neuschwanstein-viaje-alemania-entrevista\/\">El Palacio Neuschwanstein<\/a>, ubicado en Baviera, Alemania, es uno de los castillos m\u00e1s famosos e ic\u00f3nicos del mundo. Construido por Luis II de Baviera, tambi\u00e9n conocido como \u00abRey Loco\u00bb, el castillo fue inspirado en las \u00f3peras de Richard Wagner y en elementos de la arquitectura medieval, aunque fue erguido en el siglo XIX. Iniciado en 1869, el proyecto de Neuschwanstein era un refugio personal para el rey, que deseaba escapar de la vida p\u00fablica. Desafortunadamente, Luis II muri\u00f3 antes de la completa conclusi\u00f3n del castillo en 1886, bajo circunstancias misteriosas\u200b.<\/p>\n\n\n\n<h3 class=\"wp-block-heading\" id=\"h-castelo-de-nuremberg\">Castillo de Nuremberg<\/h3>\n\n\n\n<figure class=\"wp-block-gallery has-nested-images columns-default is-cropped wp-block-gallery-2 is-layout-flex wp-block-gallery-is-layout-flex\">\n<figure class=\"wp-block-image size-large\"><img decoding=\"async\" data-id=\"4462\" src=\"https:\/\/viagemalemanha.com\/wp-content\/uploads\/2025\/05\/nuremberg-566596_1280.jpg\" alt=\"Castillo de Nuremberg, en Alemania. Gu\u00eda en espa\u00f1ol en Alemania. Turismo en Alemania.\" class=\"wp-image-4462\" \/><figcaption class=\"wp-element-caption\">Castillo de Nuremberg (Imagen de GC de Pixabay)<\/figcaption><\/figure>\n\n\n\n<figure class=\"wp-block-image size-large\"><img decoding=\"async\" data-id=\"4461\" src=\"https:\/\/viagemalemanha.com\/wp-content\/uploads\/2025\/05\/building-6806122_1280.jpg\" alt=\"Ciudad de Nuremberg en Alemania. Gu\u00eda en espa\u00f1ol en Alemania. Turismo en Alemania.\" class=\"wp-image-4461\" \/><figcaption class=\"wp-element-caption\">Ciudad de Nuremberg (Imagen de Leonhard Niederwimmer de Pixabay)<\/figcaption><\/figure>\n<\/figure>\n\n\n\n<p><\/p>\n\n\n\n<p>El Castillo de Nuremberg, situado en la ciudad del mismo nombre, es uno de los castillos m\u00e1s importantes y antiguos de Alemania. Con or\u00edgenes que se remontan al siglo XI, el castillo fue una residencia imperial durante el Sacro Imperio Romano Germ\u00e1nico. Se divide en tres partes principales: el Palas (residencia real), la Torre Sinwell y la Capilla Imperial. El castillo desempe\u00f1\u00f3 un papel crucial en la historia alemana, sirviendo como fortaleza y s\u00edmbolo de poder de los emperadores germ\u00e1nicos.<\/p>\n\n\n\n<h3 class=\"wp-block-heading\" id=\"h-palacio-de-schwerin\">Palacio de Schwerin<\/h3>\n\n\n\n<figure class=\"wp-block-gallery has-nested-images columns-default is-cropped wp-block-gallery-3 is-layout-flex wp-block-gallery-is-layout-flex\">\n<figure class=\"wp-block-image size-large\"><img decoding=\"async\" data-id=\"4469\" src=\"https:\/\/viagemalemanha.com\/wp-content\/uploads\/2025\/05\/schwerin.jpg\" alt=\"\" class=\"wp-image-4469\" \/><figcaption class=\"wp-element-caption\">Imagen de Kalahari de Pixabay<\/figcaption><\/figure>\n\n\n\n<figure class=\"wp-block-image size-large\"><img decoding=\"async\" data-id=\"4470\" src=\"https:\/\/viagemalemanha.com\/wp-content\/uploads\/2025\/05\/schwerin-813119_1280.jpg\" alt=\"Castillo de Schwerin en Alemania. Gu\u00eda en espa\u00f1ol en Alemania. Turismo en Alemania.\" class=\"wp-image-4470\" \/><figcaption class=\"wp-element-caption\">Imagen de Anja de Pixabay<\/figcaption><\/figure>\n<\/figure>\n\n\n\n<p><\/p>\n\n\n\n<p>El <a href=\"https:\/\/viagemalemanha.com\/es\/palacios-de-alemania-lujo-y-belleza\/\">Palacio de Schwerin<\/a>, ubicado en la ciudad de Schwerin, es una impresionante construcci\u00f3n situada en una isla en el lago Schwerin. Construido en estilo neorenacentista durante el siglo XIX, el palacio fue la residencia de los duques de Mecklemburgo-Schwerin. Hoy, alberga el parlamento estatal de Mecklemburgo-Pomerania Occidental. Conocido por sus hermosos jardines y arquitectura elaborada, el Palacio de Schwerin es una de las principales atracciones tur\u00edsticas de la regi\u00f3n.<\/p>\n\n\n\n<blockquote class=\"wp-block-quote is-layout-flow wp-block-quote-is-layout-flow\">\n<p>Viaja por Alemania con una <a href=\"https:\/\/viagemalemanha.com\/es\/nuestros-servicios\/\">asesor\u00eda<\/a><em><a href=\"https:\/\/viagemalemanha.com\/es\/nuestros-servicios\/\"> completa<\/a>, con un <a href=\"https:\/\/viagemalemanha.com\/como-o-turismo-personalizado-pode-te-ajudar\/\">itinerario personalizado<\/a> y gu\u00edas experimentados!<a href=\"https:\/\/viagemalemanha.com\/es\/quienes-somos\/\"> Viaja con nosotros<\/a> y vive momentos de historia y belleza en tu turismo en Alemania! <\/em><\/p>\n<\/blockquote>\n\n\n\n<p>Para saber m\u00e1s sobre los palacios y castillos de Alemania visita nuestro blog! (Para conocer m\u00e1s castillos de Alemania <a href=\"https:\/\/viagemalemanha.com\/es\/castillos-de-alemania-imponencia-e-historia\/\">haz clic aqu\u00ed!<\/a>)<\/p>\n\n\n\n<h2 class=\"wp-block-heading\" id=\"h-uma-viagem-inesquecivel-pelos-alpes-bavaros\"><strong>Un Viaje Inolvidable por los Alpes B\u00e1varos<\/strong><\/h2>\n\n\n\n<p>Los <a href=\"https:\/\/viagemalemanha.com\/es\/los-alpes\/\">Alpes B\u00e1varos<\/a> son una de las regiones m\u00e1s encantadoras de Alemania. Situados en el sur del pa\u00eds, cerca de la frontera con Austria, los Alpes ofrecen paisajes monta\u00f1osos impresionantes, picos cubiertos de nieve y pintorescos pueblos que parecen sacados de un cuento de hadas.<\/p>\n\n\n\n<p>Los Alpes se extienden por aproximadamente 1200 km por Europa y ocupan una parte de Alemania.<strong> El pico m\u00e1s alto de Alemania es el <a href=\"https:\/\/viagemalemanha.com\/es\/zugspitze-la-montana-mas-alta-de-alemania\/\">Zugspitze<\/a>,<\/strong> desde \u00e9l es posible ver m\u00e1s de 400 picos alpinos de Alemania, Austria, Italia y Suiza, adem\u00e1s, la monta\u00f1a hace frontera con Austria.<\/p>\n\n\n\n<figure class=\"wp-block-gallery has-nested-images columns-default is-cropped wp-block-gallery-4 is-layout-flex wp-block-gallery-is-layout-flex\">\n<figure class=\"wp-block-image size-large\"><img decoding=\"async\" data-id=\"4471\" src=\"https:\/\/viagemalemanha.com\/wp-content\/uploads\/2025\/05\/teleferico-zugspitze-scaled.jpg\" alt=\"\" class=\"wp-image-4471\" \/><figcaption class=\"wp-element-caption\">Estaci\u00f3n del telef\u00e9rico para el Zugspitze<\/figcaption><\/figure>\n\n\n\n<figure class=\"wp-block-image size-large\"><img decoding=\"async\" data-id=\"4472\" src=\"https:\/\/viagemalemanha.com\/wp-content\/uploads\/2025\/05\/zugspitze-scaled.jpg\" alt=\"telef\u00e9rico para subir al Zugspitze. Gu\u00eda en espa\u00f1ol en Alemania. Turismo en Alemania.\" class=\"wp-image-4472\" \/><figcaption class=\"wp-element-caption\">Telef\u00e9rico para el Zugspitze<\/figcaption><\/figure>\n\n\n\n<figure class=\"wp-block-image size-large\"><img decoding=\"async\" data-id=\"4473\" src=\"https:\/\/viagemalemanha.com\/wp-content\/uploads\/2025\/05\/zugspitze-1-scaled.jpg\" alt=\"Vista de los Alpes desde el Zugspitze. Gu\u00eda en espa\u00f1ol en Alemania. Turismo en Alemania\" class=\"wp-image-4473\" \/><figcaption class=\"wp-element-caption\">Vista de los Alpes desde el Zugspitze<\/figcaption><\/figure>\n<\/figure>\n\n\n\n<p><\/p>\n\n\n\n<h4 class=\"wp-block-heading\">Actividades en los <a href=\"https:\/\/viagemalemanha.com\/es\/turismo-en-los-alpes-de-alemania-alpes-y-sus-encantadoras-ciudades-en-alemania\/\">Alpes B\u00e1varos<\/a><\/h4>\n\n\n\n<p><strong>Senderismo y Rutas<\/strong>: Para los amantes de la naturaleza, las rutas en los Alpes B\u00e1varos son imperdibles. Desde caminatas ligeras hasta senderos m\u00e1s desafiantes, hay opciones para todos los niveles de habilidad. <strong>Un ejemplo de caminata <\/strong>es alrededor del hermoso lago Alpsee, con vista al <a href=\"https:\/\/viagemalemanha.com\/es\/neuschwanstein-y-hohenschwangau-el-legado-de-los-reyes-de-baviera\/\">palacio Neuschwanstein y Hohenschwangau,<\/a> el sendero tiene aproximadamente 5 km y dura cerca de una hora.<\/p>\n\n\n\n<p><strong>Esqu\u00ed y Snowboard<\/strong>: En invierno, los Alpes B\u00e1varos se transforman en un para\u00edso para los entusiastas de los deportes de invierno. Estaciones de esqu\u00ed reconocidas, como Garmisch-Partenkirchen y Oberstdorf, ofrecen pistas bien cuidadas e infraestructura de primera clase para esquiadores y snowboarders de todos los niveles.<\/p>\n\n\n\n<h2 class=\"wp-block-heading\" id=\"h-caminhe-pelos-lagos-mais-belos-da-alemanha\"><strong>Camina por los lagos m\u00e1s bellos de Alemania<\/strong><\/h2>\n\n\n\n<p>A Alemania es hogar de algunos de los<strong><a href=\"https:\/\/viagemalemanha.com\/es\/lagos-de-alemania-explorando-la-belleza-natural-de-alemania-con-nuestros-paseos-guiados-en-espanol\/\"> lagos m\u00e1s bonitos de Europa<\/a><\/strong>, cada uno ofreciendo su propia dosis de belleza y tranquilidad. Vamos a explorar algunos de los lagos m\u00e1s encantadores del pa\u00eds.<\/p>\n\n\n\n<h3 class=\"wp-block-heading\" id=\"h-lago-de-constanca-bodensee\">Lago de Constanza (<a href=\"https:\/\/viagemalemanha.com\/es\/las-maravillas-del-bodensee-lago-constanza\/\">Bodensee<\/a>)<\/h3>\n\n\n\n<p>Ubicado en la frontera con Suiza y Austria, el Lago de Constanza es uno de los lagos m\u00e1s grandes de Europa Central. Las ciudades hist\u00f3ricas alrededor del lago, como Lindau y Constanza, ofrecen una combinaci\u00f3n \u00fanica de belleza natural y patrimonio cultural.<\/p>\n\n\n\n<figure class=\"wp-block-image aligncenter size-large is-resized\"><img decoding=\"async\" src=\"https:\/\/viagemalemanha.com\/wp-content\/uploads\/2025\/05\/meersburg-bodensee-lago-de-constanca-1-scaled.jpg\" alt=\"Bodensee. Lago de Constanza en Alemania. Gu\u00eda en espa\u00f1ol en Alemania.\" class=\"wp-image-4486\" style=\"width:652px;height:auto\" \/><\/figure>\n\n\n\n<p><\/p>\n\n\n\n<h3 class=\"wp-block-heading\" id=\"undefined-1\">Lago de K\u00f6nigssee<\/h3>\n\n\n\n<p>El Lago de K\u00f6nigssee, situado en el Parque Nacional de Berchtesgaden, es conocido por sus aguas verde esmeralda y paisajes deslumbrantes, rodeado de altas monta\u00f1as. La capilla de San Bartolom\u00e9, con su techo rojo, es uno de los puntos tur\u00edsticos m\u00e1s fotografiados y un s\u00edmbolo del lago.<\/p>\n\n\n\n<figure class=\"wp-block-gallery has-nested-images columns-default is-cropped wp-block-gallery-5 is-layout-flex wp-block-gallery-is-layout-flex\">\n<figure class=\"wp-block-image size-large\"><img decoding=\"async\" data-id=\"4489\" src=\"https:\/\/viagemalemanha.com\/wp-content\/uploads\/2025\/05\/konigssee3-scaled.jpg\" alt=\"\" class=\"wp-image-4489\" \/><\/figure>\n\n\n\n<figure class=\"wp-block-image size-large\"><img decoding=\"async\" data-id=\"4488\" src=\"https:\/\/viagemalemanha.com\/wp-content\/uploads\/2025\/05\/konigssee2-scaled.jpg\" alt=\"K\u00f6nigssee en Alemania. Gu\u00eda en espa\u00f1ol en Alemania. Turismo en Alemania.\" class=\"wp-image-4488\" \/><figcaption class=\"wp-element-caption\">Iglesia de San Bartolom\u00e9<\/figcaption><\/figure>\n<\/figure>\n\n\n\n<p><em><strong>En nuestros <a href=\"https:\/\/viagemalemanha.com\/como-o-turismo-personalizado-pode-te-ajudar\/\">paseos personalizados<\/a>, llevamos a los viajeros a pasear en barco por lugares especiales! <\/strong><\/em>Pasear en barco por el K\u00f6nigssee y otros lagos de Alemania, pasando por los Alpes, tambi\u00e9n es una experiencia que vale la pena vivir!<\/p>\n\n\n\n<figure class=\"wp-block-image size-large is-resized\"><img decoding=\"async\" src=\"https:\/\/viagemalemanha.com\/wp-content\/uploads\/2025\/05\/konigssee-1-scaled.jpg\" alt=\"Paseo en barco por el Konigssee. Gu\u00eda en espa\u00f1ol en Alemania. Turismo en Alemania.\" class=\"wp-image-4496\" style=\"width:841px;height:auto\" \/><figcaption class=\"wp-element-caption\">Paseo en barco por el Konigssee<\/figcaption><\/figure>\n\n\n\n<h3 class=\"wp-block-heading\" id=\"undefined-2\">Lago de Chiemsee<\/h3>\n\n\n\n<p>Conocido como el \u00abMar de Baviera\u00bb, el Lago de Chiemsee es el lago m\u00e1s grande de Baviera y ofrece una variedad de actividades acu\u00e1ticas. En medio del lago, encontrar\u00e1s la isla Herreninsel, donde se encuentra el magn\u00edfico Palacio de Herrenchiemsee, construido por Ludwig II como una r\u00e9plica del Palacio de Versalles.<\/p>\n\n\n\n<figure class=\"wp-block-gallery has-nested-images columns-default is-cropped wp-block-gallery-6 is-layout-flex wp-block-gallery-is-layout-flex\">\n<figure class=\"wp-block-image size-large\"><img decoding=\"async\" data-id=\"4491\" src=\"https:\/\/viagemalemanha.com\/wp-content\/uploads\/2025\/05\/fall-4551493_1280.jpg\" alt=\"Chiemsee. Lago en Alemania. Gu\u00eda en espa\u00f1ol en Alemania. Turismo en Alemania\" class=\"wp-image-4491\" \/><figcaption class=\"wp-element-caption\">Imagen de Manfred Antranias Zimmer de Pixabay<\/figcaption><\/figure>\n\n\n\n<figure class=\"wp-block-image size-large\"><img decoding=\"async\" data-id=\"4490\" src=\"https:\/\/viagemalemanha.com\/wp-content\/uploads\/2025\/05\/Herrenchiemsee-scaled.jpg\" alt=\"\" class=\"wp-image-4490\" \/><figcaption class=\"wp-element-caption\">Palacio Herrenchiemsee<\/figcaption><\/figure>\n<\/figure>\n\n\n\n<p><\/p>\n\n\n\n<h2 class=\"wp-block-heading\" id=\"h-passeie-pela-floresta-negra\"><strong>Pasea por la Selva Negra<\/strong><\/h2>\n\n\n\n<p>Una regi\u00f3n especial de Alemania, ubicada en el suroeste de Alemania, en el estado de Baden-W\u00fcrttemberg, la <strong>Selva Negra<\/strong> (<em><strong>Schwarzwald<\/strong><\/em>, en alem\u00e1n) posee una naturaleza encantadora y tradiciones locales muy bien preservadas.<\/p>\n\n\n\n<figure class=\"wp-block-image aligncenter size-large is-resized\"><img decoding=\"async\" src=\"https:\/\/viagemalemanha.com\/wp-content\/uploads\/2025\/05\/IMG_0729-scaled.jpg\" alt=\"Selva Negra en Alemania. Gu\u00eda en espa\u00f1ol en Alemania. Turismo en Alemania\" class=\"wp-image-4444\" style=\"width:356px;height:auto\" \/><figcaption class=\"wp-element-caption\">Nuestros viajeros en turismo en Alemania, en la Selva Negra<\/figcaption><\/figure>\n\n\n\n<p>\u00abHogar del reloj de cuco, inspiraci\u00f3n para leyendas y <a href=\"https:\/\/viagemalemanha.com\/es\/ruta-de-los-cuentos-de-hadas\/\">cuentos de hadas de los hermanos Grimm<\/a>, y sede de los tradicionales spas termales de renombre mundial. Con esta atm\u00f3sfera m\u00e1gica, la Selva Negra es un lugar de vacaciones popular no solo para el viajero internacional, sino tambi\u00e9n para residentes de toda Alemania y de los pa\u00edses vecinos, como Francia y Suiza.\u00bb <\/p>\n\n\n\n<p>Lee m\u00e1s sobre la <a href=\"https:\/\/viagemalemanha.com\/es\/la-encantadora-selva-negra\/\">Selva Negra<\/a> en nuestro post (<a href=\"https:\/\/viagemalemanha.com\/es\/la-encantadora-selva-negra\/\">haz clic aqu\u00ed<\/a>)!<br><\/p>\n\n\n\n<h2 class=\"wp-block-heading\" id=\"h-a-catedral-mais-alta-do-mundo-catedral-de-ulm\"><strong>La catedral m\u00e1s alta del mundo &#8211; Catedral de Ulm<\/strong><\/h2>\n\n\n\n<p>Considerada la catedral m\u00e1s alta del mundo, la <a href=\"https:\/\/viagemalemanha.com\/es\/ulm-y-la-catedral-mas-alta-del-mundo-turismo-en-alemania\/\">catedral g\u00f3tica de Ulm<\/a>, conocida como Ulmer M\u00fcnster, merece un lugar destacado en tu viaje a Alemania. La iglesia posee una belleza \u00fanica y especial, ubicada en el centro de la ciudad de Ulm, la catedral de Ulm tiene una torre de 161,53 metros de altura y 768 escalones. <\/p>\n\n\n\n<figure class=\"wp-block-gallery has-nested-images columns-default is-cropped wp-block-gallery-7 is-layout-flex wp-block-gallery-is-layout-flex\">\n<figure class=\"wp-block-image size-large\"><img decoding=\"async\" data-id=\"4483\" src=\"https:\/\/viagemalemanha.com\/wp-content\/uploads\/2025\/05\/cateral-de-ulm-scaled.jpg\" alt=\"Catedral de Ulm. Gu\u00eda en espa\u00f1ol en Alemania. Turismo en Alemania\" class=\"wp-image-4483\" \/><\/figure>\n\n\n\n<figure class=\"wp-block-image size-large\"><img decoding=\"async\" data-id=\"4484\" src=\"https:\/\/viagemalemanha.com\/wp-content\/uploads\/2025\/05\/muenster-324571_1280.jpg\" alt=\"Catedral de Ulm. Gu\u00eda en espa\u00f1ol en Alemania. Turismo en Alemania\" class=\"wp-image-4484\" \/><figcaption class=\"wp-element-caption\">Imagen de Hans de Pixabay<\/figcaption><\/figure>\n\n\n\n<figure class=\"wp-block-image size-large\"><img decoding=\"async\" data-id=\"4482\" src=\"https:\/\/viagemalemanha.com\/wp-content\/uploads\/2025\/05\/IMG_6418-scaled.jpg\" alt=\"Catedral de Ulm. Gu\u00eda en espa\u00f1ol en Alemania. Turismo en Alemania\" class=\"wp-image-4482\" \/><\/figure>\n\n\n\n<p><\/p>\n\n\n\n<h2 class=\"wp-block-heading\" id=\"h-conheca-o-vale-do-rio-reno\"><strong>Conoce el <a href=\"https:\/\/viagemalemanha.com\/es\/tour-valle-del-rin-y-mosela\/\">Valle del r\u00edo Rin<\/a><\/strong><\/h2>\n\n\n\n<p>El Valle del Rin est\u00e1 repleto de vi\u00f1edos y castillos, adem\u00e1s de las bell\u00edsimas ciudades ubicadas a orillas del r\u00edo Rin. Un lugar poco conocido entre los turistas latinos, pero muy especial y siempre nos aseguramos de presentarlo a nuestros viajeros.<\/p>\n\n\n\n<figure class=\"wp-block-image size-large\"><img decoding=\"async\" data-id=\"4493\" src=\"https:\/\/viagemalemanha.com\/wp-content\/uploads\/2025\/05\/Bacharach-vale-do-Reno-scaled.jpg\" alt=\"Bacharach en el Valle del r\u00edo Rin. Gu\u00eda en espa\u00f1ol en Alemania. Turismo en Alemania.\" class=\"wp-image-4493\" \/><figcaption class=\"wp-element-caption\">Ciudad de Bacharach a orillas del r\u00edo Rin<\/figcaption><\/figure>\n\n\n\n<blockquote class=\"wp-block-quote is-layout-flow wp-block-quote-is-layout-flow\">\n<p><em><a href=\"https:\/\/viagemalemanha.com\/es\/quienes-somos\/\">En nuestros itinerarios<\/a> nos ocupamos de todo por ti, desde el transporte, a <strong><a href=\"https:\/\/viagemalemanha.com\/es\/nuestros-servicios\/\">paseos guiados<\/a><\/strong> y eventos especiales como <strong>degustaciones de vino en castillos<\/strong> o <strong>visitas a las antiguas murallas romanas<\/strong>, todo es posible. Entre el acompa\u00f1amiento total durante tu experiencia y solo un leve soporte con servicios puntuales, el abanico es amplio.<\/em><\/p>\n<\/blockquote>\n\n\n\n<h2 class=\"wp-block-heading\" id=\"h-reviva-a-historia-alema\"><strong>Revive la historia alemana <\/strong><\/h2>\n\n\n\n<p>A Alemania es un pa\u00eds con una historia rica y compleja, repleta de momentos decisivos que moldearon no solo el destino del pa\u00eds, sino tambi\u00e9n el curso de la historia mundial. Desde la Edad Media hasta los tiempos modernos, Alemania fue escenario de eventos hist\u00f3ricos significativos que dejaron marcas profundas en su cultura, sociedad y arquitectura.<\/p>\n\n\n\n<h3 class=\"wp-block-heading\" id=\"la-edad-media-y-el-sacro-imperio-romano-germanico\">La Edad Media y el Sacro Imperio Romano Germ\u00e1nico<\/h3>\n\n\n\n<p>Durante la Edad Media, Alemania fue el coraz\u00f3n del Sacro Imperio Romano Germ\u00e1nico. Este per\u00edodo vio el surgimiento de ciudades medievales fortificadas y castillos imponentes, muchos de los cuales a\u00fan existen hoy.<\/p>\n\n\n\n<ul class=\"wp-block-list\">\n<li><strong><a href=\"https:\/\/viagemalemanha.com\/es\/las-5-mejores-atracciones-en-nuremberg\/\">Nuremberg<\/a><\/strong>: Una de las ciudades medievales mejor conservadas, Nuremberg ofrece una visi\u00f3n aut\u00e9ntica de la vida en la Edad Media. El Castillo de Nuremberg, con sus robustas fortificaciones y torres imponentes, es un testimonio de la arquitectura defensiva de la \u00e9poca.<\/li>\n\n\n\n<li><strong>Castillo de Wartburg<\/strong>: Ubicado en Eisenach, este castillo es famoso por haber albergado a Mart\u00edn Lutero mientras traduc\u00eda el Nuevo Testamento al alem\u00e1n. El Castillo de Wartburg es un Patrimonio Mundial de la UNESCO y un excelente ejemplo de arquitectura rom\u00e1nica.<\/li>\n<\/ul>\n\n\n\n<figure class=\"wp-block-image size-large\"><img decoding=\"async\" data-id=\"4500\" src=\"https:\/\/viagemalemanha.com\/wp-content\/uploads\/2025\/05\/wartburg-castle-2269144_1280.jpg\" alt=\"Castillo de Wartburg en Alemania. Gu\u00eda en espa\u00f1ol en Alemania. Turismo en Alemania.\" class=\"wp-image-4500\" \/><figcaption class=\"wp-element-caption\">Castillo de Wartburg (Imagen&nbsp;lapidada&nbsp;de&nbsp;Pixabay)<\/figcaption><\/figure>\n\n\n\n<p><\/p>\n\n\n\n<h3 class=\"wp-block-heading\" id=\"la-reforma-protestante\">La Reforma Protestante<\/h3>\n\n\n\n<p>En el siglo XVI, Alemania fue la cuna de la Reforma Protestante, liderada por Mart\u00edn Lutero. Este movimiento religioso no solo transform\u00f3 la fe cristiana, sino que tambi\u00e9n tuvo profundas implicaciones pol\u00edticas y sociales.<\/p>\n\n\n\n<ul class=\"wp-block-list\">\n<li><strong>Wittenberg<\/strong>: La ciudad donde Lutero clav\u00f3 sus 95 tesis en la puerta de la Iglesia del Castillo en 1517. Wittenberg es un destino esencial para aquellos que desean entender el impacto de la Reforma. El Museo de Mart\u00edn Lutero ofrece una visi\u00f3n detallada de la vida y las obras del reformador.<\/li>\n\n\n\n<li><strong>Erfurt<\/strong>: Aqu\u00ed, Lutero estudi\u00f3 en la Universidad de Erfurt y vivi\u00f3 como monje en el Monasterio de San Agust\u00edn. La ciudad mantiene muchos de los edificios y lugares hist\u00f3ricos asociados a Lutero.<\/li>\n<\/ul>\n\n\n\n<figure class=\"wp-block-image size-large\"><img decoding=\"async\" data-id=\"4499\" src=\"https:\/\/viagemalemanha.com\/wp-content\/uploads\/2025\/05\/wittenberg-6486142_1280.jpg\" alt=\"Wittenberg en Alemania. Gu\u00eda en espa\u00f1ol en Alemania. Turismo en Alemania.\" class=\"wp-image-4499\" \/><figcaption class=\"wp-element-caption\">Wittenberg (Imagen de&nbsp;Kuller Keks&nbsp;de&nbsp;Pixabay)<\/figcaption><\/figure>\n\n\n\n<h3 class=\"wp-block-heading\" id=\"el-iluminismo-y-la-era-de-los-estados-nacion\">El Iluminismo y la Era de los Estados-Naci\u00f3n<\/h3>\n\n\n\n<p>El Iluminismo trajo una ola de pensamiento racional y cient\u00edfico a Alemania, influyendo en la filosof\u00eda, la ciencia y el arte.<\/p>\n\n\n\n<ul class=\"wp-block-list\">\n<li><a href=\"https:\/\/viagemalemanha.com\/es\/weimar-y-el-clasicismo-aleman\/\"><strong>Weimar<\/strong>:<\/a> Esta ciudad fue un centro cultural durante el Iluminismo y el hogar de figuras importantes como Goethe y Schiller. El Museo Goethe y la Biblioteca Anna Amalia son paradas obligatorias para los entusiastas de la literatura y la historia intelectual.<\/li>\n\n\n\n<li><strong>Potsdam<\/strong>: El Palacio de Sanssouci, residencia de verano de Federico el Grande, es un ejemplo magn\u00edfico de la arquitectura del Iluminismo y del estilo de vida de la realeza prusiana.<\/li>\n<\/ul>\n\n\n\n<h3 class=\"wp-block-heading\" id=\"las-guerras-mundiales\">Las Guerras Mundiales<\/h3>\n\n\n\n<p>El siglo XX estuvo marcado por las dos guerras mundiales, que tuvieron un impacto devastador en Alemania y en el mundo.<em><strong> <\/strong><\/em><\/p>\n\n\n\n<blockquote class=\"wp-block-quote is-layout-flow wp-block-quote-is-layout-flow\">\n<p>Revive la historia alemana con nuestros <a href=\"https:\/\/viagemalemanha.com\/es\/nuestros-servicios\/\">gu\u00edas en espa\u00f1ol especializados<\/a> verdaderamente apasionados por la historia y sus curiosidades.<\/p>\n<\/blockquote>\n\n\n\n<figure class=\"wp-block-image size-large\"><img decoding=\"async\" data-id=\"4497\" src=\"https:\/\/viagemalemanha.com\/wp-content\/uploads\/2025\/05\/memorial-937396_1280.jpg\" alt=\"Memorial del holocausto en Berl\u00edn. Gu\u00eda en espa\u00f1ol en Alemania. Turismo en Alemania.\" class=\"wp-image-4497\" \/><figcaption class=\"wp-element-caption\">Memorial del holocausto en Berl\u00edn (Imagen de&nbsp;Melanie&nbsp;de&nbsp;Pixabay)<\/figcaption><\/figure>\n\n\n\n<ul class=\"wp-block-list\">\n<li><strong><a href=\"https:\/\/viagemalemanha.com\/es\/5-consejos-de-paseos-en-berlin-que-se-alejan-de-lo-convencional\/\">Berl\u00edn<\/a><\/strong>: La capital alemana es rica en lugares hist\u00f3ricos relacionados con las guerras mundiales. El Memorial del Holocausto, el Museo de la Topograf\u00eda del Terror y el Reichstag son lugares importantes para entender los horrores de la guerra y la recuperaci\u00f3n del pa\u00eds.<\/li>\n\n\n\n<li><strong><a href=\"https:\/\/viagemalemanha.com\/es\/las-5-mejores-atracciones-en-nuremberg\/\">Nuremberg<\/a><\/strong>: Adem\u00e1s de su historia medieval, Nuremberg fue el lugar de los juicios de guerra posteriores a la Segunda Guerra Mundial, donde l\u00edderes nazis fueron juzgados por cr\u00edmenes contra la humanidad. El Centro de Documentaci\u00f3n del Partido Nazi ofrece una visi\u00f3n detallada de este per\u00edodo sombr\u00edo.<\/li>\n<\/ul>\n\n\n\n<h3 class=\"wp-block-heading\" id=\"la-guerra-fria-y-la-division-de-alemania\">La Guerra Fr\u00eda y la Divisi\u00f3n de Alemania<\/h3>\n\n\n\n<p>Despu\u00e9s de la <a href=\"https:\/\/viagemalemanha.com\/es\/3-lugares-sobre-la-segunda-guerra-mundial-que-necesitas-conocer\/\">Segunda Guerra Mundial, <\/a> Alemania fue dividida en Oriental y Occidental, con Berl\u00edn convirti\u00e9ndose en un s\u00edmbolo de la divisi\u00f3n durante la Guerra Fr\u00eda.<\/p>\n\n\n\n<ul class=\"wp-block-list\">\n<li><strong>Checkpoint Charlie<\/strong>: Uno de los puntos de cruce m\u00e1s famosos entre Berl\u00edn Oriental y Occidental, hoy un museo que narra historias de intentos de fuga y la vida bajo la divisi\u00f3n.<\/li>\n\n\n\n<li><strong>Museo del Muro de Berl\u00edn<\/strong>: Ubicado en la Bernauer Strasse, este museo ofrece una visi\u00f3n completa de la historia del Muro de Berl\u00edn, desde su construcci\u00f3n hasta su ca\u00edda en 1989.<\/li>\n\n\n\n<li><strong>East Side Gallery<\/strong>: Un tramo del Muro de Berl\u00edn que fue preservado y transformado en una galer\u00eda de arte al aire libre, con murales que conmemoran la libertad y la reunificaci\u00f3n.<\/li>\n<\/ul>\n\n\n\n<figure class=\"wp-block-image size-large is-resized\"><img decoding=\"async\" data-id=\"4498\" src=\"https:\/\/viagemalemanha.com\/wp-content\/uploads\/2025\/05\/20200210_122132-scaled.jpg\" alt=\"Muro de Berl\u00edn en Alemania. Gu\u00eda en espa\u00f1ol en Alemania. Turismo en Alemania.\" class=\"wp-image-4498\" style=\"width:621px;height:auto\" \/><figcaption class=\"wp-element-caption\">Muro de Berl\u00edn en Alemania<\/figcaption><\/figure>\n\n\n\n<h3 class=\"wp-block-heading\" id=\"la-alemania-moderna\">La Alemania Moderna<\/h3>\n\n\n\n<p>Hoy, Alemania es uno de los l\u00edderes globales en tecnolog\u00eda, econom\u00eda y cultura.<\/p>\n\n\n\n<ul class=\"wp-block-list\">\n<li><strong>Fr\u00e1ncfort<\/strong>: Centro financiero de Alemania, sede del Banco Central Europeo, y una ciudad que mezcla rascacielos modernos con arquitectura hist\u00f3rica.<\/li>\n\n\n\n<li><strong>M\u00fanich<\/strong>: Conocida por su rica herencia cultural, Oktoberfest, y como un centro de tecnolog\u00eda e innovaci\u00f3n, especialmente en la industria automotriz.<\/li>\n<\/ul>\n\n\n\n<h2 class=\"wp-block-heading\" id=\"h-faca-um-roteiro-especial-pela-alemanha-conosco-turismo-na-alemanha\"><strong>Haz un itinerario especial por Alemania con nosotros &#8211; turismo en Alemania<\/strong><\/h2>\n\n\n\n<p>Queremos hacer que tu viaje a Alemania sea \u00fanico y especial. \u00a1Para ello, nuestros servicios est\u00e1n personalizados para ti!<\/p>\n\n\n\n<ul class=\"wp-block-list\">\n<li>Paseos guiados privados en espa\u00f1ol<\/li>\n\n\n\n<li><a href=\"https:\/\/viagemalemanha.com\/consultoria-de-viagem\/\">Dise\u00f1o y organizaci\u00f3n de itinerarios<\/a><\/li>\n\n\n\n<li>Acompa\u00f1amiento&nbsp;<\/li>\n\n\n\n<li>Paseos en barco<\/li>\n\n\n\n<li>Eventos y experiencias locales<\/li>\n\n\n\n<li>Transfers<\/li>\n\n\n\n<li>Paseos en bicicleta<\/li>\n\n\n\n<li>Entradas <\/li>\n<\/ul>\n\n\n\n<blockquote class=\"wp-block-quote is-layout-flow wp-block-quote-is-layout-flow\">\n<p>Cont\u00e1ctanos:<\/p>\n\n\n<\/blockquote>\n<\/figure>\n","protected":false},"excerpt":{"rendered":"<p>Viajar por Alemania siempre es una experiencia rica en historia, cultura y bellezas naturales. \u00a1Alemania es mucho m\u00e1s de lo que imaginas! Hoy te presentaremos algunos destacados de este pa\u00eds para que los incluyas en tu viaje a Alemania. Nosotros (qui\u00e9nes somos) amamos este pa\u00eds y estamos orgullosos de crear itinerarios de historia y belleza [&hellip;]<\/p>\n","protected":false},"author":2,"featured_media":62013,"comment_status":"open","ping_status":"open","sticky":false,"template":"","format":"standard","meta":{"_acf_changed":false,"tripadvisor_id":"","rating":0,"reviewer_name":"","review_date":"","trip_type":"","helpful_votes":0,"source_url":"","reviewer_gravatar":"","review_type":"","footnotes":""},"categories":[491,496,477,497,483,504],"tags":[],"class_list":["post-61936","post","type-post","status-publish","format-standard","has-post-thumbnail","hentry","category-datos-interesantes","category-descubriendo-alemania","category-destino-del-mes","category-europa","category-historia","category-itinerarios"],"acf":[],"_links":{"self":[{"href":"https:\/\/viagemalemanha.com\/es\/wp-json\/wp\/v2\/posts\/61936","targetHints":{"allow":["GET"]}}],"collection":[{"href":"https:\/\/viagemalemanha.com\/es\/wp-json\/wp\/v2\/posts"}],"about":[{"href":"https:\/\/viagemalemanha.com\/es\/wp-json\/wp\/v2\/types\/post"}],"author":[{"embeddable":true,"href":"https:\/\/viagemalemanha.com\/es\/wp-json\/wp\/v2\/users\/2"}],"replies":[{"embeddable":true,"href":"https:\/\/viagemalemanha.com\/es\/wp-json\/wp\/v2\/comments?post=61936"}],"version-history":[{"count":3,"href":"https:\/\/viagemalemanha.com\/es\/wp-json\/wp\/v2\/posts\/61936\/revisions"}],"predecessor-version":[{"id":66845,"href":"https:\/\/viagemalemanha.com\/es\/wp-json\/wp\/v2\/posts\/61936\/revisions\/66845"}],"wp:featuredmedia":[{"embeddable":true,"href":"https:\/\/viagemalemanha.com\/es\/wp-json\/wp\/v2\/media\/62013"}],"wp:attachment":[{"href":"https:\/\/viagemalemanha.com\/es\/wp-json\/wp\/v2\/media?parent=61936"}],"wp:term":[{"taxonomy":"category","embeddable":true,"href":"https:\/\/viagemalemanha.com\/es\/wp-json\/wp\/v2\/categories?post=61936"},{"taxonomy":"post_tag","embeddable":true,"href":"https:\/\/viagemalemanha.com\/es\/wp-json\/wp\/v2\/tags?post=61936"}],"curies":[{"name":"wp","href":"https:\/\/api.w.org\/{rel}","templated":true}]}}